{"id":423766,"date":"2026-03-27T09:36:00","date_gmt":"2026-03-27T12:36:00","guid":{"rendered":"https:\/\/portaltela.pt\/noticias\/2026\/03\/27\/cruz-vermelha-alerta-para-catastrofe-humanitaria-no-medio-oriente\/"},"modified":"2026-03-27T09:36:00","modified_gmt":"2026-03-27T12:36:00","slug":"cruz-vermelha-alerta-para-catastrofe-humanitaria-no-medio-oriente","status":"publish","type":"post","link":"https:\/\/portaltela.pt\/conflitos\/2026\/03\/27\/cruz-vermelha-alerta-para-catastrofe-humanitaria-no-medio-oriente\/","title":{"rendered":"Cruz Vermelha alerta para cat\u00e1strofe humanit\u00e1ria no M\u00e9dio Oriente"},"content":{"rendered":"<p>A Cruz Vermelha Internacional alertou para uma cat\u00e1strofe humanit\u00e1ria no M\u00e9dio Oriente, diante de conflitos intensos e desloca\u00e7\u00f5es de civis. A organiza\u00e7\u00e3o sublinha a necessidade urgente de prote\u00e7\u00e3o, alimento e servi\u00e7os de sa\u00fade para quem est\u00e1 na linha da frente.<\/p>\n<p>Segundo a institui\u00e7\u00e3o, as popula\u00e7\u00f5es vulner\u00e1veis est\u00e3o particularmente expostas, com acesso limitado a corredores humanit\u00e1rios e a mecanismos de coordena\u00e7\u00e3o entre entidades de apoio e governos.<\/p>\n<p>A informa\u00e7\u00e3o \u00e9 analisada pela Cruz Vermelha e, conforme a ag\u00eancia Lusa, o conte\u00fado completo est\u00e1 dispon\u00edvel apenas para subscritores. A not\u00edcia baseia-se em dados oficiais da organiza\u00e7\u00e3o e em informa\u00e7\u00f5es divulgadas pela ag\u00eancia.<\/p>\n","protected":false},"excerpt":{"rendered":"<ul>\n<li>A Cruz Vermelha alertou para uma \u201ccat\u00e1strofe humanit\u00e1ria\u201d no M\u00e9dio Oriente.<\/li>\n<li>O conte\u00fado completo da not\u00edcia est\u00e1 dispon\u00edvel apenas para subscritores.<\/li>\n<li>A publica\u00e7\u00e3o inclui uma imagem associada ao tema.<\/li>\n<li>No texto fornecido n\u00e3o foram apresentados dados adicionais.<\/li>\n<li>N\u00e3o foram indicadas localiza\u00e7\u00f5es espec\u00edficas dentro da regi\u00e3o no conte\u00fado disponibilizado.<\/li>\n<\/ul>\n","protected":false},"author":2,"featured_media":423767,"comment_status":"closed","ping_status":"closed","sticky":false,"template":"","format":"standard","meta":{"footnotes":""},"categories":[6790],"tags":[5747,2198,2599,5029,6558,320],"class_list":["post-423766","post","type-post","status-publish","format-standard","has-post-thumbnail","hentry","category-conflitos","tag-ajuda-humanitaria","tag-conflitos-internacionais","tag-cruz-vermelha-portuguesa","tag-deslocamentos","tag-populacao-civil","tag-protecao-civil"],"yoast_head":"<!-- This site is optimized with the Yoast SEO plugin v27.2 - https:\/\/yoast.com\/product\/yoast-seo-wordpress\/ -->\n<title>Cruz Vermelha alerta para cat\u00e1strofe humanit\u00e1ria no M\u00e9dio Oriente - Portal Tela Portugal<\/title>\n<meta name=\"robots\" content=\"index, follow, max-snippet:-1, max-image-preview:large, max-video-preview:-1\" \/>\n<meta property=\"og:locale\" content=\"pt_PT\" \/>\n<meta property=\"og:type\" content=\"article\" \/>\n<meta property=\"og:title\" content=\"Cruz Vermelha alerta para cat\u00e1strofe humanit\u00e1ria no M\u00e9dio Oriente - Portal Tela Portugal\" \/>\n<meta property=\"og:description\" content=\"A Cruz Vermelha alertou para uma \u201ccat\u00e1strofe humanit\u00e1ria\u201d no M\u00e9dio Oriente. O conte\u00fado completo da not\u00edcia est\u00e1 dispon\u00edvel apenas para subscritores. A publica\u00e7\u00e3o inclui uma imagem associada ao tema. No texto fornecido n\u00e3o foram apresentados dados adicionais. N\u00e3o foram indicadas localiza\u00e7\u00f5es espec\u00edficas dentro da regi\u00e3o no conte\u00fado disponibilizado.\" \/>\n<meta property=\"og:url\" content=\"https:\/\/portaltela.pt\/noticias\/2026\/03\/27\/cruz-vermelha-alerta-para-catastrofe-humanitaria-no-medio-oriente\/\" \/>\n<meta property=\"og:site_name\" content=\"Portal Tela Portugal\" \/>\n<meta property=\"article:published_time\" content=\"2026-03-27T12:36:00+00:00\" \/>\n<meta name=\"author\" content=\"Telinha\" \/>\n<meta name=\"twitter:card\" content=\"summary_large_image\" \/>\n<meta name=\"twitter:label1\" content=\"Escrito por\" \/>\n\t<meta name=\"twitter:data1\" content=\"Telinha\" \/>\n\t<meta name=\"twitter:label2\" content=\"Tempo estimado de leitura\" \/>\n\t<meta name=\"twitter:data2\" content=\"1 minuto\" \/>\n<script type=\"application\/ld+json\" class=\"yoast-schema-graph\">{\"@context\":\"https:\/\/schema.org\",\"@graph\":[{\"@type\":\"Article\",\"@id\":\"https:\/\/portaltela.pt\/noticias\/2026\/03\/27\/cruz-vermelha-alerta-para-catastrofe-humanitaria-no-medio-oriente\/#article\",\"isPartOf\":{\"@id\":\"https:\/\/portaltela.pt\/noticias\/2026\/03\/27\/cruz-vermelha-alerta-para-catastrofe-humanitaria-no-medio-oriente\/\"},\"author\":{\"name\":\"Telinha\",\"@id\":\"https:\/\/portaltela.pt\/#\/schema\/person\/c4278d4a6028830caff9ee44b42d32ed\"},\"headline\":\"Cruz Vermelha alerta para cat\u00e1strofe humanit\u00e1ria no M\u00e9dio Oriente\",\"datePublished\":\"2026-03-27T12:36:00+00:00\",\"mainEntityOfPage\":{\"@id\":\"https:\/\/portaltela.pt\/noticias\/2026\/03\/27\/cruz-vermelha-alerta-para-catastrofe-humanitaria-no-medio-oriente\/\"},\"wordCount\":133,\"image\":{\"@id\":\"https:\/\/portaltela.pt\/noticias\/2026\/03\/27\/cruz-vermelha-alerta-para-catastrofe-humanitaria-no-medio-oriente\/#primaryimage\"},\"thumbnailUrl\":\"https:\/\/portaltela.pt\/s.01k8rhncp4jt1\/2026\/03\/CACHE_780X1200_ANALOG_WATERMARKED_46816527_379495916163917.jpg\",\"keywords\":[\"ajuda humanit\u00e1ria\",\"conflitos internacionais\",\"Cruz Vermelha Portuguesa\",\"deslocamentos\",\"popula\u00e7\u00e3o civil\",\"prote\u00e7\u00e3o civil\"],\"articleSection\":[\"Conflitos\"],\"inLanguage\":\"pt-PT\"},{\"@type\":\"WebPage\",\"@id\":\"https:\/\/portaltela.pt\/noticias\/2026\/03\/27\/cruz-vermelha-alerta-para-catastrofe-humanitaria-no-medio-oriente\/\",\"url\":\"https:\/\/portaltela.pt\/noticias\/2026\/03\/27\/cruz-vermelha-alerta-para-catastrofe-humanitaria-no-medio-oriente\/\",\"name\":\"Cruz Vermelha alerta para cat\u00e1strofe humanit\u00e1ria no M\u00e9dio Oriente - Portal Tela Portugal\",\"isPartOf\":{\"@id\":\"https:\/\/portaltela.pt\/#website\"},\"primaryImageOfPage\":{\"@id\":\"https:\/\/portaltela.pt\/noticias\/2026\/03\/27\/cruz-vermelha-alerta-para-catastrofe-humanitaria-no-medio-oriente\/#primaryimage\"},\"image\":{\"@id\":\"https:\/\/portaltela.pt\/noticias\/2026\/03\/27\/cruz-vermelha-alerta-para-catastrofe-humanitaria-no-medio-oriente\/#primaryimage\"},\"thumbnailUrl\":\"https:\/\/portaltela.pt\/s.01k8rhncp4jt1\/2026\/03\/CACHE_780X1200_ANALOG_WATERMARKED_46816527_379495916163917.jpg\",\"datePublished\":\"2026-03-27T12:36:00+00:00\",\"author\":{\"@id\":\"https:\/\/portaltela.pt\/#\/schema\/person\/c4278d4a6028830caff9ee44b42d32ed\"},\"breadcrumb\":{\"@id\":\"https:\/\/portaltela.pt\/noticias\/2026\/03\/27\/cruz-vermelha-alerta-para-catastrofe-humanitaria-no-medio-oriente\/#breadcrumb\"},\"inLanguage\":\"pt-PT\",\"potentialAction\":[{\"@type\":\"ReadAction\",\"target\":[\"https:\/\/portaltela.pt\/noticias\/2026\/03\/27\/cruz-vermelha-alerta-para-catastrofe-humanitaria-no-medio-oriente\/\"]}]},{\"@type\":\"ImageObject\",\"inLanguage\":\"pt-PT\",\"@id\":\"https:\/\/portaltela.pt\/noticias\/2026\/03\/27\/cruz-vermelha-alerta-para-catastrofe-humanitaria-no-medio-oriente\/#primaryimage\",\"url\":\"https:\/\/portaltela.pt\/s.01k8rhncp4jt1\/2026\/03\/CACHE_780X1200_ANALOG_WATERMARKED_46816527_379495916163917.jpg\",\"contentUrl\":\"https:\/\/portaltela.pt\/s.01k8rhncp4jt1\/2026\/03\/CACHE_780X1200_ANALOG_WATERMARKED_46816527_379495916163917.jpg\",\"width\":768,\"height\":511,\"caption\":\"Cruz Vermelha alerta para \u201ccat\u00e1strofe humanit\u00e1ria\u201d no M\u00e9dio Oriente\"},{\"@type\":\"BreadcrumbList\",\"@id\":\"https:\/\/portaltela.pt\/noticias\/2026\/03\/27\/cruz-vermelha-alerta-para-catastrofe-humanitaria-no-medio-oriente\/#breadcrumb\",\"itemListElement\":[{\"@type\":\"ListItem\",\"position\":1,\"name\":\"In\u00edcio\",\"item\":\"https:\/\/portaltela.pt\/\"},{\"@type\":\"ListItem\",\"position\":2,\"name\":\"Cruz Vermelha alerta para cat\u00e1strofe humanit\u00e1ria no M\u00e9dio Oriente\"}]},{\"@type\":\"WebSite\",\"@id\":\"https:\/\/portaltela.pt\/#website\",\"url\":\"https:\/\/portaltela.pt\/\",\"name\":\"Portal Tela Portugal\",\"description\":\"\",\"potentialAction\":[{\"@type\":\"SearchAction\",\"target\":{\"@type\":\"EntryPoint\",\"urlTemplate\":\"https:\/\/portaltela.pt\/?s={search_term_string}\"},\"query-input\":{\"@type\":\"PropertyValueSpecification\",\"valueRequired\":true,\"valueName\":\"search_term_string\"}}],\"inLanguage\":\"pt-PT\"},{\"@type\":\"Person\",\"@id\":\"https:\/\/portaltela.pt\/#\/schema\/person\/c4278d4a6028830caff9ee44b42d32ed\",\"name\":\"Telinha\",\"image\":{\"@type\":\"ImageObject\",\"inLanguage\":\"pt-PT\",\"@id\":\"https:\/\/portaltela.pt\/s.01k8rhncp4jt1\/2025\/11\/talking-bot-125x125.png\",\"url\":\"https:\/\/portaltela.pt\/s.01k8rhncp4jt1\/2025\/11\/talking-bot-125x125.png\",\"contentUrl\":\"https:\/\/portaltela.pt\/s.01k8rhncp4jt1\/2025\/11\/talking-bot-125x125.png\",\"caption\":\"Telinha\"},\"sameAs\":[\"https:\/\/portaltela.pt\/\"],\"url\":\"https:\/\/portaltela.pt\/por\/367410592786\/\"}]}<\/script>\n<!-- \/ Yoast SEO plugin. -->","yoast_head_json":{"title":"Cruz Vermelha alerta para cat\u00e1strofe humanit\u00e1ria no M\u00e9dio Oriente - Portal Tela Portugal","robots":{"index":"index","follow":"follow","max-snippet":"max-snippet:-1","max-image-preview":"max-image-preview:large","max-video-preview":"max-video-preview:-1"},"og_locale":"pt_PT","og_type":"article","og_title":"Cruz Vermelha alerta para cat\u00e1strofe humanit\u00e1ria no M\u00e9dio Oriente - Portal Tela Portugal","og_description":"A Cruz Vermelha alertou para uma \u201ccat\u00e1strofe humanit\u00e1ria\u201d no M\u00e9dio Oriente. O conte\u00fado completo da not\u00edcia est\u00e1 dispon\u00edvel apenas para subscritores. A publica\u00e7\u00e3o inclui uma imagem associada ao tema. No texto fornecido n\u00e3o foram apresentados dados adicionais. N\u00e3o foram indicadas localiza\u00e7\u00f5es espec\u00edficas dentro da regi\u00e3o no conte\u00fado disponibilizado.","og_url":"https:\/\/portaltela.pt\/noticias\/2026\/03\/27\/cruz-vermelha-alerta-para-catastrofe-humanitaria-no-medio-oriente\/","og_site_name":"Portal Tela Portugal","article_published_time":"2026-03-27T12:36:00+00:00","author":"Telinha","twitter_card":"summary_large_image","twitter_misc":{"Escrito por":"Telinha","Tempo estimado de leitura":"1 minuto"},"schema":{"@context":"https:\/\/schema.org","@graph":[{"@type":"Article","@id":"https:\/\/portaltela.pt\/noticias\/2026\/03\/27\/cruz-vermelha-alerta-para-catastrofe-humanitaria-no-medio-oriente\/#article","isPartOf":{"@id":"https:\/\/portaltela.pt\/noticias\/2026\/03\/27\/cruz-vermelha-alerta-para-catastrofe-humanitaria-no-medio-oriente\/"},"author":{"name":"Telinha","@id":"https:\/\/portaltela.pt\/#\/schema\/person\/c4278d4a6028830caff9ee44b42d32ed"},"headline":"Cruz Vermelha alerta para cat\u00e1strofe humanit\u00e1ria no M\u00e9dio Oriente","datePublished":"2026-03-27T12:36:00+00:00","mainEntityOfPage":{"@id":"https:\/\/portaltela.pt\/noticias\/2026\/03\/27\/cruz-vermelha-alerta-para-catastrofe-humanitaria-no-medio-oriente\/"},"wordCount":133,"image":{"@id":"https:\/\/portaltela.pt\/noticias\/2026\/03\/27\/cruz-vermelha-alerta-para-catastrofe-humanitaria-no-medio-oriente\/#primaryimage"},"thumbnailUrl":"https:\/\/portaltela.pt\/s.01k8rhncp4jt1\/2026\/03\/CACHE_780X1200_ANALOG_WATERMARKED_46816527_379495916163917.jpg","keywords":["ajuda humanit\u00e1ria","conflitos internacionais","Cruz Vermelha Portuguesa","deslocamentos","popula\u00e7\u00e3o civil","prote\u00e7\u00e3o civil"],"articleSection":["Conflitos"],"inLanguage":"pt-PT"},{"@type":"WebPage","@id":"https:\/\/portaltela.pt\/noticias\/2026\/03\/27\/cruz-vermelha-alerta-para-catastrofe-humanitaria-no-medio-oriente\/","url":"https:\/\/portaltela.pt\/noticias\/2026\/03\/27\/cruz-vermelha-alerta-para-catastrofe-humanitaria-no-medio-oriente\/","name":"Cruz Vermelha alerta para cat\u00e1strofe humanit\u00e1ria no M\u00e9dio Oriente - Portal Tela Portugal","isPartOf":{"@id":"https:\/\/portaltela.pt\/#website"},"primaryImageOfPage":{"@id":"https:\/\/portaltela.pt\/noticias\/2026\/03\/27\/cruz-vermelha-alerta-para-catastrofe-humanitaria-no-medio-oriente\/#primaryimage"},"image":{"@id":"https:\/\/portaltela.pt\/noticias\/2026\/03\/27\/cruz-vermelha-alerta-para-catastrofe-humanitaria-no-medio-oriente\/#primaryimage"},"thumbnailUrl":"https:\/\/portaltela.pt\/s.01k8rhncp4jt1\/2026\/03\/CACHE_780X1200_ANALOG_WATERMARKED_46816527_379495916163917.jpg","datePublished":"2026-03-27T12:36:00+00:00","author":{"@id":"https:\/\/portaltela.pt\/#\/schema\/person\/c4278d4a6028830caff9ee44b42d32ed"},"breadcrumb":{"@id":"https:\/\/portaltela.pt\/noticias\/2026\/03\/27\/cruz-vermelha-alerta-para-catastrofe-humanitaria-no-medio-oriente\/#breadcrumb"},"inLanguage":"pt-PT","potentialAction":[{"@type":"ReadAction","target":["https:\/\/portaltela.pt\/noticias\/2026\/03\/27\/cruz-vermelha-alerta-para-catastrofe-humanitaria-no-medio-oriente\/"]}]},{"@type":"ImageObject","inLanguage":"pt-PT","@id":"https:\/\/portaltela.pt\/noticias\/2026\/03\/27\/cruz-vermelha-alerta-para-catastrofe-humanitaria-no-medio-oriente\/#primaryimage","url":"https:\/\/portaltela.pt\/s.01k8rhncp4jt1\/2026\/03\/CACHE_780X1200_ANALOG_WATERMARKED_46816527_379495916163917.jpg","contentUrl":"https:\/\/portaltela.pt\/s.01k8rhncp4jt1\/2026\/03\/CACHE_780X1200_ANALOG_WATERMARKED_46816527_379495916163917.jpg","width":768,"height":511,"caption":"Cruz Vermelha alerta para \u201ccat\u00e1strofe humanit\u00e1ria\u201d no M\u00e9dio Oriente"},{"@type":"BreadcrumbList","@id":"https:\/\/portaltela.pt\/noticias\/2026\/03\/27\/cruz-vermelha-alerta-para-catastrofe-humanitaria-no-medio-oriente\/#breadcrumb","itemListElement":[{"@type":"ListItem","position":1,"name":"In\u00edcio","item":"https:\/\/portaltela.pt\/"},{"@type":"ListItem","position":2,"name":"Cruz Vermelha alerta para cat\u00e1strofe humanit\u00e1ria no M\u00e9dio Oriente"}]},{"@type":"WebSite","@id":"https:\/\/portaltela.pt\/#website","url":"https:\/\/portaltela.pt\/","name":"Portal Tela Portugal","description":"","potentialAction":[{"@type":"SearchAction","target":{"@type":"EntryPoint","urlTemplate":"https:\/\/portaltela.pt\/?s={search_term_string}"},"query-input":{"@type":"PropertyValueSpecification","valueRequired":true,"valueName":"search_term_string"}}],"inLanguage":"pt-PT"},{"@type":"Person","@id":"https:\/\/portaltela.pt\/#\/schema\/person\/c4278d4a6028830caff9ee44b42d32ed","name":"Telinha","image":{"@type":"ImageObject","inLanguage":"pt-PT","@id":"https:\/\/portaltela.pt\/s.01k8rhncp4jt1\/2025\/11\/talking-bot-125x125.png","url":"https:\/\/portaltela.pt\/s.01k8rhncp4jt1\/2025\/11\/talking-bot-125x125.png","contentUrl":"https:\/\/portaltela.pt\/s.01k8rhncp4jt1\/2025\/11\/talking-bot-125x125.png","caption":"Telinha"},"sameAs":["https:\/\/portaltela.pt\/"],"url":"https:\/\/portaltela.pt\/por\/367410592786\/"}]}},"_links":{"self":[{"href":"https:\/\/portaltela.pt\/api\/wp\/v2\/posts\/423766","targetHints":{"allow":["GET"]}}],"collection":[{"href":"https:\/\/portaltela.pt\/api\/wp\/v2\/posts"}],"about":[{"href":"https:\/\/portaltela.pt\/api\/wp\/v2\/types\/post"}],"author":[{"embeddable":true,"href":"https:\/\/portaltela.pt\/api\/wp\/v2\/users\/2"}],"replies":[{"embeddable":true,"href":"https:\/\/portaltela.pt\/api\/wp\/v2\/comments?post=423766"}],"version-history":[{"count":0,"href":"https:\/\/portaltela.pt\/api\/wp\/v2\/posts\/423766\/revisions"}],"wp:featuredmedia":[{"embeddable":true,"href":"https:\/\/portaltela.pt\/api\/wp\/v2\/media\/423767"}],"wp:attachment":[{"href":"https:\/\/portaltela.pt\/api\/wp\/v2\/media?parent=423766"}],"wp:term":[{"taxonomy":"category","embeddable":true,"href":"https:\/\/portaltela.pt\/api\/wp\/v2\/categories?post=423766"},{"taxonomy":"post_tag","embeddable":true,"href":"https:\/\/portaltela.pt\/api\/wp\/v2\/tags?post=423766"}],"curies":[{"name":"wp","href":"https:\/\/api.w.org\/{rel}","templated":true}]}}