{"id":423752,"date":"2026-03-27T10:55:33","date_gmt":"2026-03-27T13:55:33","guid":{"rendered":"https:\/\/portaltela.pt\/noticias\/2026\/03\/27\/franca-condena-retrocesso-do-coi-com-testes-de-genero-nos-jogos-olimpicos\/"},"modified":"2026-03-27T10:55:33","modified_gmt":"2026-03-27T13:55:33","slug":"franca-condena-retrocesso-do-coi-com-testes-de-genero-nos-jogos-olimpicos","status":"publish","type":"post","link":"https:\/\/portaltela.pt\/desporto\/futebol\/2026\/03\/27\/franca-condena-retrocesso-do-coi-com-testes-de-genero-nos-jogos-olimpicos\/","title":{"rendered":"Fran\u00e7a condena retrocesso do COI com testes de g\u00e9nero nos Jogos Ol\u00edmpicos"},"content":{"rendered":"<p>A Fran\u00e7a condena o retorno dos testes de g\u00e9nero anunciados pelo COI e considera o movimento um retrocesso para a igualdade no desporto. A medida, anunciada na quinta-feira, entra em vigor nos Jogos Ol\u00edmpicos de Ver\u00e3o de Los Angeles em 2028 e pode excluir atletas transg\u00e9nero e parte das atletas intersexo das provas femininas. O ministro dos Desportos, Marina Ferrari, reagiu de forma veemente, destacando quest\u00f5es \u00e9ticas, legais e m\u00e9dicas envolvidas.<\/p>\n<h3>O que mudou e quem est\u00e1 envolvido<\/h3>\n<p>O COI definiu que a elegibilidade de atletas femininas passa a depender do sexo biol\u00f3gico, confirmado por meio de um teste ao gene SRY, que esteve em vigor entre 1968 e 1996. A decis\u00e3o aplica-se a todas as modalidades e eventos sob a \u00e9gide do COI. Kirsty Coventry, presidente do COI, afirmou que a medida se baseia na ci\u00eancia e na prote\u00e7\u00e3o da competi\u00e7\u00e3o feminina, defendendo que n\u00e3o \u00e9 justo que homens biol\u00f3gicos compitam entre mulheres.<\/p>\n<h3>Rea\u00e7\u00e3o na Fran\u00e7a e medidas subsequentes<\/h3>\n<p>A ministra Marina Ferrari contestou a generaliza\u00e7\u00e3o de testes gen\u00e9ticos, apontando quest\u00f5es \u00e9ticas, legais e m\u00e9dicas, e lembrando a legisla\u00e7\u00e3o francesa de bio\u00e9tica, que pro\u00edbe este tipo de avalia\u00e7\u00e3o no territ\u00f3rio nacional. O governo franc\u00eas anunciou a cria\u00e7\u00e3o de um observat\u00f3rio nacional para orientar pol\u00edticas de desporto justo, inclusivo e respeitador dos direitos humanos.<\/p>\n<h3>Contexto e impactos<\/h3>\n<p>O COI admite existir vantagem desportiva associada ao sexo masculino em \u00e1reas de for\u00e7a, pot\u00eancia e resist\u00eancia, mas estabelece que as novas regras n\u00e3o s\u00e3o retroativas, n\u00e3o revisando resultados de atletas j\u00e1 consagradas, como a pugilista Imane Khelif, campe\u00e3 ol\u00edmpica de Paris 2024 em -66 kg. A decis\u00e3o tamb\u00e9m afeta atletas intersexo, cujas condi\u00e7\u00f5es biol\u00f3gicas n\u00e3o se enquadram plenamente no feminino, gerando preocupa\u00e7\u00f5es quanto \u00e0 inclus\u00e3o. A medida vem alinhada com a ordem executiva dos EUA, que influencia a organiza\u00e7\u00e3o dos pr\u00f3ximos Jogos.<\/p>\n<h3>Perspectiva institucional<\/h3>\n<p>O COI sublinha que a nova pol\u00edtica visa promover justi\u00e7a, seguran\u00e7a e integridade da categoria feminina, assegurando aplicabilidade uniforme em todas as competi\u00e7\u00f5es sob a sua supervis\u00e3o. A Fran\u00e7a, por sua vez, prepara respostas institucionais para salvaguardar princ\u00edpios de igualdade e dignidade humana no desporto.<\/p>\n","protected":false},"excerpt":{"rendered":"<ul>\n<li>O Comit\u00e9 Ol\u00edmpico Internacional (COI) reinstala testes de g\u00e9nero e vai aplic\u00e1-los nos Jogos Ol\u00edmpicos de Los Angeles (LA&#8217;2028), usando um teste \u00fanico ao gene SRY.<\/li>\n<li>A medida exclui, na pr\u00e1tica, atletas transg\u00e9nero e parte de atletas intersexo das provas femininas e \u00e9 vista como um retrocesso pela Fran\u00e7a.<\/li>\n<li>A Fran\u00e7a, atrav\u00e9s da ministra dos Desportos, Marina Ferrari, op\u00f5e-se \u00e0 generaliza\u00e7\u00e3o dos testes gen\u00e9ticos, citando quest\u00f5es \u00e9ticas, legais e m\u00e9dicas e a legisla\u00e7\u00e3o de bio\u00e9tica nacional.<\/li>\n<li>O governo franc\u00eas anunciar\u00e1 a cria\u00e7\u00e3o de um observat\u00f3rio nacional para defender um desporto justo, inclusivo e respeitoso dos direitos humanos.<\/li>\n<li>O COI afirma que a nova regra \u00e9 baseada na ci\u00eancia e n\u00e3o tem car\u00e1ter retroativo, mencionando casos como o da pugilista Imane Khelif e sustentando que homens biol\u00f3gicos n\u00e3o devem competir na categoria feminina.<\/li>\n<\/ul>\n","protected":false},"author":2,"featured_media":423759,"comment_status":"closed","ping_status":"closed","sticky":false,"template":"","format":"standard","meta":{"footnotes":""},"categories":[21,24],"tags":[152,634,2633,3108,1856,6391],"class_list":["post-423752","post","type-post","status-publish","format-standard","has-post-thumbnail","hentry","category-desporto","category-futebol","tag-desporto","tag-desporto-feminino","tag-direitos-humanos","tag-equidade-de-genero-desafios-na-atualidade","tag-franca","tag-identidade-de-genero-desafios-na-atualidade"],"yoast_head":"<!-- This site is optimized with the Yoast SEO plugin v27.2 - https:\/\/yoast.com\/product\/yoast-seo-wordpress\/ -->\n<title>Fran\u00e7a condena retrocesso do COI com testes de g\u00e9nero nos Jogos Ol\u00edmpicos - Portal Tela Portugal<\/title>\n<meta name=\"robots\" content=\"index, follow, max-snippet:-1, max-image-preview:large, max-video-preview:-1\" \/>\n<meta property=\"og:locale\" content=\"pt_PT\" \/>\n<meta property=\"og:type\" content=\"article\" \/>\n<meta property=\"og:title\" content=\"Fran\u00e7a condena retrocesso do COI com testes de g\u00e9nero nos Jogos Ol\u00edmpicos - Portal Tela Portugal\" \/>\n<meta property=\"og:description\" content=\"O Comit\u00e9 Ol\u00edmpico Internacional (COI) reinstala testes de g\u00e9nero e vai aplic\u00e1-los nos Jogos Ol\u00edmpicos de Los Angeles (LA&#039;2028), usando um teste \u00fanico ao gene SRY. A medida exclui, na pr\u00e1tica, atletas transg\u00e9nero e parte de atletas intersexo das provas femininas e \u00e9 vista como um retrocesso pela Fran\u00e7a. A Fran\u00e7a, atrav\u00e9s da ministra dos Desportos, Marina Ferrari, op\u00f5e-se \u00e0 generaliza\u00e7\u00e3o dos testes gen\u00e9ticos, citando quest\u00f5es \u00e9ticas, legais e m\u00e9dicas e a legisla\u00e7\u00e3o de bio\u00e9tica nacional. O governo franc\u00eas anunciar\u00e1 a cria\u00e7\u00e3o de um observat\u00f3rio nacional para defender um desporto justo, inclusivo e respeitoso dos direitos humanos. O COI afirma que a nova regra \u00e9 baseada na ci\u00eancia e n\u00e3o tem car\u00e1ter retroativo, mencionando casos como o da pugilista Imane Khelif e sustentando que homens biol\u00f3gicos n\u00e3o devem competir na categoria feminina.\" \/>\n<meta property=\"og:url\" content=\"https:\/\/portaltela.pt\/noticias\/2026\/03\/27\/franca-condena-retrocesso-do-coi-com-testes-de-genero-nos-jogos-olimpicos\/\" \/>\n<meta property=\"og:site_name\" content=\"Portal Tela Portugal\" \/>\n<meta property=\"article:published_time\" content=\"2026-03-27T13:55:33+00:00\" \/>\n<meta name=\"author\" content=\"Telinha\" \/>\n<meta name=\"twitter:card\" content=\"summary_large_image\" \/>\n<meta name=\"twitter:label1\" content=\"Escrito por\" \/>\n\t<meta name=\"twitter:data1\" content=\"Telinha\" \/>\n\t<meta name=\"twitter:label2\" content=\"Tempo estimado de leitura\" \/>\n\t<meta name=\"twitter:data2\" content=\"2 minutos\" \/>\n<script type=\"application\/ld+json\" class=\"yoast-schema-graph\">{\"@context\":\"https:\/\/schema.org\",\"@graph\":[{\"@type\":\"Article\",\"@id\":\"https:\/\/portaltela.pt\/noticias\/2026\/03\/27\/franca-condena-retrocesso-do-coi-com-testes-de-genero-nos-jogos-olimpicos\/#article\",\"isPartOf\":{\"@id\":\"https:\/\/portaltela.pt\/noticias\/2026\/03\/27\/franca-condena-retrocesso-do-coi-com-testes-de-genero-nos-jogos-olimpicos\/\"},\"author\":{\"name\":\"Telinha\",\"@id\":\"https:\/\/portaltela.pt\/#\/schema\/person\/c4278d4a6028830caff9ee44b42d32ed\"},\"headline\":\"Fran\u00e7a condena retrocesso do COI com testes de g\u00e9nero nos Jogos Ol\u00edmpicos\",\"datePublished\":\"2026-03-27T13:55:33+00:00\",\"mainEntityOfPage\":{\"@id\":\"https:\/\/portaltela.pt\/noticias\/2026\/03\/27\/franca-condena-retrocesso-do-coi-com-testes-de-genero-nos-jogos-olimpicos\/\"},\"wordCount\":408,\"image\":{\"@id\":\"https:\/\/portaltela.pt\/noticias\/2026\/03\/27\/franca-condena-retrocesso-do-coi-com-testes-de-genero-nos-jogos-olimpicos\/#primaryimage\"},\"thumbnailUrl\":\"https:\/\/portaltela.pt\/s.01k8rhncp4jt1\/2026\/03\/img_920x518uu2026-03-27-13-54-29-2429689.jpg\",\"keywords\":[\"desporto\",\"desporto feminino\",\"direitos humanos\",\"equidade de g\u00e9nero \u2013 Desafios na Atualidade\",\"Fran\u00e7a\",\"Identidade de g\u00e9nero \u2013 Desafios na Atualidade\"],\"articleSection\":[\"Desporto\",\"Futebol\"],\"inLanguage\":\"pt-PT\"},{\"@type\":\"WebPage\",\"@id\":\"https:\/\/portaltela.pt\/noticias\/2026\/03\/27\/franca-condena-retrocesso-do-coi-com-testes-de-genero-nos-jogos-olimpicos\/\",\"url\":\"https:\/\/portaltela.pt\/noticias\/2026\/03\/27\/franca-condena-retrocesso-do-coi-com-testes-de-genero-nos-jogos-olimpicos\/\",\"name\":\"Fran\u00e7a condena retrocesso do COI com testes de g\u00e9nero nos Jogos Ol\u00edmpicos - Portal Tela Portugal\",\"isPartOf\":{\"@id\":\"https:\/\/portaltela.pt\/#website\"},\"primaryImageOfPage\":{\"@id\":\"https:\/\/portaltela.pt\/noticias\/2026\/03\/27\/franca-condena-retrocesso-do-coi-com-testes-de-genero-nos-jogos-olimpicos\/#primaryimage\"},\"image\":{\"@id\":\"https:\/\/portaltela.pt\/noticias\/2026\/03\/27\/franca-condena-retrocesso-do-coi-com-testes-de-genero-nos-jogos-olimpicos\/#primaryimage\"},\"thumbnailUrl\":\"https:\/\/portaltela.pt\/s.01k8rhncp4jt1\/2026\/03\/img_920x518uu2026-03-27-13-54-29-2429689.jpg\",\"datePublished\":\"2026-03-27T13:55:33+00:00\",\"author\":{\"@id\":\"https:\/\/portaltela.pt\/#\/schema\/person\/c4278d4a6028830caff9ee44b42d32ed\"},\"breadcrumb\":{\"@id\":\"https:\/\/portaltela.pt\/noticias\/2026\/03\/27\/franca-condena-retrocesso-do-coi-com-testes-de-genero-nos-jogos-olimpicos\/#breadcrumb\"},\"inLanguage\":\"pt-PT\",\"potentialAction\":[{\"@type\":\"ReadAction\",\"target\":[\"https:\/\/portaltela.pt\/noticias\/2026\/03\/27\/franca-condena-retrocesso-do-coi-com-testes-de-genero-nos-jogos-olimpicos\/\"]}]},{\"@type\":\"ImageObject\",\"inLanguage\":\"pt-PT\",\"@id\":\"https:\/\/portaltela.pt\/noticias\/2026\/03\/27\/franca-condena-retrocesso-do-coi-com-testes-de-genero-nos-jogos-olimpicos\/#primaryimage\",\"url\":\"https:\/\/portaltela.pt\/s.01k8rhncp4jt1\/2026\/03\/img_920x518uu2026-03-27-13-54-29-2429689.jpg\",\"contentUrl\":\"https:\/\/portaltela.pt\/s.01k8rhncp4jt1\/2026\/03\/img_920x518uu2026-03-27-13-54-29-2429689.jpg\",\"width\":796,\"height\":448,\"caption\":\"COI excluiu mulheres transg\u00e9nero dos Jogos LA'2028\"},{\"@type\":\"BreadcrumbList\",\"@id\":\"https:\/\/portaltela.pt\/noticias\/2026\/03\/27\/franca-condena-retrocesso-do-coi-com-testes-de-genero-nos-jogos-olimpicos\/#breadcrumb\",\"itemListElement\":[{\"@type\":\"ListItem\",\"position\":1,\"name\":\"In\u00edcio\",\"item\":\"https:\/\/portaltela.pt\/\"},{\"@type\":\"ListItem\",\"position\":2,\"name\":\"Fran\u00e7a condena retrocesso do COI com testes de g\u00e9nero nos Jogos Ol\u00edmpicos\"}]},{\"@type\":\"WebSite\",\"@id\":\"https:\/\/portaltela.pt\/#website\",\"url\":\"https:\/\/portaltela.pt\/\",\"name\":\"Portal Tela Portugal\",\"description\":\"\",\"potentialAction\":[{\"@type\":\"SearchAction\",\"target\":{\"@type\":\"EntryPoint\",\"urlTemplate\":\"https:\/\/portaltela.pt\/?s={search_term_string}\"},\"query-input\":{\"@type\":\"PropertyValueSpecification\",\"valueRequired\":true,\"valueName\":\"search_term_string\"}}],\"inLanguage\":\"pt-PT\"},{\"@type\":\"Person\",\"@id\":\"https:\/\/portaltela.pt\/#\/schema\/person\/c4278d4a6028830caff9ee44b42d32ed\",\"name\":\"Telinha\",\"image\":{\"@type\":\"ImageObject\",\"inLanguage\":\"pt-PT\",\"@id\":\"https:\/\/portaltela.pt\/s.01k8rhncp4jt1\/2025\/11\/talking-bot-125x125.png\",\"url\":\"https:\/\/portaltela.pt\/s.01k8rhncp4jt1\/2025\/11\/talking-bot-125x125.png\",\"contentUrl\":\"https:\/\/portaltela.pt\/s.01k8rhncp4jt1\/2025\/11\/talking-bot-125x125.png\",\"caption\":\"Telinha\"},\"sameAs\":[\"https:\/\/portaltela.pt\/\"],\"url\":\"https:\/\/portaltela.pt\/por\/367410592786\/\"}]}<\/script>\n<!-- \/ Yoast SEO plugin. -->","yoast_head_json":{"title":"Fran\u00e7a condena retrocesso do COI com testes de g\u00e9nero nos Jogos Ol\u00edmpicos - Portal Tela Portugal","robots":{"index":"index","follow":"follow","max-snippet":"max-snippet:-1","max-image-preview":"max-image-preview:large","max-video-preview":"max-video-preview:-1"},"og_locale":"pt_PT","og_type":"article","og_title":"Fran\u00e7a condena retrocesso do COI com testes de g\u00e9nero nos Jogos Ol\u00edmpicos - Portal Tela Portugal","og_description":"O Comit\u00e9 Ol\u00edmpico Internacional (COI) reinstala testes de g\u00e9nero e vai aplic\u00e1-los nos Jogos Ol\u00edmpicos de Los Angeles (LA'2028), usando um teste \u00fanico ao gene SRY. A medida exclui, na pr\u00e1tica, atletas transg\u00e9nero e parte de atletas intersexo das provas femininas e \u00e9 vista como um retrocesso pela Fran\u00e7a. A Fran\u00e7a, atrav\u00e9s da ministra dos Desportos, Marina Ferrari, op\u00f5e-se \u00e0 generaliza\u00e7\u00e3o dos testes gen\u00e9ticos, citando quest\u00f5es \u00e9ticas, legais e m\u00e9dicas e a legisla\u00e7\u00e3o de bio\u00e9tica nacional. O governo franc\u00eas anunciar\u00e1 a cria\u00e7\u00e3o de um observat\u00f3rio nacional para defender um desporto justo, inclusivo e respeitoso dos direitos humanos. O COI afirma que a nova regra \u00e9 baseada na ci\u00eancia e n\u00e3o tem car\u00e1ter retroativo, mencionando casos como o da pugilista Imane Khelif e sustentando que homens biol\u00f3gicos n\u00e3o devem competir na categoria feminina.","og_url":"https:\/\/portaltela.pt\/noticias\/2026\/03\/27\/franca-condena-retrocesso-do-coi-com-testes-de-genero-nos-jogos-olimpicos\/","og_site_name":"Portal Tela Portugal","article_published_time":"2026-03-27T13:55:33+00:00","author":"Telinha","twitter_card":"summary_large_image","twitter_misc":{"Escrito por":"Telinha","Tempo estimado de leitura":"2 minutos"},"schema":{"@context":"https:\/\/schema.org","@graph":[{"@type":"Article","@id":"https:\/\/portaltela.pt\/noticias\/2026\/03\/27\/franca-condena-retrocesso-do-coi-com-testes-de-genero-nos-jogos-olimpicos\/#article","isPartOf":{"@id":"https:\/\/portaltela.pt\/noticias\/2026\/03\/27\/franca-condena-retrocesso-do-coi-com-testes-de-genero-nos-jogos-olimpicos\/"},"author":{"name":"Telinha","@id":"https:\/\/portaltela.pt\/#\/schema\/person\/c4278d4a6028830caff9ee44b42d32ed"},"headline":"Fran\u00e7a condena retrocesso do COI com testes de g\u00e9nero nos Jogos Ol\u00edmpicos","datePublished":"2026-03-27T13:55:33+00:00","mainEntityOfPage":{"@id":"https:\/\/portaltela.pt\/noticias\/2026\/03\/27\/franca-condena-retrocesso-do-coi-com-testes-de-genero-nos-jogos-olimpicos\/"},"wordCount":408,"image":{"@id":"https:\/\/portaltela.pt\/noticias\/2026\/03\/27\/franca-condena-retrocesso-do-coi-com-testes-de-genero-nos-jogos-olimpicos\/#primaryimage"},"thumbnailUrl":"https:\/\/portaltela.pt\/s.01k8rhncp4jt1\/2026\/03\/img_920x518uu2026-03-27-13-54-29-2429689.jpg","keywords":["desporto","desporto feminino","direitos humanos","equidade de g\u00e9nero \u2013 Desafios na Atualidade","Fran\u00e7a","Identidade de g\u00e9nero \u2013 Desafios na Atualidade"],"articleSection":["Desporto","Futebol"],"inLanguage":"pt-PT"},{"@type":"WebPage","@id":"https:\/\/portaltela.pt\/noticias\/2026\/03\/27\/franca-condena-retrocesso-do-coi-com-testes-de-genero-nos-jogos-olimpicos\/","url":"https:\/\/portaltela.pt\/noticias\/2026\/03\/27\/franca-condena-retrocesso-do-coi-com-testes-de-genero-nos-jogos-olimpicos\/","name":"Fran\u00e7a condena retrocesso do COI com testes de g\u00e9nero nos Jogos Ol\u00edmpicos - Portal Tela Portugal","isPartOf":{"@id":"https:\/\/portaltela.pt\/#website"},"primaryImageOfPage":{"@id":"https:\/\/portaltela.pt\/noticias\/2026\/03\/27\/franca-condena-retrocesso-do-coi-com-testes-de-genero-nos-jogos-olimpicos\/#primaryimage"},"image":{"@id":"https:\/\/portaltela.pt\/noticias\/2026\/03\/27\/franca-condena-retrocesso-do-coi-com-testes-de-genero-nos-jogos-olimpicos\/#primaryimage"},"thumbnailUrl":"https:\/\/portaltela.pt\/s.01k8rhncp4jt1\/2026\/03\/img_920x518uu2026-03-27-13-54-29-2429689.jpg","datePublished":"2026-03-27T13:55:33+00:00","author":{"@id":"https:\/\/portaltela.pt\/#\/schema\/person\/c4278d4a6028830caff9ee44b42d32ed"},"breadcrumb":{"@id":"https:\/\/portaltela.pt\/noticias\/2026\/03\/27\/franca-condena-retrocesso-do-coi-com-testes-de-genero-nos-jogos-olimpicos\/#breadcrumb"},"inLanguage":"pt-PT","potentialAction":[{"@type":"ReadAction","target":["https:\/\/portaltela.pt\/noticias\/2026\/03\/27\/franca-condena-retrocesso-do-coi-com-testes-de-genero-nos-jogos-olimpicos\/"]}]},{"@type":"ImageObject","inLanguage":"pt-PT","@id":"https:\/\/portaltela.pt\/noticias\/2026\/03\/27\/franca-condena-retrocesso-do-coi-com-testes-de-genero-nos-jogos-olimpicos\/#primaryimage","url":"https:\/\/portaltela.pt\/s.01k8rhncp4jt1\/2026\/03\/img_920x518uu2026-03-27-13-54-29-2429689.jpg","contentUrl":"https:\/\/portaltela.pt\/s.01k8rhncp4jt1\/2026\/03\/img_920x518uu2026-03-27-13-54-29-2429689.jpg","width":796,"height":448,"caption":"COI excluiu mulheres transg\u00e9nero dos Jogos LA'2028"},{"@type":"BreadcrumbList","@id":"https:\/\/portaltela.pt\/noticias\/2026\/03\/27\/franca-condena-retrocesso-do-coi-com-testes-de-genero-nos-jogos-olimpicos\/#breadcrumb","itemListElement":[{"@type":"ListItem","position":1,"name":"In\u00edcio","item":"https:\/\/portaltela.pt\/"},{"@type":"ListItem","position":2,"name":"Fran\u00e7a condena retrocesso do COI com testes de g\u00e9nero nos Jogos Ol\u00edmpicos"}]},{"@type":"WebSite","@id":"https:\/\/portaltela.pt\/#website","url":"https:\/\/portaltela.pt\/","name":"Portal Tela Portugal","description":"","potentialAction":[{"@type":"SearchAction","target":{"@type":"EntryPoint","urlTemplate":"https:\/\/portaltela.pt\/?s={search_term_string}"},"query-input":{"@type":"PropertyValueSpecification","valueRequired":true,"valueName":"search_term_string"}}],"inLanguage":"pt-PT"},{"@type":"Person","@id":"https:\/\/portaltela.pt\/#\/schema\/person\/c4278d4a6028830caff9ee44b42d32ed","name":"Telinha","image":{"@type":"ImageObject","inLanguage":"pt-PT","@id":"https:\/\/portaltela.pt\/s.01k8rhncp4jt1\/2025\/11\/talking-bot-125x125.png","url":"https:\/\/portaltela.pt\/s.01k8rhncp4jt1\/2025\/11\/talking-bot-125x125.png","contentUrl":"https:\/\/portaltela.pt\/s.01k8rhncp4jt1\/2025\/11\/talking-bot-125x125.png","caption":"Telinha"},"sameAs":["https:\/\/portaltela.pt\/"],"url":"https:\/\/portaltela.pt\/por\/367410592786\/"}]}},"_links":{"self":[{"href":"https:\/\/portaltela.pt\/api\/wp\/v2\/posts\/423752","targetHints":{"allow":["GET"]}}],"collection":[{"href":"https:\/\/portaltela.pt\/api\/wp\/v2\/posts"}],"about":[{"href":"https:\/\/portaltela.pt\/api\/wp\/v2\/types\/post"}],"author":[{"embeddable":true,"href":"https:\/\/portaltela.pt\/api\/wp\/v2\/users\/2"}],"replies":[{"embeddable":true,"href":"https:\/\/portaltela.pt\/api\/wp\/v2\/comments?post=423752"}],"version-history":[{"count":0,"href":"https:\/\/portaltela.pt\/api\/wp\/v2\/posts\/423752\/revisions"}],"wp:featuredmedia":[{"embeddable":true,"href":"https:\/\/portaltela.pt\/api\/wp\/v2\/media\/423759"}],"wp:attachment":[{"href":"https:\/\/portaltela.pt\/api\/wp\/v2\/media?parent=423752"}],"wp:term":[{"taxonomy":"category","embeddable":true,"href":"https:\/\/portaltela.pt\/api\/wp\/v2\/categories?post=423752"},{"taxonomy":"post_tag","embeddable":true,"href":"https:\/\/portaltela.pt\/api\/wp\/v2\/tags?post=423752"}],"curies":[{"name":"wp","href":"https:\/\/api.w.org\/{rel}","templated":true}]}}