{"id":423748,"date":"2026-03-27T10:42:00","date_gmt":"2026-03-27T13:42:00","guid":{"rendered":"https:\/\/portaltela.pt\/noticias\/2026\/03\/27\/um-unico-herdeiro-pode-desbloquear-heranca-indivisa-apos-dois-anos\/"},"modified":"2026-03-27T10:42:00","modified_gmt":"2026-03-27T13:42:00","slug":"um-unico-herdeiro-pode-desbloquear-heranca-indivisa-apos-dois-anos","status":"publish","type":"post","link":"https:\/\/portaltela.pt\/noticias\/economia\/2026\/03\/27\/um-unico-herdeiro-pode-desbloquear-heranca-indivisa-apos-dois-anos\/","title":{"rendered":"Um \u00fanico herdeiro pode desbloquear heran\u00e7a indivisa ap\u00f3s dois anos"},"content":{"rendered":"<p>O Governo aprovou, em Conselho de Ministros, tr\u00eas diplomas com medidas de habita\u00e7\u00e3o, incluindo uma nova lei para acelerar heran\u00e7as indivisas. A mudan\u00e7a permite que, passados dois anos sem acordo entre herdeiros, um \u00fanico herdeiro possa desencadear a venda do im\u00f3vel herdado.<\/p>\n<p>O primeiro-ministro detalhou que todos os herdeiros continuam a ter direito sobre os im\u00f3veis, e que a ferramenta criada, designada processo especial de venda de coisa im\u00f3vel indivisa, atua para desbloquear situa\u00e7\u00f5es de impasse. O objetivo \u00e9 dinamizar o mercado, em \u00e1reas urbanas e rurais.<\/p>\n<p>Segundo o chefe do Governo, o mecanismo n\u00e3o obriga ningu\u00e9m a vender, nem viola o direito de propriedade. O diploma em causa introduz a possibilidade de venda por decis\u00e3o de um ou mais herdeiros, mantendo o direito de participa\u00e7\u00e3o de todos no processo. A medida visa facilitar transi\u00e7\u00f5es de propriedade herdada ap\u00f3s dois anos de indivis\u00e3o.<\/p>\n<h3>O que muda<\/h3>\n<p>O processo especial de venda de coisa im\u00f3vel indivisa entra como instrumento para situa\u00e7\u00f5es de heran\u00e7a sem acordo. A equipa governamental afirma que a iniciativa pode contribuir para tornar propriedades devolutas mais atrativas para arrendamento e aquisi\u00e7\u00e3o. Detalhes operacionais e crit\u00e9rios de aplica\u00e7\u00e3o ficam a cargo da regulamenta\u00e7\u00e3o subsequente.<\/p>\n","protected":false},"excerpt":{"rendered":"<ul>\n<li>O Governo aprovou, em Conselho de Ministros, tr\u00eas diplomas com medidas para habita\u00e7\u00e3o, incluindo uma altera\u00e7\u00e3o \u00e0s regras sobre heran\u00e7as indivisas.<\/li>\n<li>Criado o &#8220;processo especial de venda de coisa im\u00f3vel indivisa&#8221;: ap\u00f3s dois anos de indivis\u00e3o, se n\u00e3o houver acordo entre herdeiros, um \u00fanico herdeiro pode iniciar a venda.<\/li>\n<li>Todos os herdeiros mant\u00eam o direito de participar no processo de venda; o objetivo \u00e9 desbloquear im\u00f3veis devolutos, tanto em \u00e1reas urbanas como rurais.<\/li>\n<li>O primeiro-ministro Lu\u00eds Montenegro afirmou que o Estado n\u00e3o for\u00e7a solu\u00e7\u00f5es nem viola o direito de propriedade, mas busca mecanismos para desbloquear impasses.<\/li>\n<li>O diploma faz parte de um conjunto de medidas para habita\u00e7\u00e3o, j\u00e1 com descontos fiscais para propriet\u00e1rios e altera\u00e7\u00f5es ao Regime Jur\u00eddico da Urbaniza\u00e7\u00e3o e da Edifica\u00e7\u00e3o.<\/li>\n<\/ul>\n","protected":false},"author":2,"featured_media":423755,"comment_status":"closed","ping_status":"closed","sticky":false,"template":"","format":"standard","meta":{"footnotes":""},"categories":[2,6871],"tags":[7454,3014,6177,4871,7098,7460],"class_list":["post-423748","post","type-post","status-publish","format-standard","has-post-thumbnail","hentry","category-economia","category-sociedade","tag-a-habitacao","tag-arrendamento","tag-direitos-de-propriedade","tag-heranca","tag-propriedade","tag-vendas"],"yoast_head":"<!-- This site is optimized with the Yoast SEO plugin v27.2 - https:\/\/yoast.com\/product\/yoast-seo-wordpress\/ -->\n<title>Um \u00fanico herdeiro pode desbloquear heran\u00e7a indivisa ap\u00f3s dois anos - Portal Tela Portugal<\/title>\n<meta name=\"robots\" content=\"index, follow, max-snippet:-1, max-image-preview:large, max-video-preview:-1\" \/>\n<meta property=\"og:locale\" content=\"pt_PT\" \/>\n<meta property=\"og:type\" content=\"article\" \/>\n<meta property=\"og:title\" content=\"Um \u00fanico herdeiro pode desbloquear heran\u00e7a indivisa ap\u00f3s dois anos - Portal Tela Portugal\" \/>\n<meta property=\"og:description\" content=\"O Governo aprovou, em Conselho de Ministros, tr\u00eas diplomas com medidas para habita\u00e7\u00e3o, incluindo uma altera\u00e7\u00e3o \u00e0s regras sobre heran\u00e7as indivisas. Criado o &quot;processo especial de venda de coisa im\u00f3vel indivisa&quot;: ap\u00f3s dois anos de indivis\u00e3o, se n\u00e3o houver acordo entre herdeiros, um \u00fanico herdeiro pode iniciar a venda. Todos os herdeiros mant\u00eam o direito de participar no processo de venda; o objetivo \u00e9 desbloquear im\u00f3veis devolutos, tanto em \u00e1reas urbanas como rurais. O primeiro-ministro Lu\u00eds Montenegro afirmou que o Estado n\u00e3o for\u00e7a solu\u00e7\u00f5es nem viola o direito de propriedade, mas busca mecanismos para desbloquear impasses. O diploma faz parte de um conjunto de medidas para habita\u00e7\u00e3o, j\u00e1 com descontos fiscais para propriet\u00e1rios e altera\u00e7\u00f5es ao Regime Jur\u00eddico da Urbaniza\u00e7\u00e3o e da Edifica\u00e7\u00e3o.\" \/>\n<meta property=\"og:url\" content=\"https:\/\/portaltela.pt\/noticias\/2026\/03\/27\/um-unico-herdeiro-pode-desbloquear-heranca-indivisa-apos-dois-anos\/\" \/>\n<meta property=\"og:site_name\" content=\"Portal Tela Portugal\" \/>\n<meta property=\"article:published_time\" content=\"2026-03-27T13:42:00+00:00\" \/>\n<meta name=\"author\" content=\"Telinha\" \/>\n<meta name=\"twitter:card\" content=\"summary_large_image\" \/>\n<meta name=\"twitter:label1\" content=\"Escrito por\" \/>\n\t<meta name=\"twitter:data1\" content=\"Telinha\" \/>\n\t<meta name=\"twitter:label2\" content=\"Tempo estimado de leitura\" \/>\n\t<meta name=\"twitter:data2\" content=\"1 minuto\" \/>\n<script type=\"application\/ld+json\" class=\"yoast-schema-graph\">{\"@context\":\"https:\/\/schema.org\",\"@graph\":[{\"@type\":\"Article\",\"@id\":\"https:\/\/portaltela.pt\/noticias\/2026\/03\/27\/um-unico-herdeiro-pode-desbloquear-heranca-indivisa-apos-dois-anos\/#article\",\"isPartOf\":{\"@id\":\"https:\/\/portaltela.pt\/noticias\/2026\/03\/27\/um-unico-herdeiro-pode-desbloquear-heranca-indivisa-apos-dois-anos\/\"},\"author\":{\"name\":\"Telinha\",\"@id\":\"https:\/\/portaltela.pt\/#\/schema\/person\/c4278d4a6028830caff9ee44b42d32ed\"},\"headline\":\"Um \u00fanico herdeiro pode desbloquear heran\u00e7a indivisa ap\u00f3s dois anos\",\"datePublished\":\"2026-03-27T13:42:00+00:00\",\"mainEntityOfPage\":{\"@id\":\"https:\/\/portaltela.pt\/noticias\/2026\/03\/27\/um-unico-herdeiro-pode-desbloquear-heranca-indivisa-apos-dois-anos\/\"},\"wordCount\":228,\"image\":{\"@id\":\"https:\/\/portaltela.pt\/noticias\/2026\/03\/27\/um-unico-herdeiro-pode-desbloquear-heranca-indivisa-apos-dois-anos\/#primaryimage\"},\"thumbnailUrl\":\"https:\/\/portaltela.pt\/s.01k8rhncp4jt1\/2026\/03\/2077355.jpg\",\"keywords\":[\"a habita\u00e7\u00e3o\",\"arrendamento\",\"direitos de propriedade\",\"Heran\u00e7a\",\"propriedade\",\"vendas\"],\"articleSection\":[\"Economia\",\"Sociedade\"],\"inLanguage\":\"pt-PT\"},{\"@type\":\"WebPage\",\"@id\":\"https:\/\/portaltela.pt\/noticias\/2026\/03\/27\/um-unico-herdeiro-pode-desbloquear-heranca-indivisa-apos-dois-anos\/\",\"url\":\"https:\/\/portaltela.pt\/noticias\/2026\/03\/27\/um-unico-herdeiro-pode-desbloquear-heranca-indivisa-apos-dois-anos\/\",\"name\":\"Um \u00fanico herdeiro pode desbloquear heran\u00e7a indivisa ap\u00f3s dois anos - Portal Tela Portugal\",\"isPartOf\":{\"@id\":\"https:\/\/portaltela.pt\/#website\"},\"primaryImageOfPage\":{\"@id\":\"https:\/\/portaltela.pt\/noticias\/2026\/03\/27\/um-unico-herdeiro-pode-desbloquear-heranca-indivisa-apos-dois-anos\/#primaryimage\"},\"image\":{\"@id\":\"https:\/\/portaltela.pt\/noticias\/2026\/03\/27\/um-unico-herdeiro-pode-desbloquear-heranca-indivisa-apos-dois-anos\/#primaryimage\"},\"thumbnailUrl\":\"https:\/\/portaltela.pt\/s.01k8rhncp4jt1\/2026\/03\/2077355.jpg\",\"datePublished\":\"2026-03-27T13:42:00+00:00\",\"author\":{\"@id\":\"https:\/\/portaltela.pt\/#\/schema\/person\/c4278d4a6028830caff9ee44b42d32ed\"},\"breadcrumb\":{\"@id\":\"https:\/\/portaltela.pt\/noticias\/2026\/03\/27\/um-unico-herdeiro-pode-desbloquear-heranca-indivisa-apos-dois-anos\/#breadcrumb\"},\"inLanguage\":\"pt-PT\",\"potentialAction\":[{\"@type\":\"ReadAction\",\"target\":[\"https:\/\/portaltela.pt\/noticias\/2026\/03\/27\/um-unico-herdeiro-pode-desbloquear-heranca-indivisa-apos-dois-anos\/\"]}]},{\"@type\":\"ImageObject\",\"inLanguage\":\"pt-PT\",\"@id\":\"https:\/\/portaltela.pt\/noticias\/2026\/03\/27\/um-unico-herdeiro-pode-desbloquear-heranca-indivisa-apos-dois-anos\/#primaryimage\",\"url\":\"https:\/\/portaltela.pt\/s.01k8rhncp4jt1\/2026\/03\/2077355.jpg\",\"contentUrl\":\"https:\/\/portaltela.pt\/s.01k8rhncp4jt1\/2026\/03\/2077355.jpg\",\"width\":796,\"height\":448,\"caption\":\"Lu\u00eds Montenegro, primeiro-ministro\"},{\"@type\":\"BreadcrumbList\",\"@id\":\"https:\/\/portaltela.pt\/noticias\/2026\/03\/27\/um-unico-herdeiro-pode-desbloquear-heranca-indivisa-apos-dois-anos\/#breadcrumb\",\"itemListElement\":[{\"@type\":\"ListItem\",\"position\":1,\"name\":\"In\u00edcio\",\"item\":\"https:\/\/portaltela.pt\/\"},{\"@type\":\"ListItem\",\"position\":2,\"name\":\"Um \u00fanico herdeiro pode desbloquear heran\u00e7a indivisa ap\u00f3s dois anos\"}]},{\"@type\":\"WebSite\",\"@id\":\"https:\/\/portaltela.pt\/#website\",\"url\":\"https:\/\/portaltela.pt\/\",\"name\":\"Portal Tela Portugal\",\"description\":\"\",\"potentialAction\":[{\"@type\":\"SearchAction\",\"target\":{\"@type\":\"EntryPoint\",\"urlTemplate\":\"https:\/\/portaltela.pt\/?s={search_term_string}\"},\"query-input\":{\"@type\":\"PropertyValueSpecification\",\"valueRequired\":true,\"valueName\":\"search_term_string\"}}],\"inLanguage\":\"pt-PT\"},{\"@type\":\"Person\",\"@id\":\"https:\/\/portaltela.pt\/#\/schema\/person\/c4278d4a6028830caff9ee44b42d32ed\",\"name\":\"Telinha\",\"image\":{\"@type\":\"ImageObject\",\"inLanguage\":\"pt-PT\",\"@id\":\"https:\/\/portaltela.pt\/s.01k8rhncp4jt1\/2025\/11\/talking-bot-125x125.png\",\"url\":\"https:\/\/portaltela.pt\/s.01k8rhncp4jt1\/2025\/11\/talking-bot-125x125.png\",\"contentUrl\":\"https:\/\/portaltela.pt\/s.01k8rhncp4jt1\/2025\/11\/talking-bot-125x125.png\",\"caption\":\"Telinha\"},\"sameAs\":[\"https:\/\/portaltela.pt\/\"],\"url\":\"https:\/\/portaltela.pt\/por\/367410592786\/\"}]}<\/script>\n<!-- \/ Yoast SEO plugin. -->","yoast_head_json":{"title":"Um \u00fanico herdeiro pode desbloquear heran\u00e7a indivisa ap\u00f3s dois anos - Portal Tela Portugal","robots":{"index":"index","follow":"follow","max-snippet":"max-snippet:-1","max-image-preview":"max-image-preview:large","max-video-preview":"max-video-preview:-1"},"og_locale":"pt_PT","og_type":"article","og_title":"Um \u00fanico herdeiro pode desbloquear heran\u00e7a indivisa ap\u00f3s dois anos - Portal Tela Portugal","og_description":"O Governo aprovou, em Conselho de Ministros, tr\u00eas diplomas com medidas para habita\u00e7\u00e3o, incluindo uma altera\u00e7\u00e3o \u00e0s regras sobre heran\u00e7as indivisas. Criado o \"processo especial de venda de coisa im\u00f3vel indivisa\": ap\u00f3s dois anos de indivis\u00e3o, se n\u00e3o houver acordo entre herdeiros, um \u00fanico herdeiro pode iniciar a venda. Todos os herdeiros mant\u00eam o direito de participar no processo de venda; o objetivo \u00e9 desbloquear im\u00f3veis devolutos, tanto em \u00e1reas urbanas como rurais. O primeiro-ministro Lu\u00eds Montenegro afirmou que o Estado n\u00e3o for\u00e7a solu\u00e7\u00f5es nem viola o direito de propriedade, mas busca mecanismos para desbloquear impasses. O diploma faz parte de um conjunto de medidas para habita\u00e7\u00e3o, j\u00e1 com descontos fiscais para propriet\u00e1rios e altera\u00e7\u00f5es ao Regime Jur\u00eddico da Urbaniza\u00e7\u00e3o e da Edifica\u00e7\u00e3o.","og_url":"https:\/\/portaltela.pt\/noticias\/2026\/03\/27\/um-unico-herdeiro-pode-desbloquear-heranca-indivisa-apos-dois-anos\/","og_site_name":"Portal Tela Portugal","article_published_time":"2026-03-27T13:42:00+00:00","author":"Telinha","twitter_card":"summary_large_image","twitter_misc":{"Escrito por":"Telinha","Tempo estimado de leitura":"1 minuto"},"schema":{"@context":"https:\/\/schema.org","@graph":[{"@type":"Article","@id":"https:\/\/portaltela.pt\/noticias\/2026\/03\/27\/um-unico-herdeiro-pode-desbloquear-heranca-indivisa-apos-dois-anos\/#article","isPartOf":{"@id":"https:\/\/portaltela.pt\/noticias\/2026\/03\/27\/um-unico-herdeiro-pode-desbloquear-heranca-indivisa-apos-dois-anos\/"},"author":{"name":"Telinha","@id":"https:\/\/portaltela.pt\/#\/schema\/person\/c4278d4a6028830caff9ee44b42d32ed"},"headline":"Um \u00fanico herdeiro pode desbloquear heran\u00e7a indivisa ap\u00f3s dois anos","datePublished":"2026-03-27T13:42:00+00:00","mainEntityOfPage":{"@id":"https:\/\/portaltela.pt\/noticias\/2026\/03\/27\/um-unico-herdeiro-pode-desbloquear-heranca-indivisa-apos-dois-anos\/"},"wordCount":228,"image":{"@id":"https:\/\/portaltela.pt\/noticias\/2026\/03\/27\/um-unico-herdeiro-pode-desbloquear-heranca-indivisa-apos-dois-anos\/#primaryimage"},"thumbnailUrl":"https:\/\/portaltela.pt\/s.01k8rhncp4jt1\/2026\/03\/2077355.jpg","keywords":["a habita\u00e7\u00e3o","arrendamento","direitos de propriedade","Heran\u00e7a","propriedade","vendas"],"articleSection":["Economia","Sociedade"],"inLanguage":"pt-PT"},{"@type":"WebPage","@id":"https:\/\/portaltela.pt\/noticias\/2026\/03\/27\/um-unico-herdeiro-pode-desbloquear-heranca-indivisa-apos-dois-anos\/","url":"https:\/\/portaltela.pt\/noticias\/2026\/03\/27\/um-unico-herdeiro-pode-desbloquear-heranca-indivisa-apos-dois-anos\/","name":"Um \u00fanico herdeiro pode desbloquear heran\u00e7a indivisa ap\u00f3s dois anos - Portal Tela Portugal","isPartOf":{"@id":"https:\/\/portaltela.pt\/#website"},"primaryImageOfPage":{"@id":"https:\/\/portaltela.pt\/noticias\/2026\/03\/27\/um-unico-herdeiro-pode-desbloquear-heranca-indivisa-apos-dois-anos\/#primaryimage"},"image":{"@id":"https:\/\/portaltela.pt\/noticias\/2026\/03\/27\/um-unico-herdeiro-pode-desbloquear-heranca-indivisa-apos-dois-anos\/#primaryimage"},"thumbnailUrl":"https:\/\/portaltela.pt\/s.01k8rhncp4jt1\/2026\/03\/2077355.jpg","datePublished":"2026-03-27T13:42:00+00:00","author":{"@id":"https:\/\/portaltela.pt\/#\/schema\/person\/c4278d4a6028830caff9ee44b42d32ed"},"breadcrumb":{"@id":"https:\/\/portaltela.pt\/noticias\/2026\/03\/27\/um-unico-herdeiro-pode-desbloquear-heranca-indivisa-apos-dois-anos\/#breadcrumb"},"inLanguage":"pt-PT","potentialAction":[{"@type":"ReadAction","target":["https:\/\/portaltela.pt\/noticias\/2026\/03\/27\/um-unico-herdeiro-pode-desbloquear-heranca-indivisa-apos-dois-anos\/"]}]},{"@type":"ImageObject","inLanguage":"pt-PT","@id":"https:\/\/portaltela.pt\/noticias\/2026\/03\/27\/um-unico-herdeiro-pode-desbloquear-heranca-indivisa-apos-dois-anos\/#primaryimage","url":"https:\/\/portaltela.pt\/s.01k8rhncp4jt1\/2026\/03\/2077355.jpg","contentUrl":"https:\/\/portaltela.pt\/s.01k8rhncp4jt1\/2026\/03\/2077355.jpg","width":796,"height":448,"caption":"Lu\u00eds Montenegro, primeiro-ministro"},{"@type":"BreadcrumbList","@id":"https:\/\/portaltela.pt\/noticias\/2026\/03\/27\/um-unico-herdeiro-pode-desbloquear-heranca-indivisa-apos-dois-anos\/#breadcrumb","itemListElement":[{"@type":"ListItem","position":1,"name":"In\u00edcio","item":"https:\/\/portaltela.pt\/"},{"@type":"ListItem","position":2,"name":"Um \u00fanico herdeiro pode desbloquear heran\u00e7a indivisa ap\u00f3s dois anos"}]},{"@type":"WebSite","@id":"https:\/\/portaltela.pt\/#website","url":"https:\/\/portaltela.pt\/","name":"Portal Tela Portugal","description":"","potentialAction":[{"@type":"SearchAction","target":{"@type":"EntryPoint","urlTemplate":"https:\/\/portaltela.pt\/?s={search_term_string}"},"query-input":{"@type":"PropertyValueSpecification","valueRequired":true,"valueName":"search_term_string"}}],"inLanguage":"pt-PT"},{"@type":"Person","@id":"https:\/\/portaltela.pt\/#\/schema\/person\/c4278d4a6028830caff9ee44b42d32ed","name":"Telinha","image":{"@type":"ImageObject","inLanguage":"pt-PT","@id":"https:\/\/portaltela.pt\/s.01k8rhncp4jt1\/2025\/11\/talking-bot-125x125.png","url":"https:\/\/portaltela.pt\/s.01k8rhncp4jt1\/2025\/11\/talking-bot-125x125.png","contentUrl":"https:\/\/portaltela.pt\/s.01k8rhncp4jt1\/2025\/11\/talking-bot-125x125.png","caption":"Telinha"},"sameAs":["https:\/\/portaltela.pt\/"],"url":"https:\/\/portaltela.pt\/por\/367410592786\/"}]}},"_links":{"self":[{"href":"https:\/\/portaltela.pt\/api\/wp\/v2\/posts\/423748","targetHints":{"allow":["GET"]}}],"collection":[{"href":"https:\/\/portaltela.pt\/api\/wp\/v2\/posts"}],"about":[{"href":"https:\/\/portaltela.pt\/api\/wp\/v2\/types\/post"}],"author":[{"embeddable":true,"href":"https:\/\/portaltela.pt\/api\/wp\/v2\/users\/2"}],"replies":[{"embeddable":true,"href":"https:\/\/portaltela.pt\/api\/wp\/v2\/comments?post=423748"}],"version-history":[{"count":0,"href":"https:\/\/portaltela.pt\/api\/wp\/v2\/posts\/423748\/revisions"}],"wp:featuredmedia":[{"embeddable":true,"href":"https:\/\/portaltela.pt\/api\/wp\/v2\/media\/423755"}],"wp:attachment":[{"href":"https:\/\/portaltela.pt\/api\/wp\/v2\/media?parent=423748"}],"wp:term":[{"taxonomy":"category","embeddable":true,"href":"https:\/\/portaltela.pt\/api\/wp\/v2\/categories?post=423748"},{"taxonomy":"post_tag","embeddable":true,"href":"https:\/\/portaltela.pt\/api\/wp\/v2\/tags?post=423748"}],"curies":[{"name":"wp","href":"https:\/\/api.w.org\/{rel}","templated":true}]}}