{"id":423744,"date":"2026-03-27T11:00:05","date_gmt":"2026-03-27T14:00:05","guid":{"rendered":"https:\/\/portaltela.pt\/noticias\/2026\/03\/27\/bombardeamentos-no-sul-do-libano-vistos-por-tanques-israelitas\/"},"modified":"2026-03-27T11:00:05","modified_gmt":"2026-03-27T14:00:05","slug":"bombardeamentos-no-sul-do-libano-vistos-por-tanques-israelitas","status":"publish","type":"post","link":"https:\/\/portaltela.pt\/noticias\/2026\/03\/27\/bombardeamentos-no-sul-do-libano-vistos-por-tanques-israelitas\/","title":{"rendered":"Bombardeamentos no sul do L\u00edbano vistos por tanques israelitas"},"content":{"rendered":"<p>Dois bombardeamentos no sul do L\u00edbano foram registados a partir de tanques israelitas que operavam no terreno, na sexta-feira. As imagens foram captadas num momento de escalada de confrontos na regi\u00e3o.<\/p>\n<p>A reportagem \u00e9 de Alfredo Leite, diretor-adjunto do Correio da Manh\u00e3, que acompanhou o incidente e registou asmanifesta\u00e7\u00f5es militares a partir de posi\u00e7\u00e3o de combate. O material fotogr\u00e1fico foca a atua\u00e7\u00e3o das for\u00e7as israelitas na \u00e1rea.<\/p>\n<p>Ainda n\u00e3o foram divulgados detalhes sobre feridos ou danos materiais espec\u00edficos, nem sobre a extens\u00e3o dos ataques. O evento ocorre num contexto regional de tens\u00f5es entre Israel e grupos armados presentes no sul do L\u00edbano.<\/p>\n","protected":false},"excerpt":{"rendered":"<ul>\n<li>Alfredo Leite, diretor-adjunto do Correio da Manh\u00e3, registou imagens dos bombardeamentos no sul do L\u00edbano.<\/li>\n<li>As imagens foram feitas nesta sexta-feira a partir de tanques de guerra israelitas no terreno.<\/li>\n<li>O material mostra a atividade de bombardeamento na regi\u00e3o do sul do L\u00edbano.<\/li>\n<li>A reportagem confirma que as imagens foram captadas por um jornalista presente no local.<\/li>\n<\/ul>\n","protected":false},"author":2,"featured_media":423745,"comment_status":"closed","ping_status":"closed","sticky":false,"template":"","format":"standard","meta":{"footnotes":""},"categories":[6804,1],"tags":[6465,254,178,62,3708,6635],"class_list":["post-423744","post","type-post","status-publish","format-standard","has-post-thumbnail","hentry","category-guerra","category-noticias","tag-bombardeamentos","tag-conflito","tag-confrontos","tag-guerra","tag-israel","tag-libano"],"yoast_head":"<!-- This site is optimized with the Yoast SEO plugin v27.2 - https:\/\/yoast.com\/product\/yoast-seo-wordpress\/ -->\n<title>Bombardeamentos no sul do L\u00edbano vistos por tanques israelitas - Portal Tela Portugal<\/title>\n<meta name=\"robots\" content=\"index, follow, max-snippet:-1, max-image-preview:large, max-video-preview:-1\" \/>\n<meta property=\"og:locale\" content=\"pt_PT\" \/>\n<meta property=\"og:type\" content=\"article\" \/>\n<meta property=\"og:title\" content=\"Bombardeamentos no sul do L\u00edbano vistos por tanques israelitas - Portal Tela Portugal\" \/>\n<meta property=\"og:description\" content=\"Alfredo Leite, diretor-adjunto do Correio da Manh\u00e3, registou imagens dos bombardeamentos no sul do L\u00edbano. As imagens foram feitas nesta sexta-feira a partir de tanques de guerra israelitas no terreno. O material mostra a atividade de bombardeamento na regi\u00e3o do sul do L\u00edbano. A reportagem confirma que as imagens foram captadas por um jornalista presente no local.\" \/>\n<meta property=\"og:url\" content=\"https:\/\/portaltela.pt\/noticias\/2026\/03\/27\/bombardeamentos-no-sul-do-libano-vistos-por-tanques-israelitas\/\" \/>\n<meta property=\"og:site_name\" content=\"Portal Tela Portugal\" \/>\n<meta property=\"article:published_time\" content=\"2026-03-27T14:00:05+00:00\" \/>\n<meta name=\"author\" content=\"Telinha\" \/>\n<meta name=\"twitter:card\" content=\"summary_large_image\" \/>\n<meta name=\"twitter:label1\" content=\"Escrito por\" \/>\n\t<meta name=\"twitter:data1\" content=\"Telinha\" \/>\n\t<meta name=\"twitter:label2\" content=\"Tempo estimado de leitura\" \/>\n\t<meta name=\"twitter:data2\" content=\"1 minuto\" \/>\n<script type=\"application\/ld+json\" class=\"yoast-schema-graph\">{\"@context\":\"https:\/\/schema.org\",\"@graph\":[{\"@type\":\"Article\",\"@id\":\"https:\/\/portaltela.pt\/noticias\/2026\/03\/27\/bombardeamentos-no-sul-do-libano-vistos-por-tanques-israelitas\/#article\",\"isPartOf\":{\"@id\":\"https:\/\/portaltela.pt\/noticias\/2026\/03\/27\/bombardeamentos-no-sul-do-libano-vistos-por-tanques-israelitas\/\"},\"author\":{\"name\":\"Telinha\",\"@id\":\"https:\/\/portaltela.pt\/#\/schema\/person\/c4278d4a6028830caff9ee44b42d32ed\"},\"headline\":\"Bombardeamentos no sul do L\u00edbano vistos por tanques israelitas\",\"datePublished\":\"2026-03-27T14:00:05+00:00\",\"mainEntityOfPage\":{\"@id\":\"https:\/\/portaltela.pt\/noticias\/2026\/03\/27\/bombardeamentos-no-sul-do-libano-vistos-por-tanques-israelitas\/\"},\"wordCount\":123,\"image\":{\"@id\":\"https:\/\/portaltela.pt\/noticias\/2026\/03\/27\/bombardeamentos-no-sul-do-libano-vistos-por-tanques-israelitas\/#primaryimage\"},\"thumbnailUrl\":\"https:\/\/portaltela.pt\/s.01k8rhncp4jt1\/2026\/03\/img_1280x722uu2026-03-27-13-45-45-2275105.jpg\",\"keywords\":[\"bombardeamentos\",\"conflito\",\"confrontos\",\"guerra\",\"Israel\",\"L\u00edbano\"],\"articleSection\":[\"Guerra\",\"Not\u00edcias\"],\"inLanguage\":\"pt-PT\"},{\"@type\":\"WebPage\",\"@id\":\"https:\/\/portaltela.pt\/noticias\/2026\/03\/27\/bombardeamentos-no-sul-do-libano-vistos-por-tanques-israelitas\/\",\"url\":\"https:\/\/portaltela.pt\/noticias\/2026\/03\/27\/bombardeamentos-no-sul-do-libano-vistos-por-tanques-israelitas\/\",\"name\":\"Bombardeamentos no sul do L\u00edbano vistos por tanques israelitas - Portal Tela Portugal\",\"isPartOf\":{\"@id\":\"https:\/\/portaltela.pt\/#website\"},\"primaryImageOfPage\":{\"@id\":\"https:\/\/portaltela.pt\/noticias\/2026\/03\/27\/bombardeamentos-no-sul-do-libano-vistos-por-tanques-israelitas\/#primaryimage\"},\"image\":{\"@id\":\"https:\/\/portaltela.pt\/noticias\/2026\/03\/27\/bombardeamentos-no-sul-do-libano-vistos-por-tanques-israelitas\/#primaryimage\"},\"thumbnailUrl\":\"https:\/\/portaltela.pt\/s.01k8rhncp4jt1\/2026\/03\/img_1280x722uu2026-03-27-13-45-45-2275105.jpg\",\"datePublished\":\"2026-03-27T14:00:05+00:00\",\"author\":{\"@id\":\"https:\/\/portaltela.pt\/#\/schema\/person\/c4278d4a6028830caff9ee44b42d32ed\"},\"breadcrumb\":{\"@id\":\"https:\/\/portaltela.pt\/noticias\/2026\/03\/27\/bombardeamentos-no-sul-do-libano-vistos-por-tanques-israelitas\/#breadcrumb\"},\"inLanguage\":\"pt-PT\",\"potentialAction\":[{\"@type\":\"ReadAction\",\"target\":[\"https:\/\/portaltela.pt\/noticias\/2026\/03\/27\/bombardeamentos-no-sul-do-libano-vistos-por-tanques-israelitas\/\"]}]},{\"@type\":\"ImageObject\",\"inLanguage\":\"pt-PT\",\"@id\":\"https:\/\/portaltela.pt\/noticias\/2026\/03\/27\/bombardeamentos-no-sul-do-libano-vistos-por-tanques-israelitas\/#primaryimage\",\"url\":\"https:\/\/portaltela.pt\/s.01k8rhncp4jt1\/2026\/03\/img_1280x722uu2026-03-27-13-45-45-2275105.jpg\",\"contentUrl\":\"https:\/\/portaltela.pt\/s.01k8rhncp4jt1\/2026\/03\/img_1280x722uu2026-03-27-13-45-45-2275105.jpg\",\"width\":796,\"height\":448,\"caption\":\"Photo\"},{\"@type\":\"BreadcrumbList\",\"@id\":\"https:\/\/portaltela.pt\/noticias\/2026\/03\/27\/bombardeamentos-no-sul-do-libano-vistos-por-tanques-israelitas\/#breadcrumb\",\"itemListElement\":[{\"@type\":\"ListItem\",\"position\":1,\"name\":\"In\u00edcio\",\"item\":\"https:\/\/portaltela.pt\/\"},{\"@type\":\"ListItem\",\"position\":2,\"name\":\"Bombardeamentos no sul do L\u00edbano vistos por tanques israelitas\"}]},{\"@type\":\"WebSite\",\"@id\":\"https:\/\/portaltela.pt\/#website\",\"url\":\"https:\/\/portaltela.pt\/\",\"name\":\"Portal Tela Portugal\",\"description\":\"\",\"potentialAction\":[{\"@type\":\"SearchAction\",\"target\":{\"@type\":\"EntryPoint\",\"urlTemplate\":\"https:\/\/portaltela.pt\/?s={search_term_string}\"},\"query-input\":{\"@type\":\"PropertyValueSpecification\",\"valueRequired\":true,\"valueName\":\"search_term_string\"}}],\"inLanguage\":\"pt-PT\"},{\"@type\":\"Person\",\"@id\":\"https:\/\/portaltela.pt\/#\/schema\/person\/c4278d4a6028830caff9ee44b42d32ed\",\"name\":\"Telinha\",\"image\":{\"@type\":\"ImageObject\",\"inLanguage\":\"pt-PT\",\"@id\":\"https:\/\/portaltela.pt\/s.01k8rhncp4jt1\/2025\/11\/talking-bot-125x125.png\",\"url\":\"https:\/\/portaltela.pt\/s.01k8rhncp4jt1\/2025\/11\/talking-bot-125x125.png\",\"contentUrl\":\"https:\/\/portaltela.pt\/s.01k8rhncp4jt1\/2025\/11\/talking-bot-125x125.png\",\"caption\":\"Telinha\"},\"sameAs\":[\"https:\/\/portaltela.pt\/\"],\"url\":\"https:\/\/portaltela.pt\/por\/367410592786\/\"}]}<\/script>\n<!-- \/ Yoast SEO plugin. -->","yoast_head_json":{"title":"Bombardeamentos no sul do L\u00edbano vistos por tanques israelitas - Portal Tela Portugal","robots":{"index":"index","follow":"follow","max-snippet":"max-snippet:-1","max-image-preview":"max-image-preview:large","max-video-preview":"max-video-preview:-1"},"og_locale":"pt_PT","og_type":"article","og_title":"Bombardeamentos no sul do L\u00edbano vistos por tanques israelitas - Portal Tela Portugal","og_description":"Alfredo Leite, diretor-adjunto do Correio da Manh\u00e3, registou imagens dos bombardeamentos no sul do L\u00edbano. As imagens foram feitas nesta sexta-feira a partir de tanques de guerra israelitas no terreno. O material mostra a atividade de bombardeamento na regi\u00e3o do sul do L\u00edbano. A reportagem confirma que as imagens foram captadas por um jornalista presente no local.","og_url":"https:\/\/portaltela.pt\/noticias\/2026\/03\/27\/bombardeamentos-no-sul-do-libano-vistos-por-tanques-israelitas\/","og_site_name":"Portal Tela Portugal","article_published_time":"2026-03-27T14:00:05+00:00","author":"Telinha","twitter_card":"summary_large_image","twitter_misc":{"Escrito por":"Telinha","Tempo estimado de leitura":"1 minuto"},"schema":{"@context":"https:\/\/schema.org","@graph":[{"@type":"Article","@id":"https:\/\/portaltela.pt\/noticias\/2026\/03\/27\/bombardeamentos-no-sul-do-libano-vistos-por-tanques-israelitas\/#article","isPartOf":{"@id":"https:\/\/portaltela.pt\/noticias\/2026\/03\/27\/bombardeamentos-no-sul-do-libano-vistos-por-tanques-israelitas\/"},"author":{"name":"Telinha","@id":"https:\/\/portaltela.pt\/#\/schema\/person\/c4278d4a6028830caff9ee44b42d32ed"},"headline":"Bombardeamentos no sul do L\u00edbano vistos por tanques israelitas","datePublished":"2026-03-27T14:00:05+00:00","mainEntityOfPage":{"@id":"https:\/\/portaltela.pt\/noticias\/2026\/03\/27\/bombardeamentos-no-sul-do-libano-vistos-por-tanques-israelitas\/"},"wordCount":123,"image":{"@id":"https:\/\/portaltela.pt\/noticias\/2026\/03\/27\/bombardeamentos-no-sul-do-libano-vistos-por-tanques-israelitas\/#primaryimage"},"thumbnailUrl":"https:\/\/portaltela.pt\/s.01k8rhncp4jt1\/2026\/03\/img_1280x722uu2026-03-27-13-45-45-2275105.jpg","keywords":["bombardeamentos","conflito","confrontos","guerra","Israel","L\u00edbano"],"articleSection":["Guerra","Not\u00edcias"],"inLanguage":"pt-PT"},{"@type":"WebPage","@id":"https:\/\/portaltela.pt\/noticias\/2026\/03\/27\/bombardeamentos-no-sul-do-libano-vistos-por-tanques-israelitas\/","url":"https:\/\/portaltela.pt\/noticias\/2026\/03\/27\/bombardeamentos-no-sul-do-libano-vistos-por-tanques-israelitas\/","name":"Bombardeamentos no sul do L\u00edbano vistos por tanques israelitas - Portal Tela Portugal","isPartOf":{"@id":"https:\/\/portaltela.pt\/#website"},"primaryImageOfPage":{"@id":"https:\/\/portaltela.pt\/noticias\/2026\/03\/27\/bombardeamentos-no-sul-do-libano-vistos-por-tanques-israelitas\/#primaryimage"},"image":{"@id":"https:\/\/portaltela.pt\/noticias\/2026\/03\/27\/bombardeamentos-no-sul-do-libano-vistos-por-tanques-israelitas\/#primaryimage"},"thumbnailUrl":"https:\/\/portaltela.pt\/s.01k8rhncp4jt1\/2026\/03\/img_1280x722uu2026-03-27-13-45-45-2275105.jpg","datePublished":"2026-03-27T14:00:05+00:00","author":{"@id":"https:\/\/portaltela.pt\/#\/schema\/person\/c4278d4a6028830caff9ee44b42d32ed"},"breadcrumb":{"@id":"https:\/\/portaltela.pt\/noticias\/2026\/03\/27\/bombardeamentos-no-sul-do-libano-vistos-por-tanques-israelitas\/#breadcrumb"},"inLanguage":"pt-PT","potentialAction":[{"@type":"ReadAction","target":["https:\/\/portaltela.pt\/noticias\/2026\/03\/27\/bombardeamentos-no-sul-do-libano-vistos-por-tanques-israelitas\/"]}]},{"@type":"ImageObject","inLanguage":"pt-PT","@id":"https:\/\/portaltela.pt\/noticias\/2026\/03\/27\/bombardeamentos-no-sul-do-libano-vistos-por-tanques-israelitas\/#primaryimage","url":"https:\/\/portaltela.pt\/s.01k8rhncp4jt1\/2026\/03\/img_1280x722uu2026-03-27-13-45-45-2275105.jpg","contentUrl":"https:\/\/portaltela.pt\/s.01k8rhncp4jt1\/2026\/03\/img_1280x722uu2026-03-27-13-45-45-2275105.jpg","width":796,"height":448,"caption":"Photo"},{"@type":"BreadcrumbList","@id":"https:\/\/portaltela.pt\/noticias\/2026\/03\/27\/bombardeamentos-no-sul-do-libano-vistos-por-tanques-israelitas\/#breadcrumb","itemListElement":[{"@type":"ListItem","position":1,"name":"In\u00edcio","item":"https:\/\/portaltela.pt\/"},{"@type":"ListItem","position":2,"name":"Bombardeamentos no sul do L\u00edbano vistos por tanques israelitas"}]},{"@type":"WebSite","@id":"https:\/\/portaltela.pt\/#website","url":"https:\/\/portaltela.pt\/","name":"Portal Tela Portugal","description":"","potentialAction":[{"@type":"SearchAction","target":{"@type":"EntryPoint","urlTemplate":"https:\/\/portaltela.pt\/?s={search_term_string}"},"query-input":{"@type":"PropertyValueSpecification","valueRequired":true,"valueName":"search_term_string"}}],"inLanguage":"pt-PT"},{"@type":"Person","@id":"https:\/\/portaltela.pt\/#\/schema\/person\/c4278d4a6028830caff9ee44b42d32ed","name":"Telinha","image":{"@type":"ImageObject","inLanguage":"pt-PT","@id":"https:\/\/portaltela.pt\/s.01k8rhncp4jt1\/2025\/11\/talking-bot-125x125.png","url":"https:\/\/portaltela.pt\/s.01k8rhncp4jt1\/2025\/11\/talking-bot-125x125.png","contentUrl":"https:\/\/portaltela.pt\/s.01k8rhncp4jt1\/2025\/11\/talking-bot-125x125.png","caption":"Telinha"},"sameAs":["https:\/\/portaltela.pt\/"],"url":"https:\/\/portaltela.pt\/por\/367410592786\/"}]}},"_links":{"self":[{"href":"https:\/\/portaltela.pt\/api\/wp\/v2\/posts\/423744","targetHints":{"allow":["GET"]}}],"collection":[{"href":"https:\/\/portaltela.pt\/api\/wp\/v2\/posts"}],"about":[{"href":"https:\/\/portaltela.pt\/api\/wp\/v2\/types\/post"}],"author":[{"embeddable":true,"href":"https:\/\/portaltela.pt\/api\/wp\/v2\/users\/2"}],"replies":[{"embeddable":true,"href":"https:\/\/portaltela.pt\/api\/wp\/v2\/comments?post=423744"}],"version-history":[{"count":0,"href":"https:\/\/portaltela.pt\/api\/wp\/v2\/posts\/423744\/revisions"}],"wp:featuredmedia":[{"embeddable":true,"href":"https:\/\/portaltela.pt\/api\/wp\/v2\/media\/423745"}],"wp:attachment":[{"href":"https:\/\/portaltela.pt\/api\/wp\/v2\/media?parent=423744"}],"wp:term":[{"taxonomy":"category","embeddable":true,"href":"https:\/\/portaltela.pt\/api\/wp\/v2\/categories?post=423744"},{"taxonomy":"post_tag","embeddable":true,"href":"https:\/\/portaltela.pt\/api\/wp\/v2\/tags?post=423744"}],"curies":[{"name":"wp","href":"https:\/\/api.w.org\/{rel}","templated":true}]}}