{"id":423730,"date":"2026-03-27T10:37:00","date_gmt":"2026-03-27T13:37:00","guid":{"rendered":"https:\/\/portaltela.pt\/noticias\/2026\/03\/27\/franca-condena-retrocesso-nos-testes-de-genero-nas-olimpiadas\/"},"modified":"2026-03-27T10:37:00","modified_gmt":"2026-03-27T13:37:00","slug":"franca-condena-retrocesso-nos-testes-de-genero-nas-olimpiadas","status":"publish","type":"post","link":"https:\/\/portaltela.pt\/desporto\/futebol\/2026\/03\/27\/franca-condena-retrocesso-nos-testes-de-genero-nas-olimpiadas\/","title":{"rendered":"Fran\u00e7a condena retrocesso nos testes de g\u00e9nero nas Olimp\u00edadas"},"content":{"rendered":"<p>A Fran\u00e7a reagiu com cr\u00edticas ao retorno dos testes de g\u00e9nero anunciados pelo Comit\u00e9 Ol\u00edmpico Internacional (COI). A medida, comunicada na quinta-feira, entra em vigor nos Jogos Ol\u00edmpicos de Ver\u00e3o de Los Angeles em 2028 e afeta atletas femininas. O COI defende que a elegibilidade passa a depender do gene biol\u00f3gico, o que pode excluir atletas transg\u00e9nero e parte das atletas intersexo das provas femininas.<\/p>\n<p>A ministra francesa dos Desportos, Marina Ferrari, considerou a decis\u00e3o um retrocesso. A governante apontou problemas \u00e9ticos, legais e m\u00e9dicos, citando a legisla\u00e7\u00e3o de bio\u00e9tica francesa, que pro\u00edbe testes gen\u00e9ticos para efeitos desportivos. FerrarI lembrou que os testes, introduzidos em 1967, foram abandonados em 1999 por reservas cient\u00edficas quanto \u00e0 utilidade.<\/p>\n<p>A governante recordou o hist\u00f3rico da pol\u00edtica na Fran\u00e7a e afirmou que o retrocesso coloca sob press\u00e3o a igualdade entre atletas. Tamb\u00e9m destacou que a medida pode estigmatizar pessoas intersexo ao ignorar as suas especificidades biol\u00f3gicas. Em resposta, o governo franc\u00eas anunciou a cria\u00e7\u00e3o de um observat\u00f3rio nacional para orientar pol\u00edticas de desporto justo e inclusivo.<\/p>\n<h3>Nova pol\u00edtica do COI e implica\u00e7\u00f5es<\/h3>\n<p>O COI explicou que, a partir de 2028, a elegibilidade feminina passa a depender de um teste ao gene SRY, aplicado a todas as categorias ol\u00edmpicas. O objetivo \u00e9 promover justi\u00e7a, seguran\u00e7a e integridade da competi\u00e7\u00e3o feminina, alinhando-se a uma ordem executiva dos EUA.<\/p>\n<p>A presidente do COI, Kirsty Coventry, defendeu que a medida se baseia na ci\u00eancia e no parecer de m\u00e9dicos, sustentando que n\u00e3o \u00e9 justo que homens biol\u00f3gicos competam na categoria feminina. A regra tamb\u00e9m afeta atletas intersexo, incluindo algumas com caracter\u00edsticas genitais femininas.<\/p>\n<p>Entre os casos citados est\u00e1 a pugilista argelina Imane Khelif, campe\u00e3 ol\u00edmpica de -66 kg em Paris 2024, cuja comprova\u00e7\u00e3o de sexo tem gerado controv\u00e9rsia. O COI reconheceu que existem vantagens f\u00edsicas associadas ao sexo masculino, mas afirmou que as novas regras n\u00e3o t\u00eam efeitos retroativos e n\u00e3o revisitam resultados anteriores.<\/p>\n<p>O COI informou ainda que a nova pol\u00edtica n\u00e3o altera resultados j\u00e1 disputados, e que a implementa\u00e7\u00e3o visa garantir competi\u00e7\u00e3o mais equitativa. A organiza\u00e7\u00e3o ressaltou que a mudan\u00e7a se aplica a todas as modalidades e eventos sob a sua jurisdi\u00e7\u00e3o.<\/p>\n","protected":false},"excerpt":{"rendered":"<ul>\n<li>O Comit\u00e9 Ol\u00edmpico Internacional vai reinstaurar testes gen\u00e9ticos de g\u00e9nero nas Olimp\u00edadas, com entrada em vigor nos Jogos de Los Angeles, em 2028.<\/li>\n<li>A Fran\u00e7a classifica a medida como retrocesso e alerta para a exclus\u00e3o pr\u00e1tica de atletas transg\u00e9nero e de muitas atletas intersexo nas provas femininas.<\/li>\n<li>O teste baseia-se no gene SRY para determinar o g\u00e9nero biol\u00f3gico feminino e n\u00e3o ter\u00e1 efeitos retroativos, mantendo os resultados de atletas j\u00e1 consagradas.<\/li>\n<li>A ministra francesa dos Desportos anunciou a cria\u00e7\u00e3o de um observat\u00f3rio nacional para orientar pol\u00edticas que garantam desporto justo, inclusivo e respeitoso dos direitos humanos.<\/li>\n<li>O caso de Imane Khelif, campe\u00e3 ol\u00edmpica, \u00e9 citado como exemplo da controv\u00e9rsia, com o COI a defender que a nova norma se apoia na ci\u00eancia e n\u00e3o permite competi\u00e7\u00e3o de homens biol\u00f3gicos na categoria feminina.<\/li>\n<\/ul>\n","protected":false},"author":2,"featured_media":423740,"comment_status":"closed","ping_status":"closed","sticky":false,"template":"","format":"standard","meta":{"footnotes":""},"categories":[21,24],"tags":[152,2633,3108,6391,81,2023],"class_list":["post-423730","post","type-post","status-publish","format-standard","has-post-thumbnail","hentry","category-desporto","category-futebol","tag-desporto","tag-direitos-humanos","tag-equidade-de-genero-desafios-na-atualidade","tag-identidade-de-genero-desafios-na-atualidade","tag-internacionais","tag-organizacoes-internacionais"],"yoast_head":"<!-- This site is optimized with the Yoast SEO plugin v27.2 - https:\/\/yoast.com\/product\/yoast-seo-wordpress\/ -->\n<title>Fran\u00e7a condena retrocesso nos testes de g\u00e9nero nas Olimp\u00edadas - Portal Tela Portugal<\/title>\n<meta name=\"robots\" content=\"index, follow, max-snippet:-1, max-image-preview:large, max-video-preview:-1\" \/>\n<meta property=\"og:locale\" content=\"pt_PT\" \/>\n<meta property=\"og:type\" content=\"article\" \/>\n<meta property=\"og:title\" content=\"Fran\u00e7a condena retrocesso nos testes de g\u00e9nero nas Olimp\u00edadas - Portal Tela Portugal\" \/>\n<meta property=\"og:description\" content=\"O Comit\u00e9 Ol\u00edmpico Internacional vai reinstaurar testes gen\u00e9ticos de g\u00e9nero nas Olimp\u00edadas, com entrada em vigor nos Jogos de Los Angeles, em 2028. A Fran\u00e7a classifica a medida como retrocesso e alerta para a exclus\u00e3o pr\u00e1tica de atletas transg\u00e9nero e de muitas atletas intersexo nas provas femininas. O teste baseia-se no gene SRY para determinar o g\u00e9nero biol\u00f3gico feminino e n\u00e3o ter\u00e1 efeitos retroativos, mantendo os resultados de atletas j\u00e1 consagradas. A ministra francesa dos Desportos anunciou a cria\u00e7\u00e3o de um observat\u00f3rio nacional para orientar pol\u00edticas que garantam desporto justo, inclusivo e respeitoso dos direitos humanos. O caso de Imane Khelif, campe\u00e3 ol\u00edmpica, \u00e9 citado como exemplo da controv\u00e9rsia, com o COI a defender que a nova norma se apoia na ci\u00eancia e n\u00e3o permite competi\u00e7\u00e3o de homens biol\u00f3gicos na categoria feminina.\" \/>\n<meta property=\"og:url\" content=\"https:\/\/portaltela.pt\/noticias\/2026\/03\/27\/franca-condena-retrocesso-nos-testes-de-genero-nas-olimpiadas\/\" \/>\n<meta property=\"og:site_name\" content=\"Portal Tela Portugal\" \/>\n<meta property=\"article:published_time\" content=\"2026-03-27T13:37:00+00:00\" \/>\n<meta name=\"author\" content=\"Telinha\" \/>\n<meta name=\"twitter:card\" content=\"summary_large_image\" \/>\n<meta name=\"twitter:label1\" content=\"Escrito por\" \/>\n\t<meta name=\"twitter:data1\" content=\"Telinha\" \/>\n\t<meta name=\"twitter:label2\" content=\"Tempo estimado de leitura\" \/>\n\t<meta name=\"twitter:data2\" content=\"2 minutos\" \/>\n<script type=\"application\/ld+json\" class=\"yoast-schema-graph\">{\"@context\":\"https:\/\/schema.org\",\"@graph\":[{\"@type\":\"Article\",\"@id\":\"https:\/\/portaltela.pt\/noticias\/2026\/03\/27\/franca-condena-retrocesso-nos-testes-de-genero-nas-olimpiadas\/#article\",\"isPartOf\":{\"@id\":\"https:\/\/portaltela.pt\/noticias\/2026\/03\/27\/franca-condena-retrocesso-nos-testes-de-genero-nas-olimpiadas\/\"},\"author\":{\"name\":\"Telinha\",\"@id\":\"https:\/\/portaltela.pt\/#\/schema\/person\/c4278d4a6028830caff9ee44b42d32ed\"},\"headline\":\"Fran\u00e7a condena retrocesso nos testes de g\u00e9nero nas Olimp\u00edadas\",\"datePublished\":\"2026-03-27T13:37:00+00:00\",\"mainEntityOfPage\":{\"@id\":\"https:\/\/portaltela.pt\/noticias\/2026\/03\/27\/franca-condena-retrocesso-nos-testes-de-genero-nas-olimpiadas\/\"},\"wordCount\":411,\"image\":{\"@id\":\"https:\/\/portaltela.pt\/noticias\/2026\/03\/27\/franca-condena-retrocesso-nos-testes-de-genero-nas-olimpiadas\/#primaryimage\"},\"thumbnailUrl\":\"https:\/\/portaltela.pt\/s.01k8rhncp4jt1\/2026\/03\/7747ee27-8300-4a06-ada8-30579965e2f8_1200x675.jpg\",\"keywords\":[\"desporto\",\"direitos humanos\",\"equidade de g\u00e9nero \u2013 Desafios na Atualidade\",\"Identidade de g\u00e9nero \u2013 Desafios na Atualidade\",\"internacionais\",\"organiza\u00e7\u00f5es internacionais\"],\"articleSection\":[\"Desporto\",\"Futebol\"],\"inLanguage\":\"pt-PT\"},{\"@type\":\"WebPage\",\"@id\":\"https:\/\/portaltela.pt\/noticias\/2026\/03\/27\/franca-condena-retrocesso-nos-testes-de-genero-nas-olimpiadas\/\",\"url\":\"https:\/\/portaltela.pt\/noticias\/2026\/03\/27\/franca-condena-retrocesso-nos-testes-de-genero-nas-olimpiadas\/\",\"name\":\"Fran\u00e7a condena retrocesso nos testes de g\u00e9nero nas Olimp\u00edadas - Portal Tela Portugal\",\"isPartOf\":{\"@id\":\"https:\/\/portaltela.pt\/#website\"},\"primaryImageOfPage\":{\"@id\":\"https:\/\/portaltela.pt\/noticias\/2026\/03\/27\/franca-condena-retrocesso-nos-testes-de-genero-nas-olimpiadas\/#primaryimage\"},\"image\":{\"@id\":\"https:\/\/portaltela.pt\/noticias\/2026\/03\/27\/franca-condena-retrocesso-nos-testes-de-genero-nas-olimpiadas\/#primaryimage\"},\"thumbnailUrl\":\"https:\/\/portaltela.pt\/s.01k8rhncp4jt1\/2026\/03\/7747ee27-8300-4a06-ada8-30579965e2f8_1200x675.jpg\",\"datePublished\":\"2026-03-27T13:37:00+00:00\",\"author\":{\"@id\":\"https:\/\/portaltela.pt\/#\/schema\/person\/c4278d4a6028830caff9ee44b42d32ed\"},\"breadcrumb\":{\"@id\":\"https:\/\/portaltela.pt\/noticias\/2026\/03\/27\/franca-condena-retrocesso-nos-testes-de-genero-nas-olimpiadas\/#breadcrumb\"},\"inLanguage\":\"pt-PT\",\"potentialAction\":[{\"@type\":\"ReadAction\",\"target\":[\"https:\/\/portaltela.pt\/noticias\/2026\/03\/27\/franca-condena-retrocesso-nos-testes-de-genero-nas-olimpiadas\/\"]}]},{\"@type\":\"ImageObject\",\"inLanguage\":\"pt-PT\",\"@id\":\"https:\/\/portaltela.pt\/noticias\/2026\/03\/27\/franca-condena-retrocesso-nos-testes-de-genero-nas-olimpiadas\/#primaryimage\",\"url\":\"https:\/\/portaltela.pt\/s.01k8rhncp4jt1\/2026\/03\/7747ee27-8300-4a06-ada8-30579965e2f8_1200x675.jpg\",\"contentUrl\":\"https:\/\/portaltela.pt\/s.01k8rhncp4jt1\/2026\/03\/7747ee27-8300-4a06-ada8-30579965e2f8_1200x675.jpg\",\"width\":796,\"height\":448,\"caption\":\"Bandeira dos Jogos Ol\u00edmpicos\"},{\"@type\":\"BreadcrumbList\",\"@id\":\"https:\/\/portaltela.pt\/noticias\/2026\/03\/27\/franca-condena-retrocesso-nos-testes-de-genero-nas-olimpiadas\/#breadcrumb\",\"itemListElement\":[{\"@type\":\"ListItem\",\"position\":1,\"name\":\"In\u00edcio\",\"item\":\"https:\/\/portaltela.pt\/\"},{\"@type\":\"ListItem\",\"position\":2,\"name\":\"Fran\u00e7a condena retrocesso nos testes de g\u00e9nero nas Olimp\u00edadas\"}]},{\"@type\":\"WebSite\",\"@id\":\"https:\/\/portaltela.pt\/#website\",\"url\":\"https:\/\/portaltela.pt\/\",\"name\":\"Portal Tela Portugal\",\"description\":\"\",\"potentialAction\":[{\"@type\":\"SearchAction\",\"target\":{\"@type\":\"EntryPoint\",\"urlTemplate\":\"https:\/\/portaltela.pt\/?s={search_term_string}\"},\"query-input\":{\"@type\":\"PropertyValueSpecification\",\"valueRequired\":true,\"valueName\":\"search_term_string\"}}],\"inLanguage\":\"pt-PT\"},{\"@type\":\"Person\",\"@id\":\"https:\/\/portaltela.pt\/#\/schema\/person\/c4278d4a6028830caff9ee44b42d32ed\",\"name\":\"Telinha\",\"image\":{\"@type\":\"ImageObject\",\"inLanguage\":\"pt-PT\",\"@id\":\"https:\/\/portaltela.pt\/s.01k8rhncp4jt1\/2025\/11\/talking-bot-125x125.png\",\"url\":\"https:\/\/portaltela.pt\/s.01k8rhncp4jt1\/2025\/11\/talking-bot-125x125.png\",\"contentUrl\":\"https:\/\/portaltela.pt\/s.01k8rhncp4jt1\/2025\/11\/talking-bot-125x125.png\",\"caption\":\"Telinha\"},\"sameAs\":[\"https:\/\/portaltela.pt\/\"],\"url\":\"https:\/\/portaltela.pt\/por\/367410592786\/\"}]}<\/script>\n<!-- \/ Yoast SEO plugin. -->","yoast_head_json":{"title":"Fran\u00e7a condena retrocesso nos testes de g\u00e9nero nas Olimp\u00edadas - Portal Tela Portugal","robots":{"index":"index","follow":"follow","max-snippet":"max-snippet:-1","max-image-preview":"max-image-preview:large","max-video-preview":"max-video-preview:-1"},"og_locale":"pt_PT","og_type":"article","og_title":"Fran\u00e7a condena retrocesso nos testes de g\u00e9nero nas Olimp\u00edadas - Portal Tela Portugal","og_description":"O Comit\u00e9 Ol\u00edmpico Internacional vai reinstaurar testes gen\u00e9ticos de g\u00e9nero nas Olimp\u00edadas, com entrada em vigor nos Jogos de Los Angeles, em 2028. A Fran\u00e7a classifica a medida como retrocesso e alerta para a exclus\u00e3o pr\u00e1tica de atletas transg\u00e9nero e de muitas atletas intersexo nas provas femininas. O teste baseia-se no gene SRY para determinar o g\u00e9nero biol\u00f3gico feminino e n\u00e3o ter\u00e1 efeitos retroativos, mantendo os resultados de atletas j\u00e1 consagradas. A ministra francesa dos Desportos anunciou a cria\u00e7\u00e3o de um observat\u00f3rio nacional para orientar pol\u00edticas que garantam desporto justo, inclusivo e respeitoso dos direitos humanos. O caso de Imane Khelif, campe\u00e3 ol\u00edmpica, \u00e9 citado como exemplo da controv\u00e9rsia, com o COI a defender que a nova norma se apoia na ci\u00eancia e n\u00e3o permite competi\u00e7\u00e3o de homens biol\u00f3gicos na categoria feminina.","og_url":"https:\/\/portaltela.pt\/noticias\/2026\/03\/27\/franca-condena-retrocesso-nos-testes-de-genero-nas-olimpiadas\/","og_site_name":"Portal Tela Portugal","article_published_time":"2026-03-27T13:37:00+00:00","author":"Telinha","twitter_card":"summary_large_image","twitter_misc":{"Escrito por":"Telinha","Tempo estimado de leitura":"2 minutos"},"schema":{"@context":"https:\/\/schema.org","@graph":[{"@type":"Article","@id":"https:\/\/portaltela.pt\/noticias\/2026\/03\/27\/franca-condena-retrocesso-nos-testes-de-genero-nas-olimpiadas\/#article","isPartOf":{"@id":"https:\/\/portaltela.pt\/noticias\/2026\/03\/27\/franca-condena-retrocesso-nos-testes-de-genero-nas-olimpiadas\/"},"author":{"name":"Telinha","@id":"https:\/\/portaltela.pt\/#\/schema\/person\/c4278d4a6028830caff9ee44b42d32ed"},"headline":"Fran\u00e7a condena retrocesso nos testes de g\u00e9nero nas Olimp\u00edadas","datePublished":"2026-03-27T13:37:00+00:00","mainEntityOfPage":{"@id":"https:\/\/portaltela.pt\/noticias\/2026\/03\/27\/franca-condena-retrocesso-nos-testes-de-genero-nas-olimpiadas\/"},"wordCount":411,"image":{"@id":"https:\/\/portaltela.pt\/noticias\/2026\/03\/27\/franca-condena-retrocesso-nos-testes-de-genero-nas-olimpiadas\/#primaryimage"},"thumbnailUrl":"https:\/\/portaltela.pt\/s.01k8rhncp4jt1\/2026\/03\/7747ee27-8300-4a06-ada8-30579965e2f8_1200x675.jpg","keywords":["desporto","direitos humanos","equidade de g\u00e9nero \u2013 Desafios na Atualidade","Identidade de g\u00e9nero \u2013 Desafios na Atualidade","internacionais","organiza\u00e7\u00f5es internacionais"],"articleSection":["Desporto","Futebol"],"inLanguage":"pt-PT"},{"@type":"WebPage","@id":"https:\/\/portaltela.pt\/noticias\/2026\/03\/27\/franca-condena-retrocesso-nos-testes-de-genero-nas-olimpiadas\/","url":"https:\/\/portaltela.pt\/noticias\/2026\/03\/27\/franca-condena-retrocesso-nos-testes-de-genero-nas-olimpiadas\/","name":"Fran\u00e7a condena retrocesso nos testes de g\u00e9nero nas Olimp\u00edadas - Portal Tela Portugal","isPartOf":{"@id":"https:\/\/portaltela.pt\/#website"},"primaryImageOfPage":{"@id":"https:\/\/portaltela.pt\/noticias\/2026\/03\/27\/franca-condena-retrocesso-nos-testes-de-genero-nas-olimpiadas\/#primaryimage"},"image":{"@id":"https:\/\/portaltela.pt\/noticias\/2026\/03\/27\/franca-condena-retrocesso-nos-testes-de-genero-nas-olimpiadas\/#primaryimage"},"thumbnailUrl":"https:\/\/portaltela.pt\/s.01k8rhncp4jt1\/2026\/03\/7747ee27-8300-4a06-ada8-30579965e2f8_1200x675.jpg","datePublished":"2026-03-27T13:37:00+00:00","author":{"@id":"https:\/\/portaltela.pt\/#\/schema\/person\/c4278d4a6028830caff9ee44b42d32ed"},"breadcrumb":{"@id":"https:\/\/portaltela.pt\/noticias\/2026\/03\/27\/franca-condena-retrocesso-nos-testes-de-genero-nas-olimpiadas\/#breadcrumb"},"inLanguage":"pt-PT","potentialAction":[{"@type":"ReadAction","target":["https:\/\/portaltela.pt\/noticias\/2026\/03\/27\/franca-condena-retrocesso-nos-testes-de-genero-nas-olimpiadas\/"]}]},{"@type":"ImageObject","inLanguage":"pt-PT","@id":"https:\/\/portaltela.pt\/noticias\/2026\/03\/27\/franca-condena-retrocesso-nos-testes-de-genero-nas-olimpiadas\/#primaryimage","url":"https:\/\/portaltela.pt\/s.01k8rhncp4jt1\/2026\/03\/7747ee27-8300-4a06-ada8-30579965e2f8_1200x675.jpg","contentUrl":"https:\/\/portaltela.pt\/s.01k8rhncp4jt1\/2026\/03\/7747ee27-8300-4a06-ada8-30579965e2f8_1200x675.jpg","width":796,"height":448,"caption":"Bandeira dos Jogos Ol\u00edmpicos"},{"@type":"BreadcrumbList","@id":"https:\/\/portaltela.pt\/noticias\/2026\/03\/27\/franca-condena-retrocesso-nos-testes-de-genero-nas-olimpiadas\/#breadcrumb","itemListElement":[{"@type":"ListItem","position":1,"name":"In\u00edcio","item":"https:\/\/portaltela.pt\/"},{"@type":"ListItem","position":2,"name":"Fran\u00e7a condena retrocesso nos testes de g\u00e9nero nas Olimp\u00edadas"}]},{"@type":"WebSite","@id":"https:\/\/portaltela.pt\/#website","url":"https:\/\/portaltela.pt\/","name":"Portal Tela Portugal","description":"","potentialAction":[{"@type":"SearchAction","target":{"@type":"EntryPoint","urlTemplate":"https:\/\/portaltela.pt\/?s={search_term_string}"},"query-input":{"@type":"PropertyValueSpecification","valueRequired":true,"valueName":"search_term_string"}}],"inLanguage":"pt-PT"},{"@type":"Person","@id":"https:\/\/portaltela.pt\/#\/schema\/person\/c4278d4a6028830caff9ee44b42d32ed","name":"Telinha","image":{"@type":"ImageObject","inLanguage":"pt-PT","@id":"https:\/\/portaltela.pt\/s.01k8rhncp4jt1\/2025\/11\/talking-bot-125x125.png","url":"https:\/\/portaltela.pt\/s.01k8rhncp4jt1\/2025\/11\/talking-bot-125x125.png","contentUrl":"https:\/\/portaltela.pt\/s.01k8rhncp4jt1\/2025\/11\/talking-bot-125x125.png","caption":"Telinha"},"sameAs":["https:\/\/portaltela.pt\/"],"url":"https:\/\/portaltela.pt\/por\/367410592786\/"}]}},"_links":{"self":[{"href":"https:\/\/portaltela.pt\/api\/wp\/v2\/posts\/423730","targetHints":{"allow":["GET"]}}],"collection":[{"href":"https:\/\/portaltela.pt\/api\/wp\/v2\/posts"}],"about":[{"href":"https:\/\/portaltela.pt\/api\/wp\/v2\/types\/post"}],"author":[{"embeddable":true,"href":"https:\/\/portaltela.pt\/api\/wp\/v2\/users\/2"}],"replies":[{"embeddable":true,"href":"https:\/\/portaltela.pt\/api\/wp\/v2\/comments?post=423730"}],"version-history":[{"count":0,"href":"https:\/\/portaltela.pt\/api\/wp\/v2\/posts\/423730\/revisions"}],"wp:featuredmedia":[{"embeddable":true,"href":"https:\/\/portaltela.pt\/api\/wp\/v2\/media\/423740"}],"wp:attachment":[{"href":"https:\/\/portaltela.pt\/api\/wp\/v2\/media?parent=423730"}],"wp:term":[{"taxonomy":"category","embeddable":true,"href":"https:\/\/portaltela.pt\/api\/wp\/v2\/categories?post=423730"},{"taxonomy":"post_tag","embeddable":true,"href":"https:\/\/portaltela.pt\/api\/wp\/v2\/tags?post=423730"}],"curies":[{"name":"wp","href":"https:\/\/api.w.org\/{rel}","templated":true}]}}