{"id":423729,"date":"2026-03-27T10:46:53","date_gmt":"2026-03-27T13:46:53","guid":{"rendered":"https:\/\/portaltela.pt\/noticias\/2026\/03\/27\/bastidores-dos-musicais-de-filipe-la-feria-revelam-o-processo-criativo\/"},"modified":"2026-03-27T10:46:53","modified_gmt":"2026-03-27T13:46:53","slug":"bastidores-dos-musicais-de-filipe-la-feria-revelam-o-processo-criativo","status":"publish","type":"post","link":"https:\/\/portaltela.pt\/noticias\/2026\/03\/27\/bastidores-dos-musicais-de-filipe-la-feria-revelam-o-processo-criativo\/","title":{"rendered":"Bastidores dos musicais de Filipe La F\u00e9ria revelam o processo criativo"},"content":{"rendered":"<p>Filipe La F\u00e9ria \u00e9 uma refer\u00eancia do teatro musical em Portugal, conhecido por produ\u00e7\u00f5es de grande escala que misturam tradi\u00e7\u00e3o e inova\u00e7\u00e3o. O encenador revela, em v\u00e1rias entrevistas, uma paix\u00e3o cont\u00ednua pelo palco e pela criatividade que move as suas obras. Os musicais que assina tornam-seEventos culturais que envolvem comunidades.<\/p>\n<p>A produ\u00e7\u00e3o de um musical de grande dimens\u00e3o exige meses de ensaios, constru\u00e7\u00e3o de cen\u00e1rios e coordena\u00e7\u00e3o de v\u00e1rias \u00e1reas t\u00e9cnicas. La F\u00e9ria afirma que o principal desafio \u00e9 manter a qualidade art\u00edstica dentro do or\u00e7amento, recorrendo \u00e0 criatividade para fazer muito com pouco.<\/p>\n<p>Nos bastidores, a rotina \u00e9 intensa: reuni\u00f5es di\u00e1rias, alinhamentos de ideias e resolu\u00e7\u00e3o de problemas. A montagem dos cen\u00e1rios ocorre em espa\u00e7os dedicados e, depois, \u00e9 transportada para o teatro onde tudo se ajusta para a estreia.<\/p>\n<h3>Bastidores de uma produ\u00e7\u00e3o inesquec\u00edvel<\/h3>\n<p>A fase final dos ensaios \u00e9 marcada pela press\u00e3o, com ajustes constantes de ilumina\u00e7\u00e3o, som e performance dos atores. Cada detalhe \u00e9 observado para garantir a express\u00e3o pretendida no palco.<\/p>\n<p>La F\u00e9ria destaca que o segredo de um espet\u00e1culo s\u00f3lido est\u00e1 na paix\u00e3o da equipa e na aten\u00e7\u00e3o aos detalhes. A montagem, os figurinos e a luz precisam funcionar em harmonia para a experi\u00eancia imersiva.<\/p>\n<h3>A magia do teatro ao vivo<\/h3>\n<p>Para o encenador, o teatro \u00e9 uma arte viva que depende da intera\u00e7\u00e3o com o p\u00fablico. Ver a rea\u00e7\u00e3o em sala e a emo\u00e7\u00e3o partilhada s\u00e3o motores para continuar a criar.<\/p>\n<p>Os musicais, na vis\u00e3o de La F\u00e9ria, t\u00eam o poder de transmitir mensagens de esperan\u00e7a, amor e coragem. Cada produ\u00e7\u00e3o procura deixar mem\u00f3rias e inspirar novas gera\u00e7\u00f5es no palco.<\/p>\n<p>A trajet\u00f3ria de Filipe La F\u00e9ria evidencia um panorama em que a dedica\u00e7\u00e3o, a criatividade e a paix\u00e3o impulsionam a cultura teatral em Portugal, mantendo viva a tradi\u00e7\u00e3o do musical com inova\u00e7\u00e3o.<\/p>\n","protected":false},"excerpt":{"rendered":"<ul>\n<li>Filipe La F\u00e9ria \u00e9 uma figura central do teatro musical em Portugal, conhecido por produ\u00e7\u00f5es grandiosas que combinam tradi\u00e7\u00e3o e modernidade.<\/li>\n<li>Montar um musical de grande escala exige meses de ensaios, constru\u00e7\u00e3o de cen\u00e1rios, sele\u00e7\u00e3o de elenco e ajustes, com o desafio de manter a qualidade art\u00edstica dentro do or\u00e7amento.<\/li>\n<li>A produ\u00e7\u00e3o requer coordena\u00e7\u00e3o entre cenografia, figurinos, ilumina\u00e7\u00e3o e som, para criar uma experi\u00eancia imersiva no p\u00fablico.<\/li>\n<li>Nos bastidores, h\u00e1 reuni\u00f5es di\u00e1rias, trabalho sob press\u00e3o na fase final dos ensaios e montagem de cen\u00e1rios que s\u00e3o transportados para o teatro antes da estreia.<\/li>\n<li>Para o encenador, a magia acontece com a intera\u00e7\u00e3o ao vivo com o p\u00fablico, que motiva a equipa a continuar a criar e inovar.<\/li>\n<\/ul>\n","protected":false},"author":2,"featured_media":423733,"comment_status":"closed","ping_status":"closed","sticky":false,"template":"","format":"standard","meta":{"footnotes":""},"categories":[7375,1],"tags":[1858,2473,145,3731,1014,119],"class_list":["post-423729","post","type-post","status-publish","format-standard","has-post-thumbnail","hentry","category-cultura","category-noticias","tag-arte-teatro","tag-criacao-artistica","tag-cultura","tag-eventos","tag-portugal","tag-teatro"],"yoast_head":"<!-- This site is optimized with the Yoast SEO plugin v27.2 - https:\/\/yoast.com\/product\/yoast-seo-wordpress\/ -->\n<title>Bastidores dos musicais de Filipe La F\u00e9ria revelam o processo criativo - Portal Tela Portugal<\/title>\n<meta name=\"robots\" content=\"index, follow, max-snippet:-1, max-image-preview:large, max-video-preview:-1\" \/>\n<meta property=\"og:locale\" content=\"pt_PT\" \/>\n<meta property=\"og:type\" content=\"article\" \/>\n<meta property=\"og:title\" content=\"Bastidores dos musicais de Filipe La F\u00e9ria revelam o processo criativo - Portal Tela Portugal\" \/>\n<meta property=\"og:description\" content=\"Filipe La F\u00e9ria \u00e9 uma figura central do teatro musical em Portugal, conhecido por produ\u00e7\u00f5es grandiosas que combinam tradi\u00e7\u00e3o e modernidade. Montar um musical de grande escala exige meses de ensaios, constru\u00e7\u00e3o de cen\u00e1rios, sele\u00e7\u00e3o de elenco e ajustes, com o desafio de manter a qualidade art\u00edstica dentro do or\u00e7amento. A produ\u00e7\u00e3o requer coordena\u00e7\u00e3o entre cenografia, figurinos, ilumina\u00e7\u00e3o e som, para criar uma experi\u00eancia imersiva no p\u00fablico. Nos bastidores, h\u00e1 reuni\u00f5es di\u00e1rias, trabalho sob press\u00e3o na fase final dos ensaios e montagem de cen\u00e1rios que s\u00e3o transportados para o teatro antes da estreia. Para o encenador, a magia acontece com a intera\u00e7\u00e3o ao vivo com o p\u00fablico, que motiva a equipa a continuar a criar e inovar.\" \/>\n<meta property=\"og:url\" content=\"https:\/\/portaltela.pt\/noticias\/2026\/03\/27\/bastidores-dos-musicais-de-filipe-la-feria-revelam-o-processo-criativo\/\" \/>\n<meta property=\"og:site_name\" content=\"Portal Tela Portugal\" \/>\n<meta property=\"article:published_time\" content=\"2026-03-27T13:46:53+00:00\" \/>\n<meta name=\"author\" content=\"Telinha\" \/>\n<meta name=\"twitter:card\" content=\"summary_large_image\" \/>\n<meta name=\"twitter:label1\" content=\"Escrito por\" \/>\n\t<meta name=\"twitter:data1\" content=\"Telinha\" \/>\n\t<meta name=\"twitter:label2\" content=\"Tempo estimado de leitura\" \/>\n\t<meta name=\"twitter:data2\" content=\"2 minutos\" \/>\n<script type=\"application\/ld+json\" class=\"yoast-schema-graph\">{\"@context\":\"https:\/\/schema.org\",\"@graph\":[{\"@type\":\"Article\",\"@id\":\"https:\/\/portaltela.pt\/noticias\/2026\/03\/27\/bastidores-dos-musicais-de-filipe-la-feria-revelam-o-processo-criativo\/#article\",\"isPartOf\":{\"@id\":\"https:\/\/portaltela.pt\/noticias\/2026\/03\/27\/bastidores-dos-musicais-de-filipe-la-feria-revelam-o-processo-criativo\/\"},\"author\":{\"name\":\"Telinha\",\"@id\":\"https:\/\/portaltela.pt\/#\/schema\/person\/c4278d4a6028830caff9ee44b42d32ed\"},\"headline\":\"Bastidores dos musicais de Filipe La F\u00e9ria revelam o processo criativo\",\"datePublished\":\"2026-03-27T13:46:53+00:00\",\"mainEntityOfPage\":{\"@id\":\"https:\/\/portaltela.pt\/noticias\/2026\/03\/27\/bastidores-dos-musicais-de-filipe-la-feria-revelam-o-processo-criativo\/\"},\"wordCount\":355,\"image\":{\"@id\":\"https:\/\/portaltela.pt\/noticias\/2026\/03\/27\/bastidores-dos-musicais-de-filipe-la-feria-revelam-o-processo-criativo\/#primaryimage\"},\"thumbnailUrl\":\"https:\/\/portaltela.pt\/s.01k8rhncp4jt1\/2026\/03\/img_400x516uu2026-03-26-23-05-00-2275048.jpg\",\"keywords\":[\"arte\/teatro\",\"Cria\u00e7\u00e3o Art\u00edstica\",\"cultura\",\"eventos\",\"Portugal\",\"teatro\"],\"articleSection\":[\"Cultura\",\"Not\u00edcias\"],\"inLanguage\":\"pt-PT\"},{\"@type\":\"WebPage\",\"@id\":\"https:\/\/portaltela.pt\/noticias\/2026\/03\/27\/bastidores-dos-musicais-de-filipe-la-feria-revelam-o-processo-criativo\/\",\"url\":\"https:\/\/portaltela.pt\/noticias\/2026\/03\/27\/bastidores-dos-musicais-de-filipe-la-feria-revelam-o-processo-criativo\/\",\"name\":\"Bastidores dos musicais de Filipe La F\u00e9ria revelam o processo criativo - Portal Tela Portugal\",\"isPartOf\":{\"@id\":\"https:\/\/portaltela.pt\/#website\"},\"primaryImageOfPage\":{\"@id\":\"https:\/\/portaltela.pt\/noticias\/2026\/03\/27\/bastidores-dos-musicais-de-filipe-la-feria-revelam-o-processo-criativo\/#primaryimage\"},\"image\":{\"@id\":\"https:\/\/portaltela.pt\/noticias\/2026\/03\/27\/bastidores-dos-musicais-de-filipe-la-feria-revelam-o-processo-criativo\/#primaryimage\"},\"thumbnailUrl\":\"https:\/\/portaltela.pt\/s.01k8rhncp4jt1\/2026\/03\/img_400x516uu2026-03-26-23-05-00-2275048.jpg\",\"datePublished\":\"2026-03-27T13:46:53+00:00\",\"author\":{\"@id\":\"https:\/\/portaltela.pt\/#\/schema\/person\/c4278d4a6028830caff9ee44b42d32ed\"},\"breadcrumb\":{\"@id\":\"https:\/\/portaltela.pt\/noticias\/2026\/03\/27\/bastidores-dos-musicais-de-filipe-la-feria-revelam-o-processo-criativo\/#breadcrumb\"},\"inLanguage\":\"pt-PT\",\"potentialAction\":[{\"@type\":\"ReadAction\",\"target\":[\"https:\/\/portaltela.pt\/noticias\/2026\/03\/27\/bastidores-dos-musicais-de-filipe-la-feria-revelam-o-processo-criativo\/\"]}]},{\"@type\":\"ImageObject\",\"inLanguage\":\"pt-PT\",\"@id\":\"https:\/\/portaltela.pt\/noticias\/2026\/03\/27\/bastidores-dos-musicais-de-filipe-la-feria-revelam-o-processo-criativo\/#primaryimage\",\"url\":\"https:\/\/portaltela.pt\/s.01k8rhncp4jt1\/2026\/03\/img_400x516uu2026-03-26-23-05-00-2275048.jpg\",\"contentUrl\":\"https:\/\/portaltela.pt\/s.01k8rhncp4jt1\/2026\/03\/img_400x516uu2026-03-26-23-05-00-2275048.jpg\",\"width\":796,\"height\":448,\"caption\":\"Capa do jornal\"},{\"@type\":\"BreadcrumbList\",\"@id\":\"https:\/\/portaltela.pt\/noticias\/2026\/03\/27\/bastidores-dos-musicais-de-filipe-la-feria-revelam-o-processo-criativo\/#breadcrumb\",\"itemListElement\":[{\"@type\":\"ListItem\",\"position\":1,\"name\":\"In\u00edcio\",\"item\":\"https:\/\/portaltela.pt\/\"},{\"@type\":\"ListItem\",\"position\":2,\"name\":\"Bastidores dos musicais de Filipe La F\u00e9ria revelam o processo criativo\"}]},{\"@type\":\"WebSite\",\"@id\":\"https:\/\/portaltela.pt\/#website\",\"url\":\"https:\/\/portaltela.pt\/\",\"name\":\"Portal Tela Portugal\",\"description\":\"\",\"potentialAction\":[{\"@type\":\"SearchAction\",\"target\":{\"@type\":\"EntryPoint\",\"urlTemplate\":\"https:\/\/portaltela.pt\/?s={search_term_string}\"},\"query-input\":{\"@type\":\"PropertyValueSpecification\",\"valueRequired\":true,\"valueName\":\"search_term_string\"}}],\"inLanguage\":\"pt-PT\"},{\"@type\":\"Person\",\"@id\":\"https:\/\/portaltela.pt\/#\/schema\/person\/c4278d4a6028830caff9ee44b42d32ed\",\"name\":\"Telinha\",\"image\":{\"@type\":\"ImageObject\",\"inLanguage\":\"pt-PT\",\"@id\":\"https:\/\/portaltela.pt\/s.01k8rhncp4jt1\/2025\/11\/talking-bot-125x125.png\",\"url\":\"https:\/\/portaltela.pt\/s.01k8rhncp4jt1\/2025\/11\/talking-bot-125x125.png\",\"contentUrl\":\"https:\/\/portaltela.pt\/s.01k8rhncp4jt1\/2025\/11\/talking-bot-125x125.png\",\"caption\":\"Telinha\"},\"sameAs\":[\"https:\/\/portaltela.pt\/\"],\"url\":\"https:\/\/portaltela.pt\/por\/367410592786\/\"}]}<\/script>\n<!-- \/ Yoast SEO plugin. -->","yoast_head_json":{"title":"Bastidores dos musicais de Filipe La F\u00e9ria revelam o processo criativo - Portal Tela Portugal","robots":{"index":"index","follow":"follow","max-snippet":"max-snippet:-1","max-image-preview":"max-image-preview:large","max-video-preview":"max-video-preview:-1"},"og_locale":"pt_PT","og_type":"article","og_title":"Bastidores dos musicais de Filipe La F\u00e9ria revelam o processo criativo - Portal Tela Portugal","og_description":"Filipe La F\u00e9ria \u00e9 uma figura central do teatro musical em Portugal, conhecido por produ\u00e7\u00f5es grandiosas que combinam tradi\u00e7\u00e3o e modernidade. Montar um musical de grande escala exige meses de ensaios, constru\u00e7\u00e3o de cen\u00e1rios, sele\u00e7\u00e3o de elenco e ajustes, com o desafio de manter a qualidade art\u00edstica dentro do or\u00e7amento. A produ\u00e7\u00e3o requer coordena\u00e7\u00e3o entre cenografia, figurinos, ilumina\u00e7\u00e3o e som, para criar uma experi\u00eancia imersiva no p\u00fablico. Nos bastidores, h\u00e1 reuni\u00f5es di\u00e1rias, trabalho sob press\u00e3o na fase final dos ensaios e montagem de cen\u00e1rios que s\u00e3o transportados para o teatro antes da estreia. Para o encenador, a magia acontece com a intera\u00e7\u00e3o ao vivo com o p\u00fablico, que motiva a equipa a continuar a criar e inovar.","og_url":"https:\/\/portaltela.pt\/noticias\/2026\/03\/27\/bastidores-dos-musicais-de-filipe-la-feria-revelam-o-processo-criativo\/","og_site_name":"Portal Tela Portugal","article_published_time":"2026-03-27T13:46:53+00:00","author":"Telinha","twitter_card":"summary_large_image","twitter_misc":{"Escrito por":"Telinha","Tempo estimado de leitura":"2 minutos"},"schema":{"@context":"https:\/\/schema.org","@graph":[{"@type":"Article","@id":"https:\/\/portaltela.pt\/noticias\/2026\/03\/27\/bastidores-dos-musicais-de-filipe-la-feria-revelam-o-processo-criativo\/#article","isPartOf":{"@id":"https:\/\/portaltela.pt\/noticias\/2026\/03\/27\/bastidores-dos-musicais-de-filipe-la-feria-revelam-o-processo-criativo\/"},"author":{"name":"Telinha","@id":"https:\/\/portaltela.pt\/#\/schema\/person\/c4278d4a6028830caff9ee44b42d32ed"},"headline":"Bastidores dos musicais de Filipe La F\u00e9ria revelam o processo criativo","datePublished":"2026-03-27T13:46:53+00:00","mainEntityOfPage":{"@id":"https:\/\/portaltela.pt\/noticias\/2026\/03\/27\/bastidores-dos-musicais-de-filipe-la-feria-revelam-o-processo-criativo\/"},"wordCount":355,"image":{"@id":"https:\/\/portaltela.pt\/noticias\/2026\/03\/27\/bastidores-dos-musicais-de-filipe-la-feria-revelam-o-processo-criativo\/#primaryimage"},"thumbnailUrl":"https:\/\/portaltela.pt\/s.01k8rhncp4jt1\/2026\/03\/img_400x516uu2026-03-26-23-05-00-2275048.jpg","keywords":["arte\/teatro","Cria\u00e7\u00e3o Art\u00edstica","cultura","eventos","Portugal","teatro"],"articleSection":["Cultura","Not\u00edcias"],"inLanguage":"pt-PT"},{"@type":"WebPage","@id":"https:\/\/portaltela.pt\/noticias\/2026\/03\/27\/bastidores-dos-musicais-de-filipe-la-feria-revelam-o-processo-criativo\/","url":"https:\/\/portaltela.pt\/noticias\/2026\/03\/27\/bastidores-dos-musicais-de-filipe-la-feria-revelam-o-processo-criativo\/","name":"Bastidores dos musicais de Filipe La F\u00e9ria revelam o processo criativo - Portal Tela Portugal","isPartOf":{"@id":"https:\/\/portaltela.pt\/#website"},"primaryImageOfPage":{"@id":"https:\/\/portaltela.pt\/noticias\/2026\/03\/27\/bastidores-dos-musicais-de-filipe-la-feria-revelam-o-processo-criativo\/#primaryimage"},"image":{"@id":"https:\/\/portaltela.pt\/noticias\/2026\/03\/27\/bastidores-dos-musicais-de-filipe-la-feria-revelam-o-processo-criativo\/#primaryimage"},"thumbnailUrl":"https:\/\/portaltela.pt\/s.01k8rhncp4jt1\/2026\/03\/img_400x516uu2026-03-26-23-05-00-2275048.jpg","datePublished":"2026-03-27T13:46:53+00:00","author":{"@id":"https:\/\/portaltela.pt\/#\/schema\/person\/c4278d4a6028830caff9ee44b42d32ed"},"breadcrumb":{"@id":"https:\/\/portaltela.pt\/noticias\/2026\/03\/27\/bastidores-dos-musicais-de-filipe-la-feria-revelam-o-processo-criativo\/#breadcrumb"},"inLanguage":"pt-PT","potentialAction":[{"@type":"ReadAction","target":["https:\/\/portaltela.pt\/noticias\/2026\/03\/27\/bastidores-dos-musicais-de-filipe-la-feria-revelam-o-processo-criativo\/"]}]},{"@type":"ImageObject","inLanguage":"pt-PT","@id":"https:\/\/portaltela.pt\/noticias\/2026\/03\/27\/bastidores-dos-musicais-de-filipe-la-feria-revelam-o-processo-criativo\/#primaryimage","url":"https:\/\/portaltela.pt\/s.01k8rhncp4jt1\/2026\/03\/img_400x516uu2026-03-26-23-05-00-2275048.jpg","contentUrl":"https:\/\/portaltela.pt\/s.01k8rhncp4jt1\/2026\/03\/img_400x516uu2026-03-26-23-05-00-2275048.jpg","width":796,"height":448,"caption":"Capa do jornal"},{"@type":"BreadcrumbList","@id":"https:\/\/portaltela.pt\/noticias\/2026\/03\/27\/bastidores-dos-musicais-de-filipe-la-feria-revelam-o-processo-criativo\/#breadcrumb","itemListElement":[{"@type":"ListItem","position":1,"name":"In\u00edcio","item":"https:\/\/portaltela.pt\/"},{"@type":"ListItem","position":2,"name":"Bastidores dos musicais de Filipe La F\u00e9ria revelam o processo criativo"}]},{"@type":"WebSite","@id":"https:\/\/portaltela.pt\/#website","url":"https:\/\/portaltela.pt\/","name":"Portal Tela Portugal","description":"","potentialAction":[{"@type":"SearchAction","target":{"@type":"EntryPoint","urlTemplate":"https:\/\/portaltela.pt\/?s={search_term_string}"},"query-input":{"@type":"PropertyValueSpecification","valueRequired":true,"valueName":"search_term_string"}}],"inLanguage":"pt-PT"},{"@type":"Person","@id":"https:\/\/portaltela.pt\/#\/schema\/person\/c4278d4a6028830caff9ee44b42d32ed","name":"Telinha","image":{"@type":"ImageObject","inLanguage":"pt-PT","@id":"https:\/\/portaltela.pt\/s.01k8rhncp4jt1\/2025\/11\/talking-bot-125x125.png","url":"https:\/\/portaltela.pt\/s.01k8rhncp4jt1\/2025\/11\/talking-bot-125x125.png","contentUrl":"https:\/\/portaltela.pt\/s.01k8rhncp4jt1\/2025\/11\/talking-bot-125x125.png","caption":"Telinha"},"sameAs":["https:\/\/portaltela.pt\/"],"url":"https:\/\/portaltela.pt\/por\/367410592786\/"}]}},"_links":{"self":[{"href":"https:\/\/portaltela.pt\/api\/wp\/v2\/posts\/423729","targetHints":{"allow":["GET"]}}],"collection":[{"href":"https:\/\/portaltela.pt\/api\/wp\/v2\/posts"}],"about":[{"href":"https:\/\/portaltela.pt\/api\/wp\/v2\/types\/post"}],"author":[{"embeddable":true,"href":"https:\/\/portaltela.pt\/api\/wp\/v2\/users\/2"}],"replies":[{"embeddable":true,"href":"https:\/\/portaltela.pt\/api\/wp\/v2\/comments?post=423729"}],"version-history":[{"count":0,"href":"https:\/\/portaltela.pt\/api\/wp\/v2\/posts\/423729\/revisions"}],"wp:featuredmedia":[{"embeddable":true,"href":"https:\/\/portaltela.pt\/api\/wp\/v2\/media\/423733"}],"wp:attachment":[{"href":"https:\/\/portaltela.pt\/api\/wp\/v2\/media?parent=423729"}],"wp:term":[{"taxonomy":"category","embeddable":true,"href":"https:\/\/portaltela.pt\/api\/wp\/v2\/categories?post=423729"},{"taxonomy":"post_tag","embeddable":true,"href":"https:\/\/portaltela.pt\/api\/wp\/v2\/tags?post=423729"}],"curies":[{"name":"wp","href":"https:\/\/api.w.org\/{rel}","templated":true}]}}