{"id":423725,"date":"2026-03-27T10:46:49","date_gmt":"2026-03-27T13:46:49","guid":{"rendered":"https:\/\/portaltela.pt\/noticias\/2026\/03\/27\/governo-anuncia-descontos-em-combustiveis-e-incentivos-fiscais-na-habitacao\/"},"modified":"2026-03-27T10:46:49","modified_gmt":"2026-03-27T13:46:49","slug":"governo-anuncia-descontos-em-combustiveis-e-incentivos-fiscais-na-habitacao","status":"publish","type":"post","link":"https:\/\/portaltela.pt\/noticias\/politica\/2026\/03\/27\/governo-anuncia-descontos-em-combustiveis-e-incentivos-fiscais-na-habitacao\/","title":{"rendered":"Governo anuncia descontos em combust\u00edveis e incentivos fiscais na habita\u00e7\u00e3o"},"content":{"rendered":"<p>Ap\u00f3s o Conselho de Ministros desta manh\u00e3, Lu\u00eds Montenegro anunciou apoios extraordin\u00e1rios no setor dos combust\u00edveis, em contexto de contexto internacional grave no M\u00e9dio Oriente. As medidas visam profissionais e setores espec\u00edficos, com foco na redu\u00e7\u00e3o de custos. O IVA n\u00e3o dever\u00e1 sofrer altera\u00e7\u00f5es.<\/p>\n<p>O Governo explicou que Portugal foi o primeiro a atuar, reduzindo o ISP quando o pre\u00e7o dos combust\u00edveis sobe, o que j\u00e1 resulta em descontos relevantes. O gas\u00f3leo fica com um desconto de cerca de 20 c\u00eantimos e a gasolina com cerca de 16 c\u00eantimos, j\u00e1 aplicados desde a primeira semana.<\/p>\n<p>Foi anunciado um mecanismo extraordin\u00e1rio para o gas\u00f3leo profissional entre 1 de abril e 30 de junho. O apoio adicional \u00e9 de 10 c\u00eantimos por litro, at\u00e9 um m\u00e1ximo de 15 mil litros, para ve\u00edculos de transporte de mercadorias com peso superior a 35 toneladas e autocarros com mais de 22 lugares.<\/p>\n<h3>Medidas nos combust\u00edveis<\/h3>\n<p>Al\u00e9m disso, foram apontados apoios adicionais para os setores agr\u00edcola, florestal e das pescas, bem como para associa\u00e7\u00f5es humanit\u00e1rias de bombeiros, empresas de transportes de t\u00e1xis e institui\u00e7\u00f5es particulares de solidariedade social. No total, as medidas representam cerca de 150 milh\u00f5es de euros por m\u00eas.<\/p>\n<p>O Governo referiu ainda que foram aprovados instrumentos estruturais e de transforma\u00e7\u00e3o, para al\u00e9m dos apoios em energia. O foco \u00e9 facilitar o cont\u00ednuo funcionamento de setores ligados \u00e0 mobilidade, produ\u00e7\u00e3o agr\u00edcola e servi\u00e7os sociais.<\/p>\n<h3>Habita\u00e7\u00e3o e fiscalidade<\/h3>\n<p>Na \u00e1rea da habita\u00e7\u00e3o, Montenegro avan\u00e7ou com tr\u00eas linhas de atua\u00e7\u00e3o. Primeiro, incentivos \u00e0 fiscalidade para promover investimento e disponibiliza\u00e7\u00e3o de habita\u00e7\u00e3o a rendas moderadas, incluindo redu\u00e7\u00e3o da tributa\u00e7\u00e3o no arrendamento.<\/p>\n<p>Segundo, implementa\u00e7\u00e3o de uma autoriza\u00e7\u00e3o legislativa j\u00e1 aprovada no Parlamento para facilitar o setor habitacional. Terceiro, aplica\u00e7\u00e3o de uma taxa reduzida de IVA nas empreitadas para constru\u00e7\u00e3o de habita\u00e7\u00e3o pr\u00f3pria e permanente, bem como para arrendamento com rendas moderadas, incluindo auto-constru\u00e7\u00e3o.<\/p>\n<p>A terceira linha envolve ainda a isen\u00e7\u00e3o de mais-valias na venda de habita\u00e7\u00f5es para aquisi\u00e7\u00e3o de habita\u00e7\u00e3o para arrendamento de rendas moderadas. O Governo n\u00e3o avan\u00e7ou com a redu\u00e7\u00e3o de IVA em termos gerais, mantendo o cen\u00e1rio atual sem altera\u00e7\u00f5es nesse \u00e2mbito.<\/p>\n","protected":false},"excerpt":{"rendered":"<ul>\n<li>O Governo anunciou medidas extraordin\u00e1rias de apoio em combust\u00edveis e habita\u00e7\u00e3o ap\u00f3s o Conselho de Ministros, com foco em setores de crise.<\/li>\n<li>Para o gas\u00f3leo profissional, prev\u00ea-se um apoio adicional de 10 c\u00eantimos por litro, at\u00e9 15 mil litros nos tr\u00eas meses de abril a junho, para ve\u00edculos de transporte de mercadorias acima de 35 toneladas e autocarros com mais de 22 lugares.<\/li>\n<li>Foram anunciados apoios extraordin\u00e1rios para os sectores agr\u00edcola, florestal e das pescas, bem como para associa\u00e7\u00f5es humanit\u00e1rias de bombeiros, empresas de transportes de t\u00e1xis e institui\u00e7\u00f5es de solidariedade social, totalizando quase 150 milh\u00f5es de euros por m\u00eas no setor dos combust\u00edveis.<\/li>\n<li>Na habita\u00e7\u00e3o, destacam-se incentivos fiscais para atrair investimento e disponibilizar habita\u00e7\u00e3o, incluindo redu\u00e7\u00e3o de tributa\u00e7\u00e3o no arrendamento a rendas moderadas, aplica\u00e7\u00e3o da taxa reduzida de IVA nas empreitadas de constru\u00e7\u00e3o de habita\u00e7\u00e3o pr\u00f3pria e permanente, e isen\u00e7\u00e3o de mais-valias na venda de habita\u00e7\u00f5es para aquisi\u00e7\u00e3o de habita\u00e7\u00e3o para arrendamento de rendas moderadas.<\/li>\n<li>A redu\u00e7\u00e3o do IVA para habita\u00e7\u00e3o ficou fora de cen\u00e1rio.<\/li>\n<\/ul>\n","protected":false},"author":2,"featured_media":423726,"comment_status":"closed","ping_status":"closed","sticky":false,"template":"","format":"standard","meta":{"footnotes":""},"categories":[1,5],"tags":[6115,3014,174,150,3613,2832],"class_list":["post-423725","post","type-post","status-publish","format-standard","has-post-thumbnail","hentry","category-noticias","category-politica","tag-_economia","tag-arrendamento","tag-energia","tag-habitacao","tag-impostos","tag-politica"],"yoast_head":"<!-- This site is optimized with the Yoast SEO plugin v27.2 - https:\/\/yoast.com\/product\/yoast-seo-wordpress\/ -->\n<title>Governo anuncia descontos em combust\u00edveis e incentivos fiscais na habita\u00e7\u00e3o - Portal Tela Portugal<\/title>\n<meta name=\"robots\" content=\"index, follow, max-snippet:-1, max-image-preview:large, max-video-preview:-1\" \/>\n<meta property=\"og:locale\" content=\"pt_PT\" \/>\n<meta property=\"og:type\" content=\"article\" \/>\n<meta property=\"og:title\" content=\"Governo anuncia descontos em combust\u00edveis e incentivos fiscais na habita\u00e7\u00e3o - Portal Tela Portugal\" \/>\n<meta property=\"og:description\" content=\"O Governo anunciou medidas extraordin\u00e1rias de apoio em combust\u00edveis e habita\u00e7\u00e3o ap\u00f3s o Conselho de Ministros, com foco em setores de crise. Para o gas\u00f3leo profissional, prev\u00ea-se um apoio adicional de 10 c\u00eantimos por litro, at\u00e9 15 mil litros nos tr\u00eas meses de abril a junho, para ve\u00edculos de transporte de mercadorias acima de 35 toneladas e autocarros com mais de 22 lugares. Foram anunciados apoios extraordin\u00e1rios para os sectores agr\u00edcola, florestal e das pescas, bem como para associa\u00e7\u00f5es humanit\u00e1rias de bombeiros, empresas de transportes de t\u00e1xis e institui\u00e7\u00f5es de solidariedade social, totalizando quase 150 milh\u00f5es de euros por m\u00eas no setor dos combust\u00edveis. Na habita\u00e7\u00e3o, destacam-se incentivos fiscais para atrair investimento e disponibilizar habita\u00e7\u00e3o, incluindo redu\u00e7\u00e3o de tributa\u00e7\u00e3o no arrendamento a rendas moderadas, aplica\u00e7\u00e3o da taxa reduzida de IVA nas empreitadas de constru\u00e7\u00e3o de habita\u00e7\u00e3o pr\u00f3pria e permanente, e isen\u00e7\u00e3o de mais-valias na venda de habita\u00e7\u00f5es para aquisi\u00e7\u00e3o de habita\u00e7\u00e3o para arrendamento de rendas moderadas. A redu\u00e7\u00e3o do IVA para habita\u00e7\u00e3o ficou fora de cen\u00e1rio.\" \/>\n<meta property=\"og:url\" content=\"https:\/\/portaltela.pt\/noticias\/2026\/03\/27\/governo-anuncia-descontos-em-combustiveis-e-incentivos-fiscais-na-habitacao\/\" \/>\n<meta property=\"og:site_name\" content=\"Portal Tela Portugal\" \/>\n<meta property=\"article:published_time\" content=\"2026-03-27T13:46:49+00:00\" \/>\n<meta name=\"author\" content=\"Telinha\" \/>\n<meta name=\"twitter:card\" content=\"summary_large_image\" \/>\n<meta name=\"twitter:label1\" content=\"Escrito por\" \/>\n\t<meta name=\"twitter:data1\" content=\"Telinha\" \/>\n\t<meta name=\"twitter:label2\" content=\"Tempo estimado de leitura\" \/>\n\t<meta name=\"twitter:data2\" content=\"2 minutos\" \/>\n<script type=\"application\/ld+json\" class=\"yoast-schema-graph\">{\"@context\":\"https:\/\/schema.org\",\"@graph\":[{\"@type\":\"Article\",\"@id\":\"https:\/\/portaltela.pt\/noticias\/2026\/03\/27\/governo-anuncia-descontos-em-combustiveis-e-incentivos-fiscais-na-habitacao\/#article\",\"isPartOf\":{\"@id\":\"https:\/\/portaltela.pt\/noticias\/2026\/03\/27\/governo-anuncia-descontos-em-combustiveis-e-incentivos-fiscais-na-habitacao\/\"},\"author\":{\"name\":\"Telinha\",\"@id\":\"https:\/\/portaltela.pt\/#\/schema\/person\/c4278d4a6028830caff9ee44b42d32ed\"},\"headline\":\"Governo anuncia descontos em combust\u00edveis e incentivos fiscais na habita\u00e7\u00e3o\",\"datePublished\":\"2026-03-27T13:46:49+00:00\",\"mainEntityOfPage\":{\"@id\":\"https:\/\/portaltela.pt\/noticias\/2026\/03\/27\/governo-anuncia-descontos-em-combustiveis-e-incentivos-fiscais-na-habitacao\/\"},\"wordCount\":405,\"image\":{\"@id\":\"https:\/\/portaltela.pt\/noticias\/2026\/03\/27\/governo-anuncia-descontos-em-combustiveis-e-incentivos-fiscais-na-habitacao\/#primaryimage\"},\"thumbnailUrl\":\"https:\/\/portaltela.pt\/s.01k8rhncp4jt1\/2026\/03\/1536x864_cmsv2_518ec8b7-e8cd-5a32-9eb0-a465f531540d-9701011.jpg\",\"keywords\":[\"_economia\",\"arrendamento\",\"energia\",\"habita\u00e7\u00e3o\",\"impostos\",\"pol\u00edtica\"],\"articleSection\":[\"Not\u00edcias\",\"Pol\u00edtica\"],\"inLanguage\":\"pt-PT\"},{\"@type\":\"WebPage\",\"@id\":\"https:\/\/portaltela.pt\/noticias\/2026\/03\/27\/governo-anuncia-descontos-em-combustiveis-e-incentivos-fiscais-na-habitacao\/\",\"url\":\"https:\/\/portaltela.pt\/noticias\/2026\/03\/27\/governo-anuncia-descontos-em-combustiveis-e-incentivos-fiscais-na-habitacao\/\",\"name\":\"Governo anuncia descontos em combust\u00edveis e incentivos fiscais na habita\u00e7\u00e3o - Portal Tela Portugal\",\"isPartOf\":{\"@id\":\"https:\/\/portaltela.pt\/#website\"},\"primaryImageOfPage\":{\"@id\":\"https:\/\/portaltela.pt\/noticias\/2026\/03\/27\/governo-anuncia-descontos-em-combustiveis-e-incentivos-fiscais-na-habitacao\/#primaryimage\"},\"image\":{\"@id\":\"https:\/\/portaltela.pt\/noticias\/2026\/03\/27\/governo-anuncia-descontos-em-combustiveis-e-incentivos-fiscais-na-habitacao\/#primaryimage\"},\"thumbnailUrl\":\"https:\/\/portaltela.pt\/s.01k8rhncp4jt1\/2026\/03\/1536x864_cmsv2_518ec8b7-e8cd-5a32-9eb0-a465f531540d-9701011.jpg\",\"datePublished\":\"2026-03-27T13:46:49+00:00\",\"author\":{\"@id\":\"https:\/\/portaltela.pt\/#\/schema\/person\/c4278d4a6028830caff9ee44b42d32ed\"},\"breadcrumb\":{\"@id\":\"https:\/\/portaltela.pt\/noticias\/2026\/03\/27\/governo-anuncia-descontos-em-combustiveis-e-incentivos-fiscais-na-habitacao\/#breadcrumb\"},\"inLanguage\":\"pt-PT\",\"potentialAction\":[{\"@type\":\"ReadAction\",\"target\":[\"https:\/\/portaltela.pt\/noticias\/2026\/03\/27\/governo-anuncia-descontos-em-combustiveis-e-incentivos-fiscais-na-habitacao\/\"]}]},{\"@type\":\"ImageObject\",\"inLanguage\":\"pt-PT\",\"@id\":\"https:\/\/portaltela.pt\/noticias\/2026\/03\/27\/governo-anuncia-descontos-em-combustiveis-e-incentivos-fiscais-na-habitacao\/#primaryimage\",\"url\":\"https:\/\/portaltela.pt\/s.01k8rhncp4jt1\/2026\/03\/1536x864_cmsv2_518ec8b7-e8cd-5a32-9eb0-a465f531540d-9701011.jpg\",\"contentUrl\":\"https:\/\/portaltela.pt\/s.01k8rhncp4jt1\/2026\/03\/1536x864_cmsv2_518ec8b7-e8cd-5a32-9eb0-a465f531540d-9701011.jpg\",\"width\":1536,\"height\":864,\"caption\":\"Lu\u00eds Montenegro, chega para uma cimeira da UE no edif\u00edcio do Conselho Europeu, em Bruxelas, na quinta-feira, 20 de mar\u00e7o de 2025.\"},{\"@type\":\"BreadcrumbList\",\"@id\":\"https:\/\/portaltela.pt\/noticias\/2026\/03\/27\/governo-anuncia-descontos-em-combustiveis-e-incentivos-fiscais-na-habitacao\/#breadcrumb\",\"itemListElement\":[{\"@type\":\"ListItem\",\"position\":1,\"name\":\"In\u00edcio\",\"item\":\"https:\/\/portaltela.pt\/\"},{\"@type\":\"ListItem\",\"position\":2,\"name\":\"Governo anuncia descontos em combust\u00edveis e incentivos fiscais na habita\u00e7\u00e3o\"}]},{\"@type\":\"WebSite\",\"@id\":\"https:\/\/portaltela.pt\/#website\",\"url\":\"https:\/\/portaltela.pt\/\",\"name\":\"Portal Tela Portugal\",\"description\":\"\",\"potentialAction\":[{\"@type\":\"SearchAction\",\"target\":{\"@type\":\"EntryPoint\",\"urlTemplate\":\"https:\/\/portaltela.pt\/?s={search_term_string}\"},\"query-input\":{\"@type\":\"PropertyValueSpecification\",\"valueRequired\":true,\"valueName\":\"search_term_string\"}}],\"inLanguage\":\"pt-PT\"},{\"@type\":\"Person\",\"@id\":\"https:\/\/portaltela.pt\/#\/schema\/person\/c4278d4a6028830caff9ee44b42d32ed\",\"name\":\"Telinha\",\"image\":{\"@type\":\"ImageObject\",\"inLanguage\":\"pt-PT\",\"@id\":\"https:\/\/portaltela.pt\/s.01k8rhncp4jt1\/2025\/11\/talking-bot-125x125.png\",\"url\":\"https:\/\/portaltela.pt\/s.01k8rhncp4jt1\/2025\/11\/talking-bot-125x125.png\",\"contentUrl\":\"https:\/\/portaltela.pt\/s.01k8rhncp4jt1\/2025\/11\/talking-bot-125x125.png\",\"caption\":\"Telinha\"},\"sameAs\":[\"https:\/\/portaltela.pt\/\"],\"url\":\"https:\/\/portaltela.pt\/por\/367410592786\/\"}]}<\/script>\n<!-- \/ Yoast SEO plugin. -->","yoast_head_json":{"title":"Governo anuncia descontos em combust\u00edveis e incentivos fiscais na habita\u00e7\u00e3o - Portal Tela Portugal","robots":{"index":"index","follow":"follow","max-snippet":"max-snippet:-1","max-image-preview":"max-image-preview:large","max-video-preview":"max-video-preview:-1"},"og_locale":"pt_PT","og_type":"article","og_title":"Governo anuncia descontos em combust\u00edveis e incentivos fiscais na habita\u00e7\u00e3o - Portal Tela Portugal","og_description":"O Governo anunciou medidas extraordin\u00e1rias de apoio em combust\u00edveis e habita\u00e7\u00e3o ap\u00f3s o Conselho de Ministros, com foco em setores de crise. Para o gas\u00f3leo profissional, prev\u00ea-se um apoio adicional de 10 c\u00eantimos por litro, at\u00e9 15 mil litros nos tr\u00eas meses de abril a junho, para ve\u00edculos de transporte de mercadorias acima de 35 toneladas e autocarros com mais de 22 lugares. Foram anunciados apoios extraordin\u00e1rios para os sectores agr\u00edcola, florestal e das pescas, bem como para associa\u00e7\u00f5es humanit\u00e1rias de bombeiros, empresas de transportes de t\u00e1xis e institui\u00e7\u00f5es de solidariedade social, totalizando quase 150 milh\u00f5es de euros por m\u00eas no setor dos combust\u00edveis. Na habita\u00e7\u00e3o, destacam-se incentivos fiscais para atrair investimento e disponibilizar habita\u00e7\u00e3o, incluindo redu\u00e7\u00e3o de tributa\u00e7\u00e3o no arrendamento a rendas moderadas, aplica\u00e7\u00e3o da taxa reduzida de IVA nas empreitadas de constru\u00e7\u00e3o de habita\u00e7\u00e3o pr\u00f3pria e permanente, e isen\u00e7\u00e3o de mais-valias na venda de habita\u00e7\u00f5es para aquisi\u00e7\u00e3o de habita\u00e7\u00e3o para arrendamento de rendas moderadas. A redu\u00e7\u00e3o do IVA para habita\u00e7\u00e3o ficou fora de cen\u00e1rio.","og_url":"https:\/\/portaltela.pt\/noticias\/2026\/03\/27\/governo-anuncia-descontos-em-combustiveis-e-incentivos-fiscais-na-habitacao\/","og_site_name":"Portal Tela Portugal","article_published_time":"2026-03-27T13:46:49+00:00","author":"Telinha","twitter_card":"summary_large_image","twitter_misc":{"Escrito por":"Telinha","Tempo estimado de leitura":"2 minutos"},"schema":{"@context":"https:\/\/schema.org","@graph":[{"@type":"Article","@id":"https:\/\/portaltela.pt\/noticias\/2026\/03\/27\/governo-anuncia-descontos-em-combustiveis-e-incentivos-fiscais-na-habitacao\/#article","isPartOf":{"@id":"https:\/\/portaltela.pt\/noticias\/2026\/03\/27\/governo-anuncia-descontos-em-combustiveis-e-incentivos-fiscais-na-habitacao\/"},"author":{"name":"Telinha","@id":"https:\/\/portaltela.pt\/#\/schema\/person\/c4278d4a6028830caff9ee44b42d32ed"},"headline":"Governo anuncia descontos em combust\u00edveis e incentivos fiscais na habita\u00e7\u00e3o","datePublished":"2026-03-27T13:46:49+00:00","mainEntityOfPage":{"@id":"https:\/\/portaltela.pt\/noticias\/2026\/03\/27\/governo-anuncia-descontos-em-combustiveis-e-incentivos-fiscais-na-habitacao\/"},"wordCount":405,"image":{"@id":"https:\/\/portaltela.pt\/noticias\/2026\/03\/27\/governo-anuncia-descontos-em-combustiveis-e-incentivos-fiscais-na-habitacao\/#primaryimage"},"thumbnailUrl":"https:\/\/portaltela.pt\/s.01k8rhncp4jt1\/2026\/03\/1536x864_cmsv2_518ec8b7-e8cd-5a32-9eb0-a465f531540d-9701011.jpg","keywords":["_economia","arrendamento","energia","habita\u00e7\u00e3o","impostos","pol\u00edtica"],"articleSection":["Not\u00edcias","Pol\u00edtica"],"inLanguage":"pt-PT"},{"@type":"WebPage","@id":"https:\/\/portaltela.pt\/noticias\/2026\/03\/27\/governo-anuncia-descontos-em-combustiveis-e-incentivos-fiscais-na-habitacao\/","url":"https:\/\/portaltela.pt\/noticias\/2026\/03\/27\/governo-anuncia-descontos-em-combustiveis-e-incentivos-fiscais-na-habitacao\/","name":"Governo anuncia descontos em combust\u00edveis e incentivos fiscais na habita\u00e7\u00e3o - Portal Tela Portugal","isPartOf":{"@id":"https:\/\/portaltela.pt\/#website"},"primaryImageOfPage":{"@id":"https:\/\/portaltela.pt\/noticias\/2026\/03\/27\/governo-anuncia-descontos-em-combustiveis-e-incentivos-fiscais-na-habitacao\/#primaryimage"},"image":{"@id":"https:\/\/portaltela.pt\/noticias\/2026\/03\/27\/governo-anuncia-descontos-em-combustiveis-e-incentivos-fiscais-na-habitacao\/#primaryimage"},"thumbnailUrl":"https:\/\/portaltela.pt\/s.01k8rhncp4jt1\/2026\/03\/1536x864_cmsv2_518ec8b7-e8cd-5a32-9eb0-a465f531540d-9701011.jpg","datePublished":"2026-03-27T13:46:49+00:00","author":{"@id":"https:\/\/portaltela.pt\/#\/schema\/person\/c4278d4a6028830caff9ee44b42d32ed"},"breadcrumb":{"@id":"https:\/\/portaltela.pt\/noticias\/2026\/03\/27\/governo-anuncia-descontos-em-combustiveis-e-incentivos-fiscais-na-habitacao\/#breadcrumb"},"inLanguage":"pt-PT","potentialAction":[{"@type":"ReadAction","target":["https:\/\/portaltela.pt\/noticias\/2026\/03\/27\/governo-anuncia-descontos-em-combustiveis-e-incentivos-fiscais-na-habitacao\/"]}]},{"@type":"ImageObject","inLanguage":"pt-PT","@id":"https:\/\/portaltela.pt\/noticias\/2026\/03\/27\/governo-anuncia-descontos-em-combustiveis-e-incentivos-fiscais-na-habitacao\/#primaryimage","url":"https:\/\/portaltela.pt\/s.01k8rhncp4jt1\/2026\/03\/1536x864_cmsv2_518ec8b7-e8cd-5a32-9eb0-a465f531540d-9701011.jpg","contentUrl":"https:\/\/portaltela.pt\/s.01k8rhncp4jt1\/2026\/03\/1536x864_cmsv2_518ec8b7-e8cd-5a32-9eb0-a465f531540d-9701011.jpg","width":1536,"height":864,"caption":"Lu\u00eds Montenegro, chega para uma cimeira da UE no edif\u00edcio do Conselho Europeu, em Bruxelas, na quinta-feira, 20 de mar\u00e7o de 2025."},{"@type":"BreadcrumbList","@id":"https:\/\/portaltela.pt\/noticias\/2026\/03\/27\/governo-anuncia-descontos-em-combustiveis-e-incentivos-fiscais-na-habitacao\/#breadcrumb","itemListElement":[{"@type":"ListItem","position":1,"name":"In\u00edcio","item":"https:\/\/portaltela.pt\/"},{"@type":"ListItem","position":2,"name":"Governo anuncia descontos em combust\u00edveis e incentivos fiscais na habita\u00e7\u00e3o"}]},{"@type":"WebSite","@id":"https:\/\/portaltela.pt\/#website","url":"https:\/\/portaltela.pt\/","name":"Portal Tela Portugal","description":"","potentialAction":[{"@type":"SearchAction","target":{"@type":"EntryPoint","urlTemplate":"https:\/\/portaltela.pt\/?s={search_term_string}"},"query-input":{"@type":"PropertyValueSpecification","valueRequired":true,"valueName":"search_term_string"}}],"inLanguage":"pt-PT"},{"@type":"Person","@id":"https:\/\/portaltela.pt\/#\/schema\/person\/c4278d4a6028830caff9ee44b42d32ed","name":"Telinha","image":{"@type":"ImageObject","inLanguage":"pt-PT","@id":"https:\/\/portaltela.pt\/s.01k8rhncp4jt1\/2025\/11\/talking-bot-125x125.png","url":"https:\/\/portaltela.pt\/s.01k8rhncp4jt1\/2025\/11\/talking-bot-125x125.png","contentUrl":"https:\/\/portaltela.pt\/s.01k8rhncp4jt1\/2025\/11\/talking-bot-125x125.png","caption":"Telinha"},"sameAs":["https:\/\/portaltela.pt\/"],"url":"https:\/\/portaltela.pt\/por\/367410592786\/"}]}},"_links":{"self":[{"href":"https:\/\/portaltela.pt\/api\/wp\/v2\/posts\/423725","targetHints":{"allow":["GET"]}}],"collection":[{"href":"https:\/\/portaltela.pt\/api\/wp\/v2\/posts"}],"about":[{"href":"https:\/\/portaltela.pt\/api\/wp\/v2\/types\/post"}],"author":[{"embeddable":true,"href":"https:\/\/portaltela.pt\/api\/wp\/v2\/users\/2"}],"replies":[{"embeddable":true,"href":"https:\/\/portaltela.pt\/api\/wp\/v2\/comments?post=423725"}],"version-history":[{"count":0,"href":"https:\/\/portaltela.pt\/api\/wp\/v2\/posts\/423725\/revisions"}],"wp:featuredmedia":[{"embeddable":true,"href":"https:\/\/portaltela.pt\/api\/wp\/v2\/media\/423726"}],"wp:attachment":[{"href":"https:\/\/portaltela.pt\/api\/wp\/v2\/media?parent=423725"}],"wp:term":[{"taxonomy":"category","embeddable":true,"href":"https:\/\/portaltela.pt\/api\/wp\/v2\/categories?post=423725"},{"taxonomy":"post_tag","embeddable":true,"href":"https:\/\/portaltela.pt\/api\/wp\/v2\/tags?post=423725"}],"curies":[{"name":"wp","href":"https:\/\/api.w.org\/{rel}","templated":true}]}}