{"id":423715,"date":"2026-03-27T10:27:00","date_gmt":"2026-03-27T13:27:00","guid":{"rendered":"https:\/\/portaltela.pt\/noticias\/2026\/03\/27\/montenegro-anuncia-apoio-aos-combustiveis-para-bombeiros-taxis-e-ipss\/"},"modified":"2026-03-27T10:27:00","modified_gmt":"2026-03-27T13:27:00","slug":"montenegro-anuncia-apoio-aos-combustiveis-para-bombeiros-taxis-e-ipss","status":"publish","type":"post","link":"https:\/\/portaltela.pt\/noticias\/economia\/2026\/03\/27\/montenegro-anuncia-apoio-aos-combustiveis-para-bombeiros-taxis-e-ipss\/","title":{"rendered":"Montenegro anuncia apoio aos combust\u00edveis para bombeiros, t\u00e1xis e IPSS"},"content":{"rendered":"<p>O primeiro-ministro, Lu\u00eds Montenegro, anunciou apoios financeiros para associa\u00e7\u00f5es humanit\u00e1rias de bombeiros, empresas de t\u00e1xis e IPSS, para responder ao aumento do pre\u00e7o dos combust\u00edveis provocado pela guerra do M\u00e9dio Oriente. Foi ainda Confirmada a descida de 10 c\u00eantimos no gas\u00f3leo profissional.<\/p>\n<p>Durante a comunica\u00e7\u00e3o ap\u00f3s o Conselho de Ministros, Montenegro elogiou o excedente or\u00e7amental de 0,7% do PIB em 2025. O Governo destacou redu\u00e7\u00f5es de impostos, aumento de presta\u00e7\u00f5es sociais e apoio \u00e0 compra da casa para jovens, sem recorrer a novos impostos.<\/p>\n<p>O pacote de apoio abrange o gas\u00f3leo profissional, com um mecanismo extraordin\u00e1rio de 1 de abril a 30 de junho. A medida prev\u00ea uma redu\u00e7\u00e3o de 10 c\u00eantimos por litro, para mitigar o impacto da guerra no custo de combust\u00edvel.<\/p>\n<p>Foi tamb\u00e9m anunciada a atribui\u00e7\u00e3o de apoios diretos a tr\u00eas grupos. Um pagamento \u00fanico de 360 euros por ve\u00edculo pesado de bombeiros, e 120 euros para os restantes ve\u00edculos de bombeiros.<\/p>\n<p>Adicionalmente, cada t\u00e1xi receber\u00e1 120 euros, enquanto as IPSS ter\u00e3o apoio de 600 euros. O conjunto das medidas representa um total de 150 milh\u00f5es de euros por m\u00eas para o setor dos combust\u00edveis.<\/p>\n<p>Segundo o Governo, o objetivo \u00e9 proteger servi\u00e7os essenciais e facilitar o funcionamento de bombeiros, t\u00e1xis e IPSS face ao agravamento dos custos energ\u00e9ticos no contexto internacional. A medida pretende dar resposta r\u00e1pida aos impactos econ\u00f3micos.<\/p>\n","protected":false},"excerpt":{"rendered":"<ul>\n<li>O primeiro-ministro Lu\u00eds Montenegro anunciou apoio financeiro a associa\u00e7\u00f5es humanit\u00e1rias de bombeiros, empresas de t\u00e1xis e IPSS para fazer face ao aumento de combust\u00edveis devido \u00e0 guerra no M\u00e9dio Oriente.<\/li>\n<li>Entre 1 de abril e 30 de junho, entra em vigor um mecanismo extraordin\u00e1rio de gas\u00f3leo profissional com uma redu\u00e7\u00e3o de dez c\u00eantimos por litro.<\/li>\n<li>O apoio inclui 360 euros por ve\u00edculo pesado de bombeiros, 120 euros para os demais; 120 euros por taxi e 600 euros para IPSS.<\/li>\n<li>Ao todo, as medidas representam 150 milh\u00f5es de euros por m\u00eas de apoio \u00e0 \u00e1rea dos combust\u00edveis.<\/li>\n<li>O Governo informou que, em 2025, Portugal fechou com excedente or\u00e7amental de 0,7% do Produto Interno Bruto, mantendo pol\u00edticas de redu\u00e7\u00e3o de impostos e aumento de presta\u00e7\u00f5es sociais.<\/li>\n<\/ul>\n","protected":false},"author":2,"featured_media":423718,"comment_status":"closed","ping_status":"closed","sticky":false,"template":"","format":"standard","meta":{"footnotes":""},"categories":[2,7370],"tags":[6115,5508,2421,971,7465,3129],"class_list":["post-423715","post","type-post","status-publish","format-standard","has-post-thumbnail","hentry","category-economia","category-financas-publicas","tag-_economia","tag-abastecimento-de-combustivel","tag-abastecimentos","tag-bombeiros","tag-combustiveis","tag-ipss"],"yoast_head":"<!-- This site is optimized with the Yoast SEO plugin v27.2 - https:\/\/yoast.com\/product\/yoast-seo-wordpress\/ -->\n<title>Montenegro anuncia apoio aos combust\u00edveis para bombeiros, t\u00e1xis e IPSS - Portal Tela Portugal<\/title>\n<meta name=\"robots\" content=\"index, follow, max-snippet:-1, max-image-preview:large, max-video-preview:-1\" \/>\n<meta property=\"og:locale\" content=\"pt_PT\" \/>\n<meta property=\"og:type\" content=\"article\" \/>\n<meta property=\"og:title\" content=\"Montenegro anuncia apoio aos combust\u00edveis para bombeiros, t\u00e1xis e IPSS - Portal Tela Portugal\" \/>\n<meta property=\"og:description\" content=\"O primeiro-ministro Lu\u00eds Montenegro anunciou apoio financeiro a associa\u00e7\u00f5es humanit\u00e1rias de bombeiros, empresas de t\u00e1xis e IPSS para fazer face ao aumento de combust\u00edveis devido \u00e0 guerra no M\u00e9dio Oriente. Entre 1 de abril e 30 de junho, entra em vigor um mecanismo extraordin\u00e1rio de gas\u00f3leo profissional com uma redu\u00e7\u00e3o de dez c\u00eantimos por litro. O apoio inclui 360 euros por ve\u00edculo pesado de bombeiros, 120 euros para os demais; 120 euros por taxi e 600 euros para IPSS. Ao todo, as medidas representam 150 milh\u00f5es de euros por m\u00eas de apoio \u00e0 \u00e1rea dos combust\u00edveis. O Governo informou que, em 2025, Portugal fechou com excedente or\u00e7amental de 0,7% do Produto Interno Bruto, mantendo pol\u00edticas de redu\u00e7\u00e3o de impostos e aumento de presta\u00e7\u00f5es sociais.\" \/>\n<meta property=\"og:url\" content=\"https:\/\/portaltela.pt\/noticias\/2026\/03\/27\/montenegro-anuncia-apoio-aos-combustiveis-para-bombeiros-taxis-e-ipss\/\" \/>\n<meta property=\"og:site_name\" content=\"Portal Tela Portugal\" \/>\n<meta property=\"article:published_time\" content=\"2026-03-27T13:27:00+00:00\" \/>\n<meta name=\"author\" content=\"Telinha\" \/>\n<meta name=\"twitter:card\" content=\"summary_large_image\" \/>\n<meta name=\"twitter:label1\" content=\"Escrito por\" \/>\n\t<meta name=\"twitter:data1\" content=\"Telinha\" \/>\n\t<meta name=\"twitter:label2\" content=\"Tempo estimado de leitura\" \/>\n\t<meta name=\"twitter:data2\" content=\"1 minuto\" \/>\n<script type=\"application\/ld+json\" class=\"yoast-schema-graph\">{\"@context\":\"https:\/\/schema.org\",\"@graph\":[{\"@type\":\"Article\",\"@id\":\"https:\/\/portaltela.pt\/noticias\/2026\/03\/27\/montenegro-anuncia-apoio-aos-combustiveis-para-bombeiros-taxis-e-ipss\/#article\",\"isPartOf\":{\"@id\":\"https:\/\/portaltela.pt\/noticias\/2026\/03\/27\/montenegro-anuncia-apoio-aos-combustiveis-para-bombeiros-taxis-e-ipss\/\"},\"author\":{\"name\":\"Telinha\",\"@id\":\"https:\/\/portaltela.pt\/#\/schema\/person\/c4278d4a6028830caff9ee44b42d32ed\"},\"headline\":\"Montenegro anuncia apoio aos combust\u00edveis para bombeiros, t\u00e1xis e IPSS\",\"datePublished\":\"2026-03-27T13:27:00+00:00\",\"mainEntityOfPage\":{\"@id\":\"https:\/\/portaltela.pt\/noticias\/2026\/03\/27\/montenegro-anuncia-apoio-aos-combustiveis-para-bombeiros-taxis-e-ipss\/\"},\"wordCount\":257,\"image\":{\"@id\":\"https:\/\/portaltela.pt\/noticias\/2026\/03\/27\/montenegro-anuncia-apoio-aos-combustiveis-para-bombeiros-taxis-e-ipss\/#primaryimage\"},\"thumbnailUrl\":\"https:\/\/portaltela.pt\/s.01k8rhncp4jt1\/2026\/03\/image-1602.jpg\",\"keywords\":[\"_economia\",\"abastecimento de combust\u00edvel\",\"abastecimentos\",\"bombeiros\",\"combust\u00edveis\",\"IPSS\"],\"articleSection\":[\"Economia\",\"Finan\u00e7as P\u00fablicas\"],\"inLanguage\":\"pt-PT\"},{\"@type\":\"WebPage\",\"@id\":\"https:\/\/portaltela.pt\/noticias\/2026\/03\/27\/montenegro-anuncia-apoio-aos-combustiveis-para-bombeiros-taxis-e-ipss\/\",\"url\":\"https:\/\/portaltela.pt\/noticias\/2026\/03\/27\/montenegro-anuncia-apoio-aos-combustiveis-para-bombeiros-taxis-e-ipss\/\",\"name\":\"Montenegro anuncia apoio aos combust\u00edveis para bombeiros, t\u00e1xis e IPSS - Portal Tela Portugal\",\"isPartOf\":{\"@id\":\"https:\/\/portaltela.pt\/#website\"},\"primaryImageOfPage\":{\"@id\":\"https:\/\/portaltela.pt\/noticias\/2026\/03\/27\/montenegro-anuncia-apoio-aos-combustiveis-para-bombeiros-taxis-e-ipss\/#primaryimage\"},\"image\":{\"@id\":\"https:\/\/portaltela.pt\/noticias\/2026\/03\/27\/montenegro-anuncia-apoio-aos-combustiveis-para-bombeiros-taxis-e-ipss\/#primaryimage\"},\"thumbnailUrl\":\"https:\/\/portaltela.pt\/s.01k8rhncp4jt1\/2026\/03\/image-1602.jpg\",\"datePublished\":\"2026-03-27T13:27:00+00:00\",\"author\":{\"@id\":\"https:\/\/portaltela.pt\/#\/schema\/person\/c4278d4a6028830caff9ee44b42d32ed\"},\"breadcrumb\":{\"@id\":\"https:\/\/portaltela.pt\/noticias\/2026\/03\/27\/montenegro-anuncia-apoio-aos-combustiveis-para-bombeiros-taxis-e-ipss\/#breadcrumb\"},\"inLanguage\":\"pt-PT\",\"potentialAction\":[{\"@type\":\"ReadAction\",\"target\":[\"https:\/\/portaltela.pt\/noticias\/2026\/03\/27\/montenegro-anuncia-apoio-aos-combustiveis-para-bombeiros-taxis-e-ipss\/\"]}]},{\"@type\":\"ImageObject\",\"inLanguage\":\"pt-PT\",\"@id\":\"https:\/\/portaltela.pt\/noticias\/2026\/03\/27\/montenegro-anuncia-apoio-aos-combustiveis-para-bombeiros-taxis-e-ipss\/#primaryimage\",\"url\":\"https:\/\/portaltela.pt\/s.01k8rhncp4jt1\/2026\/03\/image-1602.jpg\",\"contentUrl\":\"https:\/\/portaltela.pt\/s.01k8rhncp4jt1\/2026\/03\/image-1602.jpg\",\"width\":796,\"height\":448,\"caption\":\"O primeiro-ministro, Lu\u00eds Montenegro\"},{\"@type\":\"BreadcrumbList\",\"@id\":\"https:\/\/portaltela.pt\/noticias\/2026\/03\/27\/montenegro-anuncia-apoio-aos-combustiveis-para-bombeiros-taxis-e-ipss\/#breadcrumb\",\"itemListElement\":[{\"@type\":\"ListItem\",\"position\":1,\"name\":\"In\u00edcio\",\"item\":\"https:\/\/portaltela.pt\/\"},{\"@type\":\"ListItem\",\"position\":2,\"name\":\"Montenegro anuncia apoio aos combust\u00edveis para bombeiros, t\u00e1xis e IPSS\"}]},{\"@type\":\"WebSite\",\"@id\":\"https:\/\/portaltela.pt\/#website\",\"url\":\"https:\/\/portaltela.pt\/\",\"name\":\"Portal Tela Portugal\",\"description\":\"\",\"potentialAction\":[{\"@type\":\"SearchAction\",\"target\":{\"@type\":\"EntryPoint\",\"urlTemplate\":\"https:\/\/portaltela.pt\/?s={search_term_string}\"},\"query-input\":{\"@type\":\"PropertyValueSpecification\",\"valueRequired\":true,\"valueName\":\"search_term_string\"}}],\"inLanguage\":\"pt-PT\"},{\"@type\":\"Person\",\"@id\":\"https:\/\/portaltela.pt\/#\/schema\/person\/c4278d4a6028830caff9ee44b42d32ed\",\"name\":\"Telinha\",\"image\":{\"@type\":\"ImageObject\",\"inLanguage\":\"pt-PT\",\"@id\":\"https:\/\/portaltela.pt\/s.01k8rhncp4jt1\/2025\/11\/talking-bot-125x125.png\",\"url\":\"https:\/\/portaltela.pt\/s.01k8rhncp4jt1\/2025\/11\/talking-bot-125x125.png\",\"contentUrl\":\"https:\/\/portaltela.pt\/s.01k8rhncp4jt1\/2025\/11\/talking-bot-125x125.png\",\"caption\":\"Telinha\"},\"sameAs\":[\"https:\/\/portaltela.pt\/\"],\"url\":\"https:\/\/portaltela.pt\/por\/367410592786\/\"}]}<\/script>\n<!-- \/ Yoast SEO plugin. -->","yoast_head_json":{"title":"Montenegro anuncia apoio aos combust\u00edveis para bombeiros, t\u00e1xis e IPSS - Portal Tela Portugal","robots":{"index":"index","follow":"follow","max-snippet":"max-snippet:-1","max-image-preview":"max-image-preview:large","max-video-preview":"max-video-preview:-1"},"og_locale":"pt_PT","og_type":"article","og_title":"Montenegro anuncia apoio aos combust\u00edveis para bombeiros, t\u00e1xis e IPSS - Portal Tela Portugal","og_description":"O primeiro-ministro Lu\u00eds Montenegro anunciou apoio financeiro a associa\u00e7\u00f5es humanit\u00e1rias de bombeiros, empresas de t\u00e1xis e IPSS para fazer face ao aumento de combust\u00edveis devido \u00e0 guerra no M\u00e9dio Oriente. Entre 1 de abril e 30 de junho, entra em vigor um mecanismo extraordin\u00e1rio de gas\u00f3leo profissional com uma redu\u00e7\u00e3o de dez c\u00eantimos por litro. O apoio inclui 360 euros por ve\u00edculo pesado de bombeiros, 120 euros para os demais; 120 euros por taxi e 600 euros para IPSS. Ao todo, as medidas representam 150 milh\u00f5es de euros por m\u00eas de apoio \u00e0 \u00e1rea dos combust\u00edveis. O Governo informou que, em 2025, Portugal fechou com excedente or\u00e7amental de 0,7% do Produto Interno Bruto, mantendo pol\u00edticas de redu\u00e7\u00e3o de impostos e aumento de presta\u00e7\u00f5es sociais.","og_url":"https:\/\/portaltela.pt\/noticias\/2026\/03\/27\/montenegro-anuncia-apoio-aos-combustiveis-para-bombeiros-taxis-e-ipss\/","og_site_name":"Portal Tela Portugal","article_published_time":"2026-03-27T13:27:00+00:00","author":"Telinha","twitter_card":"summary_large_image","twitter_misc":{"Escrito por":"Telinha","Tempo estimado de leitura":"1 minuto"},"schema":{"@context":"https:\/\/schema.org","@graph":[{"@type":"Article","@id":"https:\/\/portaltela.pt\/noticias\/2026\/03\/27\/montenegro-anuncia-apoio-aos-combustiveis-para-bombeiros-taxis-e-ipss\/#article","isPartOf":{"@id":"https:\/\/portaltela.pt\/noticias\/2026\/03\/27\/montenegro-anuncia-apoio-aos-combustiveis-para-bombeiros-taxis-e-ipss\/"},"author":{"name":"Telinha","@id":"https:\/\/portaltela.pt\/#\/schema\/person\/c4278d4a6028830caff9ee44b42d32ed"},"headline":"Montenegro anuncia apoio aos combust\u00edveis para bombeiros, t\u00e1xis e IPSS","datePublished":"2026-03-27T13:27:00+00:00","mainEntityOfPage":{"@id":"https:\/\/portaltela.pt\/noticias\/2026\/03\/27\/montenegro-anuncia-apoio-aos-combustiveis-para-bombeiros-taxis-e-ipss\/"},"wordCount":257,"image":{"@id":"https:\/\/portaltela.pt\/noticias\/2026\/03\/27\/montenegro-anuncia-apoio-aos-combustiveis-para-bombeiros-taxis-e-ipss\/#primaryimage"},"thumbnailUrl":"https:\/\/portaltela.pt\/s.01k8rhncp4jt1\/2026\/03\/image-1602.jpg","keywords":["_economia","abastecimento de combust\u00edvel","abastecimentos","bombeiros","combust\u00edveis","IPSS"],"articleSection":["Economia","Finan\u00e7as P\u00fablicas"],"inLanguage":"pt-PT"},{"@type":"WebPage","@id":"https:\/\/portaltela.pt\/noticias\/2026\/03\/27\/montenegro-anuncia-apoio-aos-combustiveis-para-bombeiros-taxis-e-ipss\/","url":"https:\/\/portaltela.pt\/noticias\/2026\/03\/27\/montenegro-anuncia-apoio-aos-combustiveis-para-bombeiros-taxis-e-ipss\/","name":"Montenegro anuncia apoio aos combust\u00edveis para bombeiros, t\u00e1xis e IPSS - Portal Tela Portugal","isPartOf":{"@id":"https:\/\/portaltela.pt\/#website"},"primaryImageOfPage":{"@id":"https:\/\/portaltela.pt\/noticias\/2026\/03\/27\/montenegro-anuncia-apoio-aos-combustiveis-para-bombeiros-taxis-e-ipss\/#primaryimage"},"image":{"@id":"https:\/\/portaltela.pt\/noticias\/2026\/03\/27\/montenegro-anuncia-apoio-aos-combustiveis-para-bombeiros-taxis-e-ipss\/#primaryimage"},"thumbnailUrl":"https:\/\/portaltela.pt\/s.01k8rhncp4jt1\/2026\/03\/image-1602.jpg","datePublished":"2026-03-27T13:27:00+00:00","author":{"@id":"https:\/\/portaltela.pt\/#\/schema\/person\/c4278d4a6028830caff9ee44b42d32ed"},"breadcrumb":{"@id":"https:\/\/portaltela.pt\/noticias\/2026\/03\/27\/montenegro-anuncia-apoio-aos-combustiveis-para-bombeiros-taxis-e-ipss\/#breadcrumb"},"inLanguage":"pt-PT","potentialAction":[{"@type":"ReadAction","target":["https:\/\/portaltela.pt\/noticias\/2026\/03\/27\/montenegro-anuncia-apoio-aos-combustiveis-para-bombeiros-taxis-e-ipss\/"]}]},{"@type":"ImageObject","inLanguage":"pt-PT","@id":"https:\/\/portaltela.pt\/noticias\/2026\/03\/27\/montenegro-anuncia-apoio-aos-combustiveis-para-bombeiros-taxis-e-ipss\/#primaryimage","url":"https:\/\/portaltela.pt\/s.01k8rhncp4jt1\/2026\/03\/image-1602.jpg","contentUrl":"https:\/\/portaltela.pt\/s.01k8rhncp4jt1\/2026\/03\/image-1602.jpg","width":796,"height":448,"caption":"O primeiro-ministro, Lu\u00eds Montenegro"},{"@type":"BreadcrumbList","@id":"https:\/\/portaltela.pt\/noticias\/2026\/03\/27\/montenegro-anuncia-apoio-aos-combustiveis-para-bombeiros-taxis-e-ipss\/#breadcrumb","itemListElement":[{"@type":"ListItem","position":1,"name":"In\u00edcio","item":"https:\/\/portaltela.pt\/"},{"@type":"ListItem","position":2,"name":"Montenegro anuncia apoio aos combust\u00edveis para bombeiros, t\u00e1xis e IPSS"}]},{"@type":"WebSite","@id":"https:\/\/portaltela.pt\/#website","url":"https:\/\/portaltela.pt\/","name":"Portal Tela Portugal","description":"","potentialAction":[{"@type":"SearchAction","target":{"@type":"EntryPoint","urlTemplate":"https:\/\/portaltela.pt\/?s={search_term_string}"},"query-input":{"@type":"PropertyValueSpecification","valueRequired":true,"valueName":"search_term_string"}}],"inLanguage":"pt-PT"},{"@type":"Person","@id":"https:\/\/portaltela.pt\/#\/schema\/person\/c4278d4a6028830caff9ee44b42d32ed","name":"Telinha","image":{"@type":"ImageObject","inLanguage":"pt-PT","@id":"https:\/\/portaltela.pt\/s.01k8rhncp4jt1\/2025\/11\/talking-bot-125x125.png","url":"https:\/\/portaltela.pt\/s.01k8rhncp4jt1\/2025\/11\/talking-bot-125x125.png","contentUrl":"https:\/\/portaltela.pt\/s.01k8rhncp4jt1\/2025\/11\/talking-bot-125x125.png","caption":"Telinha"},"sameAs":["https:\/\/portaltela.pt\/"],"url":"https:\/\/portaltela.pt\/por\/367410592786\/"}]}},"_links":{"self":[{"href":"https:\/\/portaltela.pt\/api\/wp\/v2\/posts\/423715","targetHints":{"allow":["GET"]}}],"collection":[{"href":"https:\/\/portaltela.pt\/api\/wp\/v2\/posts"}],"about":[{"href":"https:\/\/portaltela.pt\/api\/wp\/v2\/types\/post"}],"author":[{"embeddable":true,"href":"https:\/\/portaltela.pt\/api\/wp\/v2\/users\/2"}],"replies":[{"embeddable":true,"href":"https:\/\/portaltela.pt\/api\/wp\/v2\/comments?post=423715"}],"version-history":[{"count":0,"href":"https:\/\/portaltela.pt\/api\/wp\/v2\/posts\/423715\/revisions"}],"wp:featuredmedia":[{"embeddable":true,"href":"https:\/\/portaltela.pt\/api\/wp\/v2\/media\/423718"}],"wp:attachment":[{"href":"https:\/\/portaltela.pt\/api\/wp\/v2\/media?parent=423715"}],"wp:term":[{"taxonomy":"category","embeddable":true,"href":"https:\/\/portaltela.pt\/api\/wp\/v2\/categories?post=423715"},{"taxonomy":"post_tag","embeddable":true,"href":"https:\/\/portaltela.pt\/api\/wp\/v2\/tags?post=423715"}],"curies":[{"name":"wp","href":"https:\/\/api.w.org\/{rel}","templated":true}]}}