{"id":423708,"date":"2026-03-27T10:21:35","date_gmt":"2026-03-27T13:21:35","guid":{"rendered":"https:\/\/portaltela.pt\/noticias\/2026\/03\/27\/governo-da-madeira-garante-combustiveis-10-centimos-mais-baratos-no-arquipelago\/"},"modified":"2026-03-27T10:21:35","modified_gmt":"2026-03-27T13:21:35","slug":"governo-da-madeira-garante-combustiveis-10-centimos-mais-baratos-no-arquipelago","status":"publish","type":"post","link":"https:\/\/portaltela.pt\/noticias\/economia\/2026\/03\/27\/governo-da-madeira-garante-combustiveis-10-centimos-mais-baratos-no-arquipelago\/","title":{"rendered":"Governo da Madeira garante combust\u00edveis 10 c\u00eantimos mais baratos no arquip\u00e9lago"},"content":{"rendered":"<p>O Governo Regional da Madeira decidiu alterar o fator de ajustamento na f\u00f3rmula de c\u00e1lculo do pre\u00e7o dos combust\u00edveis. A medida visa manter a gasolina 95 e o gas\u00f3leo 10 c\u00eantimos abaixo dos pre\u00e7os praticados no continente.<\/p>\n<p>Segundo um comunicado, o secret\u00e1rio da Economia, Jos\u00e9 Manuel Rodrigues, afirmou que j\u00e1 se esgotou a margem de interven\u00e7\u00e3o ao n\u00edvel dos impostos sobre combust\u00edveis. Por isso, o ajuste funciona como compensa\u00e7\u00e3o \u00e0s distribuidoras para n\u00e3o penalizar o consumidor.<\/p>\n<p>A portaria, assinada pelos secret\u00e1rios regionais da Economia, Jos\u00e9 Manuel Rodrigues, e da Educa\u00e7\u00e3o, Elsa Fernandes, aplica-se a partir de agora. O objetivo \u00e9 manter um diferencial est\u00e1vel de 10 c\u00eantimos por litro face aos pre\u00e7os m\u00e9dios continentais.<\/p>\n<p>O texto real\u00e7a que a medida garante combust\u00edveis mais baratos na Madeira e no Porto Santo, mesmo com a escalada das cota\u00e7\u00f5es internacionais. A op\u00e7\u00e3o pretende preservar a competitividade das empresas locais e o custo de vida das fam\u00edlias.<\/p>\n<p>Jos\u00e9 Manuel Rodrigues explicou que o novo instrumento atua como prote\u00e7\u00e3o estrutural dos consumidores madeirenses, ajustando-se semanalmente conforme evoluem os mercados. A monitoriza\u00e7\u00e3o ser\u00e1 realizada pelo Governo Regional.<\/p>\n<p>O Governo Regional compromete-se a acompanhar a evolu\u00e7\u00e3o dos pre\u00e7os e a calibrar o ajustamento sempre que necess\u00e1rio, mantendo o diferencial com o continente. A monitoriza\u00e7\u00e3o visa assegurar a estabilidade do desconto para o arquip\u00e9lago.<\/p>\n","protected":false},"excerpt":{"rendered":"<ul>\n<li>O Governo Regional da Madeira alterou o fator de ajustamento na f\u00f3rmula de c\u00e1lculo dos combust\u00edveis para manter a gasolina 95 e o gas\u00f3leo 10 c\u00eantimos abaixo dos pre\u00e7os praticados no continente.<\/li>\n<li>O objetivo \u00e9 assegurar um diferencial est\u00e1vel face aos pre\u00e7os m\u00e9dios no continente, apesar da escalada das cota\u00e7\u00f5es internacionais.<\/li>\n<li>A medida foi, segundo o secret\u00e1rio da Economia, Jos\u00e9 Manuel Rodrigues, adotada depois de esgotada a margem de interven\u00e7\u00e3o nos impostos sobre combust\u00edveis.<\/li>\n<li>A portaria, assinada por Jos\u00e9 Manuel Rodrigues e Elsa Fernandes, pretende compensar as empresas petrol\u00edferas na Regi\u00e3o sem penalizar o consumidor final.<\/li>\n<li>O Governo Regional comprometeu-se a acompanhar semanalmente a evolu\u00e7\u00e3o dos mercados e a calibrar o ajustamento conforme necess\u00e1rio.<\/li>\n<\/ul>\n","protected":false},"author":2,"featured_media":423713,"comment_status":"closed","ping_status":"closed","sticky":false,"template":"","format":"standard","meta":{"footnotes":""},"categories":[2,6735],"tags":[6115,5508,4729,2421,859,976],"class_list":["post-423708","post","type-post","status-publish","format-standard","has-post-thumbnail","hentry","category-economia","category-negocios","tag-_economia","tag-abastecimento-de-combustivel","tag-abastecimento-de-energia","tag-abastecimentos","tag-madeira","tag-porto-santo"],"yoast_head":"<!-- This site is optimized with the Yoast SEO plugin v27.2 - https:\/\/yoast.com\/product\/yoast-seo-wordpress\/ -->\n<title>Governo da Madeira garante combust\u00edveis 10 c\u00eantimos mais baratos no arquip\u00e9lago - Portal Tela Portugal<\/title>\n<meta name=\"robots\" content=\"index, follow, max-snippet:-1, max-image-preview:large, max-video-preview:-1\" \/>\n<meta property=\"og:locale\" content=\"pt_PT\" \/>\n<meta property=\"og:type\" content=\"article\" \/>\n<meta property=\"og:title\" content=\"Governo da Madeira garante combust\u00edveis 10 c\u00eantimos mais baratos no arquip\u00e9lago - Portal Tela Portugal\" \/>\n<meta property=\"og:description\" content=\"O Governo Regional da Madeira alterou o fator de ajustamento na f\u00f3rmula de c\u00e1lculo dos combust\u00edveis para manter a gasolina 95 e o gas\u00f3leo 10 c\u00eantimos abaixo dos pre\u00e7os praticados no continente. O objetivo \u00e9 assegurar um diferencial est\u00e1vel face aos pre\u00e7os m\u00e9dios no continente, apesar da escalada das cota\u00e7\u00f5es internacionais. A medida foi, segundo o secret\u00e1rio da Economia, Jos\u00e9 Manuel Rodrigues, adotada depois de esgotada a margem de interven\u00e7\u00e3o nos impostos sobre combust\u00edveis. A portaria, assinada por Jos\u00e9 Manuel Rodrigues e Elsa Fernandes, pretende compensar as empresas petrol\u00edferas na Regi\u00e3o sem penalizar o consumidor final. O Governo Regional comprometeu-se a acompanhar semanalmente a evolu\u00e7\u00e3o dos mercados e a calibrar o ajustamento conforme necess\u00e1rio.\" \/>\n<meta property=\"og:url\" content=\"https:\/\/portaltela.pt\/noticias\/2026\/03\/27\/governo-da-madeira-garante-combustiveis-10-centimos-mais-baratos-no-arquipelago\/\" \/>\n<meta property=\"og:site_name\" content=\"Portal Tela Portugal\" \/>\n<meta property=\"article:published_time\" content=\"2026-03-27T13:21:35+00:00\" \/>\n<meta name=\"author\" content=\"Telinha\" \/>\n<meta name=\"twitter:card\" content=\"summary_large_image\" \/>\n<meta name=\"twitter:label1\" content=\"Escrito por\" \/>\n\t<meta name=\"twitter:data1\" content=\"Telinha\" \/>\n\t<meta name=\"twitter:label2\" content=\"Tempo estimado de leitura\" \/>\n\t<meta name=\"twitter:data2\" content=\"1 minuto\" \/>\n<script type=\"application\/ld+json\" class=\"yoast-schema-graph\">{\"@context\":\"https:\/\/schema.org\",\"@graph\":[{\"@type\":\"Article\",\"@id\":\"https:\/\/portaltela.pt\/noticias\/2026\/03\/27\/governo-da-madeira-garante-combustiveis-10-centimos-mais-baratos-no-arquipelago\/#article\",\"isPartOf\":{\"@id\":\"https:\/\/portaltela.pt\/noticias\/2026\/03\/27\/governo-da-madeira-garante-combustiveis-10-centimos-mais-baratos-no-arquipelago\/\"},\"author\":{\"name\":\"Telinha\",\"@id\":\"https:\/\/portaltela.pt\/#\/schema\/person\/c4278d4a6028830caff9ee44b42d32ed\"},\"headline\":\"Governo da Madeira garante combust\u00edveis 10 c\u00eantimos mais baratos no arquip\u00e9lago\",\"datePublished\":\"2026-03-27T13:21:35+00:00\",\"mainEntityOfPage\":{\"@id\":\"https:\/\/portaltela.pt\/noticias\/2026\/03\/27\/governo-da-madeira-garante-combustiveis-10-centimos-mais-baratos-no-arquipelago\/\"},\"wordCount\":256,\"image\":{\"@id\":\"https:\/\/portaltela.pt\/noticias\/2026\/03\/27\/governo-da-madeira-garante-combustiveis-10-centimos-mais-baratos-no-arquipelago\/#primaryimage\"},\"thumbnailUrl\":\"https:\/\/portaltela.pt\/s.01k8rhncp4jt1\/2026\/03\/img_1500x1000uu2024-05-05-09-28-57-1646423.jpg\",\"keywords\":[\"_economia\",\"abastecimento de combust\u00edvel\",\"abastecimento de energia\",\"abastecimentos\",\"Madeira\",\"Porto Santo\"],\"articleSection\":[\"Economia\",\"Neg\u00f3cios\"],\"inLanguage\":\"pt-PT\"},{\"@type\":\"WebPage\",\"@id\":\"https:\/\/portaltela.pt\/noticias\/2026\/03\/27\/governo-da-madeira-garante-combustiveis-10-centimos-mais-baratos-no-arquipelago\/\",\"url\":\"https:\/\/portaltela.pt\/noticias\/2026\/03\/27\/governo-da-madeira-garante-combustiveis-10-centimos-mais-baratos-no-arquipelago\/\",\"name\":\"Governo da Madeira garante combust\u00edveis 10 c\u00eantimos mais baratos no arquip\u00e9lago - Portal Tela Portugal\",\"isPartOf\":{\"@id\":\"https:\/\/portaltela.pt\/#website\"},\"primaryImageOfPage\":{\"@id\":\"https:\/\/portaltela.pt\/noticias\/2026\/03\/27\/governo-da-madeira-garante-combustiveis-10-centimos-mais-baratos-no-arquipelago\/#primaryimage\"},\"image\":{\"@id\":\"https:\/\/portaltela.pt\/noticias\/2026\/03\/27\/governo-da-madeira-garante-combustiveis-10-centimos-mais-baratos-no-arquipelago\/#primaryimage\"},\"thumbnailUrl\":\"https:\/\/portaltela.pt\/s.01k8rhncp4jt1\/2026\/03\/img_1500x1000uu2024-05-05-09-28-57-1646423.jpg\",\"datePublished\":\"2026-03-27T13:21:35+00:00\",\"author\":{\"@id\":\"https:\/\/portaltela.pt\/#\/schema\/person\/c4278d4a6028830caff9ee44b42d32ed\"},\"breadcrumb\":{\"@id\":\"https:\/\/portaltela.pt\/noticias\/2026\/03\/27\/governo-da-madeira-garante-combustiveis-10-centimos-mais-baratos-no-arquipelago\/#breadcrumb\"},\"inLanguage\":\"pt-PT\",\"potentialAction\":[{\"@type\":\"ReadAction\",\"target\":[\"https:\/\/portaltela.pt\/noticias\/2026\/03\/27\/governo-da-madeira-garante-combustiveis-10-centimos-mais-baratos-no-arquipelago\/\"]}]},{\"@type\":\"ImageObject\",\"inLanguage\":\"pt-PT\",\"@id\":\"https:\/\/portaltela.pt\/noticias\/2026\/03\/27\/governo-da-madeira-garante-combustiveis-10-centimos-mais-baratos-no-arquipelago\/#primaryimage\",\"url\":\"https:\/\/portaltela.pt\/s.01k8rhncp4jt1\/2026\/03\/img_1500x1000uu2024-05-05-09-28-57-1646423.jpg\",\"contentUrl\":\"https:\/\/portaltela.pt\/s.01k8rhncp4jt1\/2026\/03\/img_1500x1000uu2024-05-05-09-28-57-1646423.jpg\",\"width\":796,\"height\":448,\"caption\":\"Jos\u00e9 Manuel Rodrigues\"},{\"@type\":\"BreadcrumbList\",\"@id\":\"https:\/\/portaltela.pt\/noticias\/2026\/03\/27\/governo-da-madeira-garante-combustiveis-10-centimos-mais-baratos-no-arquipelago\/#breadcrumb\",\"itemListElement\":[{\"@type\":\"ListItem\",\"position\":1,\"name\":\"In\u00edcio\",\"item\":\"https:\/\/portaltela.pt\/\"},{\"@type\":\"ListItem\",\"position\":2,\"name\":\"Governo da Madeira garante combust\u00edveis 10 c\u00eantimos mais baratos no arquip\u00e9lago\"}]},{\"@type\":\"WebSite\",\"@id\":\"https:\/\/portaltela.pt\/#website\",\"url\":\"https:\/\/portaltela.pt\/\",\"name\":\"Portal Tela Portugal\",\"description\":\"\",\"potentialAction\":[{\"@type\":\"SearchAction\",\"target\":{\"@type\":\"EntryPoint\",\"urlTemplate\":\"https:\/\/portaltela.pt\/?s={search_term_string}\"},\"query-input\":{\"@type\":\"PropertyValueSpecification\",\"valueRequired\":true,\"valueName\":\"search_term_string\"}}],\"inLanguage\":\"pt-PT\"},{\"@type\":\"Person\",\"@id\":\"https:\/\/portaltela.pt\/#\/schema\/person\/c4278d4a6028830caff9ee44b42d32ed\",\"name\":\"Telinha\",\"image\":{\"@type\":\"ImageObject\",\"inLanguage\":\"pt-PT\",\"@id\":\"https:\/\/portaltela.pt\/s.01k8rhncp4jt1\/2025\/11\/talking-bot-125x125.png\",\"url\":\"https:\/\/portaltela.pt\/s.01k8rhncp4jt1\/2025\/11\/talking-bot-125x125.png\",\"contentUrl\":\"https:\/\/portaltela.pt\/s.01k8rhncp4jt1\/2025\/11\/talking-bot-125x125.png\",\"caption\":\"Telinha\"},\"sameAs\":[\"https:\/\/portaltela.pt\/\"],\"url\":\"https:\/\/portaltela.pt\/por\/367410592786\/\"}]}<\/script>\n<!-- \/ Yoast SEO plugin. -->","yoast_head_json":{"title":"Governo da Madeira garante combust\u00edveis 10 c\u00eantimos mais baratos no arquip\u00e9lago - Portal Tela Portugal","robots":{"index":"index","follow":"follow","max-snippet":"max-snippet:-1","max-image-preview":"max-image-preview:large","max-video-preview":"max-video-preview:-1"},"og_locale":"pt_PT","og_type":"article","og_title":"Governo da Madeira garante combust\u00edveis 10 c\u00eantimos mais baratos no arquip\u00e9lago - Portal Tela Portugal","og_description":"O Governo Regional da Madeira alterou o fator de ajustamento na f\u00f3rmula de c\u00e1lculo dos combust\u00edveis para manter a gasolina 95 e o gas\u00f3leo 10 c\u00eantimos abaixo dos pre\u00e7os praticados no continente. O objetivo \u00e9 assegurar um diferencial est\u00e1vel face aos pre\u00e7os m\u00e9dios no continente, apesar da escalada das cota\u00e7\u00f5es internacionais. A medida foi, segundo o secret\u00e1rio da Economia, Jos\u00e9 Manuel Rodrigues, adotada depois de esgotada a margem de interven\u00e7\u00e3o nos impostos sobre combust\u00edveis. A portaria, assinada por Jos\u00e9 Manuel Rodrigues e Elsa Fernandes, pretende compensar as empresas petrol\u00edferas na Regi\u00e3o sem penalizar o consumidor final. O Governo Regional comprometeu-se a acompanhar semanalmente a evolu\u00e7\u00e3o dos mercados e a calibrar o ajustamento conforme necess\u00e1rio.","og_url":"https:\/\/portaltela.pt\/noticias\/2026\/03\/27\/governo-da-madeira-garante-combustiveis-10-centimos-mais-baratos-no-arquipelago\/","og_site_name":"Portal Tela Portugal","article_published_time":"2026-03-27T13:21:35+00:00","author":"Telinha","twitter_card":"summary_large_image","twitter_misc":{"Escrito por":"Telinha","Tempo estimado de leitura":"1 minuto"},"schema":{"@context":"https:\/\/schema.org","@graph":[{"@type":"Article","@id":"https:\/\/portaltela.pt\/noticias\/2026\/03\/27\/governo-da-madeira-garante-combustiveis-10-centimos-mais-baratos-no-arquipelago\/#article","isPartOf":{"@id":"https:\/\/portaltela.pt\/noticias\/2026\/03\/27\/governo-da-madeira-garante-combustiveis-10-centimos-mais-baratos-no-arquipelago\/"},"author":{"name":"Telinha","@id":"https:\/\/portaltela.pt\/#\/schema\/person\/c4278d4a6028830caff9ee44b42d32ed"},"headline":"Governo da Madeira garante combust\u00edveis 10 c\u00eantimos mais baratos no arquip\u00e9lago","datePublished":"2026-03-27T13:21:35+00:00","mainEntityOfPage":{"@id":"https:\/\/portaltela.pt\/noticias\/2026\/03\/27\/governo-da-madeira-garante-combustiveis-10-centimos-mais-baratos-no-arquipelago\/"},"wordCount":256,"image":{"@id":"https:\/\/portaltela.pt\/noticias\/2026\/03\/27\/governo-da-madeira-garante-combustiveis-10-centimos-mais-baratos-no-arquipelago\/#primaryimage"},"thumbnailUrl":"https:\/\/portaltela.pt\/s.01k8rhncp4jt1\/2026\/03\/img_1500x1000uu2024-05-05-09-28-57-1646423.jpg","keywords":["_economia","abastecimento de combust\u00edvel","abastecimento de energia","abastecimentos","Madeira","Porto Santo"],"articleSection":["Economia","Neg\u00f3cios"],"inLanguage":"pt-PT"},{"@type":"WebPage","@id":"https:\/\/portaltela.pt\/noticias\/2026\/03\/27\/governo-da-madeira-garante-combustiveis-10-centimos-mais-baratos-no-arquipelago\/","url":"https:\/\/portaltela.pt\/noticias\/2026\/03\/27\/governo-da-madeira-garante-combustiveis-10-centimos-mais-baratos-no-arquipelago\/","name":"Governo da Madeira garante combust\u00edveis 10 c\u00eantimos mais baratos no arquip\u00e9lago - Portal Tela Portugal","isPartOf":{"@id":"https:\/\/portaltela.pt\/#website"},"primaryImageOfPage":{"@id":"https:\/\/portaltela.pt\/noticias\/2026\/03\/27\/governo-da-madeira-garante-combustiveis-10-centimos-mais-baratos-no-arquipelago\/#primaryimage"},"image":{"@id":"https:\/\/portaltela.pt\/noticias\/2026\/03\/27\/governo-da-madeira-garante-combustiveis-10-centimos-mais-baratos-no-arquipelago\/#primaryimage"},"thumbnailUrl":"https:\/\/portaltela.pt\/s.01k8rhncp4jt1\/2026\/03\/img_1500x1000uu2024-05-05-09-28-57-1646423.jpg","datePublished":"2026-03-27T13:21:35+00:00","author":{"@id":"https:\/\/portaltela.pt\/#\/schema\/person\/c4278d4a6028830caff9ee44b42d32ed"},"breadcrumb":{"@id":"https:\/\/portaltela.pt\/noticias\/2026\/03\/27\/governo-da-madeira-garante-combustiveis-10-centimos-mais-baratos-no-arquipelago\/#breadcrumb"},"inLanguage":"pt-PT","potentialAction":[{"@type":"ReadAction","target":["https:\/\/portaltela.pt\/noticias\/2026\/03\/27\/governo-da-madeira-garante-combustiveis-10-centimos-mais-baratos-no-arquipelago\/"]}]},{"@type":"ImageObject","inLanguage":"pt-PT","@id":"https:\/\/portaltela.pt\/noticias\/2026\/03\/27\/governo-da-madeira-garante-combustiveis-10-centimos-mais-baratos-no-arquipelago\/#primaryimage","url":"https:\/\/portaltela.pt\/s.01k8rhncp4jt1\/2026\/03\/img_1500x1000uu2024-05-05-09-28-57-1646423.jpg","contentUrl":"https:\/\/portaltela.pt\/s.01k8rhncp4jt1\/2026\/03\/img_1500x1000uu2024-05-05-09-28-57-1646423.jpg","width":796,"height":448,"caption":"Jos\u00e9 Manuel Rodrigues"},{"@type":"BreadcrumbList","@id":"https:\/\/portaltela.pt\/noticias\/2026\/03\/27\/governo-da-madeira-garante-combustiveis-10-centimos-mais-baratos-no-arquipelago\/#breadcrumb","itemListElement":[{"@type":"ListItem","position":1,"name":"In\u00edcio","item":"https:\/\/portaltela.pt\/"},{"@type":"ListItem","position":2,"name":"Governo da Madeira garante combust\u00edveis 10 c\u00eantimos mais baratos no arquip\u00e9lago"}]},{"@type":"WebSite","@id":"https:\/\/portaltela.pt\/#website","url":"https:\/\/portaltela.pt\/","name":"Portal Tela Portugal","description":"","potentialAction":[{"@type":"SearchAction","target":{"@type":"EntryPoint","urlTemplate":"https:\/\/portaltela.pt\/?s={search_term_string}"},"query-input":{"@type":"PropertyValueSpecification","valueRequired":true,"valueName":"search_term_string"}}],"inLanguage":"pt-PT"},{"@type":"Person","@id":"https:\/\/portaltela.pt\/#\/schema\/person\/c4278d4a6028830caff9ee44b42d32ed","name":"Telinha","image":{"@type":"ImageObject","inLanguage":"pt-PT","@id":"https:\/\/portaltela.pt\/s.01k8rhncp4jt1\/2025\/11\/talking-bot-125x125.png","url":"https:\/\/portaltela.pt\/s.01k8rhncp4jt1\/2025\/11\/talking-bot-125x125.png","contentUrl":"https:\/\/portaltela.pt\/s.01k8rhncp4jt1\/2025\/11\/talking-bot-125x125.png","caption":"Telinha"},"sameAs":["https:\/\/portaltela.pt\/"],"url":"https:\/\/portaltela.pt\/por\/367410592786\/"}]}},"_links":{"self":[{"href":"https:\/\/portaltela.pt\/api\/wp\/v2\/posts\/423708","targetHints":{"allow":["GET"]}}],"collection":[{"href":"https:\/\/portaltela.pt\/api\/wp\/v2\/posts"}],"about":[{"href":"https:\/\/portaltela.pt\/api\/wp\/v2\/types\/post"}],"author":[{"embeddable":true,"href":"https:\/\/portaltela.pt\/api\/wp\/v2\/users\/2"}],"replies":[{"embeddable":true,"href":"https:\/\/portaltela.pt\/api\/wp\/v2\/comments?post=423708"}],"version-history":[{"count":0,"href":"https:\/\/portaltela.pt\/api\/wp\/v2\/posts\/423708\/revisions"}],"wp:featuredmedia":[{"embeddable":true,"href":"https:\/\/portaltela.pt\/api\/wp\/v2\/media\/423713"}],"wp:attachment":[{"href":"https:\/\/portaltela.pt\/api\/wp\/v2\/media?parent=423708"}],"wp:term":[{"taxonomy":"category","embeddable":true,"href":"https:\/\/portaltela.pt\/api\/wp\/v2\/categories?post=423708"},{"taxonomy":"post_tag","embeddable":true,"href":"https:\/\/portaltela.pt\/api\/wp\/v2\/tags?post=423708"}],"curies":[{"name":"wp","href":"https:\/\/api.w.org\/{rel}","templated":true}]}}