{"id":423705,"date":"2026-03-27T10:26:00","date_gmt":"2026-03-27T13:26:00","guid":{"rendered":"https:\/\/portaltela.pt\/noticias\/2026\/03\/27\/filipa-ramos-nomeada-curadora-do-festival-de-lofoten-2027-na-noruega\/"},"modified":"2026-03-27T10:26:00","modified_gmt":"2026-03-27T13:26:00","slug":"filipa-ramos-nomeada-curadora-do-festival-de-lofoten-2027-na-noruega","status":"publish","type":"post","link":"https:\/\/portaltela.pt\/lazer\/2026\/03\/27\/filipa-ramos-nomeada-curadora-do-festival-de-lofoten-2027-na-noruega\/","title":{"rendered":"Filipa Ramos nomeada curadora do festival de Lofoten 2027, na Noruega"},"content":{"rendered":"<p>Filipa Ramos foi nomeada curadora da edi\u00e7\u00e3o de 2027 do Festival Internacional de Arte de Lofoten (LIAF), na Noruega. O festival decorre entre 28 de maio e 27 de junho, mantendo liga\u00e7\u00e3o com o territ\u00f3rio dos Alpes escandinavos.<\/p>\n<p>A proposta foca a escuta enquanto pr\u00e1tica art\u00edstica e pol\u00edtica. Ramos pretende explorar como o som e a aten\u00e7\u00e3o podem reunir pessoas, territ\u00f3rios e narrativas distintas, gerando novas formas de rela\u00e7\u00e3o e entendimento.<\/p>\n<p>A curadora portuguesa \u00e9 investigadora e docente, com trabalho ligado \u00e0 ecologia e \u00e0 coexist\u00eancia entre esp\u00e9cies. O LIAF argumenta que a escuta prolongada pode aproximar comunidades e moldar imagin\u00e1rios alternativos.<\/p>\n<h3>Sobre o Festival e a Curadora<\/h3>\n<p>O LIAF, fundado em 1991, \u00e9 uma das bienais mais antigas da Escandin\u00e1via. O projeto de Ramos ser\u00e1 orientado pela justi\u00e7a ambiental multiesp\u00e9cies, buscando integrar diversas presen\u00e7as no territ\u00f3rio de Lofoten.<\/p>\n<p>Karolin Tampere, presidente do comit\u00e9 diretivo do LIAF, e Luba Kuzovnikova, diretora do Centro de Arte do Norte da Noruega, destacaram a import\u00e2ncia da nomea\u00e7\u00e3o e do alinhamento com o contexto regional.<\/p>\n<p>Ramos informou em redes sociais que a nomea\u00e7\u00e3o representa uma grande responsabilidade, referindo ainda que dirigir o festival ser\u00e1 simultaneamente desafiante e gratificante. Acuradamente, citou colegas com quem j\u00e1 colaborou.<\/p>\n","protected":false},"excerpt":{"rendered":"<ul>\n<li>Filipa Ramos foi nomeada curadora da edi\u00e7\u00e3o de 2027 do Festival Internacional de Arte de Lofoten (LIAF), na Noruega, que decorrer\u00e1 entre 28 de maio e 27 de junho.<\/li>\n<li>A proposta centra-se na escuta como pr\u00e1tica art\u00edstica e pol\u00edtica, mantendo uma forte liga\u00e7\u00e3o ao territ\u00f3rio de Lofoten.<\/li>\n<li>O projeto parte de uma investiga\u00e7\u00e3o sobre ecologia e coexist\u00eancia entre humanos, animais e ambientes, com pr\u00e1ticas de escuta prolongada para aproximar pessoas e narrativas.<\/li>\n<li>A abordagem visa criar plataformas de di\u00e1logo entre diferentes formas de vida, numa perspetiva de justi\u00e7a ambiental multiesp\u00e9cies.<\/li>\n<li>A nomea\u00e7\u00e3o foi saudada pela presidente do comit\u00e9 directivo do LIAF e pela diretora do Centro de Arte do Norte da Noruega; Ramos j\u00e1 colaborou com curadores bem conhecidos e participa em projetos acad\u00e9micos na Basileia.<\/li>\n<\/ul>\n","protected":false},"author":2,"featured_media":423709,"comment_status":"closed","ping_status":"closed","sticky":false,"template":"","format":"standard","meta":{"footnotes":""},"categories":[7375,7381],"tags":[70,145,1138,3674,45,2125],"class_list":["post-423705","post","type-post","status-publish","format-standard","has-post-thumbnail","hentry","category-cultura","category-lazer","tag-arte","tag-cultura","tag-ecologia","tag-festival","tag-meio-ambiente","tag-noruega"],"yoast_head":"<!-- This site is optimized with the Yoast SEO plugin v27.2 - https:\/\/yoast.com\/product\/yoast-seo-wordpress\/ -->\n<title>Filipa Ramos nomeada curadora do festival de Lofoten 2027, na Noruega - Portal Tela Portugal<\/title>\n<meta name=\"robots\" content=\"index, follow, max-snippet:-1, max-image-preview:large, max-video-preview:-1\" \/>\n<meta property=\"og:locale\" content=\"pt_PT\" \/>\n<meta property=\"og:type\" content=\"article\" \/>\n<meta property=\"og:title\" content=\"Filipa Ramos nomeada curadora do festival de Lofoten 2027, na Noruega - Portal Tela Portugal\" \/>\n<meta property=\"og:description\" content=\"Filipa Ramos foi nomeada curadora da edi\u00e7\u00e3o de 2027 do Festival Internacional de Arte de Lofoten (LIAF), na Noruega, que decorrer\u00e1 entre 28 de maio e 27 de junho. A proposta centra-se na escuta como pr\u00e1tica art\u00edstica e pol\u00edtica, mantendo uma forte liga\u00e7\u00e3o ao territ\u00f3rio de Lofoten. O projeto parte de uma investiga\u00e7\u00e3o sobre ecologia e coexist\u00eancia entre humanos, animais e ambientes, com pr\u00e1ticas de escuta prolongada para aproximar pessoas e narrativas. A abordagem visa criar plataformas de di\u00e1logo entre diferentes formas de vida, numa perspetiva de justi\u00e7a ambiental multiesp\u00e9cies. A nomea\u00e7\u00e3o foi saudada pela presidente do comit\u00e9 directivo do LIAF e pela diretora do Centro de Arte do Norte da Noruega; Ramos j\u00e1 colaborou com curadores bem conhecidos e participa em projetos acad\u00e9micos na Basileia.\" \/>\n<meta property=\"og:url\" content=\"https:\/\/portaltela.pt\/noticias\/2026\/03\/27\/filipa-ramos-nomeada-curadora-do-festival-de-lofoten-2027-na-noruega\/\" \/>\n<meta property=\"og:site_name\" content=\"Portal Tela Portugal\" \/>\n<meta property=\"article:published_time\" content=\"2026-03-27T13:26:00+00:00\" \/>\n<meta name=\"author\" content=\"Telinha\" \/>\n<meta name=\"twitter:card\" content=\"summary_large_image\" \/>\n<meta name=\"twitter:label1\" content=\"Escrito por\" \/>\n\t<meta name=\"twitter:data1\" content=\"Telinha\" \/>\n\t<meta name=\"twitter:label2\" content=\"Tempo estimado de leitura\" \/>\n\t<meta name=\"twitter:data2\" content=\"1 minuto\" \/>\n<script type=\"application\/ld+json\" class=\"yoast-schema-graph\">{\"@context\":\"https:\/\/schema.org\",\"@graph\":[{\"@type\":\"Article\",\"@id\":\"https:\/\/portaltela.pt\/noticias\/2026\/03\/27\/filipa-ramos-nomeada-curadora-do-festival-de-lofoten-2027-na-noruega\/#article\",\"isPartOf\":{\"@id\":\"https:\/\/portaltela.pt\/noticias\/2026\/03\/27\/filipa-ramos-nomeada-curadora-do-festival-de-lofoten-2027-na-noruega\/\"},\"author\":{\"name\":\"Telinha\",\"@id\":\"https:\/\/portaltela.pt\/#\/schema\/person\/c4278d4a6028830caff9ee44b42d32ed\"},\"headline\":\"Filipa Ramos nomeada curadora do festival de Lofoten 2027, na Noruega\",\"datePublished\":\"2026-03-27T13:26:00+00:00\",\"mainEntityOfPage\":{\"@id\":\"https:\/\/portaltela.pt\/noticias\/2026\/03\/27\/filipa-ramos-nomeada-curadora-do-festival-de-lofoten-2027-na-noruega\/\"},\"wordCount\":223,\"image\":{\"@id\":\"https:\/\/portaltela.pt\/noticias\/2026\/03\/27\/filipa-ramos-nomeada-curadora-do-festival-de-lofoten-2027-na-noruega\/#primaryimage\"},\"thumbnailUrl\":\"https:\/\/portaltela.pt\/s.01k8rhncp4jt1\/2026\/03\/2077349.jpg\",\"keywords\":[\"arte\",\"cultura\",\"ecologia\",\"festival\",\"meio-ambiente\",\"Noruega\"],\"articleSection\":[\"Cultura\",\"Lazer\"],\"inLanguage\":\"pt-PT\"},{\"@type\":\"WebPage\",\"@id\":\"https:\/\/portaltela.pt\/noticias\/2026\/03\/27\/filipa-ramos-nomeada-curadora-do-festival-de-lofoten-2027-na-noruega\/\",\"url\":\"https:\/\/portaltela.pt\/noticias\/2026\/03\/27\/filipa-ramos-nomeada-curadora-do-festival-de-lofoten-2027-na-noruega\/\",\"name\":\"Filipa Ramos nomeada curadora do festival de Lofoten 2027, na Noruega - Portal Tela Portugal\",\"isPartOf\":{\"@id\":\"https:\/\/portaltela.pt\/#website\"},\"primaryImageOfPage\":{\"@id\":\"https:\/\/portaltela.pt\/noticias\/2026\/03\/27\/filipa-ramos-nomeada-curadora-do-festival-de-lofoten-2027-na-noruega\/#primaryimage\"},\"image\":{\"@id\":\"https:\/\/portaltela.pt\/noticias\/2026\/03\/27\/filipa-ramos-nomeada-curadora-do-festival-de-lofoten-2027-na-noruega\/#primaryimage\"},\"thumbnailUrl\":\"https:\/\/portaltela.pt\/s.01k8rhncp4jt1\/2026\/03\/2077349.jpg\",\"datePublished\":\"2026-03-27T13:26:00+00:00\",\"author\":{\"@id\":\"https:\/\/portaltela.pt\/#\/schema\/person\/c4278d4a6028830caff9ee44b42d32ed\"},\"breadcrumb\":{\"@id\":\"https:\/\/portaltela.pt\/noticias\/2026\/03\/27\/filipa-ramos-nomeada-curadora-do-festival-de-lofoten-2027-na-noruega\/#breadcrumb\"},\"inLanguage\":\"pt-PT\",\"potentialAction\":[{\"@type\":\"ReadAction\",\"target\":[\"https:\/\/portaltela.pt\/noticias\/2026\/03\/27\/filipa-ramos-nomeada-curadora-do-festival-de-lofoten-2027-na-noruega\/\"]}]},{\"@type\":\"ImageObject\",\"inLanguage\":\"pt-PT\",\"@id\":\"https:\/\/portaltela.pt\/noticias\/2026\/03\/27\/filipa-ramos-nomeada-curadora-do-festival-de-lofoten-2027-na-noruega\/#primaryimage\",\"url\":\"https:\/\/portaltela.pt\/s.01k8rhncp4jt1\/2026\/03\/2077349.jpg\",\"contentUrl\":\"https:\/\/portaltela.pt\/s.01k8rhncp4jt1\/2026\/03\/2077349.jpg\",\"width\":796,\"height\":448,\"caption\":\"A curadora e investigadora portuguesa Filipa Ramos\"},{\"@type\":\"BreadcrumbList\",\"@id\":\"https:\/\/portaltela.pt\/noticias\/2026\/03\/27\/filipa-ramos-nomeada-curadora-do-festival-de-lofoten-2027-na-noruega\/#breadcrumb\",\"itemListElement\":[{\"@type\":\"ListItem\",\"position\":1,\"name\":\"In\u00edcio\",\"item\":\"https:\/\/portaltela.pt\/\"},{\"@type\":\"ListItem\",\"position\":2,\"name\":\"Filipa Ramos nomeada curadora do festival de Lofoten 2027, na Noruega\"}]},{\"@type\":\"WebSite\",\"@id\":\"https:\/\/portaltela.pt\/#website\",\"url\":\"https:\/\/portaltela.pt\/\",\"name\":\"Portal Tela Portugal\",\"description\":\"\",\"potentialAction\":[{\"@type\":\"SearchAction\",\"target\":{\"@type\":\"EntryPoint\",\"urlTemplate\":\"https:\/\/portaltela.pt\/?s={search_term_string}\"},\"query-input\":{\"@type\":\"PropertyValueSpecification\",\"valueRequired\":true,\"valueName\":\"search_term_string\"}}],\"inLanguage\":\"pt-PT\"},{\"@type\":\"Person\",\"@id\":\"https:\/\/portaltela.pt\/#\/schema\/person\/c4278d4a6028830caff9ee44b42d32ed\",\"name\":\"Telinha\",\"image\":{\"@type\":\"ImageObject\",\"inLanguage\":\"pt-PT\",\"@id\":\"https:\/\/portaltela.pt\/s.01k8rhncp4jt1\/2025\/11\/talking-bot-125x125.png\",\"url\":\"https:\/\/portaltela.pt\/s.01k8rhncp4jt1\/2025\/11\/talking-bot-125x125.png\",\"contentUrl\":\"https:\/\/portaltela.pt\/s.01k8rhncp4jt1\/2025\/11\/talking-bot-125x125.png\",\"caption\":\"Telinha\"},\"sameAs\":[\"https:\/\/portaltela.pt\/\"],\"url\":\"https:\/\/portaltela.pt\/por\/367410592786\/\"}]}<\/script>\n<!-- \/ Yoast SEO plugin. -->","yoast_head_json":{"title":"Filipa Ramos nomeada curadora do festival de Lofoten 2027, na Noruega - Portal Tela Portugal","robots":{"index":"index","follow":"follow","max-snippet":"max-snippet:-1","max-image-preview":"max-image-preview:large","max-video-preview":"max-video-preview:-1"},"og_locale":"pt_PT","og_type":"article","og_title":"Filipa Ramos nomeada curadora do festival de Lofoten 2027, na Noruega - Portal Tela Portugal","og_description":"Filipa Ramos foi nomeada curadora da edi\u00e7\u00e3o de 2027 do Festival Internacional de Arte de Lofoten (LIAF), na Noruega, que decorrer\u00e1 entre 28 de maio e 27 de junho. A proposta centra-se na escuta como pr\u00e1tica art\u00edstica e pol\u00edtica, mantendo uma forte liga\u00e7\u00e3o ao territ\u00f3rio de Lofoten. O projeto parte de uma investiga\u00e7\u00e3o sobre ecologia e coexist\u00eancia entre humanos, animais e ambientes, com pr\u00e1ticas de escuta prolongada para aproximar pessoas e narrativas. A abordagem visa criar plataformas de di\u00e1logo entre diferentes formas de vida, numa perspetiva de justi\u00e7a ambiental multiesp\u00e9cies. A nomea\u00e7\u00e3o foi saudada pela presidente do comit\u00e9 directivo do LIAF e pela diretora do Centro de Arte do Norte da Noruega; Ramos j\u00e1 colaborou com curadores bem conhecidos e participa em projetos acad\u00e9micos na Basileia.","og_url":"https:\/\/portaltela.pt\/noticias\/2026\/03\/27\/filipa-ramos-nomeada-curadora-do-festival-de-lofoten-2027-na-noruega\/","og_site_name":"Portal Tela Portugal","article_published_time":"2026-03-27T13:26:00+00:00","author":"Telinha","twitter_card":"summary_large_image","twitter_misc":{"Escrito por":"Telinha","Tempo estimado de leitura":"1 minuto"},"schema":{"@context":"https:\/\/schema.org","@graph":[{"@type":"Article","@id":"https:\/\/portaltela.pt\/noticias\/2026\/03\/27\/filipa-ramos-nomeada-curadora-do-festival-de-lofoten-2027-na-noruega\/#article","isPartOf":{"@id":"https:\/\/portaltela.pt\/noticias\/2026\/03\/27\/filipa-ramos-nomeada-curadora-do-festival-de-lofoten-2027-na-noruega\/"},"author":{"name":"Telinha","@id":"https:\/\/portaltela.pt\/#\/schema\/person\/c4278d4a6028830caff9ee44b42d32ed"},"headline":"Filipa Ramos nomeada curadora do festival de Lofoten 2027, na Noruega","datePublished":"2026-03-27T13:26:00+00:00","mainEntityOfPage":{"@id":"https:\/\/portaltela.pt\/noticias\/2026\/03\/27\/filipa-ramos-nomeada-curadora-do-festival-de-lofoten-2027-na-noruega\/"},"wordCount":223,"image":{"@id":"https:\/\/portaltela.pt\/noticias\/2026\/03\/27\/filipa-ramos-nomeada-curadora-do-festival-de-lofoten-2027-na-noruega\/#primaryimage"},"thumbnailUrl":"https:\/\/portaltela.pt\/s.01k8rhncp4jt1\/2026\/03\/2077349.jpg","keywords":["arte","cultura","ecologia","festival","meio-ambiente","Noruega"],"articleSection":["Cultura","Lazer"],"inLanguage":"pt-PT"},{"@type":"WebPage","@id":"https:\/\/portaltela.pt\/noticias\/2026\/03\/27\/filipa-ramos-nomeada-curadora-do-festival-de-lofoten-2027-na-noruega\/","url":"https:\/\/portaltela.pt\/noticias\/2026\/03\/27\/filipa-ramos-nomeada-curadora-do-festival-de-lofoten-2027-na-noruega\/","name":"Filipa Ramos nomeada curadora do festival de Lofoten 2027, na Noruega - Portal Tela Portugal","isPartOf":{"@id":"https:\/\/portaltela.pt\/#website"},"primaryImageOfPage":{"@id":"https:\/\/portaltela.pt\/noticias\/2026\/03\/27\/filipa-ramos-nomeada-curadora-do-festival-de-lofoten-2027-na-noruega\/#primaryimage"},"image":{"@id":"https:\/\/portaltela.pt\/noticias\/2026\/03\/27\/filipa-ramos-nomeada-curadora-do-festival-de-lofoten-2027-na-noruega\/#primaryimage"},"thumbnailUrl":"https:\/\/portaltela.pt\/s.01k8rhncp4jt1\/2026\/03\/2077349.jpg","datePublished":"2026-03-27T13:26:00+00:00","author":{"@id":"https:\/\/portaltela.pt\/#\/schema\/person\/c4278d4a6028830caff9ee44b42d32ed"},"breadcrumb":{"@id":"https:\/\/portaltela.pt\/noticias\/2026\/03\/27\/filipa-ramos-nomeada-curadora-do-festival-de-lofoten-2027-na-noruega\/#breadcrumb"},"inLanguage":"pt-PT","potentialAction":[{"@type":"ReadAction","target":["https:\/\/portaltela.pt\/noticias\/2026\/03\/27\/filipa-ramos-nomeada-curadora-do-festival-de-lofoten-2027-na-noruega\/"]}]},{"@type":"ImageObject","inLanguage":"pt-PT","@id":"https:\/\/portaltela.pt\/noticias\/2026\/03\/27\/filipa-ramos-nomeada-curadora-do-festival-de-lofoten-2027-na-noruega\/#primaryimage","url":"https:\/\/portaltela.pt\/s.01k8rhncp4jt1\/2026\/03\/2077349.jpg","contentUrl":"https:\/\/portaltela.pt\/s.01k8rhncp4jt1\/2026\/03\/2077349.jpg","width":796,"height":448,"caption":"A curadora e investigadora portuguesa Filipa Ramos"},{"@type":"BreadcrumbList","@id":"https:\/\/portaltela.pt\/noticias\/2026\/03\/27\/filipa-ramos-nomeada-curadora-do-festival-de-lofoten-2027-na-noruega\/#breadcrumb","itemListElement":[{"@type":"ListItem","position":1,"name":"In\u00edcio","item":"https:\/\/portaltela.pt\/"},{"@type":"ListItem","position":2,"name":"Filipa Ramos nomeada curadora do festival de Lofoten 2027, na Noruega"}]},{"@type":"WebSite","@id":"https:\/\/portaltela.pt\/#website","url":"https:\/\/portaltela.pt\/","name":"Portal Tela Portugal","description":"","potentialAction":[{"@type":"SearchAction","target":{"@type":"EntryPoint","urlTemplate":"https:\/\/portaltela.pt\/?s={search_term_string}"},"query-input":{"@type":"PropertyValueSpecification","valueRequired":true,"valueName":"search_term_string"}}],"inLanguage":"pt-PT"},{"@type":"Person","@id":"https:\/\/portaltela.pt\/#\/schema\/person\/c4278d4a6028830caff9ee44b42d32ed","name":"Telinha","image":{"@type":"ImageObject","inLanguage":"pt-PT","@id":"https:\/\/portaltela.pt\/s.01k8rhncp4jt1\/2025\/11\/talking-bot-125x125.png","url":"https:\/\/portaltela.pt\/s.01k8rhncp4jt1\/2025\/11\/talking-bot-125x125.png","contentUrl":"https:\/\/portaltela.pt\/s.01k8rhncp4jt1\/2025\/11\/talking-bot-125x125.png","caption":"Telinha"},"sameAs":["https:\/\/portaltela.pt\/"],"url":"https:\/\/portaltela.pt\/por\/367410592786\/"}]}},"_links":{"self":[{"href":"https:\/\/portaltela.pt\/api\/wp\/v2\/posts\/423705","targetHints":{"allow":["GET"]}}],"collection":[{"href":"https:\/\/portaltela.pt\/api\/wp\/v2\/posts"}],"about":[{"href":"https:\/\/portaltela.pt\/api\/wp\/v2\/types\/post"}],"author":[{"embeddable":true,"href":"https:\/\/portaltela.pt\/api\/wp\/v2\/users\/2"}],"replies":[{"embeddable":true,"href":"https:\/\/portaltela.pt\/api\/wp\/v2\/comments?post=423705"}],"version-history":[{"count":0,"href":"https:\/\/portaltela.pt\/api\/wp\/v2\/posts\/423705\/revisions"}],"wp:featuredmedia":[{"embeddable":true,"href":"https:\/\/portaltela.pt\/api\/wp\/v2\/media\/423709"}],"wp:attachment":[{"href":"https:\/\/portaltela.pt\/api\/wp\/v2\/media?parent=423705"}],"wp:term":[{"taxonomy":"category","embeddable":true,"href":"https:\/\/portaltela.pt\/api\/wp\/v2\/categories?post=423705"},{"taxonomy":"post_tag","embeddable":true,"href":"https:\/\/portaltela.pt\/api\/wp\/v2\/tags?post=423705"}],"curies":[{"name":"wp","href":"https:\/\/api.w.org\/{rel}","templated":true}]}}