{"id":423689,"date":"2026-03-27T10:02:00","date_gmt":"2026-03-27T13:02:00","guid":{"rendered":"https:\/\/portaltela.pt\/noticias\/2026\/03\/27\/desigualdade-de-cuidados-entre-ricos-e-pobres-ameaca-justica-e-coesao-social\/"},"modified":"2026-03-27T10:02:00","modified_gmt":"2026-03-27T13:02:00","slug":"desigualdade-de-cuidados-entre-ricos-e-pobres-ameaca-justica-e-coesao-social","status":"publish","type":"post","link":"https:\/\/portaltela.pt\/sociedade\/2026\/03\/27\/desigualdade-de-cuidados-entre-ricos-e-pobres-ameaca-justica-e-coesao-social\/","title":{"rendered":"Desigualdade de cuidados entre ricos e pobres amea\u00e7a justi\u00e7a e coes\u00e3o social"},"content":{"rendered":"<p>O estudo &#8220;(Re)Imaginar os Cuidados no Domic\u00edlio em Portugal&#8221; foi divulgado hoje e aponta desigualdades graves no acesso a servi\u00e7os de apoio domicili\u00e1rio. Pesquisado pelo Instituto Superior de Ci\u00eancias Sociais e Pol\u00edticas da Universidade de Lisboa, o trabalho analisa modelos de Servi\u00e7o de Apoio Domicili\u00e1rio (SAD) no pa\u00eds e prop\u00f5e medidas para melhorar a efic\u00e1cia, integra\u00e7\u00e3o e sustentabilidade.<\/p>\n<p>Foram analisados 510 SAD, dos quais 85,9% s\u00e3o n\u00e3o lucrativos, 8,6% lucrativos e 5,5% mistos, enquadrando-se no \u00e2mbito do programa Science4Policy (S4P). O estudo \u00e9 financiado pelo PLANAPP, em parceria com a Funda\u00e7\u00e3o para a Ci\u00eancia e a Tecnologia.<\/p>\n<p>A investiga\u00e7\u00e3o revela que o setor lucrativo consegue oferecer cobertura di\u00e1ria completa e servi\u00e7os personalizados, enquanto o setor n\u00e3o lucrativo enfrenta escassez de profissionais, custos log\u00edsticos elevados e dificuldades de recrutamento. A diferen\u00e7a de acesso resulta em falseamento da qualidade do atendimento para idosos com menos recursos.<\/p>\n<h3>Desigualdades no acesso e impacto<\/h3>\n<p>Os valores mensais pagos pelos utentes n\u00e3o lucrativos variam entre 100 e 200 euros (28,2%) e entre 201 e 300 euros (34,1%). No setor lucrativo, os custos situam-se entre 501 e 1.000 euros e entre 1.001 e 1.500 euros por m\u00eas, evidenciando disparidades de financiamento.<\/p>\n<p>Carla Ribeirinho explica que o modelo lucrativo permite cuidados personalizados porque \u00e9 financiado de forma direta, proporcionando cobertura 24 horas por dia, 7 dias por semana. Em contrapartida, o n\u00e3o lucrativo foca-se em cuidados b\u00e1sicos de higiene, alimenta\u00e7\u00e3o e vestu\u00e1rio, com m\u00e9dia de apenas uma hora de atendimento di\u00e1rio em muitos casos.<\/p>\n<h3>Recomenda\u00e7\u00f5es e perspetivas<\/h3>\n<p>O estudo sustenta a necessidade de respostas integradas, alertando para a falta de articula\u00e7\u00e3o entre unidades de sa\u00fade, cuidados continuados e servi\u00e7os de reabilita\u00e7\u00e3o. Recomenda-se uma revis\u00e3o do modelo de financiamento para acompanhar a complexidade dos cadastros e o territ\u00f3rio, valoriza\u00e7\u00e3o de equipas, forma\u00e7\u00e3o de profissionais e integra\u00e7\u00e3o de cuidadores informais.<\/p>\n<p>Entre as medidas propostas est\u00e3o o refor\u00e7o do planeamento comunit\u00e1rio, a diversifica\u00e7\u00e3o de servi\u00e7os e o uso de tecnologia, como a teleassist\u00eancia, para melhorar a continuidade dos cuidados e o envelhecimento em casa com dignidade.<\/p>\n","protected":false},"excerpt":{"rendered":"<ul>\n<li>O estudo &#8220;(Re)Imaginar os Cuidados no Domic\u00edlio em Portugal&#8221; analisou 510 Servi\u00e7os de Apoio Domicili\u00e1rio (SAD) e concluiu que existem desigualdades de acesso e qualidade.<\/li>\n<li>Dos SAD analisados, 85,9% s\u00e3o organiza\u00e7\u00f5es n\u00e3o lucrativas, 8,6% lucrativas e 5,5% mistas.<\/li>\n<li>O acesso depende da capacidade financeira: utentes com menos recursos recebem, em m\u00e9dia, apenas uma hora de cuidados por dia, enquanto o setor lucrativo oferece cobertura completa 24 horas por dia, sete dias por semana.<\/li>\n<li>Os valores mensais variam entre os setores: n\u00e3o lucrativo fica entre 100 e 200 euros (28,2%) ou 201 a 300 euros (34,1%), j\u00e1 o lucrativo situa-se entre 501 a 1.000 euros e 1.001 a 1.500 euros.<\/li>\n<li>Entre as recomenda\u00e7\u00f5es est\u00e3o rever o modelo de financiamento, valorizar as equipas, integrar cuidadores informais, melhorar o planeamento comunit\u00e1rio e aplicar tecnologia, para reduzir desigualdades e favorecer o envelhecimento em casa.<\/li>\n<\/ul>\n","protected":false},"author":2,"featured_media":423696,"comment_status":"closed","ping_status":"closed","sticky":false,"template":"","format":"standard","meta":{"footnotes":""},"categories":[6745,6871],"tags":[2172,2654,5437,28,173,271],"class_list":["post-423689","post","type-post","status-publish","format-standard","has-post-thumbnail","hentry","category-saude","category-sociedade","tag-assistencia-social","tag-cuidados-de-saude-primarios","tag-desigualdades-sociais","tag-economia","tag-protecao-social","tag-saude-publica"],"yoast_head":"<!-- This site is optimized with the Yoast SEO plugin v27.2 - https:\/\/yoast.com\/product\/yoast-seo-wordpress\/ -->\n<title>Desigualdade de cuidados entre ricos e pobres amea\u00e7a justi\u00e7a e coes\u00e3o social - Portal Tela Portugal<\/title>\n<meta name=\"robots\" content=\"index, follow, max-snippet:-1, max-image-preview:large, max-video-preview:-1\" \/>\n<meta property=\"og:locale\" content=\"pt_PT\" \/>\n<meta property=\"og:type\" content=\"article\" \/>\n<meta property=\"og:title\" content=\"Desigualdade de cuidados entre ricos e pobres amea\u00e7a justi\u00e7a e coes\u00e3o social - Portal Tela Portugal\" \/>\n<meta property=\"og:description\" content=\"O estudo &quot;(Re)Imaginar os Cuidados no Domic\u00edlio em Portugal&quot; analisou 510 Servi\u00e7os de Apoio Domicili\u00e1rio (SAD) e concluiu que existem desigualdades de acesso e qualidade. Dos SAD analisados, 85,9% s\u00e3o organiza\u00e7\u00f5es n\u00e3o lucrativas, 8,6% lucrativas e 5,5% mistas. O acesso depende da capacidade financeira: utentes com menos recursos recebem, em m\u00e9dia, apenas uma hora de cuidados por dia, enquanto o setor lucrativo oferece cobertura completa 24 horas por dia, sete dias por semana. Os valores mensais variam entre os setores: n\u00e3o lucrativo fica entre 100 e 200 euros (28,2%) ou 201 a 300 euros (34,1%), j\u00e1 o lucrativo situa-se entre 501 a 1.000 euros e 1.001 a 1.500 euros. Entre as recomenda\u00e7\u00f5es est\u00e3o rever o modelo de financiamento, valorizar as equipas, integrar cuidadores informais, melhorar o planeamento comunit\u00e1rio e aplicar tecnologia, para reduzir desigualdades e favorecer o envelhecimento em casa.\" \/>\n<meta property=\"og:url\" content=\"https:\/\/portaltela.pt\/noticias\/2026\/03\/27\/desigualdade-de-cuidados-entre-ricos-e-pobres-ameaca-justica-e-coesao-social\/\" \/>\n<meta property=\"og:site_name\" content=\"Portal Tela Portugal\" \/>\n<meta property=\"article:published_time\" content=\"2026-03-27T13:02:00+00:00\" \/>\n<meta name=\"author\" content=\"Telinha\" \/>\n<meta name=\"twitter:card\" content=\"summary_large_image\" \/>\n<meta name=\"twitter:label1\" content=\"Escrito por\" \/>\n\t<meta name=\"twitter:data1\" content=\"Telinha\" \/>\n\t<meta name=\"twitter:label2\" content=\"Tempo estimado de leitura\" \/>\n\t<meta name=\"twitter:data2\" content=\"2 minutos\" \/>\n<script type=\"application\/ld+json\" class=\"yoast-schema-graph\">{\"@context\":\"https:\/\/schema.org\",\"@graph\":[{\"@type\":\"Article\",\"@id\":\"https:\/\/portaltela.pt\/noticias\/2026\/03\/27\/desigualdade-de-cuidados-entre-ricos-e-pobres-ameaca-justica-e-coesao-social\/#article\",\"isPartOf\":{\"@id\":\"https:\/\/portaltela.pt\/noticias\/2026\/03\/27\/desigualdade-de-cuidados-entre-ricos-e-pobres-ameaca-justica-e-coesao-social\/\"},\"author\":{\"name\":\"Telinha\",\"@id\":\"https:\/\/portaltela.pt\/#\/schema\/person\/c4278d4a6028830caff9ee44b42d32ed\"},\"headline\":\"Desigualdade de cuidados entre ricos e pobres amea\u00e7a justi\u00e7a e coes\u00e3o social\",\"datePublished\":\"2026-03-27T13:02:00+00:00\",\"mainEntityOfPage\":{\"@id\":\"https:\/\/portaltela.pt\/noticias\/2026\/03\/27\/desigualdade-de-cuidados-entre-ricos-e-pobres-ameaca-justica-e-coesao-social\/\"},\"wordCount\":380,\"image\":{\"@id\":\"https:\/\/portaltela.pt\/noticias\/2026\/03\/27\/desigualdade-de-cuidados-entre-ricos-e-pobres-ameaca-justica-e-coesao-social\/#primaryimage\"},\"thumbnailUrl\":\"https:\/\/portaltela.pt\/s.01k8rhncp4jt1\/2026\/03\/image-1600.jpg\",\"keywords\":[\"assist\u00eancia social\",\"Cuidados de Sa\u00fade Prim\u00e1rios\",\"desigualdades sociais\",\"economia\",\"prote\u00e7\u00e3o social\",\"sa\u00fade p\u00fablica\"],\"articleSection\":[\"Sa\u00fade\",\"Sociedade\"],\"inLanguage\":\"pt-PT\"},{\"@type\":\"WebPage\",\"@id\":\"https:\/\/portaltela.pt\/noticias\/2026\/03\/27\/desigualdade-de-cuidados-entre-ricos-e-pobres-ameaca-justica-e-coesao-social\/\",\"url\":\"https:\/\/portaltela.pt\/noticias\/2026\/03\/27\/desigualdade-de-cuidados-entre-ricos-e-pobres-ameaca-justica-e-coesao-social\/\",\"name\":\"Desigualdade de cuidados entre ricos e pobres amea\u00e7a justi\u00e7a e coes\u00e3o social - Portal Tela Portugal\",\"isPartOf\":{\"@id\":\"https:\/\/portaltela.pt\/#website\"},\"primaryImageOfPage\":{\"@id\":\"https:\/\/portaltela.pt\/noticias\/2026\/03\/27\/desigualdade-de-cuidados-entre-ricos-e-pobres-ameaca-justica-e-coesao-social\/#primaryimage\"},\"image\":{\"@id\":\"https:\/\/portaltela.pt\/noticias\/2026\/03\/27\/desigualdade-de-cuidados-entre-ricos-e-pobres-ameaca-justica-e-coesao-social\/#primaryimage\"},\"thumbnailUrl\":\"https:\/\/portaltela.pt\/s.01k8rhncp4jt1\/2026\/03\/image-1600.jpg\",\"datePublished\":\"2026-03-27T13:02:00+00:00\",\"author\":{\"@id\":\"https:\/\/portaltela.pt\/#\/schema\/person\/c4278d4a6028830caff9ee44b42d32ed\"},\"breadcrumb\":{\"@id\":\"https:\/\/portaltela.pt\/noticias\/2026\/03\/27\/desigualdade-de-cuidados-entre-ricos-e-pobres-ameaca-justica-e-coesao-social\/#breadcrumb\"},\"inLanguage\":\"pt-PT\",\"potentialAction\":[{\"@type\":\"ReadAction\",\"target\":[\"https:\/\/portaltela.pt\/noticias\/2026\/03\/27\/desigualdade-de-cuidados-entre-ricos-e-pobres-ameaca-justica-e-coesao-social\/\"]}]},{\"@type\":\"ImageObject\",\"inLanguage\":\"pt-PT\",\"@id\":\"https:\/\/portaltela.pt\/noticias\/2026\/03\/27\/desigualdade-de-cuidados-entre-ricos-e-pobres-ameaca-justica-e-coesao-social\/#primaryimage\",\"url\":\"https:\/\/portaltela.pt\/s.01k8rhncp4jt1\/2026\/03\/image-1600.jpg\",\"contentUrl\":\"https:\/\/portaltela.pt\/s.01k8rhncp4jt1\/2026\/03\/image-1600.jpg\",\"width\":796,\"height\":448,\"caption\":\"Quase quatro em cada dez cuidadores cuida da m\u00e3e ou do pai\"},{\"@type\":\"BreadcrumbList\",\"@id\":\"https:\/\/portaltela.pt\/noticias\/2026\/03\/27\/desigualdade-de-cuidados-entre-ricos-e-pobres-ameaca-justica-e-coesao-social\/#breadcrumb\",\"itemListElement\":[{\"@type\":\"ListItem\",\"position\":1,\"name\":\"In\u00edcio\",\"item\":\"https:\/\/portaltela.pt\/\"},{\"@type\":\"ListItem\",\"position\":2,\"name\":\"Desigualdade de cuidados entre ricos e pobres amea\u00e7a justi\u00e7a e coes\u00e3o social\"}]},{\"@type\":\"WebSite\",\"@id\":\"https:\/\/portaltela.pt\/#website\",\"url\":\"https:\/\/portaltela.pt\/\",\"name\":\"Portal Tela Portugal\",\"description\":\"\",\"potentialAction\":[{\"@type\":\"SearchAction\",\"target\":{\"@type\":\"EntryPoint\",\"urlTemplate\":\"https:\/\/portaltela.pt\/?s={search_term_string}\"},\"query-input\":{\"@type\":\"PropertyValueSpecification\",\"valueRequired\":true,\"valueName\":\"search_term_string\"}}],\"inLanguage\":\"pt-PT\"},{\"@type\":\"Person\",\"@id\":\"https:\/\/portaltela.pt\/#\/schema\/person\/c4278d4a6028830caff9ee44b42d32ed\",\"name\":\"Telinha\",\"image\":{\"@type\":\"ImageObject\",\"inLanguage\":\"pt-PT\",\"@id\":\"https:\/\/portaltela.pt\/s.01k8rhncp4jt1\/2025\/11\/talking-bot-125x125.png\",\"url\":\"https:\/\/portaltela.pt\/s.01k8rhncp4jt1\/2025\/11\/talking-bot-125x125.png\",\"contentUrl\":\"https:\/\/portaltela.pt\/s.01k8rhncp4jt1\/2025\/11\/talking-bot-125x125.png\",\"caption\":\"Telinha\"},\"sameAs\":[\"https:\/\/portaltela.pt\/\"],\"url\":\"https:\/\/portaltela.pt\/por\/367410592786\/\"}]}<\/script>\n<!-- \/ Yoast SEO plugin. -->","yoast_head_json":{"title":"Desigualdade de cuidados entre ricos e pobres amea\u00e7a justi\u00e7a e coes\u00e3o social - Portal Tela Portugal","robots":{"index":"index","follow":"follow","max-snippet":"max-snippet:-1","max-image-preview":"max-image-preview:large","max-video-preview":"max-video-preview:-1"},"og_locale":"pt_PT","og_type":"article","og_title":"Desigualdade de cuidados entre ricos e pobres amea\u00e7a justi\u00e7a e coes\u00e3o social - Portal Tela Portugal","og_description":"O estudo \"(Re)Imaginar os Cuidados no Domic\u00edlio em Portugal\" analisou 510 Servi\u00e7os de Apoio Domicili\u00e1rio (SAD) e concluiu que existem desigualdades de acesso e qualidade. Dos SAD analisados, 85,9% s\u00e3o organiza\u00e7\u00f5es n\u00e3o lucrativas, 8,6% lucrativas e 5,5% mistas. O acesso depende da capacidade financeira: utentes com menos recursos recebem, em m\u00e9dia, apenas uma hora de cuidados por dia, enquanto o setor lucrativo oferece cobertura completa 24 horas por dia, sete dias por semana. Os valores mensais variam entre os setores: n\u00e3o lucrativo fica entre 100 e 200 euros (28,2%) ou 201 a 300 euros (34,1%), j\u00e1 o lucrativo situa-se entre 501 a 1.000 euros e 1.001 a 1.500 euros. Entre as recomenda\u00e7\u00f5es est\u00e3o rever o modelo de financiamento, valorizar as equipas, integrar cuidadores informais, melhorar o planeamento comunit\u00e1rio e aplicar tecnologia, para reduzir desigualdades e favorecer o envelhecimento em casa.","og_url":"https:\/\/portaltela.pt\/noticias\/2026\/03\/27\/desigualdade-de-cuidados-entre-ricos-e-pobres-ameaca-justica-e-coesao-social\/","og_site_name":"Portal Tela Portugal","article_published_time":"2026-03-27T13:02:00+00:00","author":"Telinha","twitter_card":"summary_large_image","twitter_misc":{"Escrito por":"Telinha","Tempo estimado de leitura":"2 minutos"},"schema":{"@context":"https:\/\/schema.org","@graph":[{"@type":"Article","@id":"https:\/\/portaltela.pt\/noticias\/2026\/03\/27\/desigualdade-de-cuidados-entre-ricos-e-pobres-ameaca-justica-e-coesao-social\/#article","isPartOf":{"@id":"https:\/\/portaltela.pt\/noticias\/2026\/03\/27\/desigualdade-de-cuidados-entre-ricos-e-pobres-ameaca-justica-e-coesao-social\/"},"author":{"name":"Telinha","@id":"https:\/\/portaltela.pt\/#\/schema\/person\/c4278d4a6028830caff9ee44b42d32ed"},"headline":"Desigualdade de cuidados entre ricos e pobres amea\u00e7a justi\u00e7a e coes\u00e3o social","datePublished":"2026-03-27T13:02:00+00:00","mainEntityOfPage":{"@id":"https:\/\/portaltela.pt\/noticias\/2026\/03\/27\/desigualdade-de-cuidados-entre-ricos-e-pobres-ameaca-justica-e-coesao-social\/"},"wordCount":380,"image":{"@id":"https:\/\/portaltela.pt\/noticias\/2026\/03\/27\/desigualdade-de-cuidados-entre-ricos-e-pobres-ameaca-justica-e-coesao-social\/#primaryimage"},"thumbnailUrl":"https:\/\/portaltela.pt\/s.01k8rhncp4jt1\/2026\/03\/image-1600.jpg","keywords":["assist\u00eancia social","Cuidados de Sa\u00fade Prim\u00e1rios","desigualdades sociais","economia","prote\u00e7\u00e3o social","sa\u00fade p\u00fablica"],"articleSection":["Sa\u00fade","Sociedade"],"inLanguage":"pt-PT"},{"@type":"WebPage","@id":"https:\/\/portaltela.pt\/noticias\/2026\/03\/27\/desigualdade-de-cuidados-entre-ricos-e-pobres-ameaca-justica-e-coesao-social\/","url":"https:\/\/portaltela.pt\/noticias\/2026\/03\/27\/desigualdade-de-cuidados-entre-ricos-e-pobres-ameaca-justica-e-coesao-social\/","name":"Desigualdade de cuidados entre ricos e pobres amea\u00e7a justi\u00e7a e coes\u00e3o social - Portal Tela Portugal","isPartOf":{"@id":"https:\/\/portaltela.pt\/#website"},"primaryImageOfPage":{"@id":"https:\/\/portaltela.pt\/noticias\/2026\/03\/27\/desigualdade-de-cuidados-entre-ricos-e-pobres-ameaca-justica-e-coesao-social\/#primaryimage"},"image":{"@id":"https:\/\/portaltela.pt\/noticias\/2026\/03\/27\/desigualdade-de-cuidados-entre-ricos-e-pobres-ameaca-justica-e-coesao-social\/#primaryimage"},"thumbnailUrl":"https:\/\/portaltela.pt\/s.01k8rhncp4jt1\/2026\/03\/image-1600.jpg","datePublished":"2026-03-27T13:02:00+00:00","author":{"@id":"https:\/\/portaltela.pt\/#\/schema\/person\/c4278d4a6028830caff9ee44b42d32ed"},"breadcrumb":{"@id":"https:\/\/portaltela.pt\/noticias\/2026\/03\/27\/desigualdade-de-cuidados-entre-ricos-e-pobres-ameaca-justica-e-coesao-social\/#breadcrumb"},"inLanguage":"pt-PT","potentialAction":[{"@type":"ReadAction","target":["https:\/\/portaltela.pt\/noticias\/2026\/03\/27\/desigualdade-de-cuidados-entre-ricos-e-pobres-ameaca-justica-e-coesao-social\/"]}]},{"@type":"ImageObject","inLanguage":"pt-PT","@id":"https:\/\/portaltela.pt\/noticias\/2026\/03\/27\/desigualdade-de-cuidados-entre-ricos-e-pobres-ameaca-justica-e-coesao-social\/#primaryimage","url":"https:\/\/portaltela.pt\/s.01k8rhncp4jt1\/2026\/03\/image-1600.jpg","contentUrl":"https:\/\/portaltela.pt\/s.01k8rhncp4jt1\/2026\/03\/image-1600.jpg","width":796,"height":448,"caption":"Quase quatro em cada dez cuidadores cuida da m\u00e3e ou do pai"},{"@type":"BreadcrumbList","@id":"https:\/\/portaltela.pt\/noticias\/2026\/03\/27\/desigualdade-de-cuidados-entre-ricos-e-pobres-ameaca-justica-e-coesao-social\/#breadcrumb","itemListElement":[{"@type":"ListItem","position":1,"name":"In\u00edcio","item":"https:\/\/portaltela.pt\/"},{"@type":"ListItem","position":2,"name":"Desigualdade de cuidados entre ricos e pobres amea\u00e7a justi\u00e7a e coes\u00e3o social"}]},{"@type":"WebSite","@id":"https:\/\/portaltela.pt\/#website","url":"https:\/\/portaltela.pt\/","name":"Portal Tela Portugal","description":"","potentialAction":[{"@type":"SearchAction","target":{"@type":"EntryPoint","urlTemplate":"https:\/\/portaltela.pt\/?s={search_term_string}"},"query-input":{"@type":"PropertyValueSpecification","valueRequired":true,"valueName":"search_term_string"}}],"inLanguage":"pt-PT"},{"@type":"Person","@id":"https:\/\/portaltela.pt\/#\/schema\/person\/c4278d4a6028830caff9ee44b42d32ed","name":"Telinha","image":{"@type":"ImageObject","inLanguage":"pt-PT","@id":"https:\/\/portaltela.pt\/s.01k8rhncp4jt1\/2025\/11\/talking-bot-125x125.png","url":"https:\/\/portaltela.pt\/s.01k8rhncp4jt1\/2025\/11\/talking-bot-125x125.png","contentUrl":"https:\/\/portaltela.pt\/s.01k8rhncp4jt1\/2025\/11\/talking-bot-125x125.png","caption":"Telinha"},"sameAs":["https:\/\/portaltela.pt\/"],"url":"https:\/\/portaltela.pt\/por\/367410592786\/"}]}},"_links":{"self":[{"href":"https:\/\/portaltela.pt\/api\/wp\/v2\/posts\/423689","targetHints":{"allow":["GET"]}}],"collection":[{"href":"https:\/\/portaltela.pt\/api\/wp\/v2\/posts"}],"about":[{"href":"https:\/\/portaltela.pt\/api\/wp\/v2\/types\/post"}],"author":[{"embeddable":true,"href":"https:\/\/portaltela.pt\/api\/wp\/v2\/users\/2"}],"replies":[{"embeddable":true,"href":"https:\/\/portaltela.pt\/api\/wp\/v2\/comments?post=423689"}],"version-history":[{"count":0,"href":"https:\/\/portaltela.pt\/api\/wp\/v2\/posts\/423689\/revisions"}],"wp:featuredmedia":[{"embeddable":true,"href":"https:\/\/portaltela.pt\/api\/wp\/v2\/media\/423696"}],"wp:attachment":[{"href":"https:\/\/portaltela.pt\/api\/wp\/v2\/media?parent=423689"}],"wp:term":[{"taxonomy":"category","embeddable":true,"href":"https:\/\/portaltela.pt\/api\/wp\/v2\/categories?post=423689"},{"taxonomy":"post_tag","embeddable":true,"href":"https:\/\/portaltela.pt\/api\/wp\/v2\/tags?post=423689"}],"curies":[{"name":"wp","href":"https:\/\/api.w.org\/{rel}","templated":true}]}}