{"id":423685,"date":"2026-03-27T09:52:00","date_gmt":"2026-03-27T12:52:00","guid":{"rendered":"https:\/\/portaltela.pt\/noticias\/2026\/03\/27\/colgate-alerta-para-a-prevencao-da-saude-oral\/"},"modified":"2026-03-27T09:52:00","modified_gmt":"2026-03-27T12:52:00","slug":"colgate-alerta-para-a-prevencao-da-saude-oral","status":"publish","type":"post","link":"https:\/\/portaltela.pt\/saude\/2026\/03\/27\/colgate-alerta-para-a-prevencao-da-saude-oral\/","title":{"rendered":"Colgate alerta para a preven\u00e7\u00e3o da sa\u00fade oral"},"content":{"rendered":"<p>A Colgate dinamizou o M\u00eas da Sa\u00fade Oral com uma ativa\u00e7\u00e3o no Centro Comercial Colombo, em Lisboa. Foi disponibilizado rastreio gratuito e aconselhamento personalizado para demonstrar que prevenir \u00e9 mais simples do que tratar. O objetivo \u00e9 associar cuidados orais \u00e0 sa\u00fade global.<\/p>\n<p>Durante o evento, os visitantes puderam conhecer o estado da sua sa\u00fade oral e ficar a par de medidas simples para evitar problemas futuros. Muitos estiveram pela primeira vez num check-up informal e acess\u00edvel, aproximando o tema do quotidiano.<\/p>\n<p>A iniciativa refor\u00e7ou que a preven\u00e7\u00e3o n\u00e3o \u00e9 apenas escovar, mas ter uma rotina completa. Os participantes receberam orienta\u00e7\u00e3o personalizada conforme as suas preocupa\u00e7\u00f5es, como sensibilidade ou sangramento gengival, para ajustar cuidados a cada caso.<\/p>\n<h3>Preven\u00e7\u00e3o traduzida em a\u00e7\u00f5es<\/h3>\n<p>A din\u00e2mica permitiu identificar sinais comuns e orientar sobre a escolha de produtos adequados. A \u00eanfase recaiu sobre a necessidade de uma pasta com fl\u00faor adequado, remineraliza\u00e7\u00e3o e a\u00e7\u00e3o antibacteriana, que proteja dentes, gengivas e l\u00edngua.<\/p>\n<p>A higienista Rita Cruz de Sousa explicou que muitos problemas se desenvolvem sem dor. Adiar tratamento pode agravar situa\u00e7\u00f5es. Preven\u00e7\u00e3o simples e di\u00e1ria reduz desconfortos, tratamentos complexos e custos adicionais.<\/p>\n<p>A interven\u00e7\u00e3o destacou que a escolha da pasta de dentes n\u00e3o deve ser autom\u00e1tica. A apresenta\u00e7\u00e3o mostrou como uma op\u00e7\u00e3o informada pode impactar a preven\u00e7\u00e3o. A linha Colgate Total Preven\u00e7\u00e3o Ativa foi apresentada como op\u00e7\u00e3o indicada para combater a principal causa de problemas.<\/p>\n<h3>Continuidade da iniciativa<\/h3>\n<p>A Colgate informou que, al\u00e9m da a\u00e7\u00e3o em Lisboa, h\u00e1 um novo ponto no Norte do pa\u00eds. No dia 28 de mar\u00e7o, o NorteShopping, no Porto, recebe rastreios gratuitos e aconselhamento, com brindes e apresenta\u00e7\u00e3o da gama Colgate Total.<\/p>\n<p>A a\u00e7\u00e3o em espa\u00e7os comerciais aproxima a preven\u00e7\u00e3o da vida di\u00e1ria, refor\u00e7ando que cuidar da sa\u00fade oral \u00e9 parte da sa\u00fade global. O apelo \u00e9 simples: aproveite o check-up e reveja h\u00e1bitos para evitar problemas futuros.<\/p>\n","protected":false},"excerpt":{"rendered":"<ul>\n<li>A Colgate realizou, no Centro Colombo, em Lisboa, uma ativa\u00e7\u00e3o com rastreios gratuitos e aconselhamento personalizado, para promover a preven\u00e7\u00e3o na sa\u00fade oral.<\/li>\n<li>O objetivo foi mostrar que cuidar da sa\u00fade oral \u00e9 essencial para a sa\u00fade global e que a preven\u00e7\u00e3o deve fazer parte da rotina, tal como alimenta\u00e7\u00e3o e exerc\u00edcio.<\/li>\n<li>A a\u00e7\u00e3o incluiu uma din\u00e2mica onde os participantes identificavam preocupa\u00e7\u00f5es (sensibilidade, sangramento gengival, c\u00e1ries) e recebiam orienta\u00e7\u00e3o personalizada.<\/li>\n<li>A higienista oral Rita Cruz de Sousa explicou que a pasta ideal deve ter fluore em n\u00edveis adequados, a\u00e7\u00e3o remineralizante e efeito antibacteriano, destacando a necessidade de detetar problemas antes que surgam sintomas.<\/li>\n<li>A iniciativa segue para o Porto, no NorteShopping, a 28 de mar\u00e7o, com rastreios gratuitos, aconselhamento e brindes, e divulga\u00e7\u00e3o da gama Colgate Total Preven\u00e7\u00e3o Ativa.<\/li>\n<\/ul>\n","protected":false},"author":2,"featured_media":423692,"comment_status":"closed","ping_status":"closed","sticky":false,"template":"","format":"standard","meta":{"footnotes":""},"categories":[7371,6745],"tags":[4851,981,982,74,172,2022],"class_list":["post-423685","post","type-post","status-publish","format-standard","has-post-thumbnail","hentry","category-medicina","category-saude","tag-higiene","tag-lisboa","tag-porto","tag-prevencao","tag-saude","tag-saude-oral"],"yoast_head":"<!-- This site is optimized with the Yoast SEO plugin v27.2 - https:\/\/yoast.com\/product\/yoast-seo-wordpress\/ -->\n<title>Colgate alerta para a preven\u00e7\u00e3o da sa\u00fade oral - Portal Tela Portugal<\/title>\n<meta name=\"robots\" content=\"index, follow, max-snippet:-1, max-image-preview:large, max-video-preview:-1\" \/>\n<meta property=\"og:locale\" content=\"pt_PT\" \/>\n<meta property=\"og:type\" content=\"article\" \/>\n<meta property=\"og:title\" content=\"Colgate alerta para a preven\u00e7\u00e3o da sa\u00fade oral - Portal Tela Portugal\" \/>\n<meta property=\"og:description\" content=\"A Colgate realizou, no Centro Colombo, em Lisboa, uma ativa\u00e7\u00e3o com rastreios gratuitos e aconselhamento personalizado, para promover a preven\u00e7\u00e3o na sa\u00fade oral. O objetivo foi mostrar que cuidar da sa\u00fade oral \u00e9 essencial para a sa\u00fade global e que a preven\u00e7\u00e3o deve fazer parte da rotina, tal como alimenta\u00e7\u00e3o e exerc\u00edcio. A a\u00e7\u00e3o incluiu uma din\u00e2mica onde os participantes identificavam preocupa\u00e7\u00f5es (sensibilidade, sangramento gengival, c\u00e1ries) e recebiam orienta\u00e7\u00e3o personalizada. A higienista oral Rita Cruz de Sousa explicou que a pasta ideal deve ter fluore em n\u00edveis adequados, a\u00e7\u00e3o remineralizante e efeito antibacteriano, destacando a necessidade de detetar problemas antes que surgam sintomas. A iniciativa segue para o Porto, no NorteShopping, a 28 de mar\u00e7o, com rastreios gratuitos, aconselhamento e brindes, e divulga\u00e7\u00e3o da gama Colgate Total Preven\u00e7\u00e3o Ativa.\" \/>\n<meta property=\"og:url\" content=\"https:\/\/portaltela.pt\/noticias\/2026\/03\/27\/colgate-alerta-para-a-prevencao-da-saude-oral\/\" \/>\n<meta property=\"og:site_name\" content=\"Portal Tela Portugal\" \/>\n<meta property=\"article:published_time\" content=\"2026-03-27T12:52:00+00:00\" \/>\n<meta name=\"author\" content=\"Telinha\" \/>\n<meta name=\"twitter:card\" content=\"summary_large_image\" \/>\n<meta name=\"twitter:label1\" content=\"Escrito por\" \/>\n\t<meta name=\"twitter:data1\" content=\"Telinha\" \/>\n\t<meta name=\"twitter:label2\" content=\"Tempo estimado de leitura\" \/>\n\t<meta name=\"twitter:data2\" content=\"2 minutos\" \/>\n<script type=\"application\/ld+json\" class=\"yoast-schema-graph\">{\"@context\":\"https:\/\/schema.org\",\"@graph\":[{\"@type\":\"Article\",\"@id\":\"https:\/\/portaltela.pt\/noticias\/2026\/03\/27\/colgate-alerta-para-a-prevencao-da-saude-oral\/#article\",\"isPartOf\":{\"@id\":\"https:\/\/portaltela.pt\/noticias\/2026\/03\/27\/colgate-alerta-para-a-prevencao-da-saude-oral\/\"},\"author\":{\"name\":\"Telinha\",\"@id\":\"https:\/\/portaltela.pt\/#\/schema\/person\/c4278d4a6028830caff9ee44b42d32ed\"},\"headline\":\"Colgate alerta para a preven\u00e7\u00e3o da sa\u00fade oral\",\"datePublished\":\"2026-03-27T12:52:00+00:00\",\"mainEntityOfPage\":{\"@id\":\"https:\/\/portaltela.pt\/noticias\/2026\/03\/27\/colgate-alerta-para-a-prevencao-da-saude-oral\/\"},\"wordCount\":353,\"image\":{\"@id\":\"https:\/\/portaltela.pt\/noticias\/2026\/03\/27\/colgate-alerta-para-a-prevencao-da-saude-oral\/#primaryimage\"},\"thumbnailUrl\":\"https:\/\/portaltela.pt\/s.01k8rhncp4jt1\/2026\/03\/img_1280x719uu2026-03-25-11-30-00-2274700.jpg\",\"keywords\":[\"higiene\",\"Lisboa\",\"Porto\",\"preven\u00e7\u00e3o\",\"sa\u00fade\",\"Sa\u00fade Oral\"],\"articleSection\":[\"Medicina\",\"Sa\u00fade\"],\"inLanguage\":\"pt-PT\"},{\"@type\":\"WebPage\",\"@id\":\"https:\/\/portaltela.pt\/noticias\/2026\/03\/27\/colgate-alerta-para-a-prevencao-da-saude-oral\/\",\"url\":\"https:\/\/portaltela.pt\/noticias\/2026\/03\/27\/colgate-alerta-para-a-prevencao-da-saude-oral\/\",\"name\":\"Colgate alerta para a preven\u00e7\u00e3o da sa\u00fade oral - Portal Tela Portugal\",\"isPartOf\":{\"@id\":\"https:\/\/portaltela.pt\/#website\"},\"primaryImageOfPage\":{\"@id\":\"https:\/\/portaltela.pt\/noticias\/2026\/03\/27\/colgate-alerta-para-a-prevencao-da-saude-oral\/#primaryimage\"},\"image\":{\"@id\":\"https:\/\/portaltela.pt\/noticias\/2026\/03\/27\/colgate-alerta-para-a-prevencao-da-saude-oral\/#primaryimage\"},\"thumbnailUrl\":\"https:\/\/portaltela.pt\/s.01k8rhncp4jt1\/2026\/03\/img_1280x719uu2026-03-25-11-30-00-2274700.jpg\",\"datePublished\":\"2026-03-27T12:52:00+00:00\",\"author\":{\"@id\":\"https:\/\/portaltela.pt\/#\/schema\/person\/c4278d4a6028830caff9ee44b42d32ed\"},\"breadcrumb\":{\"@id\":\"https:\/\/portaltela.pt\/noticias\/2026\/03\/27\/colgate-alerta-para-a-prevencao-da-saude-oral\/#breadcrumb\"},\"inLanguage\":\"pt-PT\",\"potentialAction\":[{\"@type\":\"ReadAction\",\"target\":[\"https:\/\/portaltela.pt\/noticias\/2026\/03\/27\/colgate-alerta-para-a-prevencao-da-saude-oral\/\"]}]},{\"@type\":\"ImageObject\",\"inLanguage\":\"pt-PT\",\"@id\":\"https:\/\/portaltela.pt\/noticias\/2026\/03\/27\/colgate-alerta-para-a-prevencao-da-saude-oral\/#primaryimage\",\"url\":\"https:\/\/portaltela.pt\/s.01k8rhncp4jt1\/2026\/03\/img_1280x719uu2026-03-25-11-30-00-2274700.jpg\",\"contentUrl\":\"https:\/\/portaltela.pt\/s.01k8rhncp4jt1\/2026\/03\/img_1280x719uu2026-03-25-11-30-00-2274700.jpg\",\"width\":796,\"height\":448,\"caption\":\"Cuide da sua sa\u00fade oral\"},{\"@type\":\"BreadcrumbList\",\"@id\":\"https:\/\/portaltela.pt\/noticias\/2026\/03\/27\/colgate-alerta-para-a-prevencao-da-saude-oral\/#breadcrumb\",\"itemListElement\":[{\"@type\":\"ListItem\",\"position\":1,\"name\":\"In\u00edcio\",\"item\":\"https:\/\/portaltela.pt\/\"},{\"@type\":\"ListItem\",\"position\":2,\"name\":\"Colgate alerta para a preven\u00e7\u00e3o da sa\u00fade oral\"}]},{\"@type\":\"WebSite\",\"@id\":\"https:\/\/portaltela.pt\/#website\",\"url\":\"https:\/\/portaltela.pt\/\",\"name\":\"Portal Tela Portugal\",\"description\":\"\",\"potentialAction\":[{\"@type\":\"SearchAction\",\"target\":{\"@type\":\"EntryPoint\",\"urlTemplate\":\"https:\/\/portaltela.pt\/?s={search_term_string}\"},\"query-input\":{\"@type\":\"PropertyValueSpecification\",\"valueRequired\":true,\"valueName\":\"search_term_string\"}}],\"inLanguage\":\"pt-PT\"},{\"@type\":\"Person\",\"@id\":\"https:\/\/portaltela.pt\/#\/schema\/person\/c4278d4a6028830caff9ee44b42d32ed\",\"name\":\"Telinha\",\"image\":{\"@type\":\"ImageObject\",\"inLanguage\":\"pt-PT\",\"@id\":\"https:\/\/portaltela.pt\/s.01k8rhncp4jt1\/2025\/11\/talking-bot-125x125.png\",\"url\":\"https:\/\/portaltela.pt\/s.01k8rhncp4jt1\/2025\/11\/talking-bot-125x125.png\",\"contentUrl\":\"https:\/\/portaltela.pt\/s.01k8rhncp4jt1\/2025\/11\/talking-bot-125x125.png\",\"caption\":\"Telinha\"},\"sameAs\":[\"https:\/\/portaltela.pt\/\"],\"url\":\"https:\/\/portaltela.pt\/por\/367410592786\/\"}]}<\/script>\n<!-- \/ Yoast SEO plugin. -->","yoast_head_json":{"title":"Colgate alerta para a preven\u00e7\u00e3o da sa\u00fade oral - Portal Tela Portugal","robots":{"index":"index","follow":"follow","max-snippet":"max-snippet:-1","max-image-preview":"max-image-preview:large","max-video-preview":"max-video-preview:-1"},"og_locale":"pt_PT","og_type":"article","og_title":"Colgate alerta para a preven\u00e7\u00e3o da sa\u00fade oral - Portal Tela Portugal","og_description":"A Colgate realizou, no Centro Colombo, em Lisboa, uma ativa\u00e7\u00e3o com rastreios gratuitos e aconselhamento personalizado, para promover a preven\u00e7\u00e3o na sa\u00fade oral. O objetivo foi mostrar que cuidar da sa\u00fade oral \u00e9 essencial para a sa\u00fade global e que a preven\u00e7\u00e3o deve fazer parte da rotina, tal como alimenta\u00e7\u00e3o e exerc\u00edcio. A a\u00e7\u00e3o incluiu uma din\u00e2mica onde os participantes identificavam preocupa\u00e7\u00f5es (sensibilidade, sangramento gengival, c\u00e1ries) e recebiam orienta\u00e7\u00e3o personalizada. A higienista oral Rita Cruz de Sousa explicou que a pasta ideal deve ter fluore em n\u00edveis adequados, a\u00e7\u00e3o remineralizante e efeito antibacteriano, destacando a necessidade de detetar problemas antes que surgam sintomas. A iniciativa segue para o Porto, no NorteShopping, a 28 de mar\u00e7o, com rastreios gratuitos, aconselhamento e brindes, e divulga\u00e7\u00e3o da gama Colgate Total Preven\u00e7\u00e3o Ativa.","og_url":"https:\/\/portaltela.pt\/noticias\/2026\/03\/27\/colgate-alerta-para-a-prevencao-da-saude-oral\/","og_site_name":"Portal Tela Portugal","article_published_time":"2026-03-27T12:52:00+00:00","author":"Telinha","twitter_card":"summary_large_image","twitter_misc":{"Escrito por":"Telinha","Tempo estimado de leitura":"2 minutos"},"schema":{"@context":"https:\/\/schema.org","@graph":[{"@type":"Article","@id":"https:\/\/portaltela.pt\/noticias\/2026\/03\/27\/colgate-alerta-para-a-prevencao-da-saude-oral\/#article","isPartOf":{"@id":"https:\/\/portaltela.pt\/noticias\/2026\/03\/27\/colgate-alerta-para-a-prevencao-da-saude-oral\/"},"author":{"name":"Telinha","@id":"https:\/\/portaltela.pt\/#\/schema\/person\/c4278d4a6028830caff9ee44b42d32ed"},"headline":"Colgate alerta para a preven\u00e7\u00e3o da sa\u00fade oral","datePublished":"2026-03-27T12:52:00+00:00","mainEntityOfPage":{"@id":"https:\/\/portaltela.pt\/noticias\/2026\/03\/27\/colgate-alerta-para-a-prevencao-da-saude-oral\/"},"wordCount":353,"image":{"@id":"https:\/\/portaltela.pt\/noticias\/2026\/03\/27\/colgate-alerta-para-a-prevencao-da-saude-oral\/#primaryimage"},"thumbnailUrl":"https:\/\/portaltela.pt\/s.01k8rhncp4jt1\/2026\/03\/img_1280x719uu2026-03-25-11-30-00-2274700.jpg","keywords":["higiene","Lisboa","Porto","preven\u00e7\u00e3o","sa\u00fade","Sa\u00fade Oral"],"articleSection":["Medicina","Sa\u00fade"],"inLanguage":"pt-PT"},{"@type":"WebPage","@id":"https:\/\/portaltela.pt\/noticias\/2026\/03\/27\/colgate-alerta-para-a-prevencao-da-saude-oral\/","url":"https:\/\/portaltela.pt\/noticias\/2026\/03\/27\/colgate-alerta-para-a-prevencao-da-saude-oral\/","name":"Colgate alerta para a preven\u00e7\u00e3o da sa\u00fade oral - Portal Tela Portugal","isPartOf":{"@id":"https:\/\/portaltela.pt\/#website"},"primaryImageOfPage":{"@id":"https:\/\/portaltela.pt\/noticias\/2026\/03\/27\/colgate-alerta-para-a-prevencao-da-saude-oral\/#primaryimage"},"image":{"@id":"https:\/\/portaltela.pt\/noticias\/2026\/03\/27\/colgate-alerta-para-a-prevencao-da-saude-oral\/#primaryimage"},"thumbnailUrl":"https:\/\/portaltela.pt\/s.01k8rhncp4jt1\/2026\/03\/img_1280x719uu2026-03-25-11-30-00-2274700.jpg","datePublished":"2026-03-27T12:52:00+00:00","author":{"@id":"https:\/\/portaltela.pt\/#\/schema\/person\/c4278d4a6028830caff9ee44b42d32ed"},"breadcrumb":{"@id":"https:\/\/portaltela.pt\/noticias\/2026\/03\/27\/colgate-alerta-para-a-prevencao-da-saude-oral\/#breadcrumb"},"inLanguage":"pt-PT","potentialAction":[{"@type":"ReadAction","target":["https:\/\/portaltela.pt\/noticias\/2026\/03\/27\/colgate-alerta-para-a-prevencao-da-saude-oral\/"]}]},{"@type":"ImageObject","inLanguage":"pt-PT","@id":"https:\/\/portaltela.pt\/noticias\/2026\/03\/27\/colgate-alerta-para-a-prevencao-da-saude-oral\/#primaryimage","url":"https:\/\/portaltela.pt\/s.01k8rhncp4jt1\/2026\/03\/img_1280x719uu2026-03-25-11-30-00-2274700.jpg","contentUrl":"https:\/\/portaltela.pt\/s.01k8rhncp4jt1\/2026\/03\/img_1280x719uu2026-03-25-11-30-00-2274700.jpg","width":796,"height":448,"caption":"Cuide da sua sa\u00fade oral"},{"@type":"BreadcrumbList","@id":"https:\/\/portaltela.pt\/noticias\/2026\/03\/27\/colgate-alerta-para-a-prevencao-da-saude-oral\/#breadcrumb","itemListElement":[{"@type":"ListItem","position":1,"name":"In\u00edcio","item":"https:\/\/portaltela.pt\/"},{"@type":"ListItem","position":2,"name":"Colgate alerta para a preven\u00e7\u00e3o da sa\u00fade oral"}]},{"@type":"WebSite","@id":"https:\/\/portaltela.pt\/#website","url":"https:\/\/portaltela.pt\/","name":"Portal Tela Portugal","description":"","potentialAction":[{"@type":"SearchAction","target":{"@type":"EntryPoint","urlTemplate":"https:\/\/portaltela.pt\/?s={search_term_string}"},"query-input":{"@type":"PropertyValueSpecification","valueRequired":true,"valueName":"search_term_string"}}],"inLanguage":"pt-PT"},{"@type":"Person","@id":"https:\/\/portaltela.pt\/#\/schema\/person\/c4278d4a6028830caff9ee44b42d32ed","name":"Telinha","image":{"@type":"ImageObject","inLanguage":"pt-PT","@id":"https:\/\/portaltela.pt\/s.01k8rhncp4jt1\/2025\/11\/talking-bot-125x125.png","url":"https:\/\/portaltela.pt\/s.01k8rhncp4jt1\/2025\/11\/talking-bot-125x125.png","contentUrl":"https:\/\/portaltela.pt\/s.01k8rhncp4jt1\/2025\/11\/talking-bot-125x125.png","caption":"Telinha"},"sameAs":["https:\/\/portaltela.pt\/"],"url":"https:\/\/portaltela.pt\/por\/367410592786\/"}]}},"_links":{"self":[{"href":"https:\/\/portaltela.pt\/api\/wp\/v2\/posts\/423685","targetHints":{"allow":["GET"]}}],"collection":[{"href":"https:\/\/portaltela.pt\/api\/wp\/v2\/posts"}],"about":[{"href":"https:\/\/portaltela.pt\/api\/wp\/v2\/types\/post"}],"author":[{"embeddable":true,"href":"https:\/\/portaltela.pt\/api\/wp\/v2\/users\/2"}],"replies":[{"embeddable":true,"href":"https:\/\/portaltela.pt\/api\/wp\/v2\/comments?post=423685"}],"version-history":[{"count":0,"href":"https:\/\/portaltela.pt\/api\/wp\/v2\/posts\/423685\/revisions"}],"wp:featuredmedia":[{"embeddable":true,"href":"https:\/\/portaltela.pt\/api\/wp\/v2\/media\/423692"}],"wp:attachment":[{"href":"https:\/\/portaltela.pt\/api\/wp\/v2\/media?parent=423685"}],"wp:term":[{"taxonomy":"category","embeddable":true,"href":"https:\/\/portaltela.pt\/api\/wp\/v2\/categories?post=423685"},{"taxonomy":"post_tag","embeddable":true,"href":"https:\/\/portaltela.pt\/api\/wp\/v2\/tags?post=423685"}],"curies":[{"name":"wp","href":"https:\/\/api.w.org\/{rel}","templated":true}]}}