{"id":423682,"date":"2026-03-27T10:02:00","date_gmt":"2026-03-27T13:02:00","guid":{"rendered":"https:\/\/portaltela.pt\/noticias\/2026\/03\/27\/ryanair-encerra-voos-aos-acores-impactando-o-turismo-regional\/"},"modified":"2026-03-27T10:02:00","modified_gmt":"2026-03-27T13:02:00","slug":"ryanair-encerra-voos-aos-acores-impactando-o-turismo-regional","status":"publish","type":"post","link":"https:\/\/portaltela.pt\/noticias\/economia\/2026\/03\/27\/ryanair-encerra-voos-aos-acores-impactando-o-turismo-regional\/","title":{"rendered":"Ryanair encerra voos aos A\u00e7ores, impactando o turismo regional"},"content":{"rendered":"<p>Ryanair encerra de forma definitiva as suas rotas para os A\u00e7ores a partir de 29 de mar\u00e7o. Os \u00faltimos voos com destino ao arquip\u00e9lago acontecem no fim de semana, com liga\u00e7\u00f5es de Lisboa para Terceira e vice-versa, e de Porto para Ponta Delgada e de Regresso. A companhia justifica a decis\u00e3o pela taxa airport\u00e1ria e pela tributa\u00e7\u00e3o ambiental da UE.<\/p>\n<p>O Governo Regional j\u00e1 tinha tentado manter a opera\u00e7\u00e3o, sem sucesso. O executivo avaliou alternativas com a TAP, a SATA e outras companhias para minimizar o impacto na conectividade e no turismo dos A\u00e7ores.<\/p>\n<p>A decis\u00e3o afeta diretamente o turismo regional, setor crucial para a economia. A C\u00e2mara de Com\u00e9rcio de Ponta Delgada estima uma queda do PIB entre 1,5% e 1,7% at\u00e9 2026, com uma perda anual at\u00e9 104,5 milh\u00f5es de euros. O turismo representa cerca de 20% do PIB regional.<\/p>\n<p>\u201cO rendimento do turismo era de 206 milh\u00f5es de euros em 2019 e cresceu desde ent\u00e3o\u201d disse o presidente do governo regional. A Ryanair era respons\u00e1vel por between 7,5% e 8,7% das dormidas no arquip\u00e9lago, segundo a CCIPD.<\/p>\n<p>O Grupo SATA j\u00e1 indicou acompanhar a situa\u00e7\u00e3o para mitigar constrangimentos na mobilidade de turistas e residentes, sem apresentar novas declara\u00e7\u00f5es sobre o tema at\u00e9 ao momento.<\/p>\n<p>\u00daltimos desenvolvimentos ligados ao caso ocorrem dias depois da opera\u00e7\u00e3o Last Call, com buscas da PJ a v\u00e1rios locais da administra\u00e7\u00e3o regional. H\u00e1 cinco arguidos no \u00e2mbito de um inqu\u00e9rito por suspeitas de favorecimento de uma companhia a\u00e9rea.<\/p>\n<p>Paulo Est\u00eav\u00e3o, secret\u00e1rio regional, afirmou que as buscas ocorreram em v\u00e1rias instala\u00e7\u00f5es da administra\u00e7\u00e3o e que h\u00e1 total colabora\u00e7\u00e3o com as autoridades.<\/p>\n<p>As autoridades est\u0103o a investigar alegados financiamentos e adjudica\u00e7\u00f5es de contratos pelo Programa Operacional dos A\u00e7ores 2030, num caso que envolve o setor p\u00fablico e empresas a\u00e9reas.<\/p>\n","protected":false},"excerpt":{"rendered":"<ul>\n<li>A Ryanair encerra as opera\u00e7\u00f5es nos A\u00e7ores, com os \u00faltimos voos marcados para o fim de semana, deixando de ligar Lisboa e Porto a S\u00e3o Miguel e Terceira.<\/li>\n<li>O Governo Regional e entidades locais tentaram manter a presen\u00e7a da companhia, mas sem sucesso; a SATA e TAP s\u00e3o consideradas para mitigar o impacto a m\u00e9dio prazo.<\/li>\n<li>Empres\u00e1rios receiam queda no turismo e, segundo a C\u00e2mara de Com\u00e9rcio e Ind\u00fastria de Ponta Delgada, a sa\u00edda pode reduzir o PIB regional entre 1,5% e 1,7% (at\u00e9 104,5 milh\u00f5es de euros por ano).<\/li>\n<li>O turismo representa cerca de vinte por cento do PIB regional, e a Ryanair compromete entre 7,5% e 8,7% das dormidas tur\u00edsticas na regi\u00e3o.<\/li>\n<li>A sa\u00edda coincide com o contexto de investiga\u00e7\u00f5es da Pol\u00edcia Judici\u00e1ria na chamada opera\u00e7\u00e3o \u201cLast Call\u201d, relacionada com suspeitas de favorecimento de uma companhia a\u00e9rea por entidades p\u00fablicas nos A\u00e7ores.<\/li>\n<\/ul>\n","protected":false},"author":2,"featured_media":423687,"comment_status":"closed","ping_status":"closed","sticky":false,"template":"","format":"standard","meta":{"footnotes":""},"categories":[2,6735],"tags":[6115,822,3302,5243,192,169],"class_list":["post-423682","post","type-post","status-publish","format-standard","has-post-thumbnail","hentry","category-economia","category-negocios","tag-_economia","tag-acores","tag-aeroportos","tag-regiao-autonoma","tag-transporte","tag-turismo"],"yoast_head":"<!-- This site is optimized with the Yoast SEO plugin v27.2 - https:\/\/yoast.com\/product\/yoast-seo-wordpress\/ -->\n<title>Ryanair encerra voos aos A\u00e7ores, impactando o turismo regional - Portal Tela Portugal<\/title>\n<meta name=\"robots\" content=\"index, follow, max-snippet:-1, max-image-preview:large, max-video-preview:-1\" \/>\n<meta property=\"og:locale\" content=\"pt_PT\" \/>\n<meta property=\"og:type\" content=\"article\" \/>\n<meta property=\"og:title\" content=\"Ryanair encerra voos aos A\u00e7ores, impactando o turismo regional - Portal Tela Portugal\" \/>\n<meta property=\"og:description\" content=\"A Ryanair encerra as opera\u00e7\u00f5es nos A\u00e7ores, com os \u00faltimos voos marcados para o fim de semana, deixando de ligar Lisboa e Porto a S\u00e3o Miguel e Terceira. O Governo Regional e entidades locais tentaram manter a presen\u00e7a da companhia, mas sem sucesso; a SATA e TAP s\u00e3o consideradas para mitigar o impacto a m\u00e9dio prazo. Empres\u00e1rios receiam queda no turismo e, segundo a C\u00e2mara de Com\u00e9rcio e Ind\u00fastria de Ponta Delgada, a sa\u00edda pode reduzir o PIB regional entre 1,5% e 1,7% (at\u00e9 104,5 milh\u00f5es de euros por ano). O turismo representa cerca de vinte por cento do PIB regional, e a Ryanair compromete entre 7,5% e 8,7% das dormidas tur\u00edsticas na regi\u00e3o. A sa\u00edda coincide com o contexto de investiga\u00e7\u00f5es da Pol\u00edcia Judici\u00e1ria na chamada opera\u00e7\u00e3o \u201cLast Call\u201d, relacionada com suspeitas de favorecimento de uma companhia a\u00e9rea por entidades p\u00fablicas nos A\u00e7ores.\" \/>\n<meta property=\"og:url\" content=\"https:\/\/portaltela.pt\/noticias\/2026\/03\/27\/ryanair-encerra-voos-aos-acores-impactando-o-turismo-regional\/\" \/>\n<meta property=\"og:site_name\" content=\"Portal Tela Portugal\" \/>\n<meta property=\"article:published_time\" content=\"2026-03-27T13:02:00+00:00\" \/>\n<meta name=\"author\" content=\"Telinha\" \/>\n<meta name=\"twitter:card\" content=\"summary_large_image\" \/>\n<meta name=\"twitter:label1\" content=\"Escrito por\" \/>\n\t<meta name=\"twitter:data1\" content=\"Telinha\" \/>\n\t<meta name=\"twitter:label2\" content=\"Tempo estimado de leitura\" \/>\n\t<meta name=\"twitter:data2\" content=\"2 minutos\" \/>\n<script type=\"application\/ld+json\" class=\"yoast-schema-graph\">{\"@context\":\"https:\/\/schema.org\",\"@graph\":[{\"@type\":\"Article\",\"@id\":\"https:\/\/portaltela.pt\/noticias\/2026\/03\/27\/ryanair-encerra-voos-aos-acores-impactando-o-turismo-regional\/#article\",\"isPartOf\":{\"@id\":\"https:\/\/portaltela.pt\/noticias\/2026\/03\/27\/ryanair-encerra-voos-aos-acores-impactando-o-turismo-regional\/\"},\"author\":{\"name\":\"Telinha\",\"@id\":\"https:\/\/portaltela.pt\/#\/schema\/person\/c4278d4a6028830caff9ee44b42d32ed\"},\"headline\":\"Ryanair encerra voos aos A\u00e7ores, impactando o turismo regional\",\"datePublished\":\"2026-03-27T13:02:00+00:00\",\"mainEntityOfPage\":{\"@id\":\"https:\/\/portaltela.pt\/noticias\/2026\/03\/27\/ryanair-encerra-voos-aos-acores-impactando-o-turismo-regional\/\"},\"wordCount\":329,\"image\":{\"@id\":\"https:\/\/portaltela.pt\/noticias\/2026\/03\/27\/ryanair-encerra-voos-aos-acores-impactando-o-turismo-regional\/#primaryimage\"},\"thumbnailUrl\":\"https:\/\/portaltela.pt\/s.01k8rhncp4jt1\/2026\/03\/2077345.jpg\",\"keywords\":[\"_economia\",\"A\u00e7ores\",\"aeroportos\",\"Regi\u00e3o Aut\u00f3noma\",\"transporte\",\"turismo\"],\"articleSection\":[\"Economia\",\"Neg\u00f3cios\"],\"inLanguage\":\"pt-PT\"},{\"@type\":\"WebPage\",\"@id\":\"https:\/\/portaltela.pt\/noticias\/2026\/03\/27\/ryanair-encerra-voos-aos-acores-impactando-o-turismo-regional\/\",\"url\":\"https:\/\/portaltela.pt\/noticias\/2026\/03\/27\/ryanair-encerra-voos-aos-acores-impactando-o-turismo-regional\/\",\"name\":\"Ryanair encerra voos aos A\u00e7ores, impactando o turismo regional - Portal Tela Portugal\",\"isPartOf\":{\"@id\":\"https:\/\/portaltela.pt\/#website\"},\"primaryImageOfPage\":{\"@id\":\"https:\/\/portaltela.pt\/noticias\/2026\/03\/27\/ryanair-encerra-voos-aos-acores-impactando-o-turismo-regional\/#primaryimage\"},\"image\":{\"@id\":\"https:\/\/portaltela.pt\/noticias\/2026\/03\/27\/ryanair-encerra-voos-aos-acores-impactando-o-turismo-regional\/#primaryimage\"},\"thumbnailUrl\":\"https:\/\/portaltela.pt\/s.01k8rhncp4jt1\/2026\/03\/2077345.jpg\",\"datePublished\":\"2026-03-27T13:02:00+00:00\",\"author\":{\"@id\":\"https:\/\/portaltela.pt\/#\/schema\/person\/c4278d4a6028830caff9ee44b42d32ed\"},\"breadcrumb\":{\"@id\":\"https:\/\/portaltela.pt\/noticias\/2026\/03\/27\/ryanair-encerra-voos-aos-acores-impactando-o-turismo-regional\/#breadcrumb\"},\"inLanguage\":\"pt-PT\",\"potentialAction\":[{\"@type\":\"ReadAction\",\"target\":[\"https:\/\/portaltela.pt\/noticias\/2026\/03\/27\/ryanair-encerra-voos-aos-acores-impactando-o-turismo-regional\/\"]}]},{\"@type\":\"ImageObject\",\"inLanguage\":\"pt-PT\",\"@id\":\"https:\/\/portaltela.pt\/noticias\/2026\/03\/27\/ryanair-encerra-voos-aos-acores-impactando-o-turismo-regional\/#primaryimage\",\"url\":\"https:\/\/portaltela.pt\/s.01k8rhncp4jt1\/2026\/03\/2077345.jpg\",\"contentUrl\":\"https:\/\/portaltela.pt\/s.01k8rhncp4jt1\/2026\/03\/2077345.jpg\",\"width\":796,\"height\":448,\"caption\":\"A Ryanair estreou-se nos A\u00e7ores em 2015, deixa as ilhas este fim-de-semana\"},{\"@type\":\"BreadcrumbList\",\"@id\":\"https:\/\/portaltela.pt\/noticias\/2026\/03\/27\/ryanair-encerra-voos-aos-acores-impactando-o-turismo-regional\/#breadcrumb\",\"itemListElement\":[{\"@type\":\"ListItem\",\"position\":1,\"name\":\"In\u00edcio\",\"item\":\"https:\/\/portaltela.pt\/\"},{\"@type\":\"ListItem\",\"position\":2,\"name\":\"Ryanair encerra voos aos A\u00e7ores, impactando o turismo regional\"}]},{\"@type\":\"WebSite\",\"@id\":\"https:\/\/portaltela.pt\/#website\",\"url\":\"https:\/\/portaltela.pt\/\",\"name\":\"Portal Tela Portugal\",\"description\":\"\",\"potentialAction\":[{\"@type\":\"SearchAction\",\"target\":{\"@type\":\"EntryPoint\",\"urlTemplate\":\"https:\/\/portaltela.pt\/?s={search_term_string}\"},\"query-input\":{\"@type\":\"PropertyValueSpecification\",\"valueRequired\":true,\"valueName\":\"search_term_string\"}}],\"inLanguage\":\"pt-PT\"},{\"@type\":\"Person\",\"@id\":\"https:\/\/portaltela.pt\/#\/schema\/person\/c4278d4a6028830caff9ee44b42d32ed\",\"name\":\"Telinha\",\"image\":{\"@type\":\"ImageObject\",\"inLanguage\":\"pt-PT\",\"@id\":\"https:\/\/portaltela.pt\/s.01k8rhncp4jt1\/2025\/11\/talking-bot-125x125.png\",\"url\":\"https:\/\/portaltela.pt\/s.01k8rhncp4jt1\/2025\/11\/talking-bot-125x125.png\",\"contentUrl\":\"https:\/\/portaltela.pt\/s.01k8rhncp4jt1\/2025\/11\/talking-bot-125x125.png\",\"caption\":\"Telinha\"},\"sameAs\":[\"https:\/\/portaltela.pt\/\"],\"url\":\"https:\/\/portaltela.pt\/por\/367410592786\/\"}]}<\/script>\n<!-- \/ Yoast SEO plugin. -->","yoast_head_json":{"title":"Ryanair encerra voos aos A\u00e7ores, impactando o turismo regional - Portal Tela Portugal","robots":{"index":"index","follow":"follow","max-snippet":"max-snippet:-1","max-image-preview":"max-image-preview:large","max-video-preview":"max-video-preview:-1"},"og_locale":"pt_PT","og_type":"article","og_title":"Ryanair encerra voos aos A\u00e7ores, impactando o turismo regional - Portal Tela Portugal","og_description":"A Ryanair encerra as opera\u00e7\u00f5es nos A\u00e7ores, com os \u00faltimos voos marcados para o fim de semana, deixando de ligar Lisboa e Porto a S\u00e3o Miguel e Terceira. O Governo Regional e entidades locais tentaram manter a presen\u00e7a da companhia, mas sem sucesso; a SATA e TAP s\u00e3o consideradas para mitigar o impacto a m\u00e9dio prazo. Empres\u00e1rios receiam queda no turismo e, segundo a C\u00e2mara de Com\u00e9rcio e Ind\u00fastria de Ponta Delgada, a sa\u00edda pode reduzir o PIB regional entre 1,5% e 1,7% (at\u00e9 104,5 milh\u00f5es de euros por ano). O turismo representa cerca de vinte por cento do PIB regional, e a Ryanair compromete entre 7,5% e 8,7% das dormidas tur\u00edsticas na regi\u00e3o. A sa\u00edda coincide com o contexto de investiga\u00e7\u00f5es da Pol\u00edcia Judici\u00e1ria na chamada opera\u00e7\u00e3o \u201cLast Call\u201d, relacionada com suspeitas de favorecimento de uma companhia a\u00e9rea por entidades p\u00fablicas nos A\u00e7ores.","og_url":"https:\/\/portaltela.pt\/noticias\/2026\/03\/27\/ryanair-encerra-voos-aos-acores-impactando-o-turismo-regional\/","og_site_name":"Portal Tela Portugal","article_published_time":"2026-03-27T13:02:00+00:00","author":"Telinha","twitter_card":"summary_large_image","twitter_misc":{"Escrito por":"Telinha","Tempo estimado de leitura":"2 minutos"},"schema":{"@context":"https:\/\/schema.org","@graph":[{"@type":"Article","@id":"https:\/\/portaltela.pt\/noticias\/2026\/03\/27\/ryanair-encerra-voos-aos-acores-impactando-o-turismo-regional\/#article","isPartOf":{"@id":"https:\/\/portaltela.pt\/noticias\/2026\/03\/27\/ryanair-encerra-voos-aos-acores-impactando-o-turismo-regional\/"},"author":{"name":"Telinha","@id":"https:\/\/portaltela.pt\/#\/schema\/person\/c4278d4a6028830caff9ee44b42d32ed"},"headline":"Ryanair encerra voos aos A\u00e7ores, impactando o turismo regional","datePublished":"2026-03-27T13:02:00+00:00","mainEntityOfPage":{"@id":"https:\/\/portaltela.pt\/noticias\/2026\/03\/27\/ryanair-encerra-voos-aos-acores-impactando-o-turismo-regional\/"},"wordCount":329,"image":{"@id":"https:\/\/portaltela.pt\/noticias\/2026\/03\/27\/ryanair-encerra-voos-aos-acores-impactando-o-turismo-regional\/#primaryimage"},"thumbnailUrl":"https:\/\/portaltela.pt\/s.01k8rhncp4jt1\/2026\/03\/2077345.jpg","keywords":["_economia","A\u00e7ores","aeroportos","Regi\u00e3o Aut\u00f3noma","transporte","turismo"],"articleSection":["Economia","Neg\u00f3cios"],"inLanguage":"pt-PT"},{"@type":"WebPage","@id":"https:\/\/portaltela.pt\/noticias\/2026\/03\/27\/ryanair-encerra-voos-aos-acores-impactando-o-turismo-regional\/","url":"https:\/\/portaltela.pt\/noticias\/2026\/03\/27\/ryanair-encerra-voos-aos-acores-impactando-o-turismo-regional\/","name":"Ryanair encerra voos aos A\u00e7ores, impactando o turismo regional - Portal Tela Portugal","isPartOf":{"@id":"https:\/\/portaltela.pt\/#website"},"primaryImageOfPage":{"@id":"https:\/\/portaltela.pt\/noticias\/2026\/03\/27\/ryanair-encerra-voos-aos-acores-impactando-o-turismo-regional\/#primaryimage"},"image":{"@id":"https:\/\/portaltela.pt\/noticias\/2026\/03\/27\/ryanair-encerra-voos-aos-acores-impactando-o-turismo-regional\/#primaryimage"},"thumbnailUrl":"https:\/\/portaltela.pt\/s.01k8rhncp4jt1\/2026\/03\/2077345.jpg","datePublished":"2026-03-27T13:02:00+00:00","author":{"@id":"https:\/\/portaltela.pt\/#\/schema\/person\/c4278d4a6028830caff9ee44b42d32ed"},"breadcrumb":{"@id":"https:\/\/portaltela.pt\/noticias\/2026\/03\/27\/ryanair-encerra-voos-aos-acores-impactando-o-turismo-regional\/#breadcrumb"},"inLanguage":"pt-PT","potentialAction":[{"@type":"ReadAction","target":["https:\/\/portaltela.pt\/noticias\/2026\/03\/27\/ryanair-encerra-voos-aos-acores-impactando-o-turismo-regional\/"]}]},{"@type":"ImageObject","inLanguage":"pt-PT","@id":"https:\/\/portaltela.pt\/noticias\/2026\/03\/27\/ryanair-encerra-voos-aos-acores-impactando-o-turismo-regional\/#primaryimage","url":"https:\/\/portaltela.pt\/s.01k8rhncp4jt1\/2026\/03\/2077345.jpg","contentUrl":"https:\/\/portaltela.pt\/s.01k8rhncp4jt1\/2026\/03\/2077345.jpg","width":796,"height":448,"caption":"A Ryanair estreou-se nos A\u00e7ores em 2015, deixa as ilhas este fim-de-semana"},{"@type":"BreadcrumbList","@id":"https:\/\/portaltela.pt\/noticias\/2026\/03\/27\/ryanair-encerra-voos-aos-acores-impactando-o-turismo-regional\/#breadcrumb","itemListElement":[{"@type":"ListItem","position":1,"name":"In\u00edcio","item":"https:\/\/portaltela.pt\/"},{"@type":"ListItem","position":2,"name":"Ryanair encerra voos aos A\u00e7ores, impactando o turismo regional"}]},{"@type":"WebSite","@id":"https:\/\/portaltela.pt\/#website","url":"https:\/\/portaltela.pt\/","name":"Portal Tela Portugal","description":"","potentialAction":[{"@type":"SearchAction","target":{"@type":"EntryPoint","urlTemplate":"https:\/\/portaltela.pt\/?s={search_term_string}"},"query-input":{"@type":"PropertyValueSpecification","valueRequired":true,"valueName":"search_term_string"}}],"inLanguage":"pt-PT"},{"@type":"Person","@id":"https:\/\/portaltela.pt\/#\/schema\/person\/c4278d4a6028830caff9ee44b42d32ed","name":"Telinha","image":{"@type":"ImageObject","inLanguage":"pt-PT","@id":"https:\/\/portaltela.pt\/s.01k8rhncp4jt1\/2025\/11\/talking-bot-125x125.png","url":"https:\/\/portaltela.pt\/s.01k8rhncp4jt1\/2025\/11\/talking-bot-125x125.png","contentUrl":"https:\/\/portaltela.pt\/s.01k8rhncp4jt1\/2025\/11\/talking-bot-125x125.png","caption":"Telinha"},"sameAs":["https:\/\/portaltela.pt\/"],"url":"https:\/\/portaltela.pt\/por\/367410592786\/"}]}},"_links":{"self":[{"href":"https:\/\/portaltela.pt\/api\/wp\/v2\/posts\/423682","targetHints":{"allow":["GET"]}}],"collection":[{"href":"https:\/\/portaltela.pt\/api\/wp\/v2\/posts"}],"about":[{"href":"https:\/\/portaltela.pt\/api\/wp\/v2\/types\/post"}],"author":[{"embeddable":true,"href":"https:\/\/portaltela.pt\/api\/wp\/v2\/users\/2"}],"replies":[{"embeddable":true,"href":"https:\/\/portaltela.pt\/api\/wp\/v2\/comments?post=423682"}],"version-history":[{"count":0,"href":"https:\/\/portaltela.pt\/api\/wp\/v2\/posts\/423682\/revisions"}],"wp:featuredmedia":[{"embeddable":true,"href":"https:\/\/portaltela.pt\/api\/wp\/v2\/media\/423687"}],"wp:attachment":[{"href":"https:\/\/portaltela.pt\/api\/wp\/v2\/media?parent=423682"}],"wp:term":[{"taxonomy":"category","embeddable":true,"href":"https:\/\/portaltela.pt\/api\/wp\/v2\/categories?post=423682"},{"taxonomy":"post_tag","embeddable":true,"href":"https:\/\/portaltela.pt\/api\/wp\/v2\/tags?post=423682"}],"curies":[{"name":"wp","href":"https:\/\/api.w.org\/{rel}","templated":true}]}}