{"id":423657,"date":"2026-03-27T09:40:00","date_gmt":"2026-03-27T12:40:00","guid":{"rendered":"https:\/\/portaltela.pt\/noticias\/2026\/03\/27\/nao-ha-almocos-gratis-estudo-aponta-custos-de-politicas-publicas\/"},"modified":"2026-03-27T09:40:00","modified_gmt":"2026-03-27T12:40:00","slug":"nao-ha-almocos-gratis-estudo-aponta-custos-de-politicas-publicas","status":"publish","type":"post","link":"https:\/\/portaltela.pt\/noticias\/politica\/2026\/03\/27\/nao-ha-almocos-gratis-estudo-aponta-custos-de-politicas-publicas\/","title":{"rendered":"N\u00e3o h\u00e1 almo\u00e7os gr\u00e1tis: estudo aponta custos de pol\u00edticas p\u00fablicas"},"content":{"rendered":"<p>O texto analisa o papel ativo de interesses privados na esfera pol\u00edtica em Portugal, destacando a recorr\u00eancia de encontros entre autarcas e agentes econ\u00f3micos. Sustenta que a presen\u00e7a de reuni\u00f5es institucionais n\u00e3o \u00e9, por si s\u00f3, prova de il\u00edcitos, mas que existe uma assimetria entre poder p\u00fablico e privado quando surgem liga\u00e7\u00f5es pr\u00f3ximas \u00e0 mesa, com potenciais vantagens futuras.<\/p>\n<p>O artigo questiona a leitura moral da corrup\u00e7\u00e3o, afirmando que a \u00e9tica passa a segundo plano quando obras p\u00fablicas s\u00e3o vis\u00edveis e lucrativas para interesses espec\u00edficos. Alega que a gest\u00e3o eficaz \u00e9 confundida com aprova\u00e7\u00e3o moral, o que pode ocultar abusos, favorecimentos e promiscuidade entre fun\u00e7\u00f5es p\u00fablicas e interesses privados.<\/p>\n<p>O texto alerta que o sistema n\u00e3o \u00e9 externo, mas resultante do que toleramos e premiamos nas escolhas eleitorais. Reflete sobre o papel de presidentes de c\u00e2mara e \u00f3rg\u00e3os municipais em almo\u00e7os de trabalho, sublinhando que uma c\u00e2mara deve funcionar com regras, transpar\u00eancia e concursos, em vez de decis\u00f5es baseadas em rela\u00e7\u00f5es informais.<\/p>\n<p>Contexto pol\u00edtico e econ\u00f3mico \u00e9 apresentado como determinante para entender o fen\u00f3meno. O escrito menciona cr\u00edticas \u00e0 cultura de \u201calmo\u00e7os gr\u00e1tis\u201d e \u00e0 tend\u00eancia de legitimar decis\u00f5es administrativas por resultados vis\u00edveis. Acresce que a discuss\u00e3o p\u00fablica, em Portugal, pode ter enfatizado casos individuais ao inv\u00e9s de reformas estruturais.<\/p>\n<p>Implica\u00e7\u00f5es para a confian\u00e7a c\u00edvica s\u00e3o exploradas ao longo do texto, que aponta para uma sociedade ap\u00e1tica frente a den\u00fancias de corrup\u00e7\u00e3o. Indica que pessoas associadas a casos de suspeita ou condena\u00e7\u00e3o podem continuar a atrair apoio, alimentando uma percep\u00e7\u00e3o de que o problema n\u00e3o \u00e9 a corrup\u00e7\u00e3o em si, mas a forma como \u00e9 apresentada.<\/p>\n<p>O artigo conclui sem emitir ju\u00edzos finais, limitando-se a expor a tens\u00e3o entre necessidade de contactos institucionais e a obriga\u00e7\u00e3o de transpar\u00eancia. O foco permanece na import\u00e2ncia de manter procedimentos p\u00fablicos, competi\u00e7\u00e3o por concursos e escrut\u00ednio independente para evitar privil\u00e9gios indevidos.<\/p>\n","protected":false},"excerpt":{"rendered":"<ul>\n<li>O texto critica a associa\u00e7\u00e3o entre poder pol\u00edtico e interesses privados, destacando que h\u00e1 sempre uma vantagem futura quando se senta \u00e0 mesa com esses interesses.<\/li>\n<li>Alega que a \u00e9tica p\u00fablica \u00e9 relativizada pela ideia de \u201cgoverno eficaz\u201d: obras e resultados vis\u00edveis justificariam, aos olhos de alguns, pr\u00e1ticas potencialmente corruptas.<\/li>\n<li>Aponta para a necessidade de regras, transpar\u00eancia e concursos p\u00fablicos nos contratos municipais, distinguindo a fun\u00e7\u00e3o p\u00fablica da l\u00f3gica de empresa privada.<\/li>\n<li>Afirma que o problema n\u00e3o \u00e9 apenas a corrup\u00e7\u00e3o, mas a toler\u00e2ncia social e pol\u00edtica que celebra gestores com liga\u00e7\u00f5es privadas, enviando um sinal de que o sistema premia o resultado sobre a integridade.<\/li>\n<li>Observa um foco medi\u00e1tico desmesurado em casos isolados (ex.: almo\u00e7os com figuras p\u00fablicas) que distrai do debate sobre crise habitacional, servi\u00e7os p\u00fablicos e economia, contribuindo para uma perce\u00e7\u00e3o de pa\u00eds \u201cbolha\u201d e car\u00eancia de debate profundo.<\/li>\n<\/ul>\n","protected":false},"author":2,"featured_media":423669,"comment_status":"closed","ping_status":"closed","sticky":false,"template":"","format":"standard","meta":{"footnotes":""},"categories":[5,6871],"tags":[168,3057,5449,83,2832,5708],"class_list":["post-423657","post","type-post","status-publish","format-standard","has-post-thumbnail","hentry","category-politica","category-sociedade","tag-administracao-publica","tag-autarcas","tag-camara-municipal","tag-corrupcao","tag-politica","tag-transparencia-publica"],"yoast_head":"<!-- This site is optimized with the Yoast SEO plugin v27.2 - https:\/\/yoast.com\/product\/yoast-seo-wordpress\/ -->\n<title>N\u00e3o h\u00e1 almo\u00e7os gr\u00e1tis: estudo aponta custos de pol\u00edticas p\u00fablicas - Portal Tela Portugal<\/title>\n<meta name=\"robots\" content=\"index, follow, max-snippet:-1, max-image-preview:large, max-video-preview:-1\" \/>\n<meta property=\"og:locale\" content=\"pt_PT\" \/>\n<meta property=\"og:type\" content=\"article\" \/>\n<meta property=\"og:title\" content=\"N\u00e3o h\u00e1 almo\u00e7os gr\u00e1tis: estudo aponta custos de pol\u00edticas p\u00fablicas - Portal Tela Portugal\" \/>\n<meta property=\"og:description\" content=\"O texto critica a associa\u00e7\u00e3o entre poder pol\u00edtico e interesses privados, destacando que h\u00e1 sempre uma vantagem futura quando se senta \u00e0 mesa com esses interesses. Alega que a \u00e9tica p\u00fablica \u00e9 relativizada pela ideia de \u201cgoverno eficaz\u201d: obras e resultados vis\u00edveis justificariam, aos olhos de alguns, pr\u00e1ticas potencialmente corruptas. Aponta para a necessidade de regras, transpar\u00eancia e concursos p\u00fablicos nos contratos municipais, distinguindo a fun\u00e7\u00e3o p\u00fablica da l\u00f3gica de empresa privada. Afirma que o problema n\u00e3o \u00e9 apenas a corrup\u00e7\u00e3o, mas a toler\u00e2ncia social e pol\u00edtica que celebra gestores com liga\u00e7\u00f5es privadas, enviando um sinal de que o sistema premia o resultado sobre a integridade. Observa um foco medi\u00e1tico desmesurado em casos isolados (ex.: almo\u00e7os com figuras p\u00fablicas) que distrai do debate sobre crise habitacional, servi\u00e7os p\u00fablicos e economia, contribuindo para uma perce\u00e7\u00e3o de pa\u00eds \u201cbolha\u201d e car\u00eancia de debate profundo.\" \/>\n<meta property=\"og:url\" content=\"https:\/\/portaltela.pt\/noticias\/2026\/03\/27\/nao-ha-almocos-gratis-estudo-aponta-custos-de-politicas-publicas\/\" \/>\n<meta property=\"og:site_name\" content=\"Portal Tela Portugal\" \/>\n<meta property=\"article:published_time\" content=\"2026-03-27T12:40:00+00:00\" \/>\n<meta name=\"author\" content=\"Telinha\" \/>\n<meta name=\"twitter:card\" content=\"summary_large_image\" \/>\n<meta name=\"twitter:label1\" content=\"Escrito por\" \/>\n\t<meta name=\"twitter:data1\" content=\"Telinha\" \/>\n\t<meta name=\"twitter:label2\" content=\"Tempo estimado de leitura\" \/>\n\t<meta name=\"twitter:data2\" content=\"2 minutos\" \/>\n<script type=\"application\/ld+json\" class=\"yoast-schema-graph\">{\"@context\":\"https:\/\/schema.org\",\"@graph\":[{\"@type\":\"Article\",\"@id\":\"https:\/\/portaltela.pt\/noticias\/2026\/03\/27\/nao-ha-almocos-gratis-estudo-aponta-custos-de-politicas-publicas\/#article\",\"isPartOf\":{\"@id\":\"https:\/\/portaltela.pt\/noticias\/2026\/03\/27\/nao-ha-almocos-gratis-estudo-aponta-custos-de-politicas-publicas\/\"},\"author\":{\"name\":\"Telinha\",\"@id\":\"https:\/\/portaltela.pt\/#\/schema\/person\/c4278d4a6028830caff9ee44b42d32ed\"},\"headline\":\"N\u00e3o h\u00e1 almo\u00e7os gr\u00e1tis: estudo aponta custos de pol\u00edticas p\u00fablicas\",\"datePublished\":\"2026-03-27T12:40:00+00:00\",\"mainEntityOfPage\":{\"@id\":\"https:\/\/portaltela.pt\/noticias\/2026\/03\/27\/nao-ha-almocos-gratis-estudo-aponta-custos-de-politicas-publicas\/\"},\"wordCount\":372,\"image\":{\"@id\":\"https:\/\/portaltela.pt\/noticias\/2026\/03\/27\/nao-ha-almocos-gratis-estudo-aponta-custos-de-politicas-publicas\/#primaryimage\"},\"thumbnailUrl\":\"https:\/\/portaltela.pt\/s.01k8rhncp4jt1\/2026\/03\/2077344.jpg\",\"keywords\":[\"administra\u00e7\u00e3o p\u00fablica\",\"autarcas\",\"C\u00e2mara Municipal\",\"corrup\u00e7\u00e3o\",\"pol\u00edtica\",\"transpar\u00eancia p\u00fablica\"],\"articleSection\":[\"Pol\u00edtica\",\"Sociedade\"],\"inLanguage\":\"pt-PT\"},{\"@type\":\"WebPage\",\"@id\":\"https:\/\/portaltela.pt\/noticias\/2026\/03\/27\/nao-ha-almocos-gratis-estudo-aponta-custos-de-politicas-publicas\/\",\"url\":\"https:\/\/portaltela.pt\/noticias\/2026\/03\/27\/nao-ha-almocos-gratis-estudo-aponta-custos-de-politicas-publicas\/\",\"name\":\"N\u00e3o h\u00e1 almo\u00e7os gr\u00e1tis: estudo aponta custos de pol\u00edticas p\u00fablicas - Portal Tela Portugal\",\"isPartOf\":{\"@id\":\"https:\/\/portaltela.pt\/#website\"},\"primaryImageOfPage\":{\"@id\":\"https:\/\/portaltela.pt\/noticias\/2026\/03\/27\/nao-ha-almocos-gratis-estudo-aponta-custos-de-politicas-publicas\/#primaryimage\"},\"image\":{\"@id\":\"https:\/\/portaltela.pt\/noticias\/2026\/03\/27\/nao-ha-almocos-gratis-estudo-aponta-custos-de-politicas-publicas\/#primaryimage\"},\"thumbnailUrl\":\"https:\/\/portaltela.pt\/s.01k8rhncp4jt1\/2026\/03\/2077344.jpg\",\"datePublished\":\"2026-03-27T12:40:00+00:00\",\"author\":{\"@id\":\"https:\/\/portaltela.pt\/#\/schema\/person\/c4278d4a6028830caff9ee44b42d32ed\"},\"breadcrumb\":{\"@id\":\"https:\/\/portaltela.pt\/noticias\/2026\/03\/27\/nao-ha-almocos-gratis-estudo-aponta-custos-de-politicas-publicas\/#breadcrumb\"},\"inLanguage\":\"pt-PT\",\"potentialAction\":[{\"@type\":\"ReadAction\",\"target\":[\"https:\/\/portaltela.pt\/noticias\/2026\/03\/27\/nao-ha-almocos-gratis-estudo-aponta-custos-de-politicas-publicas\/\"]}]},{\"@type\":\"ImageObject\",\"inLanguage\":\"pt-PT\",\"@id\":\"https:\/\/portaltela.pt\/noticias\/2026\/03\/27\/nao-ha-almocos-gratis-estudo-aponta-custos-de-politicas-publicas\/#primaryimage\",\"url\":\"https:\/\/portaltela.pt\/s.01k8rhncp4jt1\/2026\/03\/2077344.jpg\",\"contentUrl\":\"https:\/\/portaltela.pt\/s.01k8rhncp4jt1\/2026\/03\/2077344.jpg\",\"width\":796,\"height\":448,\"caption\":\"Megafone P3\"},{\"@type\":\"BreadcrumbList\",\"@id\":\"https:\/\/portaltela.pt\/noticias\/2026\/03\/27\/nao-ha-almocos-gratis-estudo-aponta-custos-de-politicas-publicas\/#breadcrumb\",\"itemListElement\":[{\"@type\":\"ListItem\",\"position\":1,\"name\":\"In\u00edcio\",\"item\":\"https:\/\/portaltela.pt\/\"},{\"@type\":\"ListItem\",\"position\":2,\"name\":\"N\u00e3o h\u00e1 almo\u00e7os gr\u00e1tis: estudo aponta custos de pol\u00edticas p\u00fablicas\"}]},{\"@type\":\"WebSite\",\"@id\":\"https:\/\/portaltela.pt\/#website\",\"url\":\"https:\/\/portaltela.pt\/\",\"name\":\"Portal Tela Portugal\",\"description\":\"\",\"potentialAction\":[{\"@type\":\"SearchAction\",\"target\":{\"@type\":\"EntryPoint\",\"urlTemplate\":\"https:\/\/portaltela.pt\/?s={search_term_string}\"},\"query-input\":{\"@type\":\"PropertyValueSpecification\",\"valueRequired\":true,\"valueName\":\"search_term_string\"}}],\"inLanguage\":\"pt-PT\"},{\"@type\":\"Person\",\"@id\":\"https:\/\/portaltela.pt\/#\/schema\/person\/c4278d4a6028830caff9ee44b42d32ed\",\"name\":\"Telinha\",\"image\":{\"@type\":\"ImageObject\",\"inLanguage\":\"pt-PT\",\"@id\":\"https:\/\/portaltela.pt\/s.01k8rhncp4jt1\/2025\/11\/talking-bot-125x125.png\",\"url\":\"https:\/\/portaltela.pt\/s.01k8rhncp4jt1\/2025\/11\/talking-bot-125x125.png\",\"contentUrl\":\"https:\/\/portaltela.pt\/s.01k8rhncp4jt1\/2025\/11\/talking-bot-125x125.png\",\"caption\":\"Telinha\"},\"sameAs\":[\"https:\/\/portaltela.pt\/\"],\"url\":\"https:\/\/portaltela.pt\/por\/367410592786\/\"}]}<\/script>\n<!-- \/ Yoast SEO plugin. -->","yoast_head_json":{"title":"N\u00e3o h\u00e1 almo\u00e7os gr\u00e1tis: estudo aponta custos de pol\u00edticas p\u00fablicas - Portal Tela Portugal","robots":{"index":"index","follow":"follow","max-snippet":"max-snippet:-1","max-image-preview":"max-image-preview:large","max-video-preview":"max-video-preview:-1"},"og_locale":"pt_PT","og_type":"article","og_title":"N\u00e3o h\u00e1 almo\u00e7os gr\u00e1tis: estudo aponta custos de pol\u00edticas p\u00fablicas - Portal Tela Portugal","og_description":"O texto critica a associa\u00e7\u00e3o entre poder pol\u00edtico e interesses privados, destacando que h\u00e1 sempre uma vantagem futura quando se senta \u00e0 mesa com esses interesses. Alega que a \u00e9tica p\u00fablica \u00e9 relativizada pela ideia de \u201cgoverno eficaz\u201d: obras e resultados vis\u00edveis justificariam, aos olhos de alguns, pr\u00e1ticas potencialmente corruptas. Aponta para a necessidade de regras, transpar\u00eancia e concursos p\u00fablicos nos contratos municipais, distinguindo a fun\u00e7\u00e3o p\u00fablica da l\u00f3gica de empresa privada. Afirma que o problema n\u00e3o \u00e9 apenas a corrup\u00e7\u00e3o, mas a toler\u00e2ncia social e pol\u00edtica que celebra gestores com liga\u00e7\u00f5es privadas, enviando um sinal de que o sistema premia o resultado sobre a integridade. Observa um foco medi\u00e1tico desmesurado em casos isolados (ex.: almo\u00e7os com figuras p\u00fablicas) que distrai do debate sobre crise habitacional, servi\u00e7os p\u00fablicos e economia, contribuindo para uma perce\u00e7\u00e3o de pa\u00eds \u201cbolha\u201d e car\u00eancia de debate profundo.","og_url":"https:\/\/portaltela.pt\/noticias\/2026\/03\/27\/nao-ha-almocos-gratis-estudo-aponta-custos-de-politicas-publicas\/","og_site_name":"Portal Tela Portugal","article_published_time":"2026-03-27T12:40:00+00:00","author":"Telinha","twitter_card":"summary_large_image","twitter_misc":{"Escrito por":"Telinha","Tempo estimado de leitura":"2 minutos"},"schema":{"@context":"https:\/\/schema.org","@graph":[{"@type":"Article","@id":"https:\/\/portaltela.pt\/noticias\/2026\/03\/27\/nao-ha-almocos-gratis-estudo-aponta-custos-de-politicas-publicas\/#article","isPartOf":{"@id":"https:\/\/portaltela.pt\/noticias\/2026\/03\/27\/nao-ha-almocos-gratis-estudo-aponta-custos-de-politicas-publicas\/"},"author":{"name":"Telinha","@id":"https:\/\/portaltela.pt\/#\/schema\/person\/c4278d4a6028830caff9ee44b42d32ed"},"headline":"N\u00e3o h\u00e1 almo\u00e7os gr\u00e1tis: estudo aponta custos de pol\u00edticas p\u00fablicas","datePublished":"2026-03-27T12:40:00+00:00","mainEntityOfPage":{"@id":"https:\/\/portaltela.pt\/noticias\/2026\/03\/27\/nao-ha-almocos-gratis-estudo-aponta-custos-de-politicas-publicas\/"},"wordCount":372,"image":{"@id":"https:\/\/portaltela.pt\/noticias\/2026\/03\/27\/nao-ha-almocos-gratis-estudo-aponta-custos-de-politicas-publicas\/#primaryimage"},"thumbnailUrl":"https:\/\/portaltela.pt\/s.01k8rhncp4jt1\/2026\/03\/2077344.jpg","keywords":["administra\u00e7\u00e3o p\u00fablica","autarcas","C\u00e2mara Municipal","corrup\u00e7\u00e3o","pol\u00edtica","transpar\u00eancia p\u00fablica"],"articleSection":["Pol\u00edtica","Sociedade"],"inLanguage":"pt-PT"},{"@type":"WebPage","@id":"https:\/\/portaltela.pt\/noticias\/2026\/03\/27\/nao-ha-almocos-gratis-estudo-aponta-custos-de-politicas-publicas\/","url":"https:\/\/portaltela.pt\/noticias\/2026\/03\/27\/nao-ha-almocos-gratis-estudo-aponta-custos-de-politicas-publicas\/","name":"N\u00e3o h\u00e1 almo\u00e7os gr\u00e1tis: estudo aponta custos de pol\u00edticas p\u00fablicas - Portal Tela Portugal","isPartOf":{"@id":"https:\/\/portaltela.pt\/#website"},"primaryImageOfPage":{"@id":"https:\/\/portaltela.pt\/noticias\/2026\/03\/27\/nao-ha-almocos-gratis-estudo-aponta-custos-de-politicas-publicas\/#primaryimage"},"image":{"@id":"https:\/\/portaltela.pt\/noticias\/2026\/03\/27\/nao-ha-almocos-gratis-estudo-aponta-custos-de-politicas-publicas\/#primaryimage"},"thumbnailUrl":"https:\/\/portaltela.pt\/s.01k8rhncp4jt1\/2026\/03\/2077344.jpg","datePublished":"2026-03-27T12:40:00+00:00","author":{"@id":"https:\/\/portaltela.pt\/#\/schema\/person\/c4278d4a6028830caff9ee44b42d32ed"},"breadcrumb":{"@id":"https:\/\/portaltela.pt\/noticias\/2026\/03\/27\/nao-ha-almocos-gratis-estudo-aponta-custos-de-politicas-publicas\/#breadcrumb"},"inLanguage":"pt-PT","potentialAction":[{"@type":"ReadAction","target":["https:\/\/portaltela.pt\/noticias\/2026\/03\/27\/nao-ha-almocos-gratis-estudo-aponta-custos-de-politicas-publicas\/"]}]},{"@type":"ImageObject","inLanguage":"pt-PT","@id":"https:\/\/portaltela.pt\/noticias\/2026\/03\/27\/nao-ha-almocos-gratis-estudo-aponta-custos-de-politicas-publicas\/#primaryimage","url":"https:\/\/portaltela.pt\/s.01k8rhncp4jt1\/2026\/03\/2077344.jpg","contentUrl":"https:\/\/portaltela.pt\/s.01k8rhncp4jt1\/2026\/03\/2077344.jpg","width":796,"height":448,"caption":"Megafone P3"},{"@type":"BreadcrumbList","@id":"https:\/\/portaltela.pt\/noticias\/2026\/03\/27\/nao-ha-almocos-gratis-estudo-aponta-custos-de-politicas-publicas\/#breadcrumb","itemListElement":[{"@type":"ListItem","position":1,"name":"In\u00edcio","item":"https:\/\/portaltela.pt\/"},{"@type":"ListItem","position":2,"name":"N\u00e3o h\u00e1 almo\u00e7os gr\u00e1tis: estudo aponta custos de pol\u00edticas p\u00fablicas"}]},{"@type":"WebSite","@id":"https:\/\/portaltela.pt\/#website","url":"https:\/\/portaltela.pt\/","name":"Portal Tela Portugal","description":"","potentialAction":[{"@type":"SearchAction","target":{"@type":"EntryPoint","urlTemplate":"https:\/\/portaltela.pt\/?s={search_term_string}"},"query-input":{"@type":"PropertyValueSpecification","valueRequired":true,"valueName":"search_term_string"}}],"inLanguage":"pt-PT"},{"@type":"Person","@id":"https:\/\/portaltela.pt\/#\/schema\/person\/c4278d4a6028830caff9ee44b42d32ed","name":"Telinha","image":{"@type":"ImageObject","inLanguage":"pt-PT","@id":"https:\/\/portaltela.pt\/s.01k8rhncp4jt1\/2025\/11\/talking-bot-125x125.png","url":"https:\/\/portaltela.pt\/s.01k8rhncp4jt1\/2025\/11\/talking-bot-125x125.png","contentUrl":"https:\/\/portaltela.pt\/s.01k8rhncp4jt1\/2025\/11\/talking-bot-125x125.png","caption":"Telinha"},"sameAs":["https:\/\/portaltela.pt\/"],"url":"https:\/\/portaltela.pt\/por\/367410592786\/"}]}},"_links":{"self":[{"href":"https:\/\/portaltela.pt\/api\/wp\/v2\/posts\/423657","targetHints":{"allow":["GET"]}}],"collection":[{"href":"https:\/\/portaltela.pt\/api\/wp\/v2\/posts"}],"about":[{"href":"https:\/\/portaltela.pt\/api\/wp\/v2\/types\/post"}],"author":[{"embeddable":true,"href":"https:\/\/portaltela.pt\/api\/wp\/v2\/users\/2"}],"replies":[{"embeddable":true,"href":"https:\/\/portaltela.pt\/api\/wp\/v2\/comments?post=423657"}],"version-history":[{"count":0,"href":"https:\/\/portaltela.pt\/api\/wp\/v2\/posts\/423657\/revisions"}],"wp:featuredmedia":[{"embeddable":true,"href":"https:\/\/portaltela.pt\/api\/wp\/v2\/media\/423669"}],"wp:attachment":[{"href":"https:\/\/portaltela.pt\/api\/wp\/v2\/media?parent=423657"}],"wp:term":[{"taxonomy":"category","embeddable":true,"href":"https:\/\/portaltela.pt\/api\/wp\/v2\/categories?post=423657"},{"taxonomy":"post_tag","embeddable":true,"href":"https:\/\/portaltela.pt\/api\/wp\/v2\/tags?post=423657"}],"curies":[{"name":"wp","href":"https:\/\/api.w.org\/{rel}","templated":true}]}}