{"id":423651,"date":"2026-03-27T09:50:00","date_gmt":"2026-03-27T12:50:00","guid":{"rendered":"https:\/\/portaltela.pt\/noticias\/2026\/03\/27\/utentes-com-menos-recursos-tem-apenas-uma-hora-diaria-de-apoio-domiciliario\/"},"modified":"2026-03-27T09:50:00","modified_gmt":"2026-03-27T12:50:00","slug":"utentes-com-menos-recursos-tem-apenas-uma-hora-diaria-de-apoio-domiciliario","status":"publish","type":"post","link":"https:\/\/portaltela.pt\/noticias\/politica\/2026\/03\/27\/utentes-com-menos-recursos-tem-apenas-uma-hora-diaria-de-apoio-domiciliario\/","title":{"rendered":"Utentes com menos recursos t\u00eam apenas uma hora di\u00e1ria de apoio domicili\u00e1rio"},"content":{"rendered":"<p>O acesso aos servi\u00e7os de apoio domicili\u00e1rio em Portugal revela desigualdades significativas, com utentes de menor rendimento a receberem apenas uma hora di\u00e1ria de cuidados. O estudo, divulgado nesta sexta-feira, analisa modelos de Servi\u00e7o de Apoio Domicili\u00e1rio SAD e prop\u00f5e medidas para refor\u00e7ar efic\u00e1cia, integra\u00e7\u00e3o e sustentabilidade.<\/p>\n<p>Conduzido por Maria Irene Carvalho e Carla Ribeirinho, do ISCSP da Universidade de Lisboa, o trabalho insere-se no \u00e2mbito do programa Science4Policy, com financiamento PLANAPP e parceria com a Funda\u00e7\u00e3o para a Ci\u00eancia e a Tecnologia.<\/p>\n<p>Foram analisados 510 SAD, dos quais 85,9% s\u00e3o organiza\u00e7\u00f5es n\u00e3o lucrativas, 8,6% lucrativas e 5,5% mistas. A distribui\u00e7\u00e3o incide principalmente no setor n\u00e3o lucrativo, com impactos na qualidade e cobertura dos servi\u00e7os.<\/p>\n<p>Os resultados indicam que o setor lucrativo oferece cobertura di\u00e1ria completa e servi\u00e7os personalizados, enquanto o setor n\u00e3o lucrativo enfrenta escassez de profissionais, custos log\u00edsticos elevados e dificuldades de recrutamento.<\/p>\n<p>Em termos de custos, utentes do setor n\u00e3o lucrativo pagam entre 100 e 200 euros (28,2%) ou entre 201 e 300 euros (34,1%) mensais, j\u00e1 no setor lucrativo os valores variam entre 501 e 1.000 euros e entre 1.001 e 1.500 euros.<\/p>\n<p>Carla Ribeirinho assinala que a desigualdade de acesso representa uma s\u00e9ria amea\u00e7a \u00e0 justi\u00e7a e \u00e0 coes\u00e3o social, destacando que o setor lucrativo oferece cuidados personalizados 24 horas por dia, sete dias por semana, com custos mais elevados.<\/p>\n<p>O estudo aponta ainda que, no setor n\u00e3o lucrativo, predominante em zonas rurais, as respostas costumam limitar-se a cuidados b\u00e1sicos como higiene, alimenta\u00e7\u00e3o e tratamento de roupas, n\u00e3o respondendo \u00e0s necessidades mais complexas.<\/p>\n<p>Entre as conclus\u00f5es, a equipa destaca a m\u00e9dia de apenas uma hora de cuidados di\u00e1rios no setor da economia social e solid\u00e1ria, independentemente de contextos de dem\u00eancia ou isolamento social. A distribui\u00e7\u00e3o de recursos n\u00e3o satisfaz as expectativas de utentes e fam\u00edlias.<\/p>\n<h3>Desafios de integra\u00e7\u00e3o e continuidade de cuidados<\/h3>\n<p>O estudo alerta para a falta de integra\u00e7\u00e3o com unidades de sa\u00fade, cuidados continuados e reabilita\u00e7\u00e3o, o que compromete a continuidade de interven\u00e7\u00e3o, sobretudo em casos complexos.<\/p>\n<p>A investiga\u00e7\u00e3o recomenda uma revis\u00e3o do modelo de financiamento, adaptado \u00e0 complexidade e ao territ\u00f3rio, bem como a valoriza\u00e7\u00e3o das equipas, a capacita\u00e7\u00e3o de profissionais e a integra\u00e7\u00e3o de cuidadores informais.<\/p>\n<h3>Caminhos propostos e necessidade de inova\u00e7\u00e3o<\/h3>\n<p>Outras propostas passam pela melhoria do planeamento comunit\u00e1rio, diversifica\u00e7\u00e3o de servi\u00e7os e utiliza\u00e7\u00e3o de tecnologia, incluindo teleassist\u00eancia, para reduzir desigualdades no acesso aos cuidados.<\/p>\n<p>Os autores defendem que a tend\u00eancia europeia de envelhecimento em casa deve ser acompanhada por modelos que respondam \u00e0s necessidades reais das pessoas idosas e das suas fam\u00edlias, sem refor\u00e7ar desigualdades.<\/p>\n","protected":false},"excerpt":{"rendered":"<ul>\n<li>Um estudo do Instituto Superior de Ci\u00eancias Sociais e Pol\u00edticas da Universidade de Lisboa analisou 510 servi\u00e7os de Apoio Domicili\u00e1rio (SAD) em Portugal, destacando desigualdades de acesso e qualidade.<\/li>\n<li>Dos SAD analisados, 85,9% s\u00e3o n\u00e3o lucrativos, 8,6% lucrativos e 5,5% mistos.<\/li>\n<li>Os recursos financeiros influenciam o acesso: utentes com menos recursos recebem, em m\u00e9dia, apenas uma hora di\u00e1ria de cuidados, especialmente nos servi\u00e7os n\u00e3o lucrativos.<\/li>\n<li>O setor lucrativo oferece cobertura di\u00e1ria completa e servi\u00e7os personalizados, enquanto o setor n\u00e3o lucrativo enfrenta escassez de profissionais e custos elevados.<\/li>\n<li>O estudo prop\u00f5e medidas para refor\u00e7ar a efic\u00e1cia, integra\u00e7\u00e3o e sustentabilidade, como revis\u00e3o do financiamento, integra\u00e7\u00e3o com sa\u00fade, valoriza\u00e7\u00e3o de equipas e uso da teleassist\u00eancia.<\/li>\n<\/ul>\n","protected":false},"author":2,"featured_media":423662,"comment_status":"closed","ping_status":"closed","sticky":false,"template":"","format":"standard","meta":{"footnotes":""},"categories":[5,6745],"tags":[5371,5437,28,5927,2736,243],"class_list":["post-423651","post","type-post","status-publish","format-standard","has-post-thumbnail","hentry","category-politica","category-saude","tag-cuidados-de-saude","tag-desigualdades-sociais","tag-economia","tag-economia-social","tag-idosos","tag-seguranca-social"],"yoast_head":"<!-- This site is optimized with the Yoast SEO plugin v27.2 - https:\/\/yoast.com\/product\/yoast-seo-wordpress\/ -->\n<title>Utentes com menos recursos t\u00eam apenas uma hora di\u00e1ria de apoio domicili\u00e1rio - Portal Tela Portugal<\/title>\n<meta name=\"robots\" content=\"index, follow, max-snippet:-1, max-image-preview:large, max-video-preview:-1\" \/>\n<meta property=\"og:locale\" content=\"pt_PT\" \/>\n<meta property=\"og:type\" content=\"article\" \/>\n<meta property=\"og:title\" content=\"Utentes com menos recursos t\u00eam apenas uma hora di\u00e1ria de apoio domicili\u00e1rio - Portal Tela Portugal\" \/>\n<meta property=\"og:description\" content=\"Um estudo do Instituto Superior de Ci\u00eancias Sociais e Pol\u00edticas da Universidade de Lisboa analisou 510 servi\u00e7os de Apoio Domicili\u00e1rio (SAD) em Portugal, destacando desigualdades de acesso e qualidade. Dos SAD analisados, 85,9% s\u00e3o n\u00e3o lucrativos, 8,6% lucrativos e 5,5% mistos. Os recursos financeiros influenciam o acesso: utentes com menos recursos recebem, em m\u00e9dia, apenas uma hora di\u00e1ria de cuidados, especialmente nos servi\u00e7os n\u00e3o lucrativos. O setor lucrativo oferece cobertura di\u00e1ria completa e servi\u00e7os personalizados, enquanto o setor n\u00e3o lucrativo enfrenta escassez de profissionais e custos elevados. O estudo prop\u00f5e medidas para refor\u00e7ar a efic\u00e1cia, integra\u00e7\u00e3o e sustentabilidade, como revis\u00e3o do financiamento, integra\u00e7\u00e3o com sa\u00fade, valoriza\u00e7\u00e3o de equipas e uso da teleassist\u00eancia.\" \/>\n<meta property=\"og:url\" content=\"https:\/\/portaltela.pt\/noticias\/2026\/03\/27\/utentes-com-menos-recursos-tem-apenas-uma-hora-diaria-de-apoio-domiciliario\/\" \/>\n<meta property=\"og:site_name\" content=\"Portal Tela Portugal\" \/>\n<meta property=\"article:published_time\" content=\"2026-03-27T12:50:00+00:00\" \/>\n<meta name=\"author\" content=\"Telinha\" \/>\n<meta name=\"twitter:card\" content=\"summary_large_image\" \/>\n<meta name=\"twitter:label1\" content=\"Escrito por\" \/>\n\t<meta name=\"twitter:data1\" content=\"Telinha\" \/>\n\t<meta name=\"twitter:label2\" content=\"Tempo estimado de leitura\" \/>\n\t<meta name=\"twitter:data2\" content=\"2 minutos\" \/>\n<script type=\"application\/ld+json\" class=\"yoast-schema-graph\">{\"@context\":\"https:\/\/schema.org\",\"@graph\":[{\"@type\":\"Article\",\"@id\":\"https:\/\/portaltela.pt\/noticias\/2026\/03\/27\/utentes-com-menos-recursos-tem-apenas-uma-hora-diaria-de-apoio-domiciliario\/#article\",\"isPartOf\":{\"@id\":\"https:\/\/portaltela.pt\/noticias\/2026\/03\/27\/utentes-com-menos-recursos-tem-apenas-uma-hora-diaria-de-apoio-domiciliario\/\"},\"author\":{\"name\":\"Telinha\",\"@id\":\"https:\/\/portaltela.pt\/#\/schema\/person\/c4278d4a6028830caff9ee44b42d32ed\"},\"headline\":\"Utentes com menos recursos t\u00eam apenas uma hora di\u00e1ria de apoio domicili\u00e1rio\",\"datePublished\":\"2026-03-27T12:50:00+00:00\",\"mainEntityOfPage\":{\"@id\":\"https:\/\/portaltela.pt\/noticias\/2026\/03\/27\/utentes-com-menos-recursos-tem-apenas-uma-hora-diaria-de-apoio-domiciliario\/\"},\"wordCount\":482,\"image\":{\"@id\":\"https:\/\/portaltela.pt\/noticias\/2026\/03\/27\/utentes-com-menos-recursos-tem-apenas-uma-hora-diaria-de-apoio-domiciliario\/#primaryimage\"},\"thumbnailUrl\":\"https:\/\/portaltela.pt\/s.01k8rhncp4jt1\/2026\/03\/img_1500x1000uu2020-04-17-16-53-15-937484.jpg\",\"keywords\":[\"cuidados de sa\u00fade\",\"desigualdades sociais\",\"economia\",\"Economia Social\",\"idosos\",\"seguran\u00e7a social\"],\"articleSection\":[\"Pol\u00edtica\",\"Sa\u00fade\"],\"inLanguage\":\"pt-PT\"},{\"@type\":\"WebPage\",\"@id\":\"https:\/\/portaltela.pt\/noticias\/2026\/03\/27\/utentes-com-menos-recursos-tem-apenas-uma-hora-diaria-de-apoio-domiciliario\/\",\"url\":\"https:\/\/portaltela.pt\/noticias\/2026\/03\/27\/utentes-com-menos-recursos-tem-apenas-uma-hora-diaria-de-apoio-domiciliario\/\",\"name\":\"Utentes com menos recursos t\u00eam apenas uma hora di\u00e1ria de apoio domicili\u00e1rio - Portal Tela Portugal\",\"isPartOf\":{\"@id\":\"https:\/\/portaltela.pt\/#website\"},\"primaryImageOfPage\":{\"@id\":\"https:\/\/portaltela.pt\/noticias\/2026\/03\/27\/utentes-com-menos-recursos-tem-apenas-uma-hora-diaria-de-apoio-domiciliario\/#primaryimage\"},\"image\":{\"@id\":\"https:\/\/portaltela.pt\/noticias\/2026\/03\/27\/utentes-com-menos-recursos-tem-apenas-uma-hora-diaria-de-apoio-domiciliario\/#primaryimage\"},\"thumbnailUrl\":\"https:\/\/portaltela.pt\/s.01k8rhncp4jt1\/2026\/03\/img_1500x1000uu2020-04-17-16-53-15-937484.jpg\",\"datePublished\":\"2026-03-27T12:50:00+00:00\",\"author\":{\"@id\":\"https:\/\/portaltela.pt\/#\/schema\/person\/c4278d4a6028830caff9ee44b42d32ed\"},\"breadcrumb\":{\"@id\":\"https:\/\/portaltela.pt\/noticias\/2026\/03\/27\/utentes-com-menos-recursos-tem-apenas-uma-hora-diaria-de-apoio-domiciliario\/#breadcrumb\"},\"inLanguage\":\"pt-PT\",\"potentialAction\":[{\"@type\":\"ReadAction\",\"target\":[\"https:\/\/portaltela.pt\/noticias\/2026\/03\/27\/utentes-com-menos-recursos-tem-apenas-uma-hora-diaria-de-apoio-domiciliario\/\"]}]},{\"@type\":\"ImageObject\",\"inLanguage\":\"pt-PT\",\"@id\":\"https:\/\/portaltela.pt\/noticias\/2026\/03\/27\/utentes-com-menos-recursos-tem-apenas-uma-hora-diaria-de-apoio-domiciliario\/#primaryimage\",\"url\":\"https:\/\/portaltela.pt\/s.01k8rhncp4jt1\/2026\/03\/img_1500x1000uu2020-04-17-16-53-15-937484.jpg\",\"contentUrl\":\"https:\/\/portaltela.pt\/s.01k8rhncp4jt1\/2026\/03\/img_1500x1000uu2020-04-17-16-53-15-937484.jpg\",\"width\":796,\"height\":448,\"caption\":\"Utentes com menos recursos recebem apenas uma hora di\u00e1ria de cuidados de apoio domicili\u00e1rio\"},{\"@type\":\"BreadcrumbList\",\"@id\":\"https:\/\/portaltela.pt\/noticias\/2026\/03\/27\/utentes-com-menos-recursos-tem-apenas-uma-hora-diaria-de-apoio-domiciliario\/#breadcrumb\",\"itemListElement\":[{\"@type\":\"ListItem\",\"position\":1,\"name\":\"In\u00edcio\",\"item\":\"https:\/\/portaltela.pt\/\"},{\"@type\":\"ListItem\",\"position\":2,\"name\":\"Utentes com menos recursos t\u00eam apenas uma hora di\u00e1ria de apoio domicili\u00e1rio\"}]},{\"@type\":\"WebSite\",\"@id\":\"https:\/\/portaltela.pt\/#website\",\"url\":\"https:\/\/portaltela.pt\/\",\"name\":\"Portal Tela Portugal\",\"description\":\"\",\"potentialAction\":[{\"@type\":\"SearchAction\",\"target\":{\"@type\":\"EntryPoint\",\"urlTemplate\":\"https:\/\/portaltela.pt\/?s={search_term_string}\"},\"query-input\":{\"@type\":\"PropertyValueSpecification\",\"valueRequired\":true,\"valueName\":\"search_term_string\"}}],\"inLanguage\":\"pt-PT\"},{\"@type\":\"Person\",\"@id\":\"https:\/\/portaltela.pt\/#\/schema\/person\/c4278d4a6028830caff9ee44b42d32ed\",\"name\":\"Telinha\",\"image\":{\"@type\":\"ImageObject\",\"inLanguage\":\"pt-PT\",\"@id\":\"https:\/\/portaltela.pt\/s.01k8rhncp4jt1\/2025\/11\/talking-bot-125x125.png\",\"url\":\"https:\/\/portaltela.pt\/s.01k8rhncp4jt1\/2025\/11\/talking-bot-125x125.png\",\"contentUrl\":\"https:\/\/portaltela.pt\/s.01k8rhncp4jt1\/2025\/11\/talking-bot-125x125.png\",\"caption\":\"Telinha\"},\"sameAs\":[\"https:\/\/portaltela.pt\/\"],\"url\":\"https:\/\/portaltela.pt\/por\/367410592786\/\"}]}<\/script>\n<!-- \/ Yoast SEO plugin. -->","yoast_head_json":{"title":"Utentes com menos recursos t\u00eam apenas uma hora di\u00e1ria de apoio domicili\u00e1rio - Portal Tela Portugal","robots":{"index":"index","follow":"follow","max-snippet":"max-snippet:-1","max-image-preview":"max-image-preview:large","max-video-preview":"max-video-preview:-1"},"og_locale":"pt_PT","og_type":"article","og_title":"Utentes com menos recursos t\u00eam apenas uma hora di\u00e1ria de apoio domicili\u00e1rio - Portal Tela Portugal","og_description":"Um estudo do Instituto Superior de Ci\u00eancias Sociais e Pol\u00edticas da Universidade de Lisboa analisou 510 servi\u00e7os de Apoio Domicili\u00e1rio (SAD) em Portugal, destacando desigualdades de acesso e qualidade. Dos SAD analisados, 85,9% s\u00e3o n\u00e3o lucrativos, 8,6% lucrativos e 5,5% mistos. Os recursos financeiros influenciam o acesso: utentes com menos recursos recebem, em m\u00e9dia, apenas uma hora di\u00e1ria de cuidados, especialmente nos servi\u00e7os n\u00e3o lucrativos. O setor lucrativo oferece cobertura di\u00e1ria completa e servi\u00e7os personalizados, enquanto o setor n\u00e3o lucrativo enfrenta escassez de profissionais e custos elevados. O estudo prop\u00f5e medidas para refor\u00e7ar a efic\u00e1cia, integra\u00e7\u00e3o e sustentabilidade, como revis\u00e3o do financiamento, integra\u00e7\u00e3o com sa\u00fade, valoriza\u00e7\u00e3o de equipas e uso da teleassist\u00eancia.","og_url":"https:\/\/portaltela.pt\/noticias\/2026\/03\/27\/utentes-com-menos-recursos-tem-apenas-uma-hora-diaria-de-apoio-domiciliario\/","og_site_name":"Portal Tela Portugal","article_published_time":"2026-03-27T12:50:00+00:00","author":"Telinha","twitter_card":"summary_large_image","twitter_misc":{"Escrito por":"Telinha","Tempo estimado de leitura":"2 minutos"},"schema":{"@context":"https:\/\/schema.org","@graph":[{"@type":"Article","@id":"https:\/\/portaltela.pt\/noticias\/2026\/03\/27\/utentes-com-menos-recursos-tem-apenas-uma-hora-diaria-de-apoio-domiciliario\/#article","isPartOf":{"@id":"https:\/\/portaltela.pt\/noticias\/2026\/03\/27\/utentes-com-menos-recursos-tem-apenas-uma-hora-diaria-de-apoio-domiciliario\/"},"author":{"name":"Telinha","@id":"https:\/\/portaltela.pt\/#\/schema\/person\/c4278d4a6028830caff9ee44b42d32ed"},"headline":"Utentes com menos recursos t\u00eam apenas uma hora di\u00e1ria de apoio domicili\u00e1rio","datePublished":"2026-03-27T12:50:00+00:00","mainEntityOfPage":{"@id":"https:\/\/portaltela.pt\/noticias\/2026\/03\/27\/utentes-com-menos-recursos-tem-apenas-uma-hora-diaria-de-apoio-domiciliario\/"},"wordCount":482,"image":{"@id":"https:\/\/portaltela.pt\/noticias\/2026\/03\/27\/utentes-com-menos-recursos-tem-apenas-uma-hora-diaria-de-apoio-domiciliario\/#primaryimage"},"thumbnailUrl":"https:\/\/portaltela.pt\/s.01k8rhncp4jt1\/2026\/03\/img_1500x1000uu2020-04-17-16-53-15-937484.jpg","keywords":["cuidados de sa\u00fade","desigualdades sociais","economia","Economia Social","idosos","seguran\u00e7a social"],"articleSection":["Pol\u00edtica","Sa\u00fade"],"inLanguage":"pt-PT"},{"@type":"WebPage","@id":"https:\/\/portaltela.pt\/noticias\/2026\/03\/27\/utentes-com-menos-recursos-tem-apenas-uma-hora-diaria-de-apoio-domiciliario\/","url":"https:\/\/portaltela.pt\/noticias\/2026\/03\/27\/utentes-com-menos-recursos-tem-apenas-uma-hora-diaria-de-apoio-domiciliario\/","name":"Utentes com menos recursos t\u00eam apenas uma hora di\u00e1ria de apoio domicili\u00e1rio - Portal Tela Portugal","isPartOf":{"@id":"https:\/\/portaltela.pt\/#website"},"primaryImageOfPage":{"@id":"https:\/\/portaltela.pt\/noticias\/2026\/03\/27\/utentes-com-menos-recursos-tem-apenas-uma-hora-diaria-de-apoio-domiciliario\/#primaryimage"},"image":{"@id":"https:\/\/portaltela.pt\/noticias\/2026\/03\/27\/utentes-com-menos-recursos-tem-apenas-uma-hora-diaria-de-apoio-domiciliario\/#primaryimage"},"thumbnailUrl":"https:\/\/portaltela.pt\/s.01k8rhncp4jt1\/2026\/03\/img_1500x1000uu2020-04-17-16-53-15-937484.jpg","datePublished":"2026-03-27T12:50:00+00:00","author":{"@id":"https:\/\/portaltela.pt\/#\/schema\/person\/c4278d4a6028830caff9ee44b42d32ed"},"breadcrumb":{"@id":"https:\/\/portaltela.pt\/noticias\/2026\/03\/27\/utentes-com-menos-recursos-tem-apenas-uma-hora-diaria-de-apoio-domiciliario\/#breadcrumb"},"inLanguage":"pt-PT","potentialAction":[{"@type":"ReadAction","target":["https:\/\/portaltela.pt\/noticias\/2026\/03\/27\/utentes-com-menos-recursos-tem-apenas-uma-hora-diaria-de-apoio-domiciliario\/"]}]},{"@type":"ImageObject","inLanguage":"pt-PT","@id":"https:\/\/portaltela.pt\/noticias\/2026\/03\/27\/utentes-com-menos-recursos-tem-apenas-uma-hora-diaria-de-apoio-domiciliario\/#primaryimage","url":"https:\/\/portaltela.pt\/s.01k8rhncp4jt1\/2026\/03\/img_1500x1000uu2020-04-17-16-53-15-937484.jpg","contentUrl":"https:\/\/portaltela.pt\/s.01k8rhncp4jt1\/2026\/03\/img_1500x1000uu2020-04-17-16-53-15-937484.jpg","width":796,"height":448,"caption":"Utentes com menos recursos recebem apenas uma hora di\u00e1ria de cuidados de apoio domicili\u00e1rio"},{"@type":"BreadcrumbList","@id":"https:\/\/portaltela.pt\/noticias\/2026\/03\/27\/utentes-com-menos-recursos-tem-apenas-uma-hora-diaria-de-apoio-domiciliario\/#breadcrumb","itemListElement":[{"@type":"ListItem","position":1,"name":"In\u00edcio","item":"https:\/\/portaltela.pt\/"},{"@type":"ListItem","position":2,"name":"Utentes com menos recursos t\u00eam apenas uma hora di\u00e1ria de apoio domicili\u00e1rio"}]},{"@type":"WebSite","@id":"https:\/\/portaltela.pt\/#website","url":"https:\/\/portaltela.pt\/","name":"Portal Tela Portugal","description":"","potentialAction":[{"@type":"SearchAction","target":{"@type":"EntryPoint","urlTemplate":"https:\/\/portaltela.pt\/?s={search_term_string}"},"query-input":{"@type":"PropertyValueSpecification","valueRequired":true,"valueName":"search_term_string"}}],"inLanguage":"pt-PT"},{"@type":"Person","@id":"https:\/\/portaltela.pt\/#\/schema\/person\/c4278d4a6028830caff9ee44b42d32ed","name":"Telinha","image":{"@type":"ImageObject","inLanguage":"pt-PT","@id":"https:\/\/portaltela.pt\/s.01k8rhncp4jt1\/2025\/11\/talking-bot-125x125.png","url":"https:\/\/portaltela.pt\/s.01k8rhncp4jt1\/2025\/11\/talking-bot-125x125.png","contentUrl":"https:\/\/portaltela.pt\/s.01k8rhncp4jt1\/2025\/11\/talking-bot-125x125.png","caption":"Telinha"},"sameAs":["https:\/\/portaltela.pt\/"],"url":"https:\/\/portaltela.pt\/por\/367410592786\/"}]}},"_links":{"self":[{"href":"https:\/\/portaltela.pt\/api\/wp\/v2\/posts\/423651","targetHints":{"allow":["GET"]}}],"collection":[{"href":"https:\/\/portaltela.pt\/api\/wp\/v2\/posts"}],"about":[{"href":"https:\/\/portaltela.pt\/api\/wp\/v2\/types\/post"}],"author":[{"embeddable":true,"href":"https:\/\/portaltela.pt\/api\/wp\/v2\/users\/2"}],"replies":[{"embeddable":true,"href":"https:\/\/portaltela.pt\/api\/wp\/v2\/comments?post=423651"}],"version-history":[{"count":0,"href":"https:\/\/portaltela.pt\/api\/wp\/v2\/posts\/423651\/revisions"}],"wp:featuredmedia":[{"embeddable":true,"href":"https:\/\/portaltela.pt\/api\/wp\/v2\/media\/423662"}],"wp:attachment":[{"href":"https:\/\/portaltela.pt\/api\/wp\/v2\/media?parent=423651"}],"wp:term":[{"taxonomy":"category","embeddable":true,"href":"https:\/\/portaltela.pt\/api\/wp\/v2\/categories?post=423651"},{"taxonomy":"post_tag","embeddable":true,"href":"https:\/\/portaltela.pt\/api\/wp\/v2\/tags?post=423651"}],"curies":[{"name":"wp","href":"https:\/\/api.w.org\/{rel}","templated":true}]}}