{"id":423625,"date":"2026-03-27T09:41:42","date_gmt":"2026-03-27T12:41:42","guid":{"rendered":"https:\/\/portaltela.pt\/noticias\/2026\/03\/27\/franca-condena-retrocesso-do-coi-com-testes-geneticos-de-genero-nas-olimpiadas\/"},"modified":"2026-03-27T09:41:42","modified_gmt":"2026-03-27T12:41:42","slug":"franca-condena-retrocesso-do-coi-com-testes-geneticos-de-genero-nas-olimpiadas","status":"publish","type":"post","link":"https:\/\/portaltela.pt\/desporto\/futebol\/2026\/03\/27\/franca-condena-retrocesso-do-coi-com-testes-geneticos-de-genero-nas-olimpiadas\/","title":{"rendered":"Fran\u00e7a condena retrocesso do COI com testes gen\u00e9ticos de g\u00e9nero nas Olimp\u00edadas"},"content":{"rendered":"<p>Fran\u00e7a condena o regresso dos testes de g\u00e9nero promovido pelo COI, considerando a medida um retrocesso para a equidade. A decis\u00e3o, anunciada pelo COI, reintroduz testes gen\u00e9ticos para determinar o g\u00e9nero das atletas, quase 30 anos ap\u00f3s terem sido abandonados.<\/p>\n<p>A partir de Los Angeles 2028, os Jogos Ol\u00edmpicos ver\u00e3o a aplica\u00e7\u00e3o de um \u00fanico teste ao gene SRY para classificar atletas como femininas, afetando tamb\u00e9m algumas atletas intersexo. A exig\u00eancia visa apenas o \u201cg\u00e9nero biol\u00f3gico feminino\u201d, segundo o COI.<\/p>\n<p>Marina Ferrari, ministra dos Desportos, rejeita a generaliza\u00e7\u00e3o dos testes gen\u00e9ticos, apontando quest\u00f5es \u00e9ticas, legais e m\u00e9dicas. A Fran\u00e7a lembra que a legisla\u00e7\u00e3o de bio\u00e9tica pro\u00edbe estes testes no pa\u00eds.<\/p>\n<h3>Rea\u00e7\u00e3o oficial e contexto<\/h3>\n<p>A governante sustenta que a medida foca-se nas mulheres e desconsidera as especificidades de pessoas intersexo, o que cria riscos de estigmatiza\u00e7\u00e3o. Em resposta, o governo franc\u00eas anunciar\u00e1 a cria\u00e7\u00e3o de um observat\u00f3rio nacional para orientar pol\u00edticas de desporto justo e inclusivo.<\/p>\n<p>O COI justificou a decis\u00e3o dizendo que a elegibilidade feminina passa a depender do g\u00e9nero biol\u00f3gico, com aplica\u00e7\u00e3o universal nas competi\u00e7\u00f5es sob a sua jurisdi\u00e7\u00e3o. A presid\u00eancia do COI indica que a medida aposta na justi\u00e7a, seguran\u00e7a e integridade da categoria feminina.<\/p>\n<h3>Avalia\u00e7\u00e3o de impactos e pr\u00f3ximos passos<\/h3>\n<p>A decis\u00e3o n\u00e3o tem efeitos retroativos, pelo que resultados de atletas j\u00e1 consagradas, como a pugilista Imane Khelif, n\u00e3o ser\u00e3o revistos. O COI reconhece potenciais Vorteques de desempenho entre g\u00e9nero masculino, mas mant\u00e9m a nova regra como aplic\u00e1vel a todas as modalidades.<\/p>\n<p>A implementa\u00e7\u00e3o envolve tamb\u00e9m outros aspetos, com a promessa de salvaguardar direitos humanos e assegurar um desporto inclusivo. O COI detalha que a avalia\u00e7\u00e3o de cada caso poder\u00e1 incluir aconselhamento m\u00e9dico, mantendo o foco na integridade competitiva.<\/p>\n","protected":false},"excerpt":{"rendered":"<ul>\n<li>O Comit\u00e9 Ol\u00edmpico Internacional (COI) voltou a aplicar testes gen\u00e9ticos de g\u00e9nero, o que entra em vigor nos Jogos Ol\u00edmpicos de Ver\u00e3o de Los Angeles, em 2028, e pode excluir atletas transg\u00e9nero e v\u00e1rias atletas intersexo das provas femininas.<\/li>\n<li>A ministra francesa dos Desportos, Marina Ferrari, critica o retorno aos testes e descreve-o como um retrocesso, invocando quest\u00f5es \u00e9ticas, legais e m\u00e9dicas, e a legisla\u00e7\u00e3o de bio\u00e9tica francesa.<\/li>\n<li>A Fran\u00e7a anunciar\u00e1 a cria\u00e7\u00e3o de um observat\u00f3rio nacional para assegurar \u201cum desporto justo, inclusivo e respeitoso dos direitos humanos\u201d.<\/li>\n<li>A nova regra do COI define a elegibilidade feminina com base no g\u00e9nero biol\u00f3gico, determinado por um teste \u00fanico ao gene SRY, aplicado a todas as categorias dos Jogos.<\/li>\n<li>O COI afirma que as mudan\u00e7as n\u00e3o s\u00e3o retroativas e n\u00e3o v\u00e3o rever resultados de atletas j\u00e1 consagradas, como a pugilista Imane Khelif, enquanto reconhece potenciais vantagens do sexo masculino em determinadas modalidades.<\/li>\n<\/ul>\n","protected":false},"author":2,"featured_media":423638,"comment_status":"closed","ping_status":"closed","sticky":false,"template":"","format":"standard","meta":{"footnotes":""},"categories":[21,24],"tags":[152,7011,2633,3108],"class_list":["post-423625","post","type-post","status-publish","format-standard","has-post-thumbnail","hentry","category-desporto","category-futebol","tag-desporto","tag-direitos-das-mulheres","tag-direitos-humanos","tag-equidade-de-genero-desafios-na-atualidade"],"yoast_head":"<!-- This site is optimized with the Yoast SEO plugin v27.2 - https:\/\/yoast.com\/product\/yoast-seo-wordpress\/ -->\n<title>Fran\u00e7a condena retrocesso do COI com testes gen\u00e9ticos de g\u00e9nero nas Olimp\u00edadas - Portal Tela Portugal<\/title>\n<meta name=\"robots\" content=\"index, follow, max-snippet:-1, max-image-preview:large, max-video-preview:-1\" \/>\n<meta property=\"og:locale\" content=\"pt_PT\" \/>\n<meta property=\"og:type\" content=\"article\" \/>\n<meta property=\"og:title\" content=\"Fran\u00e7a condena retrocesso do COI com testes gen\u00e9ticos de g\u00e9nero nas Olimp\u00edadas - Portal Tela Portugal\" \/>\n<meta property=\"og:description\" content=\"O Comit\u00e9 Ol\u00edmpico Internacional (COI) voltou a aplicar testes gen\u00e9ticos de g\u00e9nero, o que entra em vigor nos Jogos Ol\u00edmpicos de Ver\u00e3o de Los Angeles, em 2028, e pode excluir atletas transg\u00e9nero e v\u00e1rias atletas intersexo das provas femininas. A ministra francesa dos Desportos, Marina Ferrari, critica o retorno aos testes e descreve-o como um retrocesso, invocando quest\u00f5es \u00e9ticas, legais e m\u00e9dicas, e a legisla\u00e7\u00e3o de bio\u00e9tica francesa. A Fran\u00e7a anunciar\u00e1 a cria\u00e7\u00e3o de um observat\u00f3rio nacional para assegurar \u201cum desporto justo, inclusivo e respeitoso dos direitos humanos\u201d. A nova regra do COI define a elegibilidade feminina com base no g\u00e9nero biol\u00f3gico, determinado por um teste \u00fanico ao gene SRY, aplicado a todas as categorias dos Jogos. O COI afirma que as mudan\u00e7as n\u00e3o s\u00e3o retroativas e n\u00e3o v\u00e3o rever resultados de atletas j\u00e1 consagradas, como a pugilista Imane Khelif, enquanto reconhece potenciais vantagens do sexo masculino em determinadas modalidades.\" \/>\n<meta property=\"og:url\" content=\"https:\/\/portaltela.pt\/noticias\/2026\/03\/27\/franca-condena-retrocesso-do-coi-com-testes-geneticos-de-genero-nas-olimpiadas\/\" \/>\n<meta property=\"og:site_name\" content=\"Portal Tela Portugal\" \/>\n<meta property=\"article:published_time\" content=\"2026-03-27T12:41:42+00:00\" \/>\n<meta name=\"author\" content=\"Telinha\" \/>\n<meta name=\"twitter:card\" content=\"summary_large_image\" \/>\n<meta name=\"twitter:label1\" content=\"Escrito por\" \/>\n\t<meta name=\"twitter:data1\" content=\"Telinha\" \/>\n\t<meta name=\"twitter:label2\" content=\"Tempo estimado de leitura\" \/>\n\t<meta name=\"twitter:data2\" content=\"2 minutos\" \/>\n<script type=\"application\/ld+json\" class=\"yoast-schema-graph\">{\"@context\":\"https:\/\/schema.org\",\"@graph\":[{\"@type\":\"Article\",\"@id\":\"https:\/\/portaltela.pt\/noticias\/2026\/03\/27\/franca-condena-retrocesso-do-coi-com-testes-geneticos-de-genero-nas-olimpiadas\/#article\",\"isPartOf\":{\"@id\":\"https:\/\/portaltela.pt\/noticias\/2026\/03\/27\/franca-condena-retrocesso-do-coi-com-testes-geneticos-de-genero-nas-olimpiadas\/\"},\"author\":{\"name\":\"Telinha\",\"@id\":\"https:\/\/portaltela.pt\/#\/schema\/person\/c4278d4a6028830caff9ee44b42d32ed\"},\"headline\":\"Fran\u00e7a condena retrocesso do COI com testes gen\u00e9ticos de g\u00e9nero nas Olimp\u00edadas\",\"datePublished\":\"2026-03-27T12:41:42+00:00\",\"mainEntityOfPage\":{\"@id\":\"https:\/\/portaltela.pt\/noticias\/2026\/03\/27\/franca-condena-retrocesso-do-coi-com-testes-geneticos-de-genero-nas-olimpiadas\/\"},\"wordCount\":347,\"image\":{\"@id\":\"https:\/\/portaltela.pt\/noticias\/2026\/03\/27\/franca-condena-retrocesso-do-coi-com-testes-geneticos-de-genero-nas-olimpiadas\/#primaryimage\"},\"thumbnailUrl\":\"https:\/\/portaltela.pt\/s.01k8rhncp4jt1\/2026\/03\/img_1500x1000uu2017-07-31-20-32-00-654566.jpg\",\"keywords\":[\"desporto\",\"direitos das mulheres\",\"direitos humanos\",\"equidade de g\u00e9nero \u2013 Desafios na Atualidade\"],\"articleSection\":[\"Desporto\",\"Futebol\"],\"inLanguage\":\"pt-PT\"},{\"@type\":\"WebPage\",\"@id\":\"https:\/\/portaltela.pt\/noticias\/2026\/03\/27\/franca-condena-retrocesso-do-coi-com-testes-geneticos-de-genero-nas-olimpiadas\/\",\"url\":\"https:\/\/portaltela.pt\/noticias\/2026\/03\/27\/franca-condena-retrocesso-do-coi-com-testes-geneticos-de-genero-nas-olimpiadas\/\",\"name\":\"Fran\u00e7a condena retrocesso do COI com testes gen\u00e9ticos de g\u00e9nero nas Olimp\u00edadas - Portal Tela Portugal\",\"isPartOf\":{\"@id\":\"https:\/\/portaltela.pt\/#website\"},\"primaryImageOfPage\":{\"@id\":\"https:\/\/portaltela.pt\/noticias\/2026\/03\/27\/franca-condena-retrocesso-do-coi-com-testes-geneticos-de-genero-nas-olimpiadas\/#primaryimage\"},\"image\":{\"@id\":\"https:\/\/portaltela.pt\/noticias\/2026\/03\/27\/franca-condena-retrocesso-do-coi-com-testes-geneticos-de-genero-nas-olimpiadas\/#primaryimage\"},\"thumbnailUrl\":\"https:\/\/portaltela.pt\/s.01k8rhncp4jt1\/2026\/03\/img_1500x1000uu2017-07-31-20-32-00-654566.jpg\",\"datePublished\":\"2026-03-27T12:41:42+00:00\",\"author\":{\"@id\":\"https:\/\/portaltela.pt\/#\/schema\/person\/c4278d4a6028830caff9ee44b42d32ed\"},\"breadcrumb\":{\"@id\":\"https:\/\/portaltela.pt\/noticias\/2026\/03\/27\/franca-condena-retrocesso-do-coi-com-testes-geneticos-de-genero-nas-olimpiadas\/#breadcrumb\"},\"inLanguage\":\"pt-PT\",\"potentialAction\":[{\"@type\":\"ReadAction\",\"target\":[\"https:\/\/portaltela.pt\/noticias\/2026\/03\/27\/franca-condena-retrocesso-do-coi-com-testes-geneticos-de-genero-nas-olimpiadas\/\"]}]},{\"@type\":\"ImageObject\",\"inLanguage\":\"pt-PT\",\"@id\":\"https:\/\/portaltela.pt\/noticias\/2026\/03\/27\/franca-condena-retrocesso-do-coi-com-testes-geneticos-de-genero-nas-olimpiadas\/#primaryimage\",\"url\":\"https:\/\/portaltela.pt\/s.01k8rhncp4jt1\/2026\/03\/img_1500x1000uu2017-07-31-20-32-00-654566.jpg\",\"contentUrl\":\"https:\/\/portaltela.pt\/s.01k8rhncp4jt1\/2026\/03\/img_1500x1000uu2017-07-31-20-32-00-654566.jpg\",\"width\":796,\"height\":448,\"caption\":\"Fran\u00e7a condena \\\"retrocesso\\\" do COI com testes gen\u00e9ticos de g\u00e9nero nas Olimp\u00edadas\"},{\"@type\":\"BreadcrumbList\",\"@id\":\"https:\/\/portaltela.pt\/noticias\/2026\/03\/27\/franca-condena-retrocesso-do-coi-com-testes-geneticos-de-genero-nas-olimpiadas\/#breadcrumb\",\"itemListElement\":[{\"@type\":\"ListItem\",\"position\":1,\"name\":\"In\u00edcio\",\"item\":\"https:\/\/portaltela.pt\/\"},{\"@type\":\"ListItem\",\"position\":2,\"name\":\"Fran\u00e7a condena retrocesso do COI com testes gen\u00e9ticos de g\u00e9nero nas Olimp\u00edadas\"}]},{\"@type\":\"WebSite\",\"@id\":\"https:\/\/portaltela.pt\/#website\",\"url\":\"https:\/\/portaltela.pt\/\",\"name\":\"Portal Tela Portugal\",\"description\":\"\",\"potentialAction\":[{\"@type\":\"SearchAction\",\"target\":{\"@type\":\"EntryPoint\",\"urlTemplate\":\"https:\/\/portaltela.pt\/?s={search_term_string}\"},\"query-input\":{\"@type\":\"PropertyValueSpecification\",\"valueRequired\":true,\"valueName\":\"search_term_string\"}}],\"inLanguage\":\"pt-PT\"},{\"@type\":\"Person\",\"@id\":\"https:\/\/portaltela.pt\/#\/schema\/person\/c4278d4a6028830caff9ee44b42d32ed\",\"name\":\"Telinha\",\"image\":{\"@type\":\"ImageObject\",\"inLanguage\":\"pt-PT\",\"@id\":\"https:\/\/portaltela.pt\/s.01k8rhncp4jt1\/2025\/11\/talking-bot-125x125.png\",\"url\":\"https:\/\/portaltela.pt\/s.01k8rhncp4jt1\/2025\/11\/talking-bot-125x125.png\",\"contentUrl\":\"https:\/\/portaltela.pt\/s.01k8rhncp4jt1\/2025\/11\/talking-bot-125x125.png\",\"caption\":\"Telinha\"},\"sameAs\":[\"https:\/\/portaltela.pt\/\"],\"url\":\"https:\/\/portaltela.pt\/por\/367410592786\/\"}]}<\/script>\n<!-- \/ Yoast SEO plugin. -->","yoast_head_json":{"title":"Fran\u00e7a condena retrocesso do COI com testes gen\u00e9ticos de g\u00e9nero nas Olimp\u00edadas - Portal Tela Portugal","robots":{"index":"index","follow":"follow","max-snippet":"max-snippet:-1","max-image-preview":"max-image-preview:large","max-video-preview":"max-video-preview:-1"},"og_locale":"pt_PT","og_type":"article","og_title":"Fran\u00e7a condena retrocesso do COI com testes gen\u00e9ticos de g\u00e9nero nas Olimp\u00edadas - Portal Tela Portugal","og_description":"O Comit\u00e9 Ol\u00edmpico Internacional (COI) voltou a aplicar testes gen\u00e9ticos de g\u00e9nero, o que entra em vigor nos Jogos Ol\u00edmpicos de Ver\u00e3o de Los Angeles, em 2028, e pode excluir atletas transg\u00e9nero e v\u00e1rias atletas intersexo das provas femininas. A ministra francesa dos Desportos, Marina Ferrari, critica o retorno aos testes e descreve-o como um retrocesso, invocando quest\u00f5es \u00e9ticas, legais e m\u00e9dicas, e a legisla\u00e7\u00e3o de bio\u00e9tica francesa. A Fran\u00e7a anunciar\u00e1 a cria\u00e7\u00e3o de um observat\u00f3rio nacional para assegurar \u201cum desporto justo, inclusivo e respeitoso dos direitos humanos\u201d. A nova regra do COI define a elegibilidade feminina com base no g\u00e9nero biol\u00f3gico, determinado por um teste \u00fanico ao gene SRY, aplicado a todas as categorias dos Jogos. O COI afirma que as mudan\u00e7as n\u00e3o s\u00e3o retroativas e n\u00e3o v\u00e3o rever resultados de atletas j\u00e1 consagradas, como a pugilista Imane Khelif, enquanto reconhece potenciais vantagens do sexo masculino em determinadas modalidades.","og_url":"https:\/\/portaltela.pt\/noticias\/2026\/03\/27\/franca-condena-retrocesso-do-coi-com-testes-geneticos-de-genero-nas-olimpiadas\/","og_site_name":"Portal Tela Portugal","article_published_time":"2026-03-27T12:41:42+00:00","author":"Telinha","twitter_card":"summary_large_image","twitter_misc":{"Escrito por":"Telinha","Tempo estimado de leitura":"2 minutos"},"schema":{"@context":"https:\/\/schema.org","@graph":[{"@type":"Article","@id":"https:\/\/portaltela.pt\/noticias\/2026\/03\/27\/franca-condena-retrocesso-do-coi-com-testes-geneticos-de-genero-nas-olimpiadas\/#article","isPartOf":{"@id":"https:\/\/portaltela.pt\/noticias\/2026\/03\/27\/franca-condena-retrocesso-do-coi-com-testes-geneticos-de-genero-nas-olimpiadas\/"},"author":{"name":"Telinha","@id":"https:\/\/portaltela.pt\/#\/schema\/person\/c4278d4a6028830caff9ee44b42d32ed"},"headline":"Fran\u00e7a condena retrocesso do COI com testes gen\u00e9ticos de g\u00e9nero nas Olimp\u00edadas","datePublished":"2026-03-27T12:41:42+00:00","mainEntityOfPage":{"@id":"https:\/\/portaltela.pt\/noticias\/2026\/03\/27\/franca-condena-retrocesso-do-coi-com-testes-geneticos-de-genero-nas-olimpiadas\/"},"wordCount":347,"image":{"@id":"https:\/\/portaltela.pt\/noticias\/2026\/03\/27\/franca-condena-retrocesso-do-coi-com-testes-geneticos-de-genero-nas-olimpiadas\/#primaryimage"},"thumbnailUrl":"https:\/\/portaltela.pt\/s.01k8rhncp4jt1\/2026\/03\/img_1500x1000uu2017-07-31-20-32-00-654566.jpg","keywords":["desporto","direitos das mulheres","direitos humanos","equidade de g\u00e9nero \u2013 Desafios na Atualidade"],"articleSection":["Desporto","Futebol"],"inLanguage":"pt-PT"},{"@type":"WebPage","@id":"https:\/\/portaltela.pt\/noticias\/2026\/03\/27\/franca-condena-retrocesso-do-coi-com-testes-geneticos-de-genero-nas-olimpiadas\/","url":"https:\/\/portaltela.pt\/noticias\/2026\/03\/27\/franca-condena-retrocesso-do-coi-com-testes-geneticos-de-genero-nas-olimpiadas\/","name":"Fran\u00e7a condena retrocesso do COI com testes gen\u00e9ticos de g\u00e9nero nas Olimp\u00edadas - Portal Tela Portugal","isPartOf":{"@id":"https:\/\/portaltela.pt\/#website"},"primaryImageOfPage":{"@id":"https:\/\/portaltela.pt\/noticias\/2026\/03\/27\/franca-condena-retrocesso-do-coi-com-testes-geneticos-de-genero-nas-olimpiadas\/#primaryimage"},"image":{"@id":"https:\/\/portaltela.pt\/noticias\/2026\/03\/27\/franca-condena-retrocesso-do-coi-com-testes-geneticos-de-genero-nas-olimpiadas\/#primaryimage"},"thumbnailUrl":"https:\/\/portaltela.pt\/s.01k8rhncp4jt1\/2026\/03\/img_1500x1000uu2017-07-31-20-32-00-654566.jpg","datePublished":"2026-03-27T12:41:42+00:00","author":{"@id":"https:\/\/portaltela.pt\/#\/schema\/person\/c4278d4a6028830caff9ee44b42d32ed"},"breadcrumb":{"@id":"https:\/\/portaltela.pt\/noticias\/2026\/03\/27\/franca-condena-retrocesso-do-coi-com-testes-geneticos-de-genero-nas-olimpiadas\/#breadcrumb"},"inLanguage":"pt-PT","potentialAction":[{"@type":"ReadAction","target":["https:\/\/portaltela.pt\/noticias\/2026\/03\/27\/franca-condena-retrocesso-do-coi-com-testes-geneticos-de-genero-nas-olimpiadas\/"]}]},{"@type":"ImageObject","inLanguage":"pt-PT","@id":"https:\/\/portaltela.pt\/noticias\/2026\/03\/27\/franca-condena-retrocesso-do-coi-com-testes-geneticos-de-genero-nas-olimpiadas\/#primaryimage","url":"https:\/\/portaltela.pt\/s.01k8rhncp4jt1\/2026\/03\/img_1500x1000uu2017-07-31-20-32-00-654566.jpg","contentUrl":"https:\/\/portaltela.pt\/s.01k8rhncp4jt1\/2026\/03\/img_1500x1000uu2017-07-31-20-32-00-654566.jpg","width":796,"height":448,"caption":"Fran\u00e7a condena \"retrocesso\" do COI com testes gen\u00e9ticos de g\u00e9nero nas Olimp\u00edadas"},{"@type":"BreadcrumbList","@id":"https:\/\/portaltela.pt\/noticias\/2026\/03\/27\/franca-condena-retrocesso-do-coi-com-testes-geneticos-de-genero-nas-olimpiadas\/#breadcrumb","itemListElement":[{"@type":"ListItem","position":1,"name":"In\u00edcio","item":"https:\/\/portaltela.pt\/"},{"@type":"ListItem","position":2,"name":"Fran\u00e7a condena retrocesso do COI com testes gen\u00e9ticos de g\u00e9nero nas Olimp\u00edadas"}]},{"@type":"WebSite","@id":"https:\/\/portaltela.pt\/#website","url":"https:\/\/portaltela.pt\/","name":"Portal Tela Portugal","description":"","potentialAction":[{"@type":"SearchAction","target":{"@type":"EntryPoint","urlTemplate":"https:\/\/portaltela.pt\/?s={search_term_string}"},"query-input":{"@type":"PropertyValueSpecification","valueRequired":true,"valueName":"search_term_string"}}],"inLanguage":"pt-PT"},{"@type":"Person","@id":"https:\/\/portaltela.pt\/#\/schema\/person\/c4278d4a6028830caff9ee44b42d32ed","name":"Telinha","image":{"@type":"ImageObject","inLanguage":"pt-PT","@id":"https:\/\/portaltela.pt\/s.01k8rhncp4jt1\/2025\/11\/talking-bot-125x125.png","url":"https:\/\/portaltela.pt\/s.01k8rhncp4jt1\/2025\/11\/talking-bot-125x125.png","contentUrl":"https:\/\/portaltela.pt\/s.01k8rhncp4jt1\/2025\/11\/talking-bot-125x125.png","caption":"Telinha"},"sameAs":["https:\/\/portaltela.pt\/"],"url":"https:\/\/portaltela.pt\/por\/367410592786\/"}]}},"_links":{"self":[{"href":"https:\/\/portaltela.pt\/api\/wp\/v2\/posts\/423625","targetHints":{"allow":["GET"]}}],"collection":[{"href":"https:\/\/portaltela.pt\/api\/wp\/v2\/posts"}],"about":[{"href":"https:\/\/portaltela.pt\/api\/wp\/v2\/types\/post"}],"author":[{"embeddable":true,"href":"https:\/\/portaltela.pt\/api\/wp\/v2\/users\/2"}],"replies":[{"embeddable":true,"href":"https:\/\/portaltela.pt\/api\/wp\/v2\/comments?post=423625"}],"version-history":[{"count":0,"href":"https:\/\/portaltela.pt\/api\/wp\/v2\/posts\/423625\/revisions"}],"wp:featuredmedia":[{"embeddable":true,"href":"https:\/\/portaltela.pt\/api\/wp\/v2\/media\/423638"}],"wp:attachment":[{"href":"https:\/\/portaltela.pt\/api\/wp\/v2\/media?parent=423625"}],"wp:term":[{"taxonomy":"category","embeddable":true,"href":"https:\/\/portaltela.pt\/api\/wp\/v2\/categories?post=423625"},{"taxonomy":"post_tag","embeddable":true,"href":"https:\/\/portaltela.pt\/api\/wp\/v2\/tags?post=423625"}],"curies":[{"name":"wp","href":"https:\/\/api.w.org\/{rel}","templated":true}]}}