{"id":423620,"date":"2026-03-27T09:47:04","date_gmt":"2026-03-27T12:47:04","guid":{"rendered":"https:\/\/portaltela.pt\/noticias\/2026\/03\/27\/somalia-enfrenta-desafios-humanitarios-e-de-seguranca\/"},"modified":"2026-03-27T09:47:04","modified_gmt":"2026-03-27T12:47:04","slug":"somalia-enfrenta-desafios-humanitarios-e-de-seguranca","status":"publish","type":"post","link":"https:\/\/portaltela.pt\/conflitos\/2026\/03\/27\/somalia-enfrenta-desafios-humanitarios-e-de-seguranca\/","title":{"rendered":"Som\u00e1lia enfrenta desafios humanit\u00e1rios e de seguran\u00e7a"},"content":{"rendered":"<p><strong>Entrada de texto:<\/strong><\/p>\n<p>A Som\u00e1lia vive uma dupla crise. Inunda\u00e7\u00f5es agravaram a sa\u00fade p\u00fablica, enquanto o abastecimento de ajuda humanit\u00e1ria e fertilizantes enfrenta constrangimentos ligados \u00e0 guerra no Ir\u00e3o e ao bloqueio de Ormuz. Organiza\u00e7\u00f5es apelam a uma resposta r\u00e1pida para evitar cat\u00e1strofe humanit\u00e1ria.<\/p>\n<p>Noutro foco, o pa\u00eds recebeu apoio da comunidade internacional para mitigar a crise. Em v\u00e1rias regi\u00f5es, volunt\u00e1rios e ag\u00eancias humanit\u00e1rias intensificaram a\u00e7\u00f5es de distribui\u00e7\u00e3o de \u00e1gua, alimenta\u00e7\u00e3o e itens de higiene, essenciais para popula\u00e7\u00f5es j\u00e1 vulner\u00e1veis.<\/p>\n<h3>Ataques do al-Shabab em Mogad\u00edscio<\/h3>\n<p>O grupo extremista al-Shabab reivindicou ataques em Mogad\u00edscio, incluindo um ataque a um hotel. As autoridades confirmaram dezenas de mortos e feridos, com n\u00fameros ainda a subir \u00e0 medida que os resgates avan\u00e7am.<\/p>\n<p>Al\u00e9m disso, o atentado de maior impacto, tamb\u00e9m em Mogad\u00edscio, elevou o total de v\u00edtimas a 100, com o governo a prever aumento do n\u00famero de mortos. O grupo atribui os ataques a al-Shabab, ligado \u00e0 Al-Qaeda.<\/p>\n<h3>Outras ocorr\u00eancias naSom\u00e1lia<\/h3>\n<p>O pa\u00eds registou ainda m\u00faltiplos ataques isolados em cidades como Baidoa, Beledweyne, Kismayo e Galkayo, com contagens m\u00f3veis de mortos entre 1 e 6 pessoas, conforme informa\u00e7\u00f5es oficiais. As autoridades pedem prud\u00eancia aos habitantes.<\/p>\n<p>Em paralelo, a Cruz Vermelha Internacional distribuiu comida a cerca de 4 mil detidos em 12 pris\u00f5es, como parte das celebra\u00e7\u00f5es do Ramad\u00e3, refor\u00e7ando a prote\u00e7\u00e3o alimentar de popula\u00e7\u00f5es em situa\u00e7\u00e3o prec\u00e1ria.<\/p>\n","protected":false},"excerpt":{"rendered":"<ul>\n<li>Inunda\u00e7\u00f5es na Som\u00e1lia provocam crise de sa\u00fade p\u00fablica, com impacto relevante no Sul do pa\u00eds.<\/li>\n<li>Cerca de quatro mil detidos receberam comida para a refei\u00e7\u00e3o Iftar, distribu\u00edda pelo Comit\u00e9 Internacional da Cruz Vermelha.<\/li>\n<li>O grupo extremista Al-Shabaab reivindicou ataques em Mogad\u00edscio, incluindo o ataque ao hotel Villa Rosa que resultou em mortos.<\/li>\n<li>O balan\u00e7o de mortos num atentado em Mogad\u00edscio atingiu cento, com previs\u00f5es de aumento segundo autoridades.<\/li>\n<li>Em outras cidades da Som\u00e1lia, ataques atribu\u00eddos ao Al-Shabaab causaram v\u00e1rias mortes e feridos em Beledweyne, Baidoa, Kismayo e Galkayo.<\/li>\n<\/ul>\n","protected":false},"author":2,"featured_media":423632,"comment_status":"closed","ping_status":"closed","sticky":false,"template":"","format":"standard","meta":{"footnotes":""},"categories":[6790],"tags":[5747,5267,2358,2293,466,6510],"class_list":["post-423620","post","type-post","status-publish","format-standard","has-post-thumbnail","hentry","category-conflitos","tag-ajuda-humanitaria","tag-ataques","tag-crises-internacionais","tag-inundacoes","tag-organizacao-internacional","tag-somalia"],"yoast_head":"<!-- This site is optimized with the Yoast SEO plugin v27.2 - https:\/\/yoast.com\/product\/yoast-seo-wordpress\/ -->\n<title>Som\u00e1lia enfrenta desafios humanit\u00e1rios e de seguran\u00e7a - Portal Tela Portugal<\/title>\n<meta name=\"robots\" content=\"index, follow, max-snippet:-1, max-image-preview:large, max-video-preview:-1\" \/>\n<meta property=\"og:locale\" content=\"pt_PT\" \/>\n<meta property=\"og:type\" content=\"article\" \/>\n<meta property=\"og:title\" content=\"Som\u00e1lia enfrenta desafios humanit\u00e1rios e de seguran\u00e7a - Portal Tela Portugal\" \/>\n<meta property=\"og:description\" content=\"Inunda\u00e7\u00f5es na Som\u00e1lia provocam crise de sa\u00fade p\u00fablica, com impacto relevante no Sul do pa\u00eds. Cerca de quatro mil detidos receberam comida para a refei\u00e7\u00e3o Iftar, distribu\u00edda pelo Comit\u00e9 Internacional da Cruz Vermelha. O grupo extremista Al-Shabaab reivindicou ataques em Mogad\u00edscio, incluindo o ataque ao hotel Villa Rosa que resultou em mortos. O balan\u00e7o de mortos num atentado em Mogad\u00edscio atingiu cento, com previs\u00f5es de aumento segundo autoridades. Em outras cidades da Som\u00e1lia, ataques atribu\u00eddos ao Al-Shabaab causaram v\u00e1rias mortes e feridos em Beledweyne, Baidoa, Kismayo e Galkayo.\" \/>\n<meta property=\"og:url\" content=\"https:\/\/portaltela.pt\/noticias\/2026\/03\/27\/somalia-enfrenta-desafios-humanitarios-e-de-seguranca\/\" \/>\n<meta property=\"og:site_name\" content=\"Portal Tela Portugal\" \/>\n<meta property=\"article:published_time\" content=\"2026-03-27T12:47:04+00:00\" \/>\n<meta name=\"author\" content=\"Telinha\" \/>\n<meta name=\"twitter:card\" content=\"summary_large_image\" \/>\n<meta name=\"twitter:label1\" content=\"Escrito por\" \/>\n\t<meta name=\"twitter:data1\" content=\"Telinha\" \/>\n\t<meta name=\"twitter:label2\" content=\"Tempo estimado de leitura\" \/>\n\t<meta name=\"twitter:data2\" content=\"1 minuto\" \/>\n<script type=\"application\/ld+json\" class=\"yoast-schema-graph\">{\"@context\":\"https:\/\/schema.org\",\"@graph\":[{\"@type\":\"Article\",\"@id\":\"https:\/\/portaltela.pt\/noticias\/2026\/03\/27\/somalia-enfrenta-desafios-humanitarios-e-de-seguranca\/#article\",\"isPartOf\":{\"@id\":\"https:\/\/portaltela.pt\/noticias\/2026\/03\/27\/somalia-enfrenta-desafios-humanitarios-e-de-seguranca\/\"},\"author\":{\"name\":\"Telinha\",\"@id\":\"https:\/\/portaltela.pt\/#\/schema\/person\/c4278d4a6028830caff9ee44b42d32ed\"},\"headline\":\"Som\u00e1lia enfrenta desafios humanit\u00e1rios e de seguran\u00e7a\",\"datePublished\":\"2026-03-27T12:47:04+00:00\",\"mainEntityOfPage\":{\"@id\":\"https:\/\/portaltela.pt\/noticias\/2026\/03\/27\/somalia-enfrenta-desafios-humanitarios-e-de-seguranca\/\"},\"wordCount\":270,\"image\":{\"@id\":\"https:\/\/portaltela.pt\/noticias\/2026\/03\/27\/somalia-enfrenta-desafios-humanitarios-e-de-seguranca\/#primaryimage\"},\"thumbnailUrl\":\"https:\/\/portaltela.pt\/s.01k8rhncp4jt1\/2026\/03\/320x180_cmsv2_a129a927-6193-5edd-962e-f4b2e051670e-9700564.jpg\",\"keywords\":[\"ajuda humanit\u00e1ria\",\"ataques\",\"crises internacionais\",\"inunda\u00e7\u00f5es\",\"organiza\u00e7\u00e3o internacional\",\"Som\u00e1lia\"],\"articleSection\":[\"Conflitos\"],\"inLanguage\":\"pt-PT\"},{\"@type\":\"WebPage\",\"@id\":\"https:\/\/portaltela.pt\/noticias\/2026\/03\/27\/somalia-enfrenta-desafios-humanitarios-e-de-seguranca\/\",\"url\":\"https:\/\/portaltela.pt\/noticias\/2026\/03\/27\/somalia-enfrenta-desafios-humanitarios-e-de-seguranca\/\",\"name\":\"Som\u00e1lia enfrenta desafios humanit\u00e1rios e de seguran\u00e7a - Portal Tela Portugal\",\"isPartOf\":{\"@id\":\"https:\/\/portaltela.pt\/#website\"},\"primaryImageOfPage\":{\"@id\":\"https:\/\/portaltela.pt\/noticias\/2026\/03\/27\/somalia-enfrenta-desafios-humanitarios-e-de-seguranca\/#primaryimage\"},\"image\":{\"@id\":\"https:\/\/portaltela.pt\/noticias\/2026\/03\/27\/somalia-enfrenta-desafios-humanitarios-e-de-seguranca\/#primaryimage\"},\"thumbnailUrl\":\"https:\/\/portaltela.pt\/s.01k8rhncp4jt1\/2026\/03\/320x180_cmsv2_a129a927-6193-5edd-962e-f4b2e051670e-9700564.jpg\",\"datePublished\":\"2026-03-27T12:47:04+00:00\",\"author\":{\"@id\":\"https:\/\/portaltela.pt\/#\/schema\/person\/c4278d4a6028830caff9ee44b42d32ed\"},\"breadcrumb\":{\"@id\":\"https:\/\/portaltela.pt\/noticias\/2026\/03\/27\/somalia-enfrenta-desafios-humanitarios-e-de-seguranca\/#breadcrumb\"},\"inLanguage\":\"pt-PT\",\"potentialAction\":[{\"@type\":\"ReadAction\",\"target\":[\"https:\/\/portaltela.pt\/noticias\/2026\/03\/27\/somalia-enfrenta-desafios-humanitarios-e-de-seguranca\/\"]}]},{\"@type\":\"ImageObject\",\"inLanguage\":\"pt-PT\",\"@id\":\"https:\/\/portaltela.pt\/noticias\/2026\/03\/27\/somalia-enfrenta-desafios-humanitarios-e-de-seguranca\/#primaryimage\",\"url\":\"https:\/\/portaltela.pt\/s.01k8rhncp4jt1\/2026\/03\/320x180_cmsv2_a129a927-6193-5edd-962e-f4b2e051670e-9700564.jpg\",\"contentUrl\":\"https:\/\/portaltela.pt\/s.01k8rhncp4jt1\/2026\/03\/320x180_cmsv2_a129a927-6193-5edd-962e-f4b2e051670e-9700564.jpg\",\"width\":796,\"height\":448,\"caption\":\"Um representante da UNICEF na Som\u00e1lia sorri para uma m\u00e3e de duas crian\u00e7as g\u00e9meas subnutridas no Hospital de Refer\u00eancia de Dolow, no sul da Som\u00e1lia.\"},{\"@type\":\"BreadcrumbList\",\"@id\":\"https:\/\/portaltela.pt\/noticias\/2026\/03\/27\/somalia-enfrenta-desafios-humanitarios-e-de-seguranca\/#breadcrumb\",\"itemListElement\":[{\"@type\":\"ListItem\",\"position\":1,\"name\":\"In\u00edcio\",\"item\":\"https:\/\/portaltela.pt\/\"},{\"@type\":\"ListItem\",\"position\":2,\"name\":\"Som\u00e1lia enfrenta desafios humanit\u00e1rios e de seguran\u00e7a\"}]},{\"@type\":\"WebSite\",\"@id\":\"https:\/\/portaltela.pt\/#website\",\"url\":\"https:\/\/portaltela.pt\/\",\"name\":\"Portal Tela Portugal\",\"description\":\"\",\"potentialAction\":[{\"@type\":\"SearchAction\",\"target\":{\"@type\":\"EntryPoint\",\"urlTemplate\":\"https:\/\/portaltela.pt\/?s={search_term_string}\"},\"query-input\":{\"@type\":\"PropertyValueSpecification\",\"valueRequired\":true,\"valueName\":\"search_term_string\"}}],\"inLanguage\":\"pt-PT\"},{\"@type\":\"Person\",\"@id\":\"https:\/\/portaltela.pt\/#\/schema\/person\/c4278d4a6028830caff9ee44b42d32ed\",\"name\":\"Telinha\",\"image\":{\"@type\":\"ImageObject\",\"inLanguage\":\"pt-PT\",\"@id\":\"https:\/\/portaltela.pt\/s.01k8rhncp4jt1\/2025\/11\/talking-bot-125x125.png\",\"url\":\"https:\/\/portaltela.pt\/s.01k8rhncp4jt1\/2025\/11\/talking-bot-125x125.png\",\"contentUrl\":\"https:\/\/portaltela.pt\/s.01k8rhncp4jt1\/2025\/11\/talking-bot-125x125.png\",\"caption\":\"Telinha\"},\"sameAs\":[\"https:\/\/portaltela.pt\/\"],\"url\":\"https:\/\/portaltela.pt\/por\/367410592786\/\"}]}<\/script>\n<!-- \/ Yoast SEO plugin. -->","yoast_head_json":{"title":"Som\u00e1lia enfrenta desafios humanit\u00e1rios e de seguran\u00e7a - Portal Tela Portugal","robots":{"index":"index","follow":"follow","max-snippet":"max-snippet:-1","max-image-preview":"max-image-preview:large","max-video-preview":"max-video-preview:-1"},"og_locale":"pt_PT","og_type":"article","og_title":"Som\u00e1lia enfrenta desafios humanit\u00e1rios e de seguran\u00e7a - Portal Tela Portugal","og_description":"Inunda\u00e7\u00f5es na Som\u00e1lia provocam crise de sa\u00fade p\u00fablica, com impacto relevante no Sul do pa\u00eds. Cerca de quatro mil detidos receberam comida para a refei\u00e7\u00e3o Iftar, distribu\u00edda pelo Comit\u00e9 Internacional da Cruz Vermelha. O grupo extremista Al-Shabaab reivindicou ataques em Mogad\u00edscio, incluindo o ataque ao hotel Villa Rosa que resultou em mortos. O balan\u00e7o de mortos num atentado em Mogad\u00edscio atingiu cento, com previs\u00f5es de aumento segundo autoridades. Em outras cidades da Som\u00e1lia, ataques atribu\u00eddos ao Al-Shabaab causaram v\u00e1rias mortes e feridos em Beledweyne, Baidoa, Kismayo e Galkayo.","og_url":"https:\/\/portaltela.pt\/noticias\/2026\/03\/27\/somalia-enfrenta-desafios-humanitarios-e-de-seguranca\/","og_site_name":"Portal Tela Portugal","article_published_time":"2026-03-27T12:47:04+00:00","author":"Telinha","twitter_card":"summary_large_image","twitter_misc":{"Escrito por":"Telinha","Tempo estimado de leitura":"1 minuto"},"schema":{"@context":"https:\/\/schema.org","@graph":[{"@type":"Article","@id":"https:\/\/portaltela.pt\/noticias\/2026\/03\/27\/somalia-enfrenta-desafios-humanitarios-e-de-seguranca\/#article","isPartOf":{"@id":"https:\/\/portaltela.pt\/noticias\/2026\/03\/27\/somalia-enfrenta-desafios-humanitarios-e-de-seguranca\/"},"author":{"name":"Telinha","@id":"https:\/\/portaltela.pt\/#\/schema\/person\/c4278d4a6028830caff9ee44b42d32ed"},"headline":"Som\u00e1lia enfrenta desafios humanit\u00e1rios e de seguran\u00e7a","datePublished":"2026-03-27T12:47:04+00:00","mainEntityOfPage":{"@id":"https:\/\/portaltela.pt\/noticias\/2026\/03\/27\/somalia-enfrenta-desafios-humanitarios-e-de-seguranca\/"},"wordCount":270,"image":{"@id":"https:\/\/portaltela.pt\/noticias\/2026\/03\/27\/somalia-enfrenta-desafios-humanitarios-e-de-seguranca\/#primaryimage"},"thumbnailUrl":"https:\/\/portaltela.pt\/s.01k8rhncp4jt1\/2026\/03\/320x180_cmsv2_a129a927-6193-5edd-962e-f4b2e051670e-9700564.jpg","keywords":["ajuda humanit\u00e1ria","ataques","crises internacionais","inunda\u00e7\u00f5es","organiza\u00e7\u00e3o internacional","Som\u00e1lia"],"articleSection":["Conflitos"],"inLanguage":"pt-PT"},{"@type":"WebPage","@id":"https:\/\/portaltela.pt\/noticias\/2026\/03\/27\/somalia-enfrenta-desafios-humanitarios-e-de-seguranca\/","url":"https:\/\/portaltela.pt\/noticias\/2026\/03\/27\/somalia-enfrenta-desafios-humanitarios-e-de-seguranca\/","name":"Som\u00e1lia enfrenta desafios humanit\u00e1rios e de seguran\u00e7a - Portal Tela Portugal","isPartOf":{"@id":"https:\/\/portaltela.pt\/#website"},"primaryImageOfPage":{"@id":"https:\/\/portaltela.pt\/noticias\/2026\/03\/27\/somalia-enfrenta-desafios-humanitarios-e-de-seguranca\/#primaryimage"},"image":{"@id":"https:\/\/portaltela.pt\/noticias\/2026\/03\/27\/somalia-enfrenta-desafios-humanitarios-e-de-seguranca\/#primaryimage"},"thumbnailUrl":"https:\/\/portaltela.pt\/s.01k8rhncp4jt1\/2026\/03\/320x180_cmsv2_a129a927-6193-5edd-962e-f4b2e051670e-9700564.jpg","datePublished":"2026-03-27T12:47:04+00:00","author":{"@id":"https:\/\/portaltela.pt\/#\/schema\/person\/c4278d4a6028830caff9ee44b42d32ed"},"breadcrumb":{"@id":"https:\/\/portaltela.pt\/noticias\/2026\/03\/27\/somalia-enfrenta-desafios-humanitarios-e-de-seguranca\/#breadcrumb"},"inLanguage":"pt-PT","potentialAction":[{"@type":"ReadAction","target":["https:\/\/portaltela.pt\/noticias\/2026\/03\/27\/somalia-enfrenta-desafios-humanitarios-e-de-seguranca\/"]}]},{"@type":"ImageObject","inLanguage":"pt-PT","@id":"https:\/\/portaltela.pt\/noticias\/2026\/03\/27\/somalia-enfrenta-desafios-humanitarios-e-de-seguranca\/#primaryimage","url":"https:\/\/portaltela.pt\/s.01k8rhncp4jt1\/2026\/03\/320x180_cmsv2_a129a927-6193-5edd-962e-f4b2e051670e-9700564.jpg","contentUrl":"https:\/\/portaltela.pt\/s.01k8rhncp4jt1\/2026\/03\/320x180_cmsv2_a129a927-6193-5edd-962e-f4b2e051670e-9700564.jpg","width":796,"height":448,"caption":"Um representante da UNICEF na Som\u00e1lia sorri para uma m\u00e3e de duas crian\u00e7as g\u00e9meas subnutridas no Hospital de Refer\u00eancia de Dolow, no sul da Som\u00e1lia."},{"@type":"BreadcrumbList","@id":"https:\/\/portaltela.pt\/noticias\/2026\/03\/27\/somalia-enfrenta-desafios-humanitarios-e-de-seguranca\/#breadcrumb","itemListElement":[{"@type":"ListItem","position":1,"name":"In\u00edcio","item":"https:\/\/portaltela.pt\/"},{"@type":"ListItem","position":2,"name":"Som\u00e1lia enfrenta desafios humanit\u00e1rios e de seguran\u00e7a"}]},{"@type":"WebSite","@id":"https:\/\/portaltela.pt\/#website","url":"https:\/\/portaltela.pt\/","name":"Portal Tela Portugal","description":"","potentialAction":[{"@type":"SearchAction","target":{"@type":"EntryPoint","urlTemplate":"https:\/\/portaltela.pt\/?s={search_term_string}"},"query-input":{"@type":"PropertyValueSpecification","valueRequired":true,"valueName":"search_term_string"}}],"inLanguage":"pt-PT"},{"@type":"Person","@id":"https:\/\/portaltela.pt\/#\/schema\/person\/c4278d4a6028830caff9ee44b42d32ed","name":"Telinha","image":{"@type":"ImageObject","inLanguage":"pt-PT","@id":"https:\/\/portaltela.pt\/s.01k8rhncp4jt1\/2025\/11\/talking-bot-125x125.png","url":"https:\/\/portaltela.pt\/s.01k8rhncp4jt1\/2025\/11\/talking-bot-125x125.png","contentUrl":"https:\/\/portaltela.pt\/s.01k8rhncp4jt1\/2025\/11\/talking-bot-125x125.png","caption":"Telinha"},"sameAs":["https:\/\/portaltela.pt\/"],"url":"https:\/\/portaltela.pt\/por\/367410592786\/"}]}},"_links":{"self":[{"href":"https:\/\/portaltela.pt\/api\/wp\/v2\/posts\/423620","targetHints":{"allow":["GET"]}}],"collection":[{"href":"https:\/\/portaltela.pt\/api\/wp\/v2\/posts"}],"about":[{"href":"https:\/\/portaltela.pt\/api\/wp\/v2\/types\/post"}],"author":[{"embeddable":true,"href":"https:\/\/portaltela.pt\/api\/wp\/v2\/users\/2"}],"replies":[{"embeddable":true,"href":"https:\/\/portaltela.pt\/api\/wp\/v2\/comments?post=423620"}],"version-history":[{"count":0,"href":"https:\/\/portaltela.pt\/api\/wp\/v2\/posts\/423620\/revisions"}],"wp:featuredmedia":[{"embeddable":true,"href":"https:\/\/portaltela.pt\/api\/wp\/v2\/media\/423632"}],"wp:attachment":[{"href":"https:\/\/portaltela.pt\/api\/wp\/v2\/media?parent=423620"}],"wp:term":[{"taxonomy":"category","embeddable":true,"href":"https:\/\/portaltela.pt\/api\/wp\/v2\/categories?post=423620"},{"taxonomy":"post_tag","embeddable":true,"href":"https:\/\/portaltela.pt\/api\/wp\/v2\/tags?post=423620"}],"curies":[{"name":"wp","href":"https:\/\/api.w.org\/{rel}","templated":true}]}}