{"id":423603,"date":"2026-03-27T09:24:36","date_gmt":"2026-03-27T12:24:36","guid":{"rendered":"https:\/\/portaltela.pt\/noticias\/2026\/03\/27\/melhor-marcador-da-liga-francesa-sofre-rotura-de-ligamentos-cruzados\/"},"modified":"2026-03-27T09:24:36","modified_gmt":"2026-03-27T12:24:36","slug":"melhor-marcador-da-liga-francesa-sofre-rotura-de-ligamentos-cruzados","status":"publish","type":"post","link":"https:\/\/portaltela.pt\/desporto\/futebol\/2026\/03\/27\/melhor-marcador-da-liga-francesa-sofre-rotura-de-ligamentos-cruzados\/","title":{"rendered":"Melhor marcador da Liga Francesa sofre rotura de ligamentos cruzados"},"content":{"rendered":"<p>O ponta de lan\u00e7a argentino Joaqu\u00edn Panichelli, do Estrasburgo, sofreu uma rotura dos ligamentos cruzados do joelho direito durante o treino da sele\u00e7\u00e3o argentina. A les\u00e3o impede o jogador de atuar no restante da temporada e no Mundial 2026.<\/p>\n<p>Panichelli era visto como a terceira op\u00e7\u00e3o no ataque da sele\u00e7\u00e3o campe\u00e3 do mundo, atr\u00e1s de Juli\u00e1n \u00c1lvarez e Lautaro Mart\u00ednez. A not\u00edcia agrava tamb\u00e9m as dificuldades do Estrasburgo na atual campaign.<\/p>\n<p>O argentino foi o melhor marcador da Ligue 1, com 16 golos na prova. A les\u00e3o encerra a sua participa\u00e7\u00e3o na Liga Confer\u00eancia e na Ta\u00e7a de Fran\u00e7a, onde o clube de Als\u00e1cia ainda disputava as fases anteriores em quartos e meias finais, respetivamente.<\/p>\n<h3>Impacto para Estrasburgo e sele\u00e7\u00e3o<\/h3>\n<p>A ruptura complica a estrat\u00e9gia ofensiva do Estrasburgo para o resto da \u00e9poca, principalmente no pesco\u00e7o de vit\u00f3rias do campeonato e nas competi\u00e7\u00f5es nacionais. A equipa passa a depender de outros jogadores para manter o rendimento.<\/p>\n<p>Para a sele\u00e7\u00e3o, a aus\u00eancia de Panichelli reduz op\u00e7\u00f5es no ataque, especialmente num contexto de planeamento de jogos do Mundial. A federa\u00e7\u00e3o n\u00e3o divulgou ainda o tempo de recupera\u00e7\u00e3o definitivo nem o retorno esperado do jogador.<\/p>\n","protected":false},"excerpt":{"rendered":"<ul>\n<li>O ponta de lan\u00e7a argentino Joaqu\u00edn Panichelli sofreu rotura dos ligamentos cruzados do joelho direito durante o treino da sele\u00e7\u00e3o argentina.<\/li>\n<li>A les\u00e3o impede-o de disputar o resto da \u00e9poca e o Mundial de 2026.<\/li>\n<li>Panichelli era o melhor marcador do Estrasbourg, com 16 golos, e a terceira op\u00e7\u00e3o no ataque dos atuais campe\u00f5es do mundo, atr\u00e1s de Juli\u00e1n \u00c1lvarez e Lautaro Mart\u00ednez.<\/li>\n<li>A situa\u00e7\u00e3o representa um problema para o Estrasbourg, que fica sem o seu principal goleador para as restantes competi\u00e7\u00f5es da \u00e9poca.<\/li>\n<li>O Estrasbourg encontra-se nos quartos-de-final da Liga Confer\u00eancia e nas meias-finais da Ta\u00e7a de Fran\u00e7a.<\/li>\n<\/ul>\n","protected":false},"author":2,"featured_media":423605,"comment_status":"closed","ping_status":"closed","sticky":false,"template":"","format":"standard","meta":{"footnotes":""},"categories":[21,24],"tags":[6367,2732,32,2538,1182,2346],"class_list":["post-423603","post","type-post","status-publish","format-standard","has-post-thumbnail","hentry","category-desporto","category-futebol","tag-copa2026","tag-argentina","tag-futebol","tag-lesoes","tag-liga-conferencia","tag-ligue"],"yoast_head":"<!-- This site is optimized with the Yoast SEO plugin v27.2 - https:\/\/yoast.com\/product\/yoast-seo-wordpress\/ -->\n<title>Melhor marcador da Liga Francesa sofre rotura de ligamentos cruzados - Portal Tela Portugal<\/title>\n<meta name=\"robots\" content=\"index, follow, max-snippet:-1, max-image-preview:large, max-video-preview:-1\" \/>\n<meta property=\"og:locale\" content=\"pt_PT\" \/>\n<meta property=\"og:type\" content=\"article\" \/>\n<meta property=\"og:title\" content=\"Melhor marcador da Liga Francesa sofre rotura de ligamentos cruzados - Portal Tela Portugal\" \/>\n<meta property=\"og:description\" content=\"O ponta de lan\u00e7a argentino Joaqu\u00edn Panichelli sofreu rotura dos ligamentos cruzados do joelho direito durante o treino da sele\u00e7\u00e3o argentina. A les\u00e3o impede-o de disputar o resto da \u00e9poca e o Mundial de 2026. Panichelli era o melhor marcador do Estrasbourg, com 16 golos, e a terceira op\u00e7\u00e3o no ataque dos atuais campe\u00f5es do mundo, atr\u00e1s de Juli\u00e1n \u00c1lvarez e Lautaro Mart\u00ednez. A situa\u00e7\u00e3o representa um problema para o Estrasbourg, que fica sem o seu principal goleador para as restantes competi\u00e7\u00f5es da \u00e9poca. O Estrasbourg encontra-se nos quartos-de-final da Liga Confer\u00eancia e nas meias-finais da Ta\u00e7a de Fran\u00e7a.\" \/>\n<meta property=\"og:url\" content=\"https:\/\/portaltela.pt\/noticias\/2026\/03\/27\/melhor-marcador-da-liga-francesa-sofre-rotura-de-ligamentos-cruzados\/\" \/>\n<meta property=\"og:site_name\" content=\"Portal Tela Portugal\" \/>\n<meta property=\"article:published_time\" content=\"2026-03-27T12:24:36+00:00\" \/>\n<meta name=\"author\" content=\"Telinha\" \/>\n<meta name=\"twitter:card\" content=\"summary_large_image\" \/>\n<meta name=\"twitter:label1\" content=\"Escrito por\" \/>\n\t<meta name=\"twitter:data1\" content=\"Telinha\" \/>\n\t<meta name=\"twitter:label2\" content=\"Tempo estimado de leitura\" \/>\n\t<meta name=\"twitter:data2\" content=\"1 minuto\" \/>\n<script type=\"application\/ld+json\" class=\"yoast-schema-graph\">{\"@context\":\"https:\/\/schema.org\",\"@graph\":[{\"@type\":\"Article\",\"@id\":\"https:\/\/portaltela.pt\/noticias\/2026\/03\/27\/melhor-marcador-da-liga-francesa-sofre-rotura-de-ligamentos-cruzados\/#article\",\"isPartOf\":{\"@id\":\"https:\/\/portaltela.pt\/noticias\/2026\/03\/27\/melhor-marcador-da-liga-francesa-sofre-rotura-de-ligamentos-cruzados\/\"},\"author\":{\"name\":\"Telinha\",\"@id\":\"https:\/\/portaltela.pt\/#\/schema\/person\/c4278d4a6028830caff9ee44b42d32ed\"},\"headline\":\"Melhor marcador da Liga Francesa sofre rotura de ligamentos cruzados\",\"datePublished\":\"2026-03-27T12:24:36+00:00\",\"mainEntityOfPage\":{\"@id\":\"https:\/\/portaltela.pt\/noticias\/2026\/03\/27\/melhor-marcador-da-liga-francesa-sofre-rotura-de-ligamentos-cruzados\/\"},\"wordCount\":227,\"image\":{\"@id\":\"https:\/\/portaltela.pt\/noticias\/2026\/03\/27\/melhor-marcador-da-liga-francesa-sofre-rotura-de-ligamentos-cruzados\/#primaryimage\"},\"thumbnailUrl\":\"https:\/\/portaltela.pt\/s.01k8rhncp4jt1\/2026\/03\/img_920x518uu2026-03-27-12-24-03-2429666-im-639102110561596322.jpg\",\"keywords\":[\"#copa2026\",\"Argentina\",\"futebol\",\"les\u00f5es\",\"Liga Confer\u00eancia\",\"Ligue\"],\"articleSection\":[\"Desporto\",\"Futebol\"],\"inLanguage\":\"pt-PT\"},{\"@type\":\"WebPage\",\"@id\":\"https:\/\/portaltela.pt\/noticias\/2026\/03\/27\/melhor-marcador-da-liga-francesa-sofre-rotura-de-ligamentos-cruzados\/\",\"url\":\"https:\/\/portaltela.pt\/noticias\/2026\/03\/27\/melhor-marcador-da-liga-francesa-sofre-rotura-de-ligamentos-cruzados\/\",\"name\":\"Melhor marcador da Liga Francesa sofre rotura de ligamentos cruzados - Portal Tela Portugal\",\"isPartOf\":{\"@id\":\"https:\/\/portaltela.pt\/#website\"},\"primaryImageOfPage\":{\"@id\":\"https:\/\/portaltela.pt\/noticias\/2026\/03\/27\/melhor-marcador-da-liga-francesa-sofre-rotura-de-ligamentos-cruzados\/#primaryimage\"},\"image\":{\"@id\":\"https:\/\/portaltela.pt\/noticias\/2026\/03\/27\/melhor-marcador-da-liga-francesa-sofre-rotura-de-ligamentos-cruzados\/#primaryimage\"},\"thumbnailUrl\":\"https:\/\/portaltela.pt\/s.01k8rhncp4jt1\/2026\/03\/img_920x518uu2026-03-27-12-24-03-2429666-im-639102110561596322.jpg\",\"datePublished\":\"2026-03-27T12:24:36+00:00\",\"author\":{\"@id\":\"https:\/\/portaltela.pt\/#\/schema\/person\/c4278d4a6028830caff9ee44b42d32ed\"},\"breadcrumb\":{\"@id\":\"https:\/\/portaltela.pt\/noticias\/2026\/03\/27\/melhor-marcador-da-liga-francesa-sofre-rotura-de-ligamentos-cruzados\/#breadcrumb\"},\"inLanguage\":\"pt-PT\",\"potentialAction\":[{\"@type\":\"ReadAction\",\"target\":[\"https:\/\/portaltela.pt\/noticias\/2026\/03\/27\/melhor-marcador-da-liga-francesa-sofre-rotura-de-ligamentos-cruzados\/\"]}]},{\"@type\":\"ImageObject\",\"inLanguage\":\"pt-PT\",\"@id\":\"https:\/\/portaltela.pt\/noticias\/2026\/03\/27\/melhor-marcador-da-liga-francesa-sofre-rotura-de-ligamentos-cruzados\/#primaryimage\",\"url\":\"https:\/\/portaltela.pt\/s.01k8rhncp4jt1\/2026\/03\/img_920x518uu2026-03-27-12-24-03-2429666-im-639102110561596322.jpg\",\"contentUrl\":\"https:\/\/portaltela.pt\/s.01k8rhncp4jt1\/2026\/03\/img_920x518uu2026-03-27-12-24-03-2429666-im-639102110561596322.jpg\",\"width\":796,\"height\":448,\"caption\":\"Joaqu\u00edn Panichelli ao servi\u00e7o do Estrasburgo\"},{\"@type\":\"BreadcrumbList\",\"@id\":\"https:\/\/portaltela.pt\/noticias\/2026\/03\/27\/melhor-marcador-da-liga-francesa-sofre-rotura-de-ligamentos-cruzados\/#breadcrumb\",\"itemListElement\":[{\"@type\":\"ListItem\",\"position\":1,\"name\":\"In\u00edcio\",\"item\":\"https:\/\/portaltela.pt\/\"},{\"@type\":\"ListItem\",\"position\":2,\"name\":\"Melhor marcador da Liga Francesa sofre rotura de ligamentos cruzados\"}]},{\"@type\":\"WebSite\",\"@id\":\"https:\/\/portaltela.pt\/#website\",\"url\":\"https:\/\/portaltela.pt\/\",\"name\":\"Portal Tela Portugal\",\"description\":\"\",\"potentialAction\":[{\"@type\":\"SearchAction\",\"target\":{\"@type\":\"EntryPoint\",\"urlTemplate\":\"https:\/\/portaltela.pt\/?s={search_term_string}\"},\"query-input\":{\"@type\":\"PropertyValueSpecification\",\"valueRequired\":true,\"valueName\":\"search_term_string\"}}],\"inLanguage\":\"pt-PT\"},{\"@type\":\"Person\",\"@id\":\"https:\/\/portaltela.pt\/#\/schema\/person\/c4278d4a6028830caff9ee44b42d32ed\",\"name\":\"Telinha\",\"image\":{\"@type\":\"ImageObject\",\"inLanguage\":\"pt-PT\",\"@id\":\"https:\/\/portaltela.pt\/s.01k8rhncp4jt1\/2025\/11\/talking-bot-125x125.png\",\"url\":\"https:\/\/portaltela.pt\/s.01k8rhncp4jt1\/2025\/11\/talking-bot-125x125.png\",\"contentUrl\":\"https:\/\/portaltela.pt\/s.01k8rhncp4jt1\/2025\/11\/talking-bot-125x125.png\",\"caption\":\"Telinha\"},\"sameAs\":[\"https:\/\/portaltela.pt\/\"],\"url\":\"https:\/\/portaltela.pt\/por\/367410592786\/\"}]}<\/script>\n<!-- \/ Yoast SEO plugin. -->","yoast_head_json":{"title":"Melhor marcador da Liga Francesa sofre rotura de ligamentos cruzados - Portal Tela Portugal","robots":{"index":"index","follow":"follow","max-snippet":"max-snippet:-1","max-image-preview":"max-image-preview:large","max-video-preview":"max-video-preview:-1"},"og_locale":"pt_PT","og_type":"article","og_title":"Melhor marcador da Liga Francesa sofre rotura de ligamentos cruzados - Portal Tela Portugal","og_description":"O ponta de lan\u00e7a argentino Joaqu\u00edn Panichelli sofreu rotura dos ligamentos cruzados do joelho direito durante o treino da sele\u00e7\u00e3o argentina. A les\u00e3o impede-o de disputar o resto da \u00e9poca e o Mundial de 2026. Panichelli era o melhor marcador do Estrasbourg, com 16 golos, e a terceira op\u00e7\u00e3o no ataque dos atuais campe\u00f5es do mundo, atr\u00e1s de Juli\u00e1n \u00c1lvarez e Lautaro Mart\u00ednez. A situa\u00e7\u00e3o representa um problema para o Estrasbourg, que fica sem o seu principal goleador para as restantes competi\u00e7\u00f5es da \u00e9poca. O Estrasbourg encontra-se nos quartos-de-final da Liga Confer\u00eancia e nas meias-finais da Ta\u00e7a de Fran\u00e7a.","og_url":"https:\/\/portaltela.pt\/noticias\/2026\/03\/27\/melhor-marcador-da-liga-francesa-sofre-rotura-de-ligamentos-cruzados\/","og_site_name":"Portal Tela Portugal","article_published_time":"2026-03-27T12:24:36+00:00","author":"Telinha","twitter_card":"summary_large_image","twitter_misc":{"Escrito por":"Telinha","Tempo estimado de leitura":"1 minuto"},"schema":{"@context":"https:\/\/schema.org","@graph":[{"@type":"Article","@id":"https:\/\/portaltela.pt\/noticias\/2026\/03\/27\/melhor-marcador-da-liga-francesa-sofre-rotura-de-ligamentos-cruzados\/#article","isPartOf":{"@id":"https:\/\/portaltela.pt\/noticias\/2026\/03\/27\/melhor-marcador-da-liga-francesa-sofre-rotura-de-ligamentos-cruzados\/"},"author":{"name":"Telinha","@id":"https:\/\/portaltela.pt\/#\/schema\/person\/c4278d4a6028830caff9ee44b42d32ed"},"headline":"Melhor marcador da Liga Francesa sofre rotura de ligamentos cruzados","datePublished":"2026-03-27T12:24:36+00:00","mainEntityOfPage":{"@id":"https:\/\/portaltela.pt\/noticias\/2026\/03\/27\/melhor-marcador-da-liga-francesa-sofre-rotura-de-ligamentos-cruzados\/"},"wordCount":227,"image":{"@id":"https:\/\/portaltela.pt\/noticias\/2026\/03\/27\/melhor-marcador-da-liga-francesa-sofre-rotura-de-ligamentos-cruzados\/#primaryimage"},"thumbnailUrl":"https:\/\/portaltela.pt\/s.01k8rhncp4jt1\/2026\/03\/img_920x518uu2026-03-27-12-24-03-2429666-im-639102110561596322.jpg","keywords":["#copa2026","Argentina","futebol","les\u00f5es","Liga Confer\u00eancia","Ligue"],"articleSection":["Desporto","Futebol"],"inLanguage":"pt-PT"},{"@type":"WebPage","@id":"https:\/\/portaltela.pt\/noticias\/2026\/03\/27\/melhor-marcador-da-liga-francesa-sofre-rotura-de-ligamentos-cruzados\/","url":"https:\/\/portaltela.pt\/noticias\/2026\/03\/27\/melhor-marcador-da-liga-francesa-sofre-rotura-de-ligamentos-cruzados\/","name":"Melhor marcador da Liga Francesa sofre rotura de ligamentos cruzados - Portal Tela Portugal","isPartOf":{"@id":"https:\/\/portaltela.pt\/#website"},"primaryImageOfPage":{"@id":"https:\/\/portaltela.pt\/noticias\/2026\/03\/27\/melhor-marcador-da-liga-francesa-sofre-rotura-de-ligamentos-cruzados\/#primaryimage"},"image":{"@id":"https:\/\/portaltela.pt\/noticias\/2026\/03\/27\/melhor-marcador-da-liga-francesa-sofre-rotura-de-ligamentos-cruzados\/#primaryimage"},"thumbnailUrl":"https:\/\/portaltela.pt\/s.01k8rhncp4jt1\/2026\/03\/img_920x518uu2026-03-27-12-24-03-2429666-im-639102110561596322.jpg","datePublished":"2026-03-27T12:24:36+00:00","author":{"@id":"https:\/\/portaltela.pt\/#\/schema\/person\/c4278d4a6028830caff9ee44b42d32ed"},"breadcrumb":{"@id":"https:\/\/portaltela.pt\/noticias\/2026\/03\/27\/melhor-marcador-da-liga-francesa-sofre-rotura-de-ligamentos-cruzados\/#breadcrumb"},"inLanguage":"pt-PT","potentialAction":[{"@type":"ReadAction","target":["https:\/\/portaltela.pt\/noticias\/2026\/03\/27\/melhor-marcador-da-liga-francesa-sofre-rotura-de-ligamentos-cruzados\/"]}]},{"@type":"ImageObject","inLanguage":"pt-PT","@id":"https:\/\/portaltela.pt\/noticias\/2026\/03\/27\/melhor-marcador-da-liga-francesa-sofre-rotura-de-ligamentos-cruzados\/#primaryimage","url":"https:\/\/portaltela.pt\/s.01k8rhncp4jt1\/2026\/03\/img_920x518uu2026-03-27-12-24-03-2429666-im-639102110561596322.jpg","contentUrl":"https:\/\/portaltela.pt\/s.01k8rhncp4jt1\/2026\/03\/img_920x518uu2026-03-27-12-24-03-2429666-im-639102110561596322.jpg","width":796,"height":448,"caption":"Joaqu\u00edn Panichelli ao servi\u00e7o do Estrasburgo"},{"@type":"BreadcrumbList","@id":"https:\/\/portaltela.pt\/noticias\/2026\/03\/27\/melhor-marcador-da-liga-francesa-sofre-rotura-de-ligamentos-cruzados\/#breadcrumb","itemListElement":[{"@type":"ListItem","position":1,"name":"In\u00edcio","item":"https:\/\/portaltela.pt\/"},{"@type":"ListItem","position":2,"name":"Melhor marcador da Liga Francesa sofre rotura de ligamentos cruzados"}]},{"@type":"WebSite","@id":"https:\/\/portaltela.pt\/#website","url":"https:\/\/portaltela.pt\/","name":"Portal Tela Portugal","description":"","potentialAction":[{"@type":"SearchAction","target":{"@type":"EntryPoint","urlTemplate":"https:\/\/portaltela.pt\/?s={search_term_string}"},"query-input":{"@type":"PropertyValueSpecification","valueRequired":true,"valueName":"search_term_string"}}],"inLanguage":"pt-PT"},{"@type":"Person","@id":"https:\/\/portaltela.pt\/#\/schema\/person\/c4278d4a6028830caff9ee44b42d32ed","name":"Telinha","image":{"@type":"ImageObject","inLanguage":"pt-PT","@id":"https:\/\/portaltela.pt\/s.01k8rhncp4jt1\/2025\/11\/talking-bot-125x125.png","url":"https:\/\/portaltela.pt\/s.01k8rhncp4jt1\/2025\/11\/talking-bot-125x125.png","contentUrl":"https:\/\/portaltela.pt\/s.01k8rhncp4jt1\/2025\/11\/talking-bot-125x125.png","caption":"Telinha"},"sameAs":["https:\/\/portaltela.pt\/"],"url":"https:\/\/portaltela.pt\/por\/367410592786\/"}]}},"_links":{"self":[{"href":"https:\/\/portaltela.pt\/api\/wp\/v2\/posts\/423603","targetHints":{"allow":["GET"]}}],"collection":[{"href":"https:\/\/portaltela.pt\/api\/wp\/v2\/posts"}],"about":[{"href":"https:\/\/portaltela.pt\/api\/wp\/v2\/types\/post"}],"author":[{"embeddable":true,"href":"https:\/\/portaltela.pt\/api\/wp\/v2\/users\/2"}],"replies":[{"embeddable":true,"href":"https:\/\/portaltela.pt\/api\/wp\/v2\/comments?post=423603"}],"version-history":[{"count":0,"href":"https:\/\/portaltela.pt\/api\/wp\/v2\/posts\/423603\/revisions"}],"wp:featuredmedia":[{"embeddable":true,"href":"https:\/\/portaltela.pt\/api\/wp\/v2\/media\/423605"}],"wp:attachment":[{"href":"https:\/\/portaltela.pt\/api\/wp\/v2\/media?parent=423603"}],"wp:term":[{"taxonomy":"category","embeddable":true,"href":"https:\/\/portaltela.pt\/api\/wp\/v2\/categories?post=423603"},{"taxonomy":"post_tag","embeddable":true,"href":"https:\/\/portaltela.pt\/api\/wp\/v2\/tags?post=423603"}],"curies":[{"name":"wp","href":"https:\/\/api.w.org\/{rel}","templated":true}]}}