{"id":423584,"date":"2026-03-27T08:56:00","date_gmt":"2026-03-27T11:56:00","guid":{"rendered":"https:\/\/portaltela.pt\/noticias\/2026\/03\/27\/rombo-no-casco-de-navio-hotel-no-douro-leva-a-retirada-de-passageiros-e-tripulantes\/"},"modified":"2026-03-27T08:56:00","modified_gmt":"2026-03-27T11:56:00","slug":"rombo-no-casco-de-navio-hotel-no-douro-leva-a-retirada-de-passageiros-e-tripulantes","status":"publish","type":"post","link":"https:\/\/portaltela.pt\/acidentes\/2026\/03\/27\/rombo-no-casco-de-navio-hotel-no-douro-leva-a-retirada-de-passageiros-e-tripulantes\/","title":{"rendered":"Rombo no casco de navio-hotel no Douro leva \u00e0 retirada de passageiros e tripulantes"},"content":{"rendered":"<p>Um navio-hotel com 95 pessoas a bordo sofreu uma entrada de \u00e1gua, alegadamente causada por um rombo no casco, na quinta-feira, enquanto seguia pela Via Naveg\u00e1vel do Douro. A embarca\u00e7\u00e3o seguiu pelos pr\u00f3prios meios at\u00e9 ao cais do Pinh\u00e3o, em Alij\u00f3, onde atracou em seguran\u00e7a.<\/p>\n<p>A Autoridade Mar\u00edtima Nacional confirmou o incidente e anunciou que procede a uma nova inspec\u00e7\u00e3o ao navio-hotel para avaliar condi\u00e7\u00f5es de seguran\u00e7a antes do seu envio ao estaleiro para reparos. N\u00e3o h\u00e1 registo de feridos entre passageiros e tripulantes n\u00e3o mar\u00edtimos.<\/p>\n<p>Pelo local foram realizados trabalhos de esgotamento de \u00e1gua e uma equipa de mergulho verificou o dano, tamponando o rombo no casco. O objetivo \u00e9 esclarecer as causas da ocorr\u00eancia. As provas do leito do Douro ser\u00e3o recolhidas no \u00e2mbito do inqu\u00e9rito mar\u00edtimo em curso.<\/p>\n<p>O alerta foi dado \u00e0s 12h15 de quinta-feira pelo Comando Local da Pol\u00edcia Mar\u00edtima do Douro, com o apoio dos bombeiros do Pinh\u00e3o. Nesta sexta-feira, est\u00e3o a decorrer dilig\u00eancias para compreender a origem do incidente e para assegurar o estado da embarca\u00e7\u00e3o. O mestre da embarca\u00e7\u00e3o foi notificado para apresentar um relat\u00f3rio de mar.<\/p>\n","protected":false},"excerpt":{"rendered":"<ul>\n<li>Navio-hotel com 95 pessoas sofreu entrada de \u00e1gua ap\u00f3s alegado rombo no casco, na Via Naveg\u00e1vel do Douro, zona da Foz do Tua, na quinta-feira.<\/li>\n<li>Seguiu pelos pr\u00f3prios meios at\u00e9 ao cais do Pinh\u00e3o, em Alij\u00f3, onde atracou; n\u00e3o houve registo de feridos.<\/li>\n<li>Equipa de mergulho identificou o rombo e procedeu ao tamponamento; foi feito o esgotamento da \u00e1gua no interior.<\/li>\n<li>Mant\u00e9m-se a nova inspec\u00e7\u00e3o ao navio-hotel para assegurar condi\u00e7\u00f5es de seguran\u00e7a antes de partir para o estaleiro, onde ser\u00e1 reparado.<\/li>\n<li>Pol\u00edcia Mar\u00edtima e GMF-OPS v\u00e3o recolher provas do leito do rio; o mestre foi notificado para apresentar o relat\u00f3rio de mar.<\/li>\n<\/ul>\n","protected":false},"author":2,"featured_media":423591,"comment_status":"closed","ping_status":"closed","sticky":false,"template":"","format":"standard","meta":{"footnotes":""},"categories":[6849],"tags":[4524,2598,971,4298,4556,320],"class_list":["post-423584","post","type-post","status-publish","format-standard","has-post-thumbnail","hentry","category-acidentes","tag-acidente-maritimo","tag-autoridade-maritima-nacional","tag-bombeiros","tag-marinha","tag-navios","tag-protecao-civil"],"yoast_head":"<!-- This site is optimized with the Yoast SEO plugin v27.2 - https:\/\/yoast.com\/product\/yoast-seo-wordpress\/ -->\n<title>Rombo no casco de navio-hotel no Douro leva \u00e0 retirada de passageiros e tripulantes - Portal Tela Portugal<\/title>\n<meta name=\"robots\" content=\"index, follow, max-snippet:-1, max-image-preview:large, max-video-preview:-1\" \/>\n<meta property=\"og:locale\" content=\"pt_PT\" \/>\n<meta property=\"og:type\" content=\"article\" \/>\n<meta property=\"og:title\" content=\"Rombo no casco de navio-hotel no Douro leva \u00e0 retirada de passageiros e tripulantes - Portal Tela Portugal\" \/>\n<meta property=\"og:description\" content=\"Navio-hotel com 95 pessoas sofreu entrada de \u00e1gua ap\u00f3s alegado rombo no casco, na Via Naveg\u00e1vel do Douro, zona da Foz do Tua, na quinta-feira. Seguiu pelos pr\u00f3prios meios at\u00e9 ao cais do Pinh\u00e3o, em Alij\u00f3, onde atracou; n\u00e3o houve registo de feridos. Equipa de mergulho identificou o rombo e procedeu ao tamponamento; foi feito o esgotamento da \u00e1gua no interior. Mant\u00e9m-se a nova inspec\u00e7\u00e3o ao navio-hotel para assegurar condi\u00e7\u00f5es de seguran\u00e7a antes de partir para o estaleiro, onde ser\u00e1 reparado. Pol\u00edcia Mar\u00edtima e GMF-OPS v\u00e3o recolher provas do leito do rio; o mestre foi notificado para apresentar o relat\u00f3rio de mar.\" \/>\n<meta property=\"og:url\" content=\"https:\/\/portaltela.pt\/noticias\/2026\/03\/27\/rombo-no-casco-de-navio-hotel-no-douro-leva-a-retirada-de-passageiros-e-tripulantes\/\" \/>\n<meta property=\"og:site_name\" content=\"Portal Tela Portugal\" \/>\n<meta property=\"article:published_time\" content=\"2026-03-27T11:56:00+00:00\" \/>\n<meta name=\"author\" content=\"Telinha\" \/>\n<meta name=\"twitter:card\" content=\"summary_large_image\" \/>\n<meta name=\"twitter:label1\" content=\"Escrito por\" \/>\n\t<meta name=\"twitter:data1\" content=\"Telinha\" \/>\n\t<meta name=\"twitter:label2\" content=\"Tempo estimado de leitura\" \/>\n\t<meta name=\"twitter:data2\" content=\"1 minuto\" \/>\n<script type=\"application\/ld+json\" class=\"yoast-schema-graph\">{\"@context\":\"https:\/\/schema.org\",\"@graph\":[{\"@type\":\"Article\",\"@id\":\"https:\/\/portaltela.pt\/noticias\/2026\/03\/27\/rombo-no-casco-de-navio-hotel-no-douro-leva-a-retirada-de-passageiros-e-tripulantes\/#article\",\"isPartOf\":{\"@id\":\"https:\/\/portaltela.pt\/noticias\/2026\/03\/27\/rombo-no-casco-de-navio-hotel-no-douro-leva-a-retirada-de-passageiros-e-tripulantes\/\"},\"author\":{\"name\":\"Telinha\",\"@id\":\"https:\/\/portaltela.pt\/#\/schema\/person\/c4278d4a6028830caff9ee44b42d32ed\"},\"headline\":\"Rombo no casco de navio-hotel no Douro leva \u00e0 retirada de passageiros e tripulantes\",\"datePublished\":\"2026-03-27T11:56:00+00:00\",\"mainEntityOfPage\":{\"@id\":\"https:\/\/portaltela.pt\/noticias\/2026\/03\/27\/rombo-no-casco-de-navio-hotel-no-douro-leva-a-retirada-de-passageiros-e-tripulantes\/\"},\"wordCount\":220,\"image\":{\"@id\":\"https:\/\/portaltela.pt\/noticias\/2026\/03\/27\/rombo-no-casco-de-navio-hotel-no-douro-leva-a-retirada-de-passageiros-e-tripulantes\/#primaryimage\"},\"thumbnailUrl\":\"https:\/\/portaltela.pt\/s.01k8rhncp4jt1\/2026\/03\/2077328.jpg\",\"keywords\":[\"acidente mar\u00edtimo\",\"Autoridade Mar\u00edtima Nacional\",\"bombeiros\",\"Marinha\",\"navios\",\"prote\u00e7\u00e3o civil\"],\"articleSection\":[\"Acidentes\"],\"inLanguage\":\"pt-PT\"},{\"@type\":\"WebPage\",\"@id\":\"https:\/\/portaltela.pt\/noticias\/2026\/03\/27\/rombo-no-casco-de-navio-hotel-no-douro-leva-a-retirada-de-passageiros-e-tripulantes\/\",\"url\":\"https:\/\/portaltela.pt\/noticias\/2026\/03\/27\/rombo-no-casco-de-navio-hotel-no-douro-leva-a-retirada-de-passageiros-e-tripulantes\/\",\"name\":\"Rombo no casco de navio-hotel no Douro leva \u00e0 retirada de passageiros e tripulantes - Portal Tela Portugal\",\"isPartOf\":{\"@id\":\"https:\/\/portaltela.pt\/#website\"},\"primaryImageOfPage\":{\"@id\":\"https:\/\/portaltela.pt\/noticias\/2026\/03\/27\/rombo-no-casco-de-navio-hotel-no-douro-leva-a-retirada-de-passageiros-e-tripulantes\/#primaryimage\"},\"image\":{\"@id\":\"https:\/\/portaltela.pt\/noticias\/2026\/03\/27\/rombo-no-casco-de-navio-hotel-no-douro-leva-a-retirada-de-passageiros-e-tripulantes\/#primaryimage\"},\"thumbnailUrl\":\"https:\/\/portaltela.pt\/s.01k8rhncp4jt1\/2026\/03\/2077328.jpg\",\"datePublished\":\"2026-03-27T11:56:00+00:00\",\"author\":{\"@id\":\"https:\/\/portaltela.pt\/#\/schema\/person\/c4278d4a6028830caff9ee44b42d32ed\"},\"breadcrumb\":{\"@id\":\"https:\/\/portaltela.pt\/noticias\/2026\/03\/27\/rombo-no-casco-de-navio-hotel-no-douro-leva-a-retirada-de-passageiros-e-tripulantes\/#breadcrumb\"},\"inLanguage\":\"pt-PT\",\"potentialAction\":[{\"@type\":\"ReadAction\",\"target\":[\"https:\/\/portaltela.pt\/noticias\/2026\/03\/27\/rombo-no-casco-de-navio-hotel-no-douro-leva-a-retirada-de-passageiros-e-tripulantes\/\"]}]},{\"@type\":\"ImageObject\",\"inLanguage\":\"pt-PT\",\"@id\":\"https:\/\/portaltela.pt\/noticias\/2026\/03\/27\/rombo-no-casco-de-navio-hotel-no-douro-leva-a-retirada-de-passageiros-e-tripulantes\/#primaryimage\",\"url\":\"https:\/\/portaltela.pt\/s.01k8rhncp4jt1\/2026\/03\/2077328.jpg\",\"contentUrl\":\"https:\/\/portaltela.pt\/s.01k8rhncp4jt1\/2026\/03\/2077328.jpg\",\"width\":796,\"height\":448,\"caption\":\"O rio Douro \u00e9 percorrido diariamente por v\u00e1rios navios de cruzeiro\"},{\"@type\":\"BreadcrumbList\",\"@id\":\"https:\/\/portaltela.pt\/noticias\/2026\/03\/27\/rombo-no-casco-de-navio-hotel-no-douro-leva-a-retirada-de-passageiros-e-tripulantes\/#breadcrumb\",\"itemListElement\":[{\"@type\":\"ListItem\",\"position\":1,\"name\":\"In\u00edcio\",\"item\":\"https:\/\/portaltela.pt\/\"},{\"@type\":\"ListItem\",\"position\":2,\"name\":\"Rombo no casco de navio-hotel no Douro leva \u00e0 retirada de passageiros e tripulantes\"}]},{\"@type\":\"WebSite\",\"@id\":\"https:\/\/portaltela.pt\/#website\",\"url\":\"https:\/\/portaltela.pt\/\",\"name\":\"Portal Tela Portugal\",\"description\":\"\",\"potentialAction\":[{\"@type\":\"SearchAction\",\"target\":{\"@type\":\"EntryPoint\",\"urlTemplate\":\"https:\/\/portaltela.pt\/?s={search_term_string}\"},\"query-input\":{\"@type\":\"PropertyValueSpecification\",\"valueRequired\":true,\"valueName\":\"search_term_string\"}}],\"inLanguage\":\"pt-PT\"},{\"@type\":\"Person\",\"@id\":\"https:\/\/portaltela.pt\/#\/schema\/person\/c4278d4a6028830caff9ee44b42d32ed\",\"name\":\"Telinha\",\"image\":{\"@type\":\"ImageObject\",\"inLanguage\":\"pt-PT\",\"@id\":\"https:\/\/portaltela.pt\/s.01k8rhncp4jt1\/2025\/11\/talking-bot-125x125.png\",\"url\":\"https:\/\/portaltela.pt\/s.01k8rhncp4jt1\/2025\/11\/talking-bot-125x125.png\",\"contentUrl\":\"https:\/\/portaltela.pt\/s.01k8rhncp4jt1\/2025\/11\/talking-bot-125x125.png\",\"caption\":\"Telinha\"},\"sameAs\":[\"https:\/\/portaltela.pt\/\"],\"url\":\"https:\/\/portaltela.pt\/por\/367410592786\/\"}]}<\/script>\n<!-- \/ Yoast SEO plugin. -->","yoast_head_json":{"title":"Rombo no casco de navio-hotel no Douro leva \u00e0 retirada de passageiros e tripulantes - Portal Tela Portugal","robots":{"index":"index","follow":"follow","max-snippet":"max-snippet:-1","max-image-preview":"max-image-preview:large","max-video-preview":"max-video-preview:-1"},"og_locale":"pt_PT","og_type":"article","og_title":"Rombo no casco de navio-hotel no Douro leva \u00e0 retirada de passageiros e tripulantes - Portal Tela Portugal","og_description":"Navio-hotel com 95 pessoas sofreu entrada de \u00e1gua ap\u00f3s alegado rombo no casco, na Via Naveg\u00e1vel do Douro, zona da Foz do Tua, na quinta-feira. Seguiu pelos pr\u00f3prios meios at\u00e9 ao cais do Pinh\u00e3o, em Alij\u00f3, onde atracou; n\u00e3o houve registo de feridos. Equipa de mergulho identificou o rombo e procedeu ao tamponamento; foi feito o esgotamento da \u00e1gua no interior. Mant\u00e9m-se a nova inspec\u00e7\u00e3o ao navio-hotel para assegurar condi\u00e7\u00f5es de seguran\u00e7a antes de partir para o estaleiro, onde ser\u00e1 reparado. Pol\u00edcia Mar\u00edtima e GMF-OPS v\u00e3o recolher provas do leito do rio; o mestre foi notificado para apresentar o relat\u00f3rio de mar.","og_url":"https:\/\/portaltela.pt\/noticias\/2026\/03\/27\/rombo-no-casco-de-navio-hotel-no-douro-leva-a-retirada-de-passageiros-e-tripulantes\/","og_site_name":"Portal Tela Portugal","article_published_time":"2026-03-27T11:56:00+00:00","author":"Telinha","twitter_card":"summary_large_image","twitter_misc":{"Escrito por":"Telinha","Tempo estimado de leitura":"1 minuto"},"schema":{"@context":"https:\/\/schema.org","@graph":[{"@type":"Article","@id":"https:\/\/portaltela.pt\/noticias\/2026\/03\/27\/rombo-no-casco-de-navio-hotel-no-douro-leva-a-retirada-de-passageiros-e-tripulantes\/#article","isPartOf":{"@id":"https:\/\/portaltela.pt\/noticias\/2026\/03\/27\/rombo-no-casco-de-navio-hotel-no-douro-leva-a-retirada-de-passageiros-e-tripulantes\/"},"author":{"name":"Telinha","@id":"https:\/\/portaltela.pt\/#\/schema\/person\/c4278d4a6028830caff9ee44b42d32ed"},"headline":"Rombo no casco de navio-hotel no Douro leva \u00e0 retirada de passageiros e tripulantes","datePublished":"2026-03-27T11:56:00+00:00","mainEntityOfPage":{"@id":"https:\/\/portaltela.pt\/noticias\/2026\/03\/27\/rombo-no-casco-de-navio-hotel-no-douro-leva-a-retirada-de-passageiros-e-tripulantes\/"},"wordCount":220,"image":{"@id":"https:\/\/portaltela.pt\/noticias\/2026\/03\/27\/rombo-no-casco-de-navio-hotel-no-douro-leva-a-retirada-de-passageiros-e-tripulantes\/#primaryimage"},"thumbnailUrl":"https:\/\/portaltela.pt\/s.01k8rhncp4jt1\/2026\/03\/2077328.jpg","keywords":["acidente mar\u00edtimo","Autoridade Mar\u00edtima Nacional","bombeiros","Marinha","navios","prote\u00e7\u00e3o civil"],"articleSection":["Acidentes"],"inLanguage":"pt-PT"},{"@type":"WebPage","@id":"https:\/\/portaltela.pt\/noticias\/2026\/03\/27\/rombo-no-casco-de-navio-hotel-no-douro-leva-a-retirada-de-passageiros-e-tripulantes\/","url":"https:\/\/portaltela.pt\/noticias\/2026\/03\/27\/rombo-no-casco-de-navio-hotel-no-douro-leva-a-retirada-de-passageiros-e-tripulantes\/","name":"Rombo no casco de navio-hotel no Douro leva \u00e0 retirada de passageiros e tripulantes - Portal Tela Portugal","isPartOf":{"@id":"https:\/\/portaltela.pt\/#website"},"primaryImageOfPage":{"@id":"https:\/\/portaltela.pt\/noticias\/2026\/03\/27\/rombo-no-casco-de-navio-hotel-no-douro-leva-a-retirada-de-passageiros-e-tripulantes\/#primaryimage"},"image":{"@id":"https:\/\/portaltela.pt\/noticias\/2026\/03\/27\/rombo-no-casco-de-navio-hotel-no-douro-leva-a-retirada-de-passageiros-e-tripulantes\/#primaryimage"},"thumbnailUrl":"https:\/\/portaltela.pt\/s.01k8rhncp4jt1\/2026\/03\/2077328.jpg","datePublished":"2026-03-27T11:56:00+00:00","author":{"@id":"https:\/\/portaltela.pt\/#\/schema\/person\/c4278d4a6028830caff9ee44b42d32ed"},"breadcrumb":{"@id":"https:\/\/portaltela.pt\/noticias\/2026\/03\/27\/rombo-no-casco-de-navio-hotel-no-douro-leva-a-retirada-de-passageiros-e-tripulantes\/#breadcrumb"},"inLanguage":"pt-PT","potentialAction":[{"@type":"ReadAction","target":["https:\/\/portaltela.pt\/noticias\/2026\/03\/27\/rombo-no-casco-de-navio-hotel-no-douro-leva-a-retirada-de-passageiros-e-tripulantes\/"]}]},{"@type":"ImageObject","inLanguage":"pt-PT","@id":"https:\/\/portaltela.pt\/noticias\/2026\/03\/27\/rombo-no-casco-de-navio-hotel-no-douro-leva-a-retirada-de-passageiros-e-tripulantes\/#primaryimage","url":"https:\/\/portaltela.pt\/s.01k8rhncp4jt1\/2026\/03\/2077328.jpg","contentUrl":"https:\/\/portaltela.pt\/s.01k8rhncp4jt1\/2026\/03\/2077328.jpg","width":796,"height":448,"caption":"O rio Douro \u00e9 percorrido diariamente por v\u00e1rios navios de cruzeiro"},{"@type":"BreadcrumbList","@id":"https:\/\/portaltela.pt\/noticias\/2026\/03\/27\/rombo-no-casco-de-navio-hotel-no-douro-leva-a-retirada-de-passageiros-e-tripulantes\/#breadcrumb","itemListElement":[{"@type":"ListItem","position":1,"name":"In\u00edcio","item":"https:\/\/portaltela.pt\/"},{"@type":"ListItem","position":2,"name":"Rombo no casco de navio-hotel no Douro leva \u00e0 retirada de passageiros e tripulantes"}]},{"@type":"WebSite","@id":"https:\/\/portaltela.pt\/#website","url":"https:\/\/portaltela.pt\/","name":"Portal Tela Portugal","description":"","potentialAction":[{"@type":"SearchAction","target":{"@type":"EntryPoint","urlTemplate":"https:\/\/portaltela.pt\/?s={search_term_string}"},"query-input":{"@type":"PropertyValueSpecification","valueRequired":true,"valueName":"search_term_string"}}],"inLanguage":"pt-PT"},{"@type":"Person","@id":"https:\/\/portaltela.pt\/#\/schema\/person\/c4278d4a6028830caff9ee44b42d32ed","name":"Telinha","image":{"@type":"ImageObject","inLanguage":"pt-PT","@id":"https:\/\/portaltela.pt\/s.01k8rhncp4jt1\/2025\/11\/talking-bot-125x125.png","url":"https:\/\/portaltela.pt\/s.01k8rhncp4jt1\/2025\/11\/talking-bot-125x125.png","contentUrl":"https:\/\/portaltela.pt\/s.01k8rhncp4jt1\/2025\/11\/talking-bot-125x125.png","caption":"Telinha"},"sameAs":["https:\/\/portaltela.pt\/"],"url":"https:\/\/portaltela.pt\/por\/367410592786\/"}]}},"_links":{"self":[{"href":"https:\/\/portaltela.pt\/api\/wp\/v2\/posts\/423584","targetHints":{"allow":["GET"]}}],"collection":[{"href":"https:\/\/portaltela.pt\/api\/wp\/v2\/posts"}],"about":[{"href":"https:\/\/portaltela.pt\/api\/wp\/v2\/types\/post"}],"author":[{"embeddable":true,"href":"https:\/\/portaltela.pt\/api\/wp\/v2\/users\/2"}],"replies":[{"embeddable":true,"href":"https:\/\/portaltela.pt\/api\/wp\/v2\/comments?post=423584"}],"version-history":[{"count":0,"href":"https:\/\/portaltela.pt\/api\/wp\/v2\/posts\/423584\/revisions"}],"wp:featuredmedia":[{"embeddable":true,"href":"https:\/\/portaltela.pt\/api\/wp\/v2\/media\/423591"}],"wp:attachment":[{"href":"https:\/\/portaltela.pt\/api\/wp\/v2\/media?parent=423584"}],"wp:term":[{"taxonomy":"category","embeddable":true,"href":"https:\/\/portaltela.pt\/api\/wp\/v2\/categories?post=423584"},{"taxonomy":"post_tag","embeddable":true,"href":"https:\/\/portaltela.pt\/api\/wp\/v2\/tags?post=423584"}],"curies":[{"name":"wp","href":"https:\/\/api.w.org\/{rel}","templated":true}]}}