{"id":423581,"date":"2026-03-27T09:09:00","date_gmt":"2026-03-27T12:09:00","guid":{"rendered":"https:\/\/portaltela.pt\/noticias\/2026\/03\/27\/tres-dos-10-detidos-por-trafico-na-alta-de-lisboa-ficam-em-prisao-preventiva\/"},"modified":"2026-03-27T09:09:00","modified_gmt":"2026-03-27T12:09:00","slug":"tres-dos-10-detidos-por-trafico-na-alta-de-lisboa-ficam-em-prisao-preventiva","status":"publish","type":"post","link":"https:\/\/portaltela.pt\/policia\/2026\/03\/27\/tres-dos-10-detidos-por-trafico-na-alta-de-lisboa-ficam-em-prisao-preventiva\/","title":{"rendered":"Tr\u00eas dos 10 detidos por tr\u00e1fico na Alta de Lisboa ficam em pris\u00e3o preventiva"},"content":{"rendered":"<p>Na Alta de Lisboa, na freguesia de Santa Clara, 10 pessoas foram detidas na ter\u00e7a-feira em uma opera\u00e7\u00e3o da PSP contra o tr\u00e1fico de droga. Nove homens e uma mulher, com idades entre os 18 e os 44 anos, estiveram envolvidas na a\u00e7\u00e3o.<\/p>\n<p>Quatro detidos foram interceptados em flagrante, durante a opera\u00e7\u00e3o que incluiu 14 mandados de busca domicili\u00e1ria em Lisboa e Loures (Alta de Lisboa e Camarate). As dilig\u00eancias visaram desmantelar redes de venda de droga na regi\u00e3o.<\/p>\n<p>Tr\u00eas dos 10 detidos ficaram em pris\u00e3o preventiva. Os restantes foram apresentados a tribunal na quinta-feira, altura em que ficaram obrigados a apresenta\u00e7\u00f5es di\u00e1rias, dois a semanalmente e outros dois com termo de identidade e resid\u00eancia.<\/p>\n<h3>Dispositivos e materiais apreendidos<\/h3>\n<p>Durante as buscas, foram apreendidas 650 doses de coca\u00edna, 112 de haxixe e 140 de hero\u00edna, al\u00e9m de 5200 euros em dinheiro. Tamb\u00e9m foram apreendidas tr\u00eas espingardas de calibre 12, uma pistola, dezenas de muni\u00e7\u00f5es, uma soqueira, dois cofres e diverso material associado ao tr\u00e1fico de droga.<\/p>\n","protected":false},"excerpt":{"rendered":"<ul>\n<li>Nove homens e uma mulher, com idades entre os 18 e os 44 anos, foram detidos numa opera\u00e7\u00e3o na Alta de Lisboa, freguesia de Santa Clara, e em Camarate, Loures.<\/li>\n<li>Tr\u00eas dos dez detidos ficaram em pris\u00e3o preventiva.<\/li>\n<li>Ap\u00f3s apresentarem-se a tribunal, outros tr\u00eas ficaram obrigados a apresenta\u00e7\u00f5es di\u00e1rias, dois a apresenta\u00e7\u00f5es semanais e dois com termo de identidade e resid\u00eancia.<\/li>\n<li>Foram cumpridos 14 mandados de busca domicili\u00e1ria, com quatro detenidos em flagrante.<\/li>\n<li>A opera\u00e7\u00e3o resultou na apreens\u00e3o de 650 doses de coca\u00edna, 112 de haxixe, 140 de hero\u00edna, 5.200 euros em dinheiro, armas e diverso material associado ao tr\u00e1fico de droga.<\/li>\n<\/ul>\n","protected":false},"author":2,"featured_media":423586,"comment_status":"closed","ping_status":"closed","sticky":false,"template":"","format":"standard","meta":{"footnotes":""},"categories":[7374,6781],"tags":[4259,7000,124,4347,4343,96],"class_list":["post-423581","post","type-post","status-publish","format-standard","has-post-thumbnail","hentry","category-criminalidade","category-policia","tag-alta-de-lisboa","tag-apreensoes","tag-arma-de-fogo","tag-drogas","tag-prisoes","tag-trafico-de-droga"],"yoast_head":"<!-- This site is optimized with the Yoast SEO plugin v27.2 - https:\/\/yoast.com\/product\/yoast-seo-wordpress\/ -->\n<title>Tr\u00eas dos 10 detidos por tr\u00e1fico na Alta de Lisboa ficam em pris\u00e3o preventiva - Portal Tela Portugal<\/title>\n<meta name=\"robots\" content=\"index, follow, max-snippet:-1, max-image-preview:large, max-video-preview:-1\" \/>\n<meta property=\"og:locale\" content=\"pt_PT\" \/>\n<meta property=\"og:type\" content=\"article\" \/>\n<meta property=\"og:title\" content=\"Tr\u00eas dos 10 detidos por tr\u00e1fico na Alta de Lisboa ficam em pris\u00e3o preventiva - Portal Tela Portugal\" \/>\n<meta property=\"og:description\" content=\"Nove homens e uma mulher, com idades entre os 18 e os 44 anos, foram detidos numa opera\u00e7\u00e3o na Alta de Lisboa, freguesia de Santa Clara, e em Camarate, Loures. Tr\u00eas dos dez detidos ficaram em pris\u00e3o preventiva. Ap\u00f3s apresentarem-se a tribunal, outros tr\u00eas ficaram obrigados a apresenta\u00e7\u00f5es di\u00e1rias, dois a apresenta\u00e7\u00f5es semanais e dois com termo de identidade e resid\u00eancia. Foram cumpridos 14 mandados de busca domicili\u00e1ria, com quatro detenidos em flagrante. A opera\u00e7\u00e3o resultou na apreens\u00e3o de 650 doses de coca\u00edna, 112 de haxixe, 140 de hero\u00edna, 5.200 euros em dinheiro, armas e diverso material associado ao tr\u00e1fico de droga.\" \/>\n<meta property=\"og:url\" content=\"https:\/\/portaltela.pt\/noticias\/2026\/03\/27\/tres-dos-10-detidos-por-trafico-na-alta-de-lisboa-ficam-em-prisao-preventiva\/\" \/>\n<meta property=\"og:site_name\" content=\"Portal Tela Portugal\" \/>\n<meta property=\"article:published_time\" content=\"2026-03-27T12:09:00+00:00\" \/>\n<meta name=\"author\" content=\"Telinha\" \/>\n<meta name=\"twitter:card\" content=\"summary_large_image\" \/>\n<meta name=\"twitter:label1\" content=\"Escrito por\" \/>\n\t<meta name=\"twitter:data1\" content=\"Telinha\" \/>\n\t<meta name=\"twitter:label2\" content=\"Tempo estimado de leitura\" \/>\n\t<meta name=\"twitter:data2\" content=\"1 minuto\" \/>\n<script type=\"application\/ld+json\" class=\"yoast-schema-graph\">{\"@context\":\"https:\/\/schema.org\",\"@graph\":[{\"@type\":\"Article\",\"@id\":\"https:\/\/portaltela.pt\/noticias\/2026\/03\/27\/tres-dos-10-detidos-por-trafico-na-alta-de-lisboa-ficam-em-prisao-preventiva\/#article\",\"isPartOf\":{\"@id\":\"https:\/\/portaltela.pt\/noticias\/2026\/03\/27\/tres-dos-10-detidos-por-trafico-na-alta-de-lisboa-ficam-em-prisao-preventiva\/\"},\"author\":{\"name\":\"Telinha\",\"@id\":\"https:\/\/portaltela.pt\/#\/schema\/person\/c4278d4a6028830caff9ee44b42d32ed\"},\"headline\":\"Tr\u00eas dos 10 detidos por tr\u00e1fico na Alta de Lisboa ficam em pris\u00e3o preventiva\",\"datePublished\":\"2026-03-27T12:09:00+00:00\",\"mainEntityOfPage\":{\"@id\":\"https:\/\/portaltela.pt\/noticias\/2026\/03\/27\/tres-dos-10-detidos-por-trafico-na-alta-de-lisboa-ficam-em-prisao-preventiva\/\"},\"wordCount\":192,\"image\":{\"@id\":\"https:\/\/portaltela.pt\/noticias\/2026\/03\/27\/tres-dos-10-detidos-por-trafico-na-alta-de-lisboa-ficam-em-prisao-preventiva\/#primaryimage\"},\"thumbnailUrl\":\"https:\/\/portaltela.pt\/s.01k8rhncp4jt1\/2026\/03\/img_1500x1000uu2016-12-17-12-32-00-583238.jpg\",\"keywords\":[\"Alta de Lisboa\",\"apreens\u00f5es\",\"arma de fogo\",\"drogas\",\"pris\u00f5es\",\"tr\u00e1fico de droga\"],\"articleSection\":[\"Criminalidade\",\"Pol\u00edcia\"],\"inLanguage\":\"pt-PT\"},{\"@type\":\"WebPage\",\"@id\":\"https:\/\/portaltela.pt\/noticias\/2026\/03\/27\/tres-dos-10-detidos-por-trafico-na-alta-de-lisboa-ficam-em-prisao-preventiva\/\",\"url\":\"https:\/\/portaltela.pt\/noticias\/2026\/03\/27\/tres-dos-10-detidos-por-trafico-na-alta-de-lisboa-ficam-em-prisao-preventiva\/\",\"name\":\"Tr\u00eas dos 10 detidos por tr\u00e1fico na Alta de Lisboa ficam em pris\u00e3o preventiva - Portal Tela Portugal\",\"isPartOf\":{\"@id\":\"https:\/\/portaltela.pt\/#website\"},\"primaryImageOfPage\":{\"@id\":\"https:\/\/portaltela.pt\/noticias\/2026\/03\/27\/tres-dos-10-detidos-por-trafico-na-alta-de-lisboa-ficam-em-prisao-preventiva\/#primaryimage\"},\"image\":{\"@id\":\"https:\/\/portaltela.pt\/noticias\/2026\/03\/27\/tres-dos-10-detidos-por-trafico-na-alta-de-lisboa-ficam-em-prisao-preventiva\/#primaryimage\"},\"thumbnailUrl\":\"https:\/\/portaltela.pt\/s.01k8rhncp4jt1\/2026\/03\/img_1500x1000uu2016-12-17-12-32-00-583238.jpg\",\"datePublished\":\"2026-03-27T12:09:00+00:00\",\"author\":{\"@id\":\"https:\/\/portaltela.pt\/#\/schema\/person\/c4278d4a6028830caff9ee44b42d32ed\"},\"breadcrumb\":{\"@id\":\"https:\/\/portaltela.pt\/noticias\/2026\/03\/27\/tres-dos-10-detidos-por-trafico-na-alta-de-lisboa-ficam-em-prisao-preventiva\/#breadcrumb\"},\"inLanguage\":\"pt-PT\",\"potentialAction\":[{\"@type\":\"ReadAction\",\"target\":[\"https:\/\/portaltela.pt\/noticias\/2026\/03\/27\/tres-dos-10-detidos-por-trafico-na-alta-de-lisboa-ficam-em-prisao-preventiva\/\"]}]},{\"@type\":\"ImageObject\",\"inLanguage\":\"pt-PT\",\"@id\":\"https:\/\/portaltela.pt\/noticias\/2026\/03\/27\/tres-dos-10-detidos-por-trafico-na-alta-de-lisboa-ficam-em-prisao-preventiva\/#primaryimage\",\"url\":\"https:\/\/portaltela.pt\/s.01k8rhncp4jt1\/2026\/03\/img_1500x1000uu2016-12-17-12-32-00-583238.jpg\",\"contentUrl\":\"https:\/\/portaltela.pt\/s.01k8rhncp4jt1\/2026\/03\/img_1500x1000uu2016-12-17-12-32-00-583238.jpg\",\"width\":796,\"height\":448,\"caption\":\"Tr\u00eas dos 10 detidos por tr\u00e1fico de droga na Alta de Lisboa em pris\u00e3o preventiva\"},{\"@type\":\"BreadcrumbList\",\"@id\":\"https:\/\/portaltela.pt\/noticias\/2026\/03\/27\/tres-dos-10-detidos-por-trafico-na-alta-de-lisboa-ficam-em-prisao-preventiva\/#breadcrumb\",\"itemListElement\":[{\"@type\":\"ListItem\",\"position\":1,\"name\":\"In\u00edcio\",\"item\":\"https:\/\/portaltela.pt\/\"},{\"@type\":\"ListItem\",\"position\":2,\"name\":\"Tr\u00eas dos 10 detidos por tr\u00e1fico na Alta de Lisboa ficam em pris\u00e3o preventiva\"}]},{\"@type\":\"WebSite\",\"@id\":\"https:\/\/portaltela.pt\/#website\",\"url\":\"https:\/\/portaltela.pt\/\",\"name\":\"Portal Tela Portugal\",\"description\":\"\",\"potentialAction\":[{\"@type\":\"SearchAction\",\"target\":{\"@type\":\"EntryPoint\",\"urlTemplate\":\"https:\/\/portaltela.pt\/?s={search_term_string}\"},\"query-input\":{\"@type\":\"PropertyValueSpecification\",\"valueRequired\":true,\"valueName\":\"search_term_string\"}}],\"inLanguage\":\"pt-PT\"},{\"@type\":\"Person\",\"@id\":\"https:\/\/portaltela.pt\/#\/schema\/person\/c4278d4a6028830caff9ee44b42d32ed\",\"name\":\"Telinha\",\"image\":{\"@type\":\"ImageObject\",\"inLanguage\":\"pt-PT\",\"@id\":\"https:\/\/portaltela.pt\/s.01k8rhncp4jt1\/2025\/11\/talking-bot-125x125.png\",\"url\":\"https:\/\/portaltela.pt\/s.01k8rhncp4jt1\/2025\/11\/talking-bot-125x125.png\",\"contentUrl\":\"https:\/\/portaltela.pt\/s.01k8rhncp4jt1\/2025\/11\/talking-bot-125x125.png\",\"caption\":\"Telinha\"},\"sameAs\":[\"https:\/\/portaltela.pt\/\"],\"url\":\"https:\/\/portaltela.pt\/por\/367410592786\/\"}]}<\/script>\n<!-- \/ Yoast SEO plugin. -->","yoast_head_json":{"title":"Tr\u00eas dos 10 detidos por tr\u00e1fico na Alta de Lisboa ficam em pris\u00e3o preventiva - Portal Tela Portugal","robots":{"index":"index","follow":"follow","max-snippet":"max-snippet:-1","max-image-preview":"max-image-preview:large","max-video-preview":"max-video-preview:-1"},"og_locale":"pt_PT","og_type":"article","og_title":"Tr\u00eas dos 10 detidos por tr\u00e1fico na Alta de Lisboa ficam em pris\u00e3o preventiva - Portal Tela Portugal","og_description":"Nove homens e uma mulher, com idades entre os 18 e os 44 anos, foram detidos numa opera\u00e7\u00e3o na Alta de Lisboa, freguesia de Santa Clara, e em Camarate, Loures. Tr\u00eas dos dez detidos ficaram em pris\u00e3o preventiva. Ap\u00f3s apresentarem-se a tribunal, outros tr\u00eas ficaram obrigados a apresenta\u00e7\u00f5es di\u00e1rias, dois a apresenta\u00e7\u00f5es semanais e dois com termo de identidade e resid\u00eancia. Foram cumpridos 14 mandados de busca domicili\u00e1ria, com quatro detenidos em flagrante. A opera\u00e7\u00e3o resultou na apreens\u00e3o de 650 doses de coca\u00edna, 112 de haxixe, 140 de hero\u00edna, 5.200 euros em dinheiro, armas e diverso material associado ao tr\u00e1fico de droga.","og_url":"https:\/\/portaltela.pt\/noticias\/2026\/03\/27\/tres-dos-10-detidos-por-trafico-na-alta-de-lisboa-ficam-em-prisao-preventiva\/","og_site_name":"Portal Tela Portugal","article_published_time":"2026-03-27T12:09:00+00:00","author":"Telinha","twitter_card":"summary_large_image","twitter_misc":{"Escrito por":"Telinha","Tempo estimado de leitura":"1 minuto"},"schema":{"@context":"https:\/\/schema.org","@graph":[{"@type":"Article","@id":"https:\/\/portaltela.pt\/noticias\/2026\/03\/27\/tres-dos-10-detidos-por-trafico-na-alta-de-lisboa-ficam-em-prisao-preventiva\/#article","isPartOf":{"@id":"https:\/\/portaltela.pt\/noticias\/2026\/03\/27\/tres-dos-10-detidos-por-trafico-na-alta-de-lisboa-ficam-em-prisao-preventiva\/"},"author":{"name":"Telinha","@id":"https:\/\/portaltela.pt\/#\/schema\/person\/c4278d4a6028830caff9ee44b42d32ed"},"headline":"Tr\u00eas dos 10 detidos por tr\u00e1fico na Alta de Lisboa ficam em pris\u00e3o preventiva","datePublished":"2026-03-27T12:09:00+00:00","mainEntityOfPage":{"@id":"https:\/\/portaltela.pt\/noticias\/2026\/03\/27\/tres-dos-10-detidos-por-trafico-na-alta-de-lisboa-ficam-em-prisao-preventiva\/"},"wordCount":192,"image":{"@id":"https:\/\/portaltela.pt\/noticias\/2026\/03\/27\/tres-dos-10-detidos-por-trafico-na-alta-de-lisboa-ficam-em-prisao-preventiva\/#primaryimage"},"thumbnailUrl":"https:\/\/portaltela.pt\/s.01k8rhncp4jt1\/2026\/03\/img_1500x1000uu2016-12-17-12-32-00-583238.jpg","keywords":["Alta de Lisboa","apreens\u00f5es","arma de fogo","drogas","pris\u00f5es","tr\u00e1fico de droga"],"articleSection":["Criminalidade","Pol\u00edcia"],"inLanguage":"pt-PT"},{"@type":"WebPage","@id":"https:\/\/portaltela.pt\/noticias\/2026\/03\/27\/tres-dos-10-detidos-por-trafico-na-alta-de-lisboa-ficam-em-prisao-preventiva\/","url":"https:\/\/portaltela.pt\/noticias\/2026\/03\/27\/tres-dos-10-detidos-por-trafico-na-alta-de-lisboa-ficam-em-prisao-preventiva\/","name":"Tr\u00eas dos 10 detidos por tr\u00e1fico na Alta de Lisboa ficam em pris\u00e3o preventiva - Portal Tela Portugal","isPartOf":{"@id":"https:\/\/portaltela.pt\/#website"},"primaryImageOfPage":{"@id":"https:\/\/portaltela.pt\/noticias\/2026\/03\/27\/tres-dos-10-detidos-por-trafico-na-alta-de-lisboa-ficam-em-prisao-preventiva\/#primaryimage"},"image":{"@id":"https:\/\/portaltela.pt\/noticias\/2026\/03\/27\/tres-dos-10-detidos-por-trafico-na-alta-de-lisboa-ficam-em-prisao-preventiva\/#primaryimage"},"thumbnailUrl":"https:\/\/portaltela.pt\/s.01k8rhncp4jt1\/2026\/03\/img_1500x1000uu2016-12-17-12-32-00-583238.jpg","datePublished":"2026-03-27T12:09:00+00:00","author":{"@id":"https:\/\/portaltela.pt\/#\/schema\/person\/c4278d4a6028830caff9ee44b42d32ed"},"breadcrumb":{"@id":"https:\/\/portaltela.pt\/noticias\/2026\/03\/27\/tres-dos-10-detidos-por-trafico-na-alta-de-lisboa-ficam-em-prisao-preventiva\/#breadcrumb"},"inLanguage":"pt-PT","potentialAction":[{"@type":"ReadAction","target":["https:\/\/portaltela.pt\/noticias\/2026\/03\/27\/tres-dos-10-detidos-por-trafico-na-alta-de-lisboa-ficam-em-prisao-preventiva\/"]}]},{"@type":"ImageObject","inLanguage":"pt-PT","@id":"https:\/\/portaltela.pt\/noticias\/2026\/03\/27\/tres-dos-10-detidos-por-trafico-na-alta-de-lisboa-ficam-em-prisao-preventiva\/#primaryimage","url":"https:\/\/portaltela.pt\/s.01k8rhncp4jt1\/2026\/03\/img_1500x1000uu2016-12-17-12-32-00-583238.jpg","contentUrl":"https:\/\/portaltela.pt\/s.01k8rhncp4jt1\/2026\/03\/img_1500x1000uu2016-12-17-12-32-00-583238.jpg","width":796,"height":448,"caption":"Tr\u00eas dos 10 detidos por tr\u00e1fico de droga na Alta de Lisboa em pris\u00e3o preventiva"},{"@type":"BreadcrumbList","@id":"https:\/\/portaltela.pt\/noticias\/2026\/03\/27\/tres-dos-10-detidos-por-trafico-na-alta-de-lisboa-ficam-em-prisao-preventiva\/#breadcrumb","itemListElement":[{"@type":"ListItem","position":1,"name":"In\u00edcio","item":"https:\/\/portaltela.pt\/"},{"@type":"ListItem","position":2,"name":"Tr\u00eas dos 10 detidos por tr\u00e1fico na Alta de Lisboa ficam em pris\u00e3o preventiva"}]},{"@type":"WebSite","@id":"https:\/\/portaltela.pt\/#website","url":"https:\/\/portaltela.pt\/","name":"Portal Tela Portugal","description":"","potentialAction":[{"@type":"SearchAction","target":{"@type":"EntryPoint","urlTemplate":"https:\/\/portaltela.pt\/?s={search_term_string}"},"query-input":{"@type":"PropertyValueSpecification","valueRequired":true,"valueName":"search_term_string"}}],"inLanguage":"pt-PT"},{"@type":"Person","@id":"https:\/\/portaltela.pt\/#\/schema\/person\/c4278d4a6028830caff9ee44b42d32ed","name":"Telinha","image":{"@type":"ImageObject","inLanguage":"pt-PT","@id":"https:\/\/portaltela.pt\/s.01k8rhncp4jt1\/2025\/11\/talking-bot-125x125.png","url":"https:\/\/portaltela.pt\/s.01k8rhncp4jt1\/2025\/11\/talking-bot-125x125.png","contentUrl":"https:\/\/portaltela.pt\/s.01k8rhncp4jt1\/2025\/11\/talking-bot-125x125.png","caption":"Telinha"},"sameAs":["https:\/\/portaltela.pt\/"],"url":"https:\/\/portaltela.pt\/por\/367410592786\/"}]}},"_links":{"self":[{"href":"https:\/\/portaltela.pt\/api\/wp\/v2\/posts\/423581","targetHints":{"allow":["GET"]}}],"collection":[{"href":"https:\/\/portaltela.pt\/api\/wp\/v2\/posts"}],"about":[{"href":"https:\/\/portaltela.pt\/api\/wp\/v2\/types\/post"}],"author":[{"embeddable":true,"href":"https:\/\/portaltela.pt\/api\/wp\/v2\/users\/2"}],"replies":[{"embeddable":true,"href":"https:\/\/portaltela.pt\/api\/wp\/v2\/comments?post=423581"}],"version-history":[{"count":0,"href":"https:\/\/portaltela.pt\/api\/wp\/v2\/posts\/423581\/revisions"}],"wp:featuredmedia":[{"embeddable":true,"href":"https:\/\/portaltela.pt\/api\/wp\/v2\/media\/423586"}],"wp:attachment":[{"href":"https:\/\/portaltela.pt\/api\/wp\/v2\/media?parent=423581"}],"wp:term":[{"taxonomy":"category","embeddable":true,"href":"https:\/\/portaltela.pt\/api\/wp\/v2\/categories?post=423581"},{"taxonomy":"post_tag","embeddable":true,"href":"https:\/\/portaltela.pt\/api\/wp\/v2\/tags?post=423581"}],"curies":[{"name":"wp","href":"https:\/\/api.w.org\/{rel}","templated":true}]}}