{"id":423534,"date":"2026-03-27T08:35:54","date_gmt":"2026-03-27T11:35:54","guid":{"rendered":"https:\/\/portaltela.pt\/noticias\/2026\/03\/27\/chuvas-intensas-provocam-inundacoes-no-dubai\/"},"modified":"2026-03-27T08:35:54","modified_gmt":"2026-03-27T11:35:54","slug":"chuvas-intensas-provocam-inundacoes-no-dubai","status":"publish","type":"post","link":"https:\/\/portaltela.pt\/tempo\/2026\/03\/27\/chuvas-intensas-provocam-inundacoes-no-dubai\/","title":{"rendered":"Chuvas intensas provocam inunda\u00e7\u00f5es no Dubai"},"content":{"rendered":"<p>Os Emirados \u00c1rabes Unidos foram v\u00edtimas de fortes tempestades na sexta-feira, 27 de mar\u00e7o de 2026. No Dubai, o c\u00e9u foi iluminado por rel\u00e2mpagos e a chuva deixou v\u00e1rias zonas da cidade inundadas.<\/p>\n<p>A intensidade do aguaceiro provocou alagamentos em ruas e vias principais, dificultando o tr\u00e2nsito em v\u00e1rias \u00e1reas do emirado. N\u00e3o h\u00e1 confirma\u00e7\u00e3o imediata de feridos.<\/p>\n<p>Segundo relatos, a atividade el\u00e9trica associada \u00e0 tempestade foi significativa, com rajadas de vento acompanhando a chuva. As autoridades locais n\u00e3o detalham, neste momento, o balan\u00e7o completo dos impactos.<\/p>\n<p>At\u00e9 ao momento, n\u00e3o foram divulgadas informa\u00e7\u00f5es sobre medidas de resposta ou avalia\u00e7\u00f5es oficiais das autoridades competentes. O estado do tempo mant\u00e9m-se sob vigil\u00e2ncia.<\/p>\n","protected":false},"excerpt":{"rendered":"<ul>\n<li>Chuvas intensas atingiram Dubai, nos Emirados \u00c1rabes Unidos, numa sexta-feira.<\/li>\n<li>Rel\u00e2mpagos iluminaram o c\u00e9u durante a tempestade.<\/li>\n<li>A precipita\u00e7\u00e3o deixou v\u00e1rias zonas inundadas na cidade.<\/li>\n<li>O fen\u00f3meno foi acompanhado de trovoadas vis\u00edveis na regi\u00e3o.<\/li>\n<li>N\u00e3o foram detalhados n\u00fameros oficiais sobre danos ou feridos.<\/li>\n<\/ul>\n","protected":false},"author":2,"featured_media":423540,"comment_status":"closed","ping_status":"closed","sticky":false,"template":"","format":"standard","meta":{"footnotes":""},"categories":[7380,7365],"tags":[3812,5329,3931,2370,2293,4782],"class_list":["post-423534","post","type-post","status-publish","format-standard","has-post-thumbnail","hentry","category-clima","category-tempo","tag-alagamentos","tag-chuva","tag-chuva-forte","tag-emirados-arabes-unidos","tag-inundacoes","tag-vento"],"yoast_head":"<!-- This site is optimized with the Yoast SEO plugin v27.2 - https:\/\/yoast.com\/product\/yoast-seo-wordpress\/ -->\n<title>Chuvas intensas provocam inunda\u00e7\u00f5es no Dubai - Portal Tela Portugal<\/title>\n<meta name=\"robots\" content=\"index, follow, max-snippet:-1, max-image-preview:large, max-video-preview:-1\" \/>\n<meta property=\"og:locale\" content=\"pt_PT\" \/>\n<meta property=\"og:type\" content=\"article\" \/>\n<meta property=\"og:title\" content=\"Chuvas intensas provocam inunda\u00e7\u00f5es no Dubai - Portal Tela Portugal\" \/>\n<meta property=\"og:description\" content=\"Chuvas intensas atingiram Dubai, nos Emirados \u00c1rabes Unidos, numa sexta-feira. Rel\u00e2mpagos iluminaram o c\u00e9u durante a tempestade. A precipita\u00e7\u00e3o deixou v\u00e1rias zonas inundadas na cidade. O fen\u00f3meno foi acompanhado de trovoadas vis\u00edveis na regi\u00e3o. N\u00e3o foram detalhados n\u00fameros oficiais sobre danos ou feridos.\" \/>\n<meta property=\"og:url\" content=\"https:\/\/portaltela.pt\/noticias\/2026\/03\/27\/chuvas-intensas-provocam-inundacoes-no-dubai\/\" \/>\n<meta property=\"og:site_name\" content=\"Portal Tela Portugal\" \/>\n<meta property=\"article:published_time\" content=\"2026-03-27T11:35:54+00:00\" \/>\n<meta name=\"author\" content=\"Telinha\" \/>\n<meta name=\"twitter:card\" content=\"summary_large_image\" \/>\n<meta name=\"twitter:label1\" content=\"Escrito por\" \/>\n\t<meta name=\"twitter:data1\" content=\"Telinha\" \/>\n\t<meta name=\"twitter:label2\" content=\"Tempo estimado de leitura\" \/>\n\t<meta name=\"twitter:data2\" content=\"1 minuto\" \/>\n<script type=\"application\/ld+json\" class=\"yoast-schema-graph\">{\"@context\":\"https:\/\/schema.org\",\"@graph\":[{\"@type\":\"Article\",\"@id\":\"https:\/\/portaltela.pt\/noticias\/2026\/03\/27\/chuvas-intensas-provocam-inundacoes-no-dubai\/#article\",\"isPartOf\":{\"@id\":\"https:\/\/portaltela.pt\/noticias\/2026\/03\/27\/chuvas-intensas-provocam-inundacoes-no-dubai\/\"},\"author\":{\"name\":\"Telinha\",\"@id\":\"https:\/\/portaltela.pt\/#\/schema\/person\/c4278d4a6028830caff9ee44b42d32ed\"},\"headline\":\"Chuvas intensas provocam inunda\u00e7\u00f5es no Dubai\",\"datePublished\":\"2026-03-27T11:35:54+00:00\",\"mainEntityOfPage\":{\"@id\":\"https:\/\/portaltela.pt\/noticias\/2026\/03\/27\/chuvas-intensas-provocam-inundacoes-no-dubai\/\"},\"wordCount\":132,\"image\":{\"@id\":\"https:\/\/portaltela.pt\/noticias\/2026\/03\/27\/chuvas-intensas-provocam-inundacoes-no-dubai\/#primaryimage\"},\"thumbnailUrl\":\"https:\/\/portaltela.pt\/s.01k8rhncp4jt1\/2026\/03\/img_1280x722uu2026-03-27-11-34-40-2275089.jpg\",\"keywords\":[\"alagamentos\",\"chuva\",\"chuva forte\",\"Emirados \u00c1rabes Unidos\",\"inunda\u00e7\u00f5es\",\"vento\"],\"articleSection\":[\"Clima\",\"Tempo\"],\"inLanguage\":\"pt-PT\"},{\"@type\":\"WebPage\",\"@id\":\"https:\/\/portaltela.pt\/noticias\/2026\/03\/27\/chuvas-intensas-provocam-inundacoes-no-dubai\/\",\"url\":\"https:\/\/portaltela.pt\/noticias\/2026\/03\/27\/chuvas-intensas-provocam-inundacoes-no-dubai\/\",\"name\":\"Chuvas intensas provocam inunda\u00e7\u00f5es no Dubai - Portal Tela Portugal\",\"isPartOf\":{\"@id\":\"https:\/\/portaltela.pt\/#website\"},\"primaryImageOfPage\":{\"@id\":\"https:\/\/portaltela.pt\/noticias\/2026\/03\/27\/chuvas-intensas-provocam-inundacoes-no-dubai\/#primaryimage\"},\"image\":{\"@id\":\"https:\/\/portaltela.pt\/noticias\/2026\/03\/27\/chuvas-intensas-provocam-inundacoes-no-dubai\/#primaryimage\"},\"thumbnailUrl\":\"https:\/\/portaltela.pt\/s.01k8rhncp4jt1\/2026\/03\/img_1280x722uu2026-03-27-11-34-40-2275089.jpg\",\"datePublished\":\"2026-03-27T11:35:54+00:00\",\"author\":{\"@id\":\"https:\/\/portaltela.pt\/#\/schema\/person\/c4278d4a6028830caff9ee44b42d32ed\"},\"breadcrumb\":{\"@id\":\"https:\/\/portaltela.pt\/noticias\/2026\/03\/27\/chuvas-intensas-provocam-inundacoes-no-dubai\/#breadcrumb\"},\"inLanguage\":\"pt-PT\",\"potentialAction\":[{\"@type\":\"ReadAction\",\"target\":[\"https:\/\/portaltela.pt\/noticias\/2026\/03\/27\/chuvas-intensas-provocam-inundacoes-no-dubai\/\"]}]},{\"@type\":\"ImageObject\",\"inLanguage\":\"pt-PT\",\"@id\":\"https:\/\/portaltela.pt\/noticias\/2026\/03\/27\/chuvas-intensas-provocam-inundacoes-no-dubai\/#primaryimage\",\"url\":\"https:\/\/portaltela.pt\/s.01k8rhncp4jt1\/2026\/03\/img_1280x722uu2026-03-27-11-34-40-2275089.jpg\",\"contentUrl\":\"https:\/\/portaltela.pt\/s.01k8rhncp4jt1\/2026\/03\/img_1280x722uu2026-03-27-11-34-40-2275089.jpg\",\"width\":796,\"height\":448,\"caption\":\"Imagem de uma tempestade no Dubai\"},{\"@type\":\"BreadcrumbList\",\"@id\":\"https:\/\/portaltela.pt\/noticias\/2026\/03\/27\/chuvas-intensas-provocam-inundacoes-no-dubai\/#breadcrumb\",\"itemListElement\":[{\"@type\":\"ListItem\",\"position\":1,\"name\":\"In\u00edcio\",\"item\":\"https:\/\/portaltela.pt\/\"},{\"@type\":\"ListItem\",\"position\":2,\"name\":\"Chuvas intensas provocam inunda\u00e7\u00f5es no Dubai\"}]},{\"@type\":\"WebSite\",\"@id\":\"https:\/\/portaltela.pt\/#website\",\"url\":\"https:\/\/portaltela.pt\/\",\"name\":\"Portal Tela Portugal\",\"description\":\"\",\"potentialAction\":[{\"@type\":\"SearchAction\",\"target\":{\"@type\":\"EntryPoint\",\"urlTemplate\":\"https:\/\/portaltela.pt\/?s={search_term_string}\"},\"query-input\":{\"@type\":\"PropertyValueSpecification\",\"valueRequired\":true,\"valueName\":\"search_term_string\"}}],\"inLanguage\":\"pt-PT\"},{\"@type\":\"Person\",\"@id\":\"https:\/\/portaltela.pt\/#\/schema\/person\/c4278d4a6028830caff9ee44b42d32ed\",\"name\":\"Telinha\",\"image\":{\"@type\":\"ImageObject\",\"inLanguage\":\"pt-PT\",\"@id\":\"https:\/\/portaltela.pt\/s.01k8rhncp4jt1\/2025\/11\/talking-bot-125x125.png\",\"url\":\"https:\/\/portaltela.pt\/s.01k8rhncp4jt1\/2025\/11\/talking-bot-125x125.png\",\"contentUrl\":\"https:\/\/portaltela.pt\/s.01k8rhncp4jt1\/2025\/11\/talking-bot-125x125.png\",\"caption\":\"Telinha\"},\"sameAs\":[\"https:\/\/portaltela.pt\/\"],\"url\":\"https:\/\/portaltela.pt\/por\/367410592786\/\"}]}<\/script>\n<!-- \/ Yoast SEO plugin. -->","yoast_head_json":{"title":"Chuvas intensas provocam inunda\u00e7\u00f5es no Dubai - Portal Tela Portugal","robots":{"index":"index","follow":"follow","max-snippet":"max-snippet:-1","max-image-preview":"max-image-preview:large","max-video-preview":"max-video-preview:-1"},"og_locale":"pt_PT","og_type":"article","og_title":"Chuvas intensas provocam inunda\u00e7\u00f5es no Dubai - Portal Tela Portugal","og_description":"Chuvas intensas atingiram Dubai, nos Emirados \u00c1rabes Unidos, numa sexta-feira. Rel\u00e2mpagos iluminaram o c\u00e9u durante a tempestade. A precipita\u00e7\u00e3o deixou v\u00e1rias zonas inundadas na cidade. O fen\u00f3meno foi acompanhado de trovoadas vis\u00edveis na regi\u00e3o. N\u00e3o foram detalhados n\u00fameros oficiais sobre danos ou feridos.","og_url":"https:\/\/portaltela.pt\/noticias\/2026\/03\/27\/chuvas-intensas-provocam-inundacoes-no-dubai\/","og_site_name":"Portal Tela Portugal","article_published_time":"2026-03-27T11:35:54+00:00","author":"Telinha","twitter_card":"summary_large_image","twitter_misc":{"Escrito por":"Telinha","Tempo estimado de leitura":"1 minuto"},"schema":{"@context":"https:\/\/schema.org","@graph":[{"@type":"Article","@id":"https:\/\/portaltela.pt\/noticias\/2026\/03\/27\/chuvas-intensas-provocam-inundacoes-no-dubai\/#article","isPartOf":{"@id":"https:\/\/portaltela.pt\/noticias\/2026\/03\/27\/chuvas-intensas-provocam-inundacoes-no-dubai\/"},"author":{"name":"Telinha","@id":"https:\/\/portaltela.pt\/#\/schema\/person\/c4278d4a6028830caff9ee44b42d32ed"},"headline":"Chuvas intensas provocam inunda\u00e7\u00f5es no Dubai","datePublished":"2026-03-27T11:35:54+00:00","mainEntityOfPage":{"@id":"https:\/\/portaltela.pt\/noticias\/2026\/03\/27\/chuvas-intensas-provocam-inundacoes-no-dubai\/"},"wordCount":132,"image":{"@id":"https:\/\/portaltela.pt\/noticias\/2026\/03\/27\/chuvas-intensas-provocam-inundacoes-no-dubai\/#primaryimage"},"thumbnailUrl":"https:\/\/portaltela.pt\/s.01k8rhncp4jt1\/2026\/03\/img_1280x722uu2026-03-27-11-34-40-2275089.jpg","keywords":["alagamentos","chuva","chuva forte","Emirados \u00c1rabes Unidos","inunda\u00e7\u00f5es","vento"],"articleSection":["Clima","Tempo"],"inLanguage":"pt-PT"},{"@type":"WebPage","@id":"https:\/\/portaltela.pt\/noticias\/2026\/03\/27\/chuvas-intensas-provocam-inundacoes-no-dubai\/","url":"https:\/\/portaltela.pt\/noticias\/2026\/03\/27\/chuvas-intensas-provocam-inundacoes-no-dubai\/","name":"Chuvas intensas provocam inunda\u00e7\u00f5es no Dubai - Portal Tela Portugal","isPartOf":{"@id":"https:\/\/portaltela.pt\/#website"},"primaryImageOfPage":{"@id":"https:\/\/portaltela.pt\/noticias\/2026\/03\/27\/chuvas-intensas-provocam-inundacoes-no-dubai\/#primaryimage"},"image":{"@id":"https:\/\/portaltela.pt\/noticias\/2026\/03\/27\/chuvas-intensas-provocam-inundacoes-no-dubai\/#primaryimage"},"thumbnailUrl":"https:\/\/portaltela.pt\/s.01k8rhncp4jt1\/2026\/03\/img_1280x722uu2026-03-27-11-34-40-2275089.jpg","datePublished":"2026-03-27T11:35:54+00:00","author":{"@id":"https:\/\/portaltela.pt\/#\/schema\/person\/c4278d4a6028830caff9ee44b42d32ed"},"breadcrumb":{"@id":"https:\/\/portaltela.pt\/noticias\/2026\/03\/27\/chuvas-intensas-provocam-inundacoes-no-dubai\/#breadcrumb"},"inLanguage":"pt-PT","potentialAction":[{"@type":"ReadAction","target":["https:\/\/portaltela.pt\/noticias\/2026\/03\/27\/chuvas-intensas-provocam-inundacoes-no-dubai\/"]}]},{"@type":"ImageObject","inLanguage":"pt-PT","@id":"https:\/\/portaltela.pt\/noticias\/2026\/03\/27\/chuvas-intensas-provocam-inundacoes-no-dubai\/#primaryimage","url":"https:\/\/portaltela.pt\/s.01k8rhncp4jt1\/2026\/03\/img_1280x722uu2026-03-27-11-34-40-2275089.jpg","contentUrl":"https:\/\/portaltela.pt\/s.01k8rhncp4jt1\/2026\/03\/img_1280x722uu2026-03-27-11-34-40-2275089.jpg","width":796,"height":448,"caption":"Imagem de uma tempestade no Dubai"},{"@type":"BreadcrumbList","@id":"https:\/\/portaltela.pt\/noticias\/2026\/03\/27\/chuvas-intensas-provocam-inundacoes-no-dubai\/#breadcrumb","itemListElement":[{"@type":"ListItem","position":1,"name":"In\u00edcio","item":"https:\/\/portaltela.pt\/"},{"@type":"ListItem","position":2,"name":"Chuvas intensas provocam inunda\u00e7\u00f5es no Dubai"}]},{"@type":"WebSite","@id":"https:\/\/portaltela.pt\/#website","url":"https:\/\/portaltela.pt\/","name":"Portal Tela Portugal","description":"","potentialAction":[{"@type":"SearchAction","target":{"@type":"EntryPoint","urlTemplate":"https:\/\/portaltela.pt\/?s={search_term_string}"},"query-input":{"@type":"PropertyValueSpecification","valueRequired":true,"valueName":"search_term_string"}}],"inLanguage":"pt-PT"},{"@type":"Person","@id":"https:\/\/portaltela.pt\/#\/schema\/person\/c4278d4a6028830caff9ee44b42d32ed","name":"Telinha","image":{"@type":"ImageObject","inLanguage":"pt-PT","@id":"https:\/\/portaltela.pt\/s.01k8rhncp4jt1\/2025\/11\/talking-bot-125x125.png","url":"https:\/\/portaltela.pt\/s.01k8rhncp4jt1\/2025\/11\/talking-bot-125x125.png","contentUrl":"https:\/\/portaltela.pt\/s.01k8rhncp4jt1\/2025\/11\/talking-bot-125x125.png","caption":"Telinha"},"sameAs":["https:\/\/portaltela.pt\/"],"url":"https:\/\/portaltela.pt\/por\/367410592786\/"}]}},"_links":{"self":[{"href":"https:\/\/portaltela.pt\/api\/wp\/v2\/posts\/423534","targetHints":{"allow":["GET"]}}],"collection":[{"href":"https:\/\/portaltela.pt\/api\/wp\/v2\/posts"}],"about":[{"href":"https:\/\/portaltela.pt\/api\/wp\/v2\/types\/post"}],"author":[{"embeddable":true,"href":"https:\/\/portaltela.pt\/api\/wp\/v2\/users\/2"}],"replies":[{"embeddable":true,"href":"https:\/\/portaltela.pt\/api\/wp\/v2\/comments?post=423534"}],"version-history":[{"count":0,"href":"https:\/\/portaltela.pt\/api\/wp\/v2\/posts\/423534\/revisions"}],"wp:featuredmedia":[{"embeddable":true,"href":"https:\/\/portaltela.pt\/api\/wp\/v2\/media\/423540"}],"wp:attachment":[{"href":"https:\/\/portaltela.pt\/api\/wp\/v2\/media?parent=423534"}],"wp:term":[{"taxonomy":"category","embeddable":true,"href":"https:\/\/portaltela.pt\/api\/wp\/v2\/categories?post=423534"},{"taxonomy":"post_tag","embeddable":true,"href":"https:\/\/portaltela.pt\/api\/wp\/v2\/tags?post=423534"}],"curies":[{"name":"wp","href":"https:\/\/api.w.org\/{rel}","templated":true}]}}