{"id":423531,"date":"2026-03-27T08:35:00","date_gmt":"2026-03-27T11:35:00","guid":{"rendered":"https:\/\/portaltela.pt\/noticias\/2026\/03\/27\/irao-recruta-criancas-de-12-anos-para-patrulhar-ruas-do-pais\/"},"modified":"2026-03-27T08:35:00","modified_gmt":"2026-03-27T11:35:00","slug":"irao-recruta-criancas-de-12-anos-para-patrulhar-ruas-do-pais","status":"publish","type":"post","link":"https:\/\/portaltela.pt\/noticias\/2026\/03\/27\/irao-recruta-criancas-de-12-anos-para-patrulhar-ruas-do-pais\/","title":{"rendered":"Ir\u00e3o recruta crian\u00e7as de 12 anos para patrulhar ruas do pa\u00eds"},"content":{"rendered":"<p>As autoridades do Ir\u00e3o anunciaram a redu\u00e7\u00e3o da idade m\u00ednima para integrar as mil\u00edcias Bassidj, passando para 12 anos. A decis\u00e3o foi comunicada por Rahim Nadali, respons\u00e1vel de uma ala da Guarda Revolucion\u00e1ria, numa transmiss\u00e3o televisiva.<\/p>\n<p>Segundo o respons\u00e1vel, a medida busca mobilizar jovens para a \u201cfrente de resist\u00eancia\u201d contra os Estados Unidos. Nadali mencionou ainda um elevado n\u00famero de volunt\u00e1rios entre jovens e adolescentes para patrulhas e recolha de dados de seguran\u00e7a.<\/p>\n<p>Desde o in\u00edcio da guerra, em 28 de fevereiro, as for\u00e7as iranianas t\u00eam aumentado os postos de controlo em Teer\u00e3o para prevenir manifesta\u00e7\u00f5es contra a Rep\u00fablica Isl\u00e2mica. Os Bassidj contam com cerca de 600 mil membros no pa\u00eds.<\/p>\n<h3>Contexto e desdobramentos<\/h3>\n<p>Nadali afirmou que os jovens querem participar nessas miss\u00f5es. A mil\u00edcia Bassidj, criada em 1979, atua na seguran\u00e7a interna e na monitoriza\u00e7\u00e3o de comportamento p\u00fablico. Gholamreza Soleimani, chefe da for\u00e7a, foi morto num ataque que tamb\u00e9m atingiu Ali Larijani.<\/p>\n<p>Na primeira semana do conflito, a defesa israelita identificou ataques a instala\u00e7\u00f5es em Teer\u00e3o associadas aos Bassidj e \u00e0 Guarda Revolucion\u00e1ria, incluindo a for\u00e7a de elite Qods, envolvida em opera\u00e7\u00f5es externas e em apoio a grupos como Hamas e Hezbollah.<\/p>\n","protected":false},"excerpt":{"rendered":"<ul>\n<li>As autoridades do Ir\u00e3o baixaram para 12 anos a idade m\u00ednima para integrar as mil\u00edcias Bassij, volunt\u00e1rios que patrulham as ruas.<\/li>\n<li>O respons\u00e1vel Rahim Nadali disse que muitos jovens querem participar para contribuir com a frente de resist\u00eancia contra o que designa como tirano mundial (EUA).<\/li>\n<li>Desde o in\u00edcio da guerra, a 28 de fevereiro, as for\u00e7as iranianas t\u00eam aumentado os postos de controlo em Teer\u00e3o para impedir manifesta\u00e7\u00f5es contra a Rep\u00fablica Isl\u00e2mica.<\/li>\n<li>A mil\u00edcia Bassij \u00e9 uma for\u00e7a paramilitar de volunt\u00e1rios, criada em 1979, que gere monitoriza\u00e7\u00e3o da moralidade p\u00fablica e repress\u00e3o de protestos; estima-se cerca de seiscentos mil membros no pa\u00eds.<\/li>\n<li>O chefe da Bassij, Gholamreza Soleimani, foi morto num ataque que tamb\u00e9m tirou a vida ao chefe do Conselho Supremo de Seguran\u00e7a Nacional, Ali Larijani, confirmaram Teer\u00e3o em 18 de mar\u00e7o.<\/li>\n<\/ul>\n","protected":false},"author":2,"featured_media":423537,"comment_status":"closed","ping_status":"closed","sticky":false,"template":"","format":"standard","meta":{"footnotes":""},"categories":[6814,1],"tags":[2198,1759,3153,6056,6700,4536],"class_list":["post-423531","post","type-post","status-publish","format-standard","has-post-thumbnail","hentry","category-geopolitica","category-noticias","tag-conflitos-internacionais","tag-infancia","tag-ira","tag-menores","tag-milicias","tag-seguranca"],"yoast_head":"<!-- This site is optimized with the Yoast SEO plugin v27.2 - https:\/\/yoast.com\/product\/yoast-seo-wordpress\/ -->\n<title>Ir\u00e3o recruta crian\u00e7as de 12 anos para patrulhar ruas do pa\u00eds - Portal Tela Portugal<\/title>\n<meta name=\"robots\" content=\"index, follow, max-snippet:-1, max-image-preview:large, max-video-preview:-1\" \/>\n<meta property=\"og:locale\" content=\"pt_PT\" \/>\n<meta property=\"og:type\" content=\"article\" \/>\n<meta property=\"og:title\" content=\"Ir\u00e3o recruta crian\u00e7as de 12 anos para patrulhar ruas do pa\u00eds - Portal Tela Portugal\" \/>\n<meta property=\"og:description\" content=\"As autoridades do Ir\u00e3o baixaram para 12 anos a idade m\u00ednima para integrar as mil\u00edcias Bassij, volunt\u00e1rios que patrulham as ruas. O respons\u00e1vel Rahim Nadali disse que muitos jovens querem participar para contribuir com a frente de resist\u00eancia contra o que designa como tirano mundial (EUA). Desde o in\u00edcio da guerra, a 28 de fevereiro, as for\u00e7as iranianas t\u00eam aumentado os postos de controlo em Teer\u00e3o para impedir manifesta\u00e7\u00f5es contra a Rep\u00fablica Isl\u00e2mica. A mil\u00edcia Bassij \u00e9 uma for\u00e7a paramilitar de volunt\u00e1rios, criada em 1979, que gere monitoriza\u00e7\u00e3o da moralidade p\u00fablica e repress\u00e3o de protestos; estima-se cerca de seiscentos mil membros no pa\u00eds. O chefe da Bassij, Gholamreza Soleimani, foi morto num ataque que tamb\u00e9m tirou a vida ao chefe do Conselho Supremo de Seguran\u00e7a Nacional, Ali Larijani, confirmaram Teer\u00e3o em 18 de mar\u00e7o.\" \/>\n<meta property=\"og:url\" content=\"https:\/\/portaltela.pt\/noticias\/2026\/03\/27\/irao-recruta-criancas-de-12-anos-para-patrulhar-ruas-do-pais\/\" \/>\n<meta property=\"og:site_name\" content=\"Portal Tela Portugal\" \/>\n<meta property=\"article:published_time\" content=\"2026-03-27T11:35:00+00:00\" \/>\n<meta name=\"author\" content=\"Telinha\" \/>\n<meta name=\"twitter:card\" content=\"summary_large_image\" \/>\n<meta name=\"twitter:label1\" content=\"Escrito por\" \/>\n\t<meta name=\"twitter:data1\" content=\"Telinha\" \/>\n\t<meta name=\"twitter:label2\" content=\"Tempo estimado de leitura\" \/>\n\t<meta name=\"twitter:data2\" content=\"1 minuto\" \/>\n<script type=\"application\/ld+json\" class=\"yoast-schema-graph\">{\"@context\":\"https:\/\/schema.org\",\"@graph\":[{\"@type\":\"Article\",\"@id\":\"https:\/\/portaltela.pt\/noticias\/2026\/03\/27\/irao-recruta-criancas-de-12-anos-para-patrulhar-ruas-do-pais\/#article\",\"isPartOf\":{\"@id\":\"https:\/\/portaltela.pt\/noticias\/2026\/03\/27\/irao-recruta-criancas-de-12-anos-para-patrulhar-ruas-do-pais\/\"},\"author\":{\"name\":\"Telinha\",\"@id\":\"https:\/\/portaltela.pt\/#\/schema\/person\/c4278d4a6028830caff9ee44b42d32ed\"},\"headline\":\"Ir\u00e3o recruta crian\u00e7as de 12 anos para patrulhar ruas do pa\u00eds\",\"datePublished\":\"2026-03-27T11:35:00+00:00\",\"mainEntityOfPage\":{\"@id\":\"https:\/\/portaltela.pt\/noticias\/2026\/03\/27\/irao-recruta-criancas-de-12-anos-para-patrulhar-ruas-do-pais\/\"},\"wordCount\":234,\"image\":{\"@id\":\"https:\/\/portaltela.pt\/noticias\/2026\/03\/27\/irao-recruta-criancas-de-12-anos-para-patrulhar-ruas-do-pais\/#primaryimage\"},\"thumbnailUrl\":\"https:\/\/portaltela.pt\/s.01k8rhncp4jt1\/2026\/03\/image-1592.jpg\",\"keywords\":[\"conflitos internacionais\",\"inf\u00e2ncia\",\"Ir\u00e3\",\"menores\",\"mil\u00edcias\",\"seguran\u00e7a\"],\"articleSection\":[\"Geopol\u00edtica\",\"Not\u00edcias\"],\"inLanguage\":\"pt-PT\"},{\"@type\":\"WebPage\",\"@id\":\"https:\/\/portaltela.pt\/noticias\/2026\/03\/27\/irao-recruta-criancas-de-12-anos-para-patrulhar-ruas-do-pais\/\",\"url\":\"https:\/\/portaltela.pt\/noticias\/2026\/03\/27\/irao-recruta-criancas-de-12-anos-para-patrulhar-ruas-do-pais\/\",\"name\":\"Ir\u00e3o recruta crian\u00e7as de 12 anos para patrulhar ruas do pa\u00eds - Portal Tela Portugal\",\"isPartOf\":{\"@id\":\"https:\/\/portaltela.pt\/#website\"},\"primaryImageOfPage\":{\"@id\":\"https:\/\/portaltela.pt\/noticias\/2026\/03\/27\/irao-recruta-criancas-de-12-anos-para-patrulhar-ruas-do-pais\/#primaryimage\"},\"image\":{\"@id\":\"https:\/\/portaltela.pt\/noticias\/2026\/03\/27\/irao-recruta-criancas-de-12-anos-para-patrulhar-ruas-do-pais\/#primaryimage\"},\"thumbnailUrl\":\"https:\/\/portaltela.pt\/s.01k8rhncp4jt1\/2026\/03\/image-1592.jpg\",\"datePublished\":\"2026-03-27T11:35:00+00:00\",\"author\":{\"@id\":\"https:\/\/portaltela.pt\/#\/schema\/person\/c4278d4a6028830caff9ee44b42d32ed\"},\"breadcrumb\":{\"@id\":\"https:\/\/portaltela.pt\/noticias\/2026\/03\/27\/irao-recruta-criancas-de-12-anos-para-patrulhar-ruas-do-pais\/#breadcrumb\"},\"inLanguage\":\"pt-PT\",\"potentialAction\":[{\"@type\":\"ReadAction\",\"target\":[\"https:\/\/portaltela.pt\/noticias\/2026\/03\/27\/irao-recruta-criancas-de-12-anos-para-patrulhar-ruas-do-pais\/\"]}]},{\"@type\":\"ImageObject\",\"inLanguage\":\"pt-PT\",\"@id\":\"https:\/\/portaltela.pt\/noticias\/2026\/03\/27\/irao-recruta-criancas-de-12-anos-para-patrulhar-ruas-do-pais\/#primaryimage\",\"url\":\"https:\/\/portaltela.pt\/s.01k8rhncp4jt1\/2026\/03\/image-1592.jpg\",\"contentUrl\":\"https:\/\/portaltela.pt\/s.01k8rhncp4jt1\/2026\/03\/image-1592.jpg\",\"width\":796,\"height\":448,\"caption\":\"Foto: Ilia Yefimovich\/AFP\"},{\"@type\":\"BreadcrumbList\",\"@id\":\"https:\/\/portaltela.pt\/noticias\/2026\/03\/27\/irao-recruta-criancas-de-12-anos-para-patrulhar-ruas-do-pais\/#breadcrumb\",\"itemListElement\":[{\"@type\":\"ListItem\",\"position\":1,\"name\":\"In\u00edcio\",\"item\":\"https:\/\/portaltela.pt\/\"},{\"@type\":\"ListItem\",\"position\":2,\"name\":\"Ir\u00e3o recruta crian\u00e7as de 12 anos para patrulhar ruas do pa\u00eds\"}]},{\"@type\":\"WebSite\",\"@id\":\"https:\/\/portaltela.pt\/#website\",\"url\":\"https:\/\/portaltela.pt\/\",\"name\":\"Portal Tela Portugal\",\"description\":\"\",\"potentialAction\":[{\"@type\":\"SearchAction\",\"target\":{\"@type\":\"EntryPoint\",\"urlTemplate\":\"https:\/\/portaltela.pt\/?s={search_term_string}\"},\"query-input\":{\"@type\":\"PropertyValueSpecification\",\"valueRequired\":true,\"valueName\":\"search_term_string\"}}],\"inLanguage\":\"pt-PT\"},{\"@type\":\"Person\",\"@id\":\"https:\/\/portaltela.pt\/#\/schema\/person\/c4278d4a6028830caff9ee44b42d32ed\",\"name\":\"Telinha\",\"image\":{\"@type\":\"ImageObject\",\"inLanguage\":\"pt-PT\",\"@id\":\"https:\/\/portaltela.pt\/s.01k8rhncp4jt1\/2025\/11\/talking-bot-125x125.png\",\"url\":\"https:\/\/portaltela.pt\/s.01k8rhncp4jt1\/2025\/11\/talking-bot-125x125.png\",\"contentUrl\":\"https:\/\/portaltela.pt\/s.01k8rhncp4jt1\/2025\/11\/talking-bot-125x125.png\",\"caption\":\"Telinha\"},\"sameAs\":[\"https:\/\/portaltela.pt\/\"],\"url\":\"https:\/\/portaltela.pt\/por\/367410592786\/\"}]}<\/script>\n<!-- \/ Yoast SEO plugin. -->","yoast_head_json":{"title":"Ir\u00e3o recruta crian\u00e7as de 12 anos para patrulhar ruas do pa\u00eds - Portal Tela Portugal","robots":{"index":"index","follow":"follow","max-snippet":"max-snippet:-1","max-image-preview":"max-image-preview:large","max-video-preview":"max-video-preview:-1"},"og_locale":"pt_PT","og_type":"article","og_title":"Ir\u00e3o recruta crian\u00e7as de 12 anos para patrulhar ruas do pa\u00eds - Portal Tela Portugal","og_description":"As autoridades do Ir\u00e3o baixaram para 12 anos a idade m\u00ednima para integrar as mil\u00edcias Bassij, volunt\u00e1rios que patrulham as ruas. O respons\u00e1vel Rahim Nadali disse que muitos jovens querem participar para contribuir com a frente de resist\u00eancia contra o que designa como tirano mundial (EUA). Desde o in\u00edcio da guerra, a 28 de fevereiro, as for\u00e7as iranianas t\u00eam aumentado os postos de controlo em Teer\u00e3o para impedir manifesta\u00e7\u00f5es contra a Rep\u00fablica Isl\u00e2mica. A mil\u00edcia Bassij \u00e9 uma for\u00e7a paramilitar de volunt\u00e1rios, criada em 1979, que gere monitoriza\u00e7\u00e3o da moralidade p\u00fablica e repress\u00e3o de protestos; estima-se cerca de seiscentos mil membros no pa\u00eds. O chefe da Bassij, Gholamreza Soleimani, foi morto num ataque que tamb\u00e9m tirou a vida ao chefe do Conselho Supremo de Seguran\u00e7a Nacional, Ali Larijani, confirmaram Teer\u00e3o em 18 de mar\u00e7o.","og_url":"https:\/\/portaltela.pt\/noticias\/2026\/03\/27\/irao-recruta-criancas-de-12-anos-para-patrulhar-ruas-do-pais\/","og_site_name":"Portal Tela Portugal","article_published_time":"2026-03-27T11:35:00+00:00","author":"Telinha","twitter_card":"summary_large_image","twitter_misc":{"Escrito por":"Telinha","Tempo estimado de leitura":"1 minuto"},"schema":{"@context":"https:\/\/schema.org","@graph":[{"@type":"Article","@id":"https:\/\/portaltela.pt\/noticias\/2026\/03\/27\/irao-recruta-criancas-de-12-anos-para-patrulhar-ruas-do-pais\/#article","isPartOf":{"@id":"https:\/\/portaltela.pt\/noticias\/2026\/03\/27\/irao-recruta-criancas-de-12-anos-para-patrulhar-ruas-do-pais\/"},"author":{"name":"Telinha","@id":"https:\/\/portaltela.pt\/#\/schema\/person\/c4278d4a6028830caff9ee44b42d32ed"},"headline":"Ir\u00e3o recruta crian\u00e7as de 12 anos para patrulhar ruas do pa\u00eds","datePublished":"2026-03-27T11:35:00+00:00","mainEntityOfPage":{"@id":"https:\/\/portaltela.pt\/noticias\/2026\/03\/27\/irao-recruta-criancas-de-12-anos-para-patrulhar-ruas-do-pais\/"},"wordCount":234,"image":{"@id":"https:\/\/portaltela.pt\/noticias\/2026\/03\/27\/irao-recruta-criancas-de-12-anos-para-patrulhar-ruas-do-pais\/#primaryimage"},"thumbnailUrl":"https:\/\/portaltela.pt\/s.01k8rhncp4jt1\/2026\/03\/image-1592.jpg","keywords":["conflitos internacionais","inf\u00e2ncia","Ir\u00e3","menores","mil\u00edcias","seguran\u00e7a"],"articleSection":["Geopol\u00edtica","Not\u00edcias"],"inLanguage":"pt-PT"},{"@type":"WebPage","@id":"https:\/\/portaltela.pt\/noticias\/2026\/03\/27\/irao-recruta-criancas-de-12-anos-para-patrulhar-ruas-do-pais\/","url":"https:\/\/portaltela.pt\/noticias\/2026\/03\/27\/irao-recruta-criancas-de-12-anos-para-patrulhar-ruas-do-pais\/","name":"Ir\u00e3o recruta crian\u00e7as de 12 anos para patrulhar ruas do pa\u00eds - Portal Tela Portugal","isPartOf":{"@id":"https:\/\/portaltela.pt\/#website"},"primaryImageOfPage":{"@id":"https:\/\/portaltela.pt\/noticias\/2026\/03\/27\/irao-recruta-criancas-de-12-anos-para-patrulhar-ruas-do-pais\/#primaryimage"},"image":{"@id":"https:\/\/portaltela.pt\/noticias\/2026\/03\/27\/irao-recruta-criancas-de-12-anos-para-patrulhar-ruas-do-pais\/#primaryimage"},"thumbnailUrl":"https:\/\/portaltela.pt\/s.01k8rhncp4jt1\/2026\/03\/image-1592.jpg","datePublished":"2026-03-27T11:35:00+00:00","author":{"@id":"https:\/\/portaltela.pt\/#\/schema\/person\/c4278d4a6028830caff9ee44b42d32ed"},"breadcrumb":{"@id":"https:\/\/portaltela.pt\/noticias\/2026\/03\/27\/irao-recruta-criancas-de-12-anos-para-patrulhar-ruas-do-pais\/#breadcrumb"},"inLanguage":"pt-PT","potentialAction":[{"@type":"ReadAction","target":["https:\/\/portaltela.pt\/noticias\/2026\/03\/27\/irao-recruta-criancas-de-12-anos-para-patrulhar-ruas-do-pais\/"]}]},{"@type":"ImageObject","inLanguage":"pt-PT","@id":"https:\/\/portaltela.pt\/noticias\/2026\/03\/27\/irao-recruta-criancas-de-12-anos-para-patrulhar-ruas-do-pais\/#primaryimage","url":"https:\/\/portaltela.pt\/s.01k8rhncp4jt1\/2026\/03\/image-1592.jpg","contentUrl":"https:\/\/portaltela.pt\/s.01k8rhncp4jt1\/2026\/03\/image-1592.jpg","width":796,"height":448,"caption":"Foto: Ilia Yefimovich\/AFP"},{"@type":"BreadcrumbList","@id":"https:\/\/portaltela.pt\/noticias\/2026\/03\/27\/irao-recruta-criancas-de-12-anos-para-patrulhar-ruas-do-pais\/#breadcrumb","itemListElement":[{"@type":"ListItem","position":1,"name":"In\u00edcio","item":"https:\/\/portaltela.pt\/"},{"@type":"ListItem","position":2,"name":"Ir\u00e3o recruta crian\u00e7as de 12 anos para patrulhar ruas do pa\u00eds"}]},{"@type":"WebSite","@id":"https:\/\/portaltela.pt\/#website","url":"https:\/\/portaltela.pt\/","name":"Portal Tela Portugal","description":"","potentialAction":[{"@type":"SearchAction","target":{"@type":"EntryPoint","urlTemplate":"https:\/\/portaltela.pt\/?s={search_term_string}"},"query-input":{"@type":"PropertyValueSpecification","valueRequired":true,"valueName":"search_term_string"}}],"inLanguage":"pt-PT"},{"@type":"Person","@id":"https:\/\/portaltela.pt\/#\/schema\/person\/c4278d4a6028830caff9ee44b42d32ed","name":"Telinha","image":{"@type":"ImageObject","inLanguage":"pt-PT","@id":"https:\/\/portaltela.pt\/s.01k8rhncp4jt1\/2025\/11\/talking-bot-125x125.png","url":"https:\/\/portaltela.pt\/s.01k8rhncp4jt1\/2025\/11\/talking-bot-125x125.png","contentUrl":"https:\/\/portaltela.pt\/s.01k8rhncp4jt1\/2025\/11\/talking-bot-125x125.png","caption":"Telinha"},"sameAs":["https:\/\/portaltela.pt\/"],"url":"https:\/\/portaltela.pt\/por\/367410592786\/"}]}},"_links":{"self":[{"href":"https:\/\/portaltela.pt\/api\/wp\/v2\/posts\/423531","targetHints":{"allow":["GET"]}}],"collection":[{"href":"https:\/\/portaltela.pt\/api\/wp\/v2\/posts"}],"about":[{"href":"https:\/\/portaltela.pt\/api\/wp\/v2\/types\/post"}],"author":[{"embeddable":true,"href":"https:\/\/portaltela.pt\/api\/wp\/v2\/users\/2"}],"replies":[{"embeddable":true,"href":"https:\/\/portaltela.pt\/api\/wp\/v2\/comments?post=423531"}],"version-history":[{"count":0,"href":"https:\/\/portaltela.pt\/api\/wp\/v2\/posts\/423531\/revisions"}],"wp:featuredmedia":[{"embeddable":true,"href":"https:\/\/portaltela.pt\/api\/wp\/v2\/media\/423537"}],"wp:attachment":[{"href":"https:\/\/portaltela.pt\/api\/wp\/v2\/media?parent=423531"}],"wp:term":[{"taxonomy":"category","embeddable":true,"href":"https:\/\/portaltela.pt\/api\/wp\/v2\/categories?post=423531"},{"taxonomy":"post_tag","embeddable":true,"href":"https:\/\/portaltela.pt\/api\/wp\/v2\/tags?post=423531"}],"curies":[{"name":"wp","href":"https:\/\/api.w.org\/{rel}","templated":true}]}}