{"id":423528,"date":"2026-03-27T07:10:00","date_gmt":"2026-03-27T10:10:00","guid":{"rendered":"https:\/\/portaltela.pt\/noticias\/2026\/03\/27\/circulacao-ferroviaria-retomada-entre-marco-regua-na-linha-do-douro\/"},"modified":"2026-03-27T07:10:00","modified_gmt":"2026-03-27T10:10:00","slug":"circulacao-ferroviaria-retomada-entre-marco-regua-na-linha-do-douro","status":"publish","type":"post","link":"https:\/\/portaltela.pt\/noticias\/economia\/2026\/03\/27\/circulacao-ferroviaria-retomada-entre-marco-regua-na-linha-do-douro\/","title":{"rendered":"Circula\u00e7\u00e3o ferrovi\u00e1ria retomada entre Marco-R\u00e9gua na Linha do Douro"},"content":{"rendered":"<p>A circula\u00e7\u00e3o ferrovi\u00e1ria na Linha do Douro, entre Marco de Canaveses e Peso da R\u00e9gua, vai ser retomada na quinta-feira ap\u00f3s cinco meses de suspens\u00e3o. A suspens\u00e3o ocorreu para a realiza\u00e7\u00e3o de obras de moderniza\u00e7\u00e3o e eletrifica\u00e7\u00e3o do tro\u00e7o.<\/p>\n<p>Segundo a operadora, os trabalhos visaram melhorar a infraestrutura da linha e preparar o retorno do servi\u00e7o ferrovi\u00e1rio. N\u00e3o foram detalhados prazos adicionais ou impactos na circula\u00e7\u00e3o al\u00e9m da retoma\u00e7\u00e3o.<\/p>\n<p>A decis\u00e3o de reabrir o tro\u00e7o chega num momento de recupera\u00e7\u00e3o da oferta de transporte no Douro, ap\u00f3s a fase de obras. A circula\u00e7\u00e3o vai acompanhar os hor\u00e1rios standard, sem altera\u00e7\u00f5es anunciadas.<\/p>\n<p>As autoridades n\u00e3o avan\u00e7aram com mais informa\u00e7\u00f5es sobre eventuais altera\u00e7\u00f5es de itiner\u00e1rios ou trechos afetados por futuras interven\u00e7\u00f5es. A empresa respons\u00e1vel mant\u00e9m o foco na conclus\u00e3o das melhorias no corredor.<\/p>\n","protected":false},"excerpt":{"rendered":"<ul>\n<li>A circula\u00e7\u00e3o ferrovi\u00e1ria na Linha do Douro entre Marco de Canaveses e Peso da R\u00e9gua vai ser retomada na quinta-feira.<\/li>\n<li>A suspens\u00e3o durou cinco meses, devido a obras de moderniza\u00e7\u00e3o e eletrifica\u00e7\u00e3o do tro\u00e7o.<\/li>\n<li>O objetivo \u00e9 melhorar a infraestrutura e a eletrifica\u00e7\u00e3o da extens\u00e3o entre os two pontos.<\/li>\n<li>A recupera\u00e7\u00e3o da circula\u00e7\u00e3o acontece no \u00e2mbito de a\u00e7\u00f5es para melhorar servi\u00e7os e capacidade da linha.<\/li>\n<\/ul>\n","protected":false},"author":2,"featured_media":423529,"comment_status":"closed","ping_status":"closed","sticky":false,"template":"","format":"standard","meta":{"footnotes":""},"categories":[2,1],"tags":[1194,1371,5691,1391,363],"class_list":["post-423528","post","type-post","status-publish","format-standard","has-post-thumbnail","hentry","category-economia","category-noticias","tag-douro","tag-marco-de-canaveses","tag-obras","tag-regua","tag-transportes"],"yoast_head":"<!-- This site is optimized with the Yoast SEO plugin v27.2 - https:\/\/yoast.com\/product\/yoast-seo-wordpress\/ -->\n<title>Circula\u00e7\u00e3o ferrovi\u00e1ria retomada entre Marco-R\u00e9gua na Linha do Douro - Portal Tela Portugal<\/title>\n<meta name=\"robots\" content=\"index, follow, max-snippet:-1, max-image-preview:large, max-video-preview:-1\" \/>\n<meta property=\"og:locale\" content=\"pt_PT\" \/>\n<meta property=\"og:type\" content=\"article\" \/>\n<meta property=\"og:title\" content=\"Circula\u00e7\u00e3o ferrovi\u00e1ria retomada entre Marco-R\u00e9gua na Linha do Douro - Portal Tela Portugal\" \/>\n<meta property=\"og:description\" content=\"A circula\u00e7\u00e3o ferrovi\u00e1ria na Linha do Douro entre Marco de Canaveses e Peso da R\u00e9gua vai ser retomada na quinta-feira. A suspens\u00e3o durou cinco meses, devido a obras de moderniza\u00e7\u00e3o e eletrifica\u00e7\u00e3o do tro\u00e7o. O objetivo \u00e9 melhorar a infraestrutura e a eletrifica\u00e7\u00e3o da extens\u00e3o entre os two pontos. A recupera\u00e7\u00e3o da circula\u00e7\u00e3o acontece no \u00e2mbito de a\u00e7\u00f5es para melhorar servi\u00e7os e capacidade da linha.\" \/>\n<meta property=\"og:url\" content=\"https:\/\/portaltela.pt\/noticias\/2026\/03\/27\/circulacao-ferroviaria-retomada-entre-marco-regua-na-linha-do-douro\/\" \/>\n<meta property=\"og:site_name\" content=\"Portal Tela Portugal\" \/>\n<meta property=\"article:published_time\" content=\"2026-03-27T10:10:00+00:00\" \/>\n<meta name=\"author\" content=\"Telinha\" \/>\n<meta name=\"twitter:card\" content=\"summary_large_image\" \/>\n<meta name=\"twitter:label1\" content=\"Escrito por\" \/>\n\t<meta name=\"twitter:data1\" content=\"Telinha\" \/>\n\t<meta name=\"twitter:label2\" content=\"Tempo estimado de leitura\" \/>\n\t<meta name=\"twitter:data2\" content=\"1 minuto\" \/>\n<script type=\"application\/ld+json\" class=\"yoast-schema-graph\">{\"@context\":\"https:\/\/schema.org\",\"@graph\":[{\"@type\":\"Article\",\"@id\":\"https:\/\/portaltela.pt\/noticias\/2026\/03\/27\/circulacao-ferroviaria-retomada-entre-marco-regua-na-linha-do-douro\/#article\",\"isPartOf\":{\"@id\":\"https:\/\/portaltela.pt\/noticias\/2026\/03\/27\/circulacao-ferroviaria-retomada-entre-marco-regua-na-linha-do-douro\/\"},\"author\":{\"name\":\"Telinha\",\"@id\":\"https:\/\/portaltela.pt\/#\/schema\/person\/c4278d4a6028830caff9ee44b42d32ed\"},\"headline\":\"Circula\u00e7\u00e3o ferrovi\u00e1ria retomada entre Marco-R\u00e9gua na Linha do Douro\",\"datePublished\":\"2026-03-27T10:10:00+00:00\",\"mainEntityOfPage\":{\"@id\":\"https:\/\/portaltela.pt\/noticias\/2026\/03\/27\/circulacao-ferroviaria-retomada-entre-marco-regua-na-linha-do-douro\/\"},\"wordCount\":175,\"image\":{\"@id\":\"https:\/\/portaltela.pt\/noticias\/2026\/03\/27\/circulacao-ferroviaria-retomada-entre-marco-regua-na-linha-do-douro\/#primaryimage\"},\"thumbnailUrl\":\"https:\/\/portaltela.pt\/s.01k8rhncp4jt1\/2026\/03\/CACHE_780X1200_ANALOG_WATERMARKED_25649935_10543533_26022019085929.jpg\",\"keywords\":[\"Douro\",\"Marco de Canaveses\",\"obras\",\"R\u00e9gua\",\"transportes\"],\"articleSection\":[\"Economia\",\"Not\u00edcias\"],\"inLanguage\":\"pt-PT\"},{\"@type\":\"WebPage\",\"@id\":\"https:\/\/portaltela.pt\/noticias\/2026\/03\/27\/circulacao-ferroviaria-retomada-entre-marco-regua-na-linha-do-douro\/\",\"url\":\"https:\/\/portaltela.pt\/noticias\/2026\/03\/27\/circulacao-ferroviaria-retomada-entre-marco-regua-na-linha-do-douro\/\",\"name\":\"Circula\u00e7\u00e3o ferrovi\u00e1ria retomada entre Marco-R\u00e9gua na Linha do Douro - Portal Tela Portugal\",\"isPartOf\":{\"@id\":\"https:\/\/portaltela.pt\/#website\"},\"primaryImageOfPage\":{\"@id\":\"https:\/\/portaltela.pt\/noticias\/2026\/03\/27\/circulacao-ferroviaria-retomada-entre-marco-regua-na-linha-do-douro\/#primaryimage\"},\"image\":{\"@id\":\"https:\/\/portaltela.pt\/noticias\/2026\/03\/27\/circulacao-ferroviaria-retomada-entre-marco-regua-na-linha-do-douro\/#primaryimage\"},\"thumbnailUrl\":\"https:\/\/portaltela.pt\/s.01k8rhncp4jt1\/2026\/03\/CACHE_780X1200_ANALOG_WATERMARKED_25649935_10543533_26022019085929.jpg\",\"datePublished\":\"2026-03-27T10:10:00+00:00\",\"author\":{\"@id\":\"https:\/\/portaltela.pt\/#\/schema\/person\/c4278d4a6028830caff9ee44b42d32ed\"},\"breadcrumb\":{\"@id\":\"https:\/\/portaltela.pt\/noticias\/2026\/03\/27\/circulacao-ferroviaria-retomada-entre-marco-regua-na-linha-do-douro\/#breadcrumb\"},\"inLanguage\":\"pt-PT\",\"potentialAction\":[{\"@type\":\"ReadAction\",\"target\":[\"https:\/\/portaltela.pt\/noticias\/2026\/03\/27\/circulacao-ferroviaria-retomada-entre-marco-regua-na-linha-do-douro\/\"]}]},{\"@type\":\"ImageObject\",\"inLanguage\":\"pt-PT\",\"@id\":\"https:\/\/portaltela.pt\/noticias\/2026\/03\/27\/circulacao-ferroviaria-retomada-entre-marco-regua-na-linha-do-douro\/#primaryimage\",\"url\":\"https:\/\/portaltela.pt\/s.01k8rhncp4jt1\/2026\/03\/CACHE_780X1200_ANALOG_WATERMARKED_25649935_10543533_26022019085929.jpg\",\"contentUrl\":\"https:\/\/portaltela.pt\/s.01k8rhncp4jt1\/2026\/03\/CACHE_780X1200_ANALOG_WATERMARKED_25649935_10543533_26022019085929.jpg\",\"width\":796,\"height\":448,\"caption\":\"Circula\u00e7\u00e3o ferrovi\u00e1ria retomada na quinta-feira entre Marco-R\u00e9gua na Linha do Douro\"},{\"@type\":\"BreadcrumbList\",\"@id\":\"https:\/\/portaltela.pt\/noticias\/2026\/03\/27\/circulacao-ferroviaria-retomada-entre-marco-regua-na-linha-do-douro\/#breadcrumb\",\"itemListElement\":[{\"@type\":\"ListItem\",\"position\":1,\"name\":\"In\u00edcio\",\"item\":\"https:\/\/portaltela.pt\/\"},{\"@type\":\"ListItem\",\"position\":2,\"name\":\"Circula\u00e7\u00e3o ferrovi\u00e1ria retomada entre Marco-R\u00e9gua na Linha do Douro\"}]},{\"@type\":\"WebSite\",\"@id\":\"https:\/\/portaltela.pt\/#website\",\"url\":\"https:\/\/portaltela.pt\/\",\"name\":\"Portal Tela Portugal\",\"description\":\"\",\"potentialAction\":[{\"@type\":\"SearchAction\",\"target\":{\"@type\":\"EntryPoint\",\"urlTemplate\":\"https:\/\/portaltela.pt\/?s={search_term_string}\"},\"query-input\":{\"@type\":\"PropertyValueSpecification\",\"valueRequired\":true,\"valueName\":\"search_term_string\"}}],\"inLanguage\":\"pt-PT\"},{\"@type\":\"Person\",\"@id\":\"https:\/\/portaltela.pt\/#\/schema\/person\/c4278d4a6028830caff9ee44b42d32ed\",\"name\":\"Telinha\",\"image\":{\"@type\":\"ImageObject\",\"inLanguage\":\"pt-PT\",\"@id\":\"https:\/\/portaltela.pt\/s.01k8rhncp4jt1\/2025\/11\/talking-bot-125x125.png\",\"url\":\"https:\/\/portaltela.pt\/s.01k8rhncp4jt1\/2025\/11\/talking-bot-125x125.png\",\"contentUrl\":\"https:\/\/portaltela.pt\/s.01k8rhncp4jt1\/2025\/11\/talking-bot-125x125.png\",\"caption\":\"Telinha\"},\"sameAs\":[\"https:\/\/portaltela.pt\/\"],\"url\":\"https:\/\/portaltela.pt\/por\/367410592786\/\"}]}<\/script>\n<!-- \/ Yoast SEO plugin. -->","yoast_head_json":{"title":"Circula\u00e7\u00e3o ferrovi\u00e1ria retomada entre Marco-R\u00e9gua na Linha do Douro - Portal Tela Portugal","robots":{"index":"index","follow":"follow","max-snippet":"max-snippet:-1","max-image-preview":"max-image-preview:large","max-video-preview":"max-video-preview:-1"},"og_locale":"pt_PT","og_type":"article","og_title":"Circula\u00e7\u00e3o ferrovi\u00e1ria retomada entre Marco-R\u00e9gua na Linha do Douro - Portal Tela Portugal","og_description":"A circula\u00e7\u00e3o ferrovi\u00e1ria na Linha do Douro entre Marco de Canaveses e Peso da R\u00e9gua vai ser retomada na quinta-feira. A suspens\u00e3o durou cinco meses, devido a obras de moderniza\u00e7\u00e3o e eletrifica\u00e7\u00e3o do tro\u00e7o. O objetivo \u00e9 melhorar a infraestrutura e a eletrifica\u00e7\u00e3o da extens\u00e3o entre os two pontos. A recupera\u00e7\u00e3o da circula\u00e7\u00e3o acontece no \u00e2mbito de a\u00e7\u00f5es para melhorar servi\u00e7os e capacidade da linha.","og_url":"https:\/\/portaltela.pt\/noticias\/2026\/03\/27\/circulacao-ferroviaria-retomada-entre-marco-regua-na-linha-do-douro\/","og_site_name":"Portal Tela Portugal","article_published_time":"2026-03-27T10:10:00+00:00","author":"Telinha","twitter_card":"summary_large_image","twitter_misc":{"Escrito por":"Telinha","Tempo estimado de leitura":"1 minuto"},"schema":{"@context":"https:\/\/schema.org","@graph":[{"@type":"Article","@id":"https:\/\/portaltela.pt\/noticias\/2026\/03\/27\/circulacao-ferroviaria-retomada-entre-marco-regua-na-linha-do-douro\/#article","isPartOf":{"@id":"https:\/\/portaltela.pt\/noticias\/2026\/03\/27\/circulacao-ferroviaria-retomada-entre-marco-regua-na-linha-do-douro\/"},"author":{"name":"Telinha","@id":"https:\/\/portaltela.pt\/#\/schema\/person\/c4278d4a6028830caff9ee44b42d32ed"},"headline":"Circula\u00e7\u00e3o ferrovi\u00e1ria retomada entre Marco-R\u00e9gua na Linha do Douro","datePublished":"2026-03-27T10:10:00+00:00","mainEntityOfPage":{"@id":"https:\/\/portaltela.pt\/noticias\/2026\/03\/27\/circulacao-ferroviaria-retomada-entre-marco-regua-na-linha-do-douro\/"},"wordCount":175,"image":{"@id":"https:\/\/portaltela.pt\/noticias\/2026\/03\/27\/circulacao-ferroviaria-retomada-entre-marco-regua-na-linha-do-douro\/#primaryimage"},"thumbnailUrl":"https:\/\/portaltela.pt\/s.01k8rhncp4jt1\/2026\/03\/CACHE_780X1200_ANALOG_WATERMARKED_25649935_10543533_26022019085929.jpg","keywords":["Douro","Marco de Canaveses","obras","R\u00e9gua","transportes"],"articleSection":["Economia","Not\u00edcias"],"inLanguage":"pt-PT"},{"@type":"WebPage","@id":"https:\/\/portaltela.pt\/noticias\/2026\/03\/27\/circulacao-ferroviaria-retomada-entre-marco-regua-na-linha-do-douro\/","url":"https:\/\/portaltela.pt\/noticias\/2026\/03\/27\/circulacao-ferroviaria-retomada-entre-marco-regua-na-linha-do-douro\/","name":"Circula\u00e7\u00e3o ferrovi\u00e1ria retomada entre Marco-R\u00e9gua na Linha do Douro - Portal Tela Portugal","isPartOf":{"@id":"https:\/\/portaltela.pt\/#website"},"primaryImageOfPage":{"@id":"https:\/\/portaltela.pt\/noticias\/2026\/03\/27\/circulacao-ferroviaria-retomada-entre-marco-regua-na-linha-do-douro\/#primaryimage"},"image":{"@id":"https:\/\/portaltela.pt\/noticias\/2026\/03\/27\/circulacao-ferroviaria-retomada-entre-marco-regua-na-linha-do-douro\/#primaryimage"},"thumbnailUrl":"https:\/\/portaltela.pt\/s.01k8rhncp4jt1\/2026\/03\/CACHE_780X1200_ANALOG_WATERMARKED_25649935_10543533_26022019085929.jpg","datePublished":"2026-03-27T10:10:00+00:00","author":{"@id":"https:\/\/portaltela.pt\/#\/schema\/person\/c4278d4a6028830caff9ee44b42d32ed"},"breadcrumb":{"@id":"https:\/\/portaltela.pt\/noticias\/2026\/03\/27\/circulacao-ferroviaria-retomada-entre-marco-regua-na-linha-do-douro\/#breadcrumb"},"inLanguage":"pt-PT","potentialAction":[{"@type":"ReadAction","target":["https:\/\/portaltela.pt\/noticias\/2026\/03\/27\/circulacao-ferroviaria-retomada-entre-marco-regua-na-linha-do-douro\/"]}]},{"@type":"ImageObject","inLanguage":"pt-PT","@id":"https:\/\/portaltela.pt\/noticias\/2026\/03\/27\/circulacao-ferroviaria-retomada-entre-marco-regua-na-linha-do-douro\/#primaryimage","url":"https:\/\/portaltela.pt\/s.01k8rhncp4jt1\/2026\/03\/CACHE_780X1200_ANALOG_WATERMARKED_25649935_10543533_26022019085929.jpg","contentUrl":"https:\/\/portaltela.pt\/s.01k8rhncp4jt1\/2026\/03\/CACHE_780X1200_ANALOG_WATERMARKED_25649935_10543533_26022019085929.jpg","width":796,"height":448,"caption":"Circula\u00e7\u00e3o ferrovi\u00e1ria retomada na quinta-feira entre Marco-R\u00e9gua na Linha do Douro"},{"@type":"BreadcrumbList","@id":"https:\/\/portaltela.pt\/noticias\/2026\/03\/27\/circulacao-ferroviaria-retomada-entre-marco-regua-na-linha-do-douro\/#breadcrumb","itemListElement":[{"@type":"ListItem","position":1,"name":"In\u00edcio","item":"https:\/\/portaltela.pt\/"},{"@type":"ListItem","position":2,"name":"Circula\u00e7\u00e3o ferrovi\u00e1ria retomada entre Marco-R\u00e9gua na Linha do Douro"}]},{"@type":"WebSite","@id":"https:\/\/portaltela.pt\/#website","url":"https:\/\/portaltela.pt\/","name":"Portal Tela Portugal","description":"","potentialAction":[{"@type":"SearchAction","target":{"@type":"EntryPoint","urlTemplate":"https:\/\/portaltela.pt\/?s={search_term_string}"},"query-input":{"@type":"PropertyValueSpecification","valueRequired":true,"valueName":"search_term_string"}}],"inLanguage":"pt-PT"},{"@type":"Person","@id":"https:\/\/portaltela.pt\/#\/schema\/person\/c4278d4a6028830caff9ee44b42d32ed","name":"Telinha","image":{"@type":"ImageObject","inLanguage":"pt-PT","@id":"https:\/\/portaltela.pt\/s.01k8rhncp4jt1\/2025\/11\/talking-bot-125x125.png","url":"https:\/\/portaltela.pt\/s.01k8rhncp4jt1\/2025\/11\/talking-bot-125x125.png","contentUrl":"https:\/\/portaltela.pt\/s.01k8rhncp4jt1\/2025\/11\/talking-bot-125x125.png","caption":"Telinha"},"sameAs":["https:\/\/portaltela.pt\/"],"url":"https:\/\/portaltela.pt\/por\/367410592786\/"}]}},"_links":{"self":[{"href":"https:\/\/portaltela.pt\/api\/wp\/v2\/posts\/423528","targetHints":{"allow":["GET"]}}],"collection":[{"href":"https:\/\/portaltela.pt\/api\/wp\/v2\/posts"}],"about":[{"href":"https:\/\/portaltela.pt\/api\/wp\/v2\/types\/post"}],"author":[{"embeddable":true,"href":"https:\/\/portaltela.pt\/api\/wp\/v2\/users\/2"}],"replies":[{"embeddable":true,"href":"https:\/\/portaltela.pt\/api\/wp\/v2\/comments?post=423528"}],"version-history":[{"count":0,"href":"https:\/\/portaltela.pt\/api\/wp\/v2\/posts\/423528\/revisions"}],"wp:featuredmedia":[{"embeddable":true,"href":"https:\/\/portaltela.pt\/api\/wp\/v2\/media\/423529"}],"wp:attachment":[{"href":"https:\/\/portaltela.pt\/api\/wp\/v2\/media?parent=423528"}],"wp:term":[{"taxonomy":"category","embeddable":true,"href":"https:\/\/portaltela.pt\/api\/wp\/v2\/categories?post=423528"},{"taxonomy":"post_tag","embeddable":true,"href":"https:\/\/portaltela.pt\/api\/wp\/v2\/tags?post=423528"}],"curies":[{"name":"wp","href":"https:\/\/api.w.org\/{rel}","templated":true}]}}