{"id":423519,"date":"2026-03-27T08:01:00","date_gmt":"2026-03-27T11:01:00","guid":{"rendered":"https:\/\/portaltela.pt\/noticias\/2026\/03\/27\/projeto-de-lei-da-il-para-alterar-lei-de-bases-do-clima-chumbado\/"},"modified":"2026-03-27T08:01:00","modified_gmt":"2026-03-27T11:01:00","slug":"projeto-de-lei-da-il-para-alterar-lei-de-bases-do-clima-chumbado","status":"publish","type":"post","link":"https:\/\/portaltela.pt\/noticias\/politica\/2026\/03\/27\/projeto-de-lei-da-il-para-alterar-lei-de-bases-do-clima-chumbado\/","title":{"rendered":"Projeto de lei da IL para alterar Lei de Bases do Clima chumbado"},"content":{"rendered":"<p>Na Assembleia da Rep\u00fablica, o projecto de lei da Iniciativa Liberal (IL) para alterar a Lei de Bases do Clima (LBC) foi chumbado na generalidade. A vota\u00e7\u00e3o ficou claramente favor\u00e1vel apenas aos proponentes, IL e Chega, com votos contra de PSD, PS, Livre, PCP, Bloco de Esquerda, PAN e JPP. CDS-PP absteve-se.<\/p>\n<p>O texto da IL visava retirar da LBC a refer\u00eancia \u00e0 emerg\u00eancia clim\u00e1tica, eliminar direitos ambientais e permitir novas prospec\u00e7\u00f5es de petr\u00f3leo e g\u00e1s, entre outras medidas previstas como graves por ambientalistas. O projecto tinha entrado na comiss\u00e3o sem vota\u00e7\u00e3o em janeiro, ap\u00f3s vota\u00e7\u00e3o favor\u00e1vel em plen\u00e1rio de um requerimento.<\/p>\n<h3>Resultados da vota\u00e7\u00e3o e reac\u00e7\u00f5es<\/h3>\n<p>A generalidade do projecto foi rejeitada pela maioria dos partidos, que apontaram fragilidades t\u00e9cnicas e impactos ambientais. O PSD defendeu que a LBC deve orientar pol\u00edticas p\u00fablicas, sem abrir caminho a retrocessos. O PS acrescentou que a lei n\u00e3o pode ser enfraquecida.<\/p>\n<p>Entre as cr\u00edticas, destacaram-se acusa\u00e7\u00f5es de que a IL procuraria abrir a porta \u00e0 minera\u00e7\u00e3o em mar profundo e \u00e0 energia nuclear, bem como de negar evid\u00eancias cient\u00edficas sobre altera\u00e7\u00f5es clim\u00e1ticas. A IL argumentou que a lei precisa de maior autonomia energ\u00e9tica e resili\u00eancia.<\/p>\n<p>Outros deputados reagiram com ceticismo quanto \u00e0 ideia de flexibilizar a LBC. O Livre classificou a proposta como ideol\u00f3gica, questionando contradi\u00e7\u00f5es entre a explora\u00e7\u00e3o prevista e a morat\u00f3ria existente at\u00e9 2050. O PAN e o CDS-PP tamb\u00e9m manifestaram reservas.<\/p>\n<p>O debate ocorreu no contexto de contesta\u00e7\u00e3o \u00e0 proposta, com o argumento de que a emerg\u00eancia clim\u00e1tica n\u00e3o deve ser tratada como mera quest\u00e3o ideol\u00f3gica. Pelas regras da sess\u00e3o, nenhuma conclus\u00e3o ficou definida para al\u00e9m da rejei\u00e7\u00e3o do projecto.<\/p>\n","protected":false},"excerpt":{"rendered":"<ul>\n<li>O projecto de lei da Iniciativa Liberal para alterar a Lei de Bases do Clima foi chumbado na Assembleia da Rep\u00fablica, com votos favor\u00e1veis apenas da IL e do Chega.<\/li>\n<li>Na vota\u00e7\u00e3o na generalidade, votaram contra PSD, PS, Livre, PCP, Bloco de Esquerda, PAN e JPP; CDS-PP absteve-se.<\/li>\n<li>A proposta pretendia retirar da lei a refer\u00eancia \u00e0 emerg\u00eancia clim\u00e1tica, eliminar direitos ambientais e permitir novas prospec\u00e7\u00f5es e explora\u00e7\u00f5es de petr\u00f3leo e g\u00e1s em Portugal.<\/li>\n<li>O debate ficou marcado pela pol\u00e9mica associada \u00e0 depress\u00e3o Kristin, com cr\u00edticas de advers\u00e1rios \u00e0 proposta da IL.<\/li>\n<li>Em paralelo, foram tamb\u00e9m chumbadas tr\u00eas propostas sobre a Lei de Enquadramento Or\u00e7amental, no mesmo plen\u00e1rio.<\/li>\n<\/ul>\n","protected":false},"author":2,"featured_media":423520,"comment_status":"closed","ping_status":"closed","sticky":false,"template":"","format":"standard","meta":{"footnotes":""},"categories":[7380,5],"tags":[2665,5224,1482,5539,45,2832],"class_list":["post-423519","post","type-post","status-publish","format-standard","has-post-thumbnail","hentry","category-clima","category-politica","tag-alteracoes-climaticas","tag-clima","tag-iniciativa-liberal","tag-lei","tag-meio-ambiente","tag-politica"],"yoast_head":"<!-- This site is optimized with the Yoast SEO plugin v27.2 - https:\/\/yoast.com\/product\/yoast-seo-wordpress\/ -->\n<title>Projeto de lei da IL para alterar Lei de Bases do Clima chumbado - Portal Tela Portugal<\/title>\n<meta name=\"robots\" content=\"index, follow, max-snippet:-1, max-image-preview:large, max-video-preview:-1\" \/>\n<meta property=\"og:locale\" content=\"pt_PT\" \/>\n<meta property=\"og:type\" content=\"article\" \/>\n<meta property=\"og:title\" content=\"Projeto de lei da IL para alterar Lei de Bases do Clima chumbado - Portal Tela Portugal\" \/>\n<meta property=\"og:description\" content=\"O projecto de lei da Iniciativa Liberal para alterar a Lei de Bases do Clima foi chumbado na Assembleia da Rep\u00fablica, com votos favor\u00e1veis apenas da IL e do Chega. Na vota\u00e7\u00e3o na generalidade, votaram contra PSD, PS, Livre, PCP, Bloco de Esquerda, PAN e JPP; CDS-PP absteve-se. A proposta pretendia retirar da lei a refer\u00eancia \u00e0 emerg\u00eancia clim\u00e1tica, eliminar direitos ambientais e permitir novas prospec\u00e7\u00f5es e explora\u00e7\u00f5es de petr\u00f3leo e g\u00e1s em Portugal. O debate ficou marcado pela pol\u00e9mica associada \u00e0 depress\u00e3o Kristin, com cr\u00edticas de advers\u00e1rios \u00e0 proposta da IL. Em paralelo, foram tamb\u00e9m chumbadas tr\u00eas propostas sobre a Lei de Enquadramento Or\u00e7amental, no mesmo plen\u00e1rio.\" \/>\n<meta property=\"og:url\" content=\"https:\/\/portaltela.pt\/noticias\/2026\/03\/27\/projeto-de-lei-da-il-para-alterar-lei-de-bases-do-clima-chumbado\/\" \/>\n<meta property=\"og:site_name\" content=\"Portal Tela Portugal\" \/>\n<meta property=\"article:published_time\" content=\"2026-03-27T11:01:00+00:00\" \/>\n<meta name=\"author\" content=\"Telinha\" \/>\n<meta name=\"twitter:card\" content=\"summary_large_image\" \/>\n<meta name=\"twitter:label1\" content=\"Escrito por\" \/>\n\t<meta name=\"twitter:data1\" content=\"Telinha\" \/>\n\t<meta name=\"twitter:label2\" content=\"Tempo estimado de leitura\" \/>\n\t<meta name=\"twitter:data2\" content=\"2 minutos\" \/>\n<script type=\"application\/ld+json\" class=\"yoast-schema-graph\">{\"@context\":\"https:\/\/schema.org\",\"@graph\":[{\"@type\":\"Article\",\"@id\":\"https:\/\/portaltela.pt\/noticias\/2026\/03\/27\/projeto-de-lei-da-il-para-alterar-lei-de-bases-do-clima-chumbado\/#article\",\"isPartOf\":{\"@id\":\"https:\/\/portaltela.pt\/noticias\/2026\/03\/27\/projeto-de-lei-da-il-para-alterar-lei-de-bases-do-clima-chumbado\/\"},\"author\":{\"name\":\"Telinha\",\"@id\":\"https:\/\/portaltela.pt\/#\/schema\/person\/c4278d4a6028830caff9ee44b42d32ed\"},\"headline\":\"Projeto de lei da IL para alterar Lei de Bases do Clima chumbado\",\"datePublished\":\"2026-03-27T11:01:00+00:00\",\"mainEntityOfPage\":{\"@id\":\"https:\/\/portaltela.pt\/noticias\/2026\/03\/27\/projeto-de-lei-da-il-para-alterar-lei-de-bases-do-clima-chumbado\/\"},\"wordCount\":323,\"image\":{\"@id\":\"https:\/\/portaltela.pt\/noticias\/2026\/03\/27\/projeto-de-lei-da-il-para-alterar-lei-de-bases-do-clima-chumbado\/#primaryimage\"},\"thumbnailUrl\":\"https:\/\/portaltela.pt\/s.01k8rhncp4jt1\/2026\/03\/2077301.jpg\",\"keywords\":[\"Altera\u00e7\u00f5es Clim\u00e1ticas\",\"clima\",\"Iniciativa Liberal\",\"lei\",\"meio-ambiente\",\"pol\u00edtica\"],\"articleSection\":[\"Clima\",\"Pol\u00edtica\"],\"inLanguage\":\"pt-PT\"},{\"@type\":\"WebPage\",\"@id\":\"https:\/\/portaltela.pt\/noticias\/2026\/03\/27\/projeto-de-lei-da-il-para-alterar-lei-de-bases-do-clima-chumbado\/\",\"url\":\"https:\/\/portaltela.pt\/noticias\/2026\/03\/27\/projeto-de-lei-da-il-para-alterar-lei-de-bases-do-clima-chumbado\/\",\"name\":\"Projeto de lei da IL para alterar Lei de Bases do Clima chumbado - Portal Tela Portugal\",\"isPartOf\":{\"@id\":\"https:\/\/portaltela.pt\/#website\"},\"primaryImageOfPage\":{\"@id\":\"https:\/\/portaltela.pt\/noticias\/2026\/03\/27\/projeto-de-lei-da-il-para-alterar-lei-de-bases-do-clima-chumbado\/#primaryimage\"},\"image\":{\"@id\":\"https:\/\/portaltela.pt\/noticias\/2026\/03\/27\/projeto-de-lei-da-il-para-alterar-lei-de-bases-do-clima-chumbado\/#primaryimage\"},\"thumbnailUrl\":\"https:\/\/portaltela.pt\/s.01k8rhncp4jt1\/2026\/03\/2077301.jpg\",\"datePublished\":\"2026-03-27T11:01:00+00:00\",\"author\":{\"@id\":\"https:\/\/portaltela.pt\/#\/schema\/person\/c4278d4a6028830caff9ee44b42d32ed\"},\"breadcrumb\":{\"@id\":\"https:\/\/portaltela.pt\/noticias\/2026\/03\/27\/projeto-de-lei-da-il-para-alterar-lei-de-bases-do-clima-chumbado\/#breadcrumb\"},\"inLanguage\":\"pt-PT\",\"potentialAction\":[{\"@type\":\"ReadAction\",\"target\":[\"https:\/\/portaltela.pt\/noticias\/2026\/03\/27\/projeto-de-lei-da-il-para-alterar-lei-de-bases-do-clima-chumbado\/\"]}]},{\"@type\":\"ImageObject\",\"inLanguage\":\"pt-PT\",\"@id\":\"https:\/\/portaltela.pt\/noticias\/2026\/03\/27\/projeto-de-lei-da-il-para-alterar-lei-de-bases-do-clima-chumbado\/#primaryimage\",\"url\":\"https:\/\/portaltela.pt\/s.01k8rhncp4jt1\/2026\/03\/2077301.jpg\",\"contentUrl\":\"https:\/\/portaltela.pt\/s.01k8rhncp4jt1\/2026\/03\/2077301.jpg\",\"width\":796,\"height\":448,\"caption\":\"A presidente da Iniciativa Liberal, Mariana Leit\u00e3o\"},{\"@type\":\"BreadcrumbList\",\"@id\":\"https:\/\/portaltela.pt\/noticias\/2026\/03\/27\/projeto-de-lei-da-il-para-alterar-lei-de-bases-do-clima-chumbado\/#breadcrumb\",\"itemListElement\":[{\"@type\":\"ListItem\",\"position\":1,\"name\":\"In\u00edcio\",\"item\":\"https:\/\/portaltela.pt\/\"},{\"@type\":\"ListItem\",\"position\":2,\"name\":\"Projeto de lei da IL para alterar Lei de Bases do Clima chumbado\"}]},{\"@type\":\"WebSite\",\"@id\":\"https:\/\/portaltela.pt\/#website\",\"url\":\"https:\/\/portaltela.pt\/\",\"name\":\"Portal Tela Portugal\",\"description\":\"\",\"potentialAction\":[{\"@type\":\"SearchAction\",\"target\":{\"@type\":\"EntryPoint\",\"urlTemplate\":\"https:\/\/portaltela.pt\/?s={search_term_string}\"},\"query-input\":{\"@type\":\"PropertyValueSpecification\",\"valueRequired\":true,\"valueName\":\"search_term_string\"}}],\"inLanguage\":\"pt-PT\"},{\"@type\":\"Person\",\"@id\":\"https:\/\/portaltela.pt\/#\/schema\/person\/c4278d4a6028830caff9ee44b42d32ed\",\"name\":\"Telinha\",\"image\":{\"@type\":\"ImageObject\",\"inLanguage\":\"pt-PT\",\"@id\":\"https:\/\/portaltela.pt\/s.01k8rhncp4jt1\/2025\/11\/talking-bot-125x125.png\",\"url\":\"https:\/\/portaltela.pt\/s.01k8rhncp4jt1\/2025\/11\/talking-bot-125x125.png\",\"contentUrl\":\"https:\/\/portaltela.pt\/s.01k8rhncp4jt1\/2025\/11\/talking-bot-125x125.png\",\"caption\":\"Telinha\"},\"sameAs\":[\"https:\/\/portaltela.pt\/\"],\"url\":\"https:\/\/portaltela.pt\/por\/367410592786\/\"}]}<\/script>\n<!-- \/ Yoast SEO plugin. -->","yoast_head_json":{"title":"Projeto de lei da IL para alterar Lei de Bases do Clima chumbado - Portal Tela Portugal","robots":{"index":"index","follow":"follow","max-snippet":"max-snippet:-1","max-image-preview":"max-image-preview:large","max-video-preview":"max-video-preview:-1"},"og_locale":"pt_PT","og_type":"article","og_title":"Projeto de lei da IL para alterar Lei de Bases do Clima chumbado - Portal Tela Portugal","og_description":"O projecto de lei da Iniciativa Liberal para alterar a Lei de Bases do Clima foi chumbado na Assembleia da Rep\u00fablica, com votos favor\u00e1veis apenas da IL e do Chega. Na vota\u00e7\u00e3o na generalidade, votaram contra PSD, PS, Livre, PCP, Bloco de Esquerda, PAN e JPP; CDS-PP absteve-se. A proposta pretendia retirar da lei a refer\u00eancia \u00e0 emerg\u00eancia clim\u00e1tica, eliminar direitos ambientais e permitir novas prospec\u00e7\u00f5es e explora\u00e7\u00f5es de petr\u00f3leo e g\u00e1s em Portugal. O debate ficou marcado pela pol\u00e9mica associada \u00e0 depress\u00e3o Kristin, com cr\u00edticas de advers\u00e1rios \u00e0 proposta da IL. Em paralelo, foram tamb\u00e9m chumbadas tr\u00eas propostas sobre a Lei de Enquadramento Or\u00e7amental, no mesmo plen\u00e1rio.","og_url":"https:\/\/portaltela.pt\/noticias\/2026\/03\/27\/projeto-de-lei-da-il-para-alterar-lei-de-bases-do-clima-chumbado\/","og_site_name":"Portal Tela Portugal","article_published_time":"2026-03-27T11:01:00+00:00","author":"Telinha","twitter_card":"summary_large_image","twitter_misc":{"Escrito por":"Telinha","Tempo estimado de leitura":"2 minutos"},"schema":{"@context":"https:\/\/schema.org","@graph":[{"@type":"Article","@id":"https:\/\/portaltela.pt\/noticias\/2026\/03\/27\/projeto-de-lei-da-il-para-alterar-lei-de-bases-do-clima-chumbado\/#article","isPartOf":{"@id":"https:\/\/portaltela.pt\/noticias\/2026\/03\/27\/projeto-de-lei-da-il-para-alterar-lei-de-bases-do-clima-chumbado\/"},"author":{"name":"Telinha","@id":"https:\/\/portaltela.pt\/#\/schema\/person\/c4278d4a6028830caff9ee44b42d32ed"},"headline":"Projeto de lei da IL para alterar Lei de Bases do Clima chumbado","datePublished":"2026-03-27T11:01:00+00:00","mainEntityOfPage":{"@id":"https:\/\/portaltela.pt\/noticias\/2026\/03\/27\/projeto-de-lei-da-il-para-alterar-lei-de-bases-do-clima-chumbado\/"},"wordCount":323,"image":{"@id":"https:\/\/portaltela.pt\/noticias\/2026\/03\/27\/projeto-de-lei-da-il-para-alterar-lei-de-bases-do-clima-chumbado\/#primaryimage"},"thumbnailUrl":"https:\/\/portaltela.pt\/s.01k8rhncp4jt1\/2026\/03\/2077301.jpg","keywords":["Altera\u00e7\u00f5es Clim\u00e1ticas","clima","Iniciativa Liberal","lei","meio-ambiente","pol\u00edtica"],"articleSection":["Clima","Pol\u00edtica"],"inLanguage":"pt-PT"},{"@type":"WebPage","@id":"https:\/\/portaltela.pt\/noticias\/2026\/03\/27\/projeto-de-lei-da-il-para-alterar-lei-de-bases-do-clima-chumbado\/","url":"https:\/\/portaltela.pt\/noticias\/2026\/03\/27\/projeto-de-lei-da-il-para-alterar-lei-de-bases-do-clima-chumbado\/","name":"Projeto de lei da IL para alterar Lei de Bases do Clima chumbado - Portal Tela Portugal","isPartOf":{"@id":"https:\/\/portaltela.pt\/#website"},"primaryImageOfPage":{"@id":"https:\/\/portaltela.pt\/noticias\/2026\/03\/27\/projeto-de-lei-da-il-para-alterar-lei-de-bases-do-clima-chumbado\/#primaryimage"},"image":{"@id":"https:\/\/portaltela.pt\/noticias\/2026\/03\/27\/projeto-de-lei-da-il-para-alterar-lei-de-bases-do-clima-chumbado\/#primaryimage"},"thumbnailUrl":"https:\/\/portaltela.pt\/s.01k8rhncp4jt1\/2026\/03\/2077301.jpg","datePublished":"2026-03-27T11:01:00+00:00","author":{"@id":"https:\/\/portaltela.pt\/#\/schema\/person\/c4278d4a6028830caff9ee44b42d32ed"},"breadcrumb":{"@id":"https:\/\/portaltela.pt\/noticias\/2026\/03\/27\/projeto-de-lei-da-il-para-alterar-lei-de-bases-do-clima-chumbado\/#breadcrumb"},"inLanguage":"pt-PT","potentialAction":[{"@type":"ReadAction","target":["https:\/\/portaltela.pt\/noticias\/2026\/03\/27\/projeto-de-lei-da-il-para-alterar-lei-de-bases-do-clima-chumbado\/"]}]},{"@type":"ImageObject","inLanguage":"pt-PT","@id":"https:\/\/portaltela.pt\/noticias\/2026\/03\/27\/projeto-de-lei-da-il-para-alterar-lei-de-bases-do-clima-chumbado\/#primaryimage","url":"https:\/\/portaltela.pt\/s.01k8rhncp4jt1\/2026\/03\/2077301.jpg","contentUrl":"https:\/\/portaltela.pt\/s.01k8rhncp4jt1\/2026\/03\/2077301.jpg","width":796,"height":448,"caption":"A presidente da Iniciativa Liberal, Mariana Leit\u00e3o"},{"@type":"BreadcrumbList","@id":"https:\/\/portaltela.pt\/noticias\/2026\/03\/27\/projeto-de-lei-da-il-para-alterar-lei-de-bases-do-clima-chumbado\/#breadcrumb","itemListElement":[{"@type":"ListItem","position":1,"name":"In\u00edcio","item":"https:\/\/portaltela.pt\/"},{"@type":"ListItem","position":2,"name":"Projeto de lei da IL para alterar Lei de Bases do Clima chumbado"}]},{"@type":"WebSite","@id":"https:\/\/portaltela.pt\/#website","url":"https:\/\/portaltela.pt\/","name":"Portal Tela Portugal","description":"","potentialAction":[{"@type":"SearchAction","target":{"@type":"EntryPoint","urlTemplate":"https:\/\/portaltela.pt\/?s={search_term_string}"},"query-input":{"@type":"PropertyValueSpecification","valueRequired":true,"valueName":"search_term_string"}}],"inLanguage":"pt-PT"},{"@type":"Person","@id":"https:\/\/portaltela.pt\/#\/schema\/person\/c4278d4a6028830caff9ee44b42d32ed","name":"Telinha","image":{"@type":"ImageObject","inLanguage":"pt-PT","@id":"https:\/\/portaltela.pt\/s.01k8rhncp4jt1\/2025\/11\/talking-bot-125x125.png","url":"https:\/\/portaltela.pt\/s.01k8rhncp4jt1\/2025\/11\/talking-bot-125x125.png","contentUrl":"https:\/\/portaltela.pt\/s.01k8rhncp4jt1\/2025\/11\/talking-bot-125x125.png","caption":"Telinha"},"sameAs":["https:\/\/portaltela.pt\/"],"url":"https:\/\/portaltela.pt\/por\/367410592786\/"}]}},"_links":{"self":[{"href":"https:\/\/portaltela.pt\/api\/wp\/v2\/posts\/423519","targetHints":{"allow":["GET"]}}],"collection":[{"href":"https:\/\/portaltela.pt\/api\/wp\/v2\/posts"}],"about":[{"href":"https:\/\/portaltela.pt\/api\/wp\/v2\/types\/post"}],"author":[{"embeddable":true,"href":"https:\/\/portaltela.pt\/api\/wp\/v2\/users\/2"}],"replies":[{"embeddable":true,"href":"https:\/\/portaltela.pt\/api\/wp\/v2\/comments?post=423519"}],"version-history":[{"count":0,"href":"https:\/\/portaltela.pt\/api\/wp\/v2\/posts\/423519\/revisions"}],"wp:featuredmedia":[{"embeddable":true,"href":"https:\/\/portaltela.pt\/api\/wp\/v2\/media\/423520"}],"wp:attachment":[{"href":"https:\/\/portaltela.pt\/api\/wp\/v2\/media?parent=423519"}],"wp:term":[{"taxonomy":"category","embeddable":true,"href":"https:\/\/portaltela.pt\/api\/wp\/v2\/categories?post=423519"},{"taxonomy":"post_tag","embeddable":true,"href":"https:\/\/portaltela.pt\/api\/wp\/v2\/tags?post=423519"}],"curies":[{"name":"wp","href":"https:\/\/api.w.org\/{rel}","templated":true}]}}