{"id":423517,"date":"2026-03-27T08:18:18","date_gmt":"2026-03-27T11:18:18","guid":{"rendered":"https:\/\/portaltela.pt\/noticias\/2026\/03\/27\/leiria-abalada-por-tempestades-destruicao-e-apoios-ainda-atrasados\/"},"modified":"2026-03-27T08:18:18","modified_gmt":"2026-03-27T11:18:18","slug":"leiria-abalada-por-tempestades-destruicao-e-apoios-ainda-atrasados","status":"publish","type":"post","link":"https:\/\/portaltela.pt\/sociedade\/2026\/03\/27\/leiria-abalada-por-tempestades-destruicao-e-apoios-ainda-atrasados\/","title":{"rendered":"Leiria abalada por tempestades: destrui\u00e7\u00e3o e apoios ainda atrasados"},"content":{"rendered":"<p>Leiria continua marcada pelas tempestades ocorridas h\u00e1 cerca de duas semanas, que provocaram danos significativos em infraestruturas, habita\u00e7\u00f5es e na economia local. O concelho enfrenta um processo de reabilita\u00e7\u00e3o ainda longe do normal, com impactos a longo prazo para fam\u00edlias e empresas.<\/p>\n<p>As autoridades e os moradores enfrentam dificuldades na remo\u00e7\u00e3o de destro\u00e7os e na reconstru\u00e7\u00e3o das \u00e1reas mais afetadas. O apoio prometido pelo Governo n\u00e3o chegou na totalidade, dificultando a recupera\u00e7\u00e3o r\u00e1pida de servi\u00e7os e estruturas-chave.<\/p>\n<p>A comunidade mant\u00e9m-se unida, com iniciativas conjuntas entre fam\u00edlias, associa\u00e7\u00f5es e servi\u00e7os municipais para atravessar a crise e retomar a normalidade. Esfor\u00e7os de coopera\u00e7\u00e3o visam acelerar a recupera\u00e7\u00e3o local.<\/p>\n<h3>Danos e apoios pendentes<\/h3>\n<p>As fontes locais descrevem um quadro de danos extensos e de custos n\u00e3o especificados publicamente. O Governo tem anunciado linhas de apoio, mas a implementa\u00e7\u00e3o efetiva ainda se encontra em andamento, segundo relatos no terreno.<\/p>\n<p>Entretanto, os habitantes continuam a adaptar-se \u00e0 nova realidade e a organizar estrat\u00e9gias de apoio m\u00fatuo, com foco na reconstru\u00e7\u00e3o de \u00e1reas danificadas e na prote\u00e7\u00e3o de habita\u00e7\u00f5es para o inverno. A situa\u00e7\u00e3o permanece sob monitoriza\u00e7\u00e3o das autoridades.<\/p>\n","protected":false},"excerpt":{"rendered":"<ul>\n<li>Leiria continua marcada pelas tempestades ocorridas h\u00e1 cerca de duas semanas, com danos na infraestrutura, nas habita\u00e7\u00f5es e na economia local.<\/li>\n<li>Autoridades e moradores enfrentam dificuldades na remo\u00e7\u00e3o de destro\u00e7os e na reconstru\u00e7\u00e3o das \u00e1reas afetadas.<\/li>\n<li>Promessas de apoio do governo ainda n\u00e3o chegaram na totalidade.<\/li>\n<li>Dificuldades financeiras e falta de recursos dificultam a recupera\u00e7\u00e3o do munic\u00edpio.<\/li>\n<li>A comunidade mant\u00e9m-se unida, com esfor\u00e7os conjuntos para retomar a normalidade.<\/li>\n<\/ul>\n","protected":false},"author":2,"featured_media":423522,"comment_status":"closed","ping_status":"closed","sticky":false,"template":"","format":"standard","meta":{"footnotes":""},"categories":[7384,6871],"tags":[4818,6063,7260,150,1385,5031],"class_list":["post-423517","post","type-post","status-publish","format-standard","has-post-thumbnail","hentry","category-curiosidades","category-sociedade","tag-apoio-as-catastrofes-naturais","tag-desastres","tag-destruicao","tag-habitacao","tag-leiria","tag-reconstrucao-urbana"],"yoast_head":"<!-- This site is optimized with the Yoast SEO plugin v27.2 - https:\/\/yoast.com\/product\/yoast-seo-wordpress\/ -->\n<title>Leiria abalada por tempestades: destrui\u00e7\u00e3o e apoios ainda atrasados - Portal Tela Portugal<\/title>\n<meta name=\"robots\" content=\"index, follow, max-snippet:-1, max-image-preview:large, max-video-preview:-1\" \/>\n<meta property=\"og:locale\" content=\"pt_PT\" \/>\n<meta property=\"og:type\" content=\"article\" \/>\n<meta property=\"og:title\" content=\"Leiria abalada por tempestades: destrui\u00e7\u00e3o e apoios ainda atrasados - Portal Tela Portugal\" \/>\n<meta property=\"og:description\" content=\"Leiria continua marcada pelas tempestades ocorridas h\u00e1 cerca de duas semanas, com danos na infraestrutura, nas habita\u00e7\u00f5es e na economia local. Autoridades e moradores enfrentam dificuldades na remo\u00e7\u00e3o de destro\u00e7os e na reconstru\u00e7\u00e3o das \u00e1reas afetadas. Promessas de apoio do governo ainda n\u00e3o chegaram na totalidade. Dificuldades financeiras e falta de recursos dificultam a recupera\u00e7\u00e3o do munic\u00edpio. A comunidade mant\u00e9m-se unida, com esfor\u00e7os conjuntos para retomar a normalidade.\" \/>\n<meta property=\"og:url\" content=\"https:\/\/portaltela.pt\/noticias\/2026\/03\/27\/leiria-abalada-por-tempestades-destruicao-e-apoios-ainda-atrasados\/\" \/>\n<meta property=\"og:site_name\" content=\"Portal Tela Portugal\" \/>\n<meta property=\"article:published_time\" content=\"2026-03-27T11:18:18+00:00\" \/>\n<meta name=\"author\" content=\"Telinha\" \/>\n<meta name=\"twitter:card\" content=\"summary_large_image\" \/>\n<meta name=\"twitter:label1\" content=\"Escrito por\" \/>\n\t<meta name=\"twitter:data1\" content=\"Telinha\" \/>\n\t<meta name=\"twitter:label2\" content=\"Tempo estimado de leitura\" \/>\n\t<meta name=\"twitter:data2\" content=\"1 minuto\" \/>\n<script type=\"application\/ld+json\" class=\"yoast-schema-graph\">{\"@context\":\"https:\/\/schema.org\",\"@graph\":[{\"@type\":\"Article\",\"@id\":\"https:\/\/portaltela.pt\/noticias\/2026\/03\/27\/leiria-abalada-por-tempestades-destruicao-e-apoios-ainda-atrasados\/#article\",\"isPartOf\":{\"@id\":\"https:\/\/portaltela.pt\/noticias\/2026\/03\/27\/leiria-abalada-por-tempestades-destruicao-e-apoios-ainda-atrasados\/\"},\"author\":{\"name\":\"Telinha\",\"@id\":\"https:\/\/portaltela.pt\/#\/schema\/person\/c4278d4a6028830caff9ee44b42d32ed\"},\"headline\":\"Leiria abalada por tempestades: destrui\u00e7\u00e3o e apoios ainda atrasados\",\"datePublished\":\"2026-03-27T11:18:18+00:00\",\"mainEntityOfPage\":{\"@id\":\"https:\/\/portaltela.pt\/noticias\/2026\/03\/27\/leiria-abalada-por-tempestades-destruicao-e-apoios-ainda-atrasados\/\"},\"wordCount\":218,\"image\":{\"@id\":\"https:\/\/portaltela.pt\/noticias\/2026\/03\/27\/leiria-abalada-por-tempestades-destruicao-e-apoios-ainda-atrasados\/#primaryimage\"},\"thumbnailUrl\":\"https:\/\/portaltela.pt\/s.01k8rhncp4jt1\/2026\/03\/img_1280x722uu2026-01-29-18-04-45-2263419.jpg\",\"keywords\":[\"Apoio \u00e0s Cat\u00e1strofes Naturais\",\"desastres\",\"destrui\u00e7\u00e3o\",\"habita\u00e7\u00e3o\",\"Leiria\",\"reconstru\u00e7\u00e3o urbana\"],\"articleSection\":[\"Curiosidades\",\"Sociedade\"],\"inLanguage\":\"pt-PT\"},{\"@type\":\"WebPage\",\"@id\":\"https:\/\/portaltela.pt\/noticias\/2026\/03\/27\/leiria-abalada-por-tempestades-destruicao-e-apoios-ainda-atrasados\/\",\"url\":\"https:\/\/portaltela.pt\/noticias\/2026\/03\/27\/leiria-abalada-por-tempestades-destruicao-e-apoios-ainda-atrasados\/\",\"name\":\"Leiria abalada por tempestades: destrui\u00e7\u00e3o e apoios ainda atrasados - Portal Tela Portugal\",\"isPartOf\":{\"@id\":\"https:\/\/portaltela.pt\/#website\"},\"primaryImageOfPage\":{\"@id\":\"https:\/\/portaltela.pt\/noticias\/2026\/03\/27\/leiria-abalada-por-tempestades-destruicao-e-apoios-ainda-atrasados\/#primaryimage\"},\"image\":{\"@id\":\"https:\/\/portaltela.pt\/noticias\/2026\/03\/27\/leiria-abalada-por-tempestades-destruicao-e-apoios-ainda-atrasados\/#primaryimage\"},\"thumbnailUrl\":\"https:\/\/portaltela.pt\/s.01k8rhncp4jt1\/2026\/03\/img_1280x722uu2026-01-29-18-04-45-2263419.jpg\",\"datePublished\":\"2026-03-27T11:18:18+00:00\",\"author\":{\"@id\":\"https:\/\/portaltela.pt\/#\/schema\/person\/c4278d4a6028830caff9ee44b42d32ed\"},\"breadcrumb\":{\"@id\":\"https:\/\/portaltela.pt\/noticias\/2026\/03\/27\/leiria-abalada-por-tempestades-destruicao-e-apoios-ainda-atrasados\/#breadcrumb\"},\"inLanguage\":\"pt-PT\",\"potentialAction\":[{\"@type\":\"ReadAction\",\"target\":[\"https:\/\/portaltela.pt\/noticias\/2026\/03\/27\/leiria-abalada-por-tempestades-destruicao-e-apoios-ainda-atrasados\/\"]}]},{\"@type\":\"ImageObject\",\"inLanguage\":\"pt-PT\",\"@id\":\"https:\/\/portaltela.pt\/noticias\/2026\/03\/27\/leiria-abalada-por-tempestades-destruicao-e-apoios-ainda-atrasados\/#primaryimage\",\"url\":\"https:\/\/portaltela.pt\/s.01k8rhncp4jt1\/2026\/03\/img_1280x722uu2026-01-29-18-04-45-2263419.jpg\",\"contentUrl\":\"https:\/\/portaltela.pt\/s.01k8rhncp4jt1\/2026\/03\/img_1280x722uu2026-01-29-18-04-45-2263419.jpg\",\"width\":796,\"height\":448,\"caption\":\"Photo\"},{\"@type\":\"BreadcrumbList\",\"@id\":\"https:\/\/portaltela.pt\/noticias\/2026\/03\/27\/leiria-abalada-por-tempestades-destruicao-e-apoios-ainda-atrasados\/#breadcrumb\",\"itemListElement\":[{\"@type\":\"ListItem\",\"position\":1,\"name\":\"In\u00edcio\",\"item\":\"https:\/\/portaltela.pt\/\"},{\"@type\":\"ListItem\",\"position\":2,\"name\":\"Leiria abalada por tempestades: destrui\u00e7\u00e3o e apoios ainda atrasados\"}]},{\"@type\":\"WebSite\",\"@id\":\"https:\/\/portaltela.pt\/#website\",\"url\":\"https:\/\/portaltela.pt\/\",\"name\":\"Portal Tela Portugal\",\"description\":\"\",\"potentialAction\":[{\"@type\":\"SearchAction\",\"target\":{\"@type\":\"EntryPoint\",\"urlTemplate\":\"https:\/\/portaltela.pt\/?s={search_term_string}\"},\"query-input\":{\"@type\":\"PropertyValueSpecification\",\"valueRequired\":true,\"valueName\":\"search_term_string\"}}],\"inLanguage\":\"pt-PT\"},{\"@type\":\"Person\",\"@id\":\"https:\/\/portaltela.pt\/#\/schema\/person\/c4278d4a6028830caff9ee44b42d32ed\",\"name\":\"Telinha\",\"image\":{\"@type\":\"ImageObject\",\"inLanguage\":\"pt-PT\",\"@id\":\"https:\/\/portaltela.pt\/s.01k8rhncp4jt1\/2025\/11\/talking-bot-125x125.png\",\"url\":\"https:\/\/portaltela.pt\/s.01k8rhncp4jt1\/2025\/11\/talking-bot-125x125.png\",\"contentUrl\":\"https:\/\/portaltela.pt\/s.01k8rhncp4jt1\/2025\/11\/talking-bot-125x125.png\",\"caption\":\"Telinha\"},\"sameAs\":[\"https:\/\/portaltela.pt\/\"],\"url\":\"https:\/\/portaltela.pt\/por\/367410592786\/\"}]}<\/script>\n<!-- \/ Yoast SEO plugin. -->","yoast_head_json":{"title":"Leiria abalada por tempestades: destrui\u00e7\u00e3o e apoios ainda atrasados - Portal Tela Portugal","robots":{"index":"index","follow":"follow","max-snippet":"max-snippet:-1","max-image-preview":"max-image-preview:large","max-video-preview":"max-video-preview:-1"},"og_locale":"pt_PT","og_type":"article","og_title":"Leiria abalada por tempestades: destrui\u00e7\u00e3o e apoios ainda atrasados - Portal Tela Portugal","og_description":"Leiria continua marcada pelas tempestades ocorridas h\u00e1 cerca de duas semanas, com danos na infraestrutura, nas habita\u00e7\u00f5es e na economia local. Autoridades e moradores enfrentam dificuldades na remo\u00e7\u00e3o de destro\u00e7os e na reconstru\u00e7\u00e3o das \u00e1reas afetadas. Promessas de apoio do governo ainda n\u00e3o chegaram na totalidade. Dificuldades financeiras e falta de recursos dificultam a recupera\u00e7\u00e3o do munic\u00edpio. A comunidade mant\u00e9m-se unida, com esfor\u00e7os conjuntos para retomar a normalidade.","og_url":"https:\/\/portaltela.pt\/noticias\/2026\/03\/27\/leiria-abalada-por-tempestades-destruicao-e-apoios-ainda-atrasados\/","og_site_name":"Portal Tela Portugal","article_published_time":"2026-03-27T11:18:18+00:00","author":"Telinha","twitter_card":"summary_large_image","twitter_misc":{"Escrito por":"Telinha","Tempo estimado de leitura":"1 minuto"},"schema":{"@context":"https:\/\/schema.org","@graph":[{"@type":"Article","@id":"https:\/\/portaltela.pt\/noticias\/2026\/03\/27\/leiria-abalada-por-tempestades-destruicao-e-apoios-ainda-atrasados\/#article","isPartOf":{"@id":"https:\/\/portaltela.pt\/noticias\/2026\/03\/27\/leiria-abalada-por-tempestades-destruicao-e-apoios-ainda-atrasados\/"},"author":{"name":"Telinha","@id":"https:\/\/portaltela.pt\/#\/schema\/person\/c4278d4a6028830caff9ee44b42d32ed"},"headline":"Leiria abalada por tempestades: destrui\u00e7\u00e3o e apoios ainda atrasados","datePublished":"2026-03-27T11:18:18+00:00","mainEntityOfPage":{"@id":"https:\/\/portaltela.pt\/noticias\/2026\/03\/27\/leiria-abalada-por-tempestades-destruicao-e-apoios-ainda-atrasados\/"},"wordCount":218,"image":{"@id":"https:\/\/portaltela.pt\/noticias\/2026\/03\/27\/leiria-abalada-por-tempestades-destruicao-e-apoios-ainda-atrasados\/#primaryimage"},"thumbnailUrl":"https:\/\/portaltela.pt\/s.01k8rhncp4jt1\/2026\/03\/img_1280x722uu2026-01-29-18-04-45-2263419.jpg","keywords":["Apoio \u00e0s Cat\u00e1strofes Naturais","desastres","destrui\u00e7\u00e3o","habita\u00e7\u00e3o","Leiria","reconstru\u00e7\u00e3o urbana"],"articleSection":["Curiosidades","Sociedade"],"inLanguage":"pt-PT"},{"@type":"WebPage","@id":"https:\/\/portaltela.pt\/noticias\/2026\/03\/27\/leiria-abalada-por-tempestades-destruicao-e-apoios-ainda-atrasados\/","url":"https:\/\/portaltela.pt\/noticias\/2026\/03\/27\/leiria-abalada-por-tempestades-destruicao-e-apoios-ainda-atrasados\/","name":"Leiria abalada por tempestades: destrui\u00e7\u00e3o e apoios ainda atrasados - Portal Tela Portugal","isPartOf":{"@id":"https:\/\/portaltela.pt\/#website"},"primaryImageOfPage":{"@id":"https:\/\/portaltela.pt\/noticias\/2026\/03\/27\/leiria-abalada-por-tempestades-destruicao-e-apoios-ainda-atrasados\/#primaryimage"},"image":{"@id":"https:\/\/portaltela.pt\/noticias\/2026\/03\/27\/leiria-abalada-por-tempestades-destruicao-e-apoios-ainda-atrasados\/#primaryimage"},"thumbnailUrl":"https:\/\/portaltela.pt\/s.01k8rhncp4jt1\/2026\/03\/img_1280x722uu2026-01-29-18-04-45-2263419.jpg","datePublished":"2026-03-27T11:18:18+00:00","author":{"@id":"https:\/\/portaltela.pt\/#\/schema\/person\/c4278d4a6028830caff9ee44b42d32ed"},"breadcrumb":{"@id":"https:\/\/portaltela.pt\/noticias\/2026\/03\/27\/leiria-abalada-por-tempestades-destruicao-e-apoios-ainda-atrasados\/#breadcrumb"},"inLanguage":"pt-PT","potentialAction":[{"@type":"ReadAction","target":["https:\/\/portaltela.pt\/noticias\/2026\/03\/27\/leiria-abalada-por-tempestades-destruicao-e-apoios-ainda-atrasados\/"]}]},{"@type":"ImageObject","inLanguage":"pt-PT","@id":"https:\/\/portaltela.pt\/noticias\/2026\/03\/27\/leiria-abalada-por-tempestades-destruicao-e-apoios-ainda-atrasados\/#primaryimage","url":"https:\/\/portaltela.pt\/s.01k8rhncp4jt1\/2026\/03\/img_1280x722uu2026-01-29-18-04-45-2263419.jpg","contentUrl":"https:\/\/portaltela.pt\/s.01k8rhncp4jt1\/2026\/03\/img_1280x722uu2026-01-29-18-04-45-2263419.jpg","width":796,"height":448,"caption":"Photo"},{"@type":"BreadcrumbList","@id":"https:\/\/portaltela.pt\/noticias\/2026\/03\/27\/leiria-abalada-por-tempestades-destruicao-e-apoios-ainda-atrasados\/#breadcrumb","itemListElement":[{"@type":"ListItem","position":1,"name":"In\u00edcio","item":"https:\/\/portaltela.pt\/"},{"@type":"ListItem","position":2,"name":"Leiria abalada por tempestades: destrui\u00e7\u00e3o e apoios ainda atrasados"}]},{"@type":"WebSite","@id":"https:\/\/portaltela.pt\/#website","url":"https:\/\/portaltela.pt\/","name":"Portal Tela Portugal","description":"","potentialAction":[{"@type":"SearchAction","target":{"@type":"EntryPoint","urlTemplate":"https:\/\/portaltela.pt\/?s={search_term_string}"},"query-input":{"@type":"PropertyValueSpecification","valueRequired":true,"valueName":"search_term_string"}}],"inLanguage":"pt-PT"},{"@type":"Person","@id":"https:\/\/portaltela.pt\/#\/schema\/person\/c4278d4a6028830caff9ee44b42d32ed","name":"Telinha","image":{"@type":"ImageObject","inLanguage":"pt-PT","@id":"https:\/\/portaltela.pt\/s.01k8rhncp4jt1\/2025\/11\/talking-bot-125x125.png","url":"https:\/\/portaltela.pt\/s.01k8rhncp4jt1\/2025\/11\/talking-bot-125x125.png","contentUrl":"https:\/\/portaltela.pt\/s.01k8rhncp4jt1\/2025\/11\/talking-bot-125x125.png","caption":"Telinha"},"sameAs":["https:\/\/portaltela.pt\/"],"url":"https:\/\/portaltela.pt\/por\/367410592786\/"}]}},"_links":{"self":[{"href":"https:\/\/portaltela.pt\/api\/wp\/v2\/posts\/423517","targetHints":{"allow":["GET"]}}],"collection":[{"href":"https:\/\/portaltela.pt\/api\/wp\/v2\/posts"}],"about":[{"href":"https:\/\/portaltela.pt\/api\/wp\/v2\/types\/post"}],"author":[{"embeddable":true,"href":"https:\/\/portaltela.pt\/api\/wp\/v2\/users\/2"}],"replies":[{"embeddable":true,"href":"https:\/\/portaltela.pt\/api\/wp\/v2\/comments?post=423517"}],"version-history":[{"count":0,"href":"https:\/\/portaltela.pt\/api\/wp\/v2\/posts\/423517\/revisions"}],"wp:featuredmedia":[{"embeddable":true,"href":"https:\/\/portaltela.pt\/api\/wp\/v2\/media\/423522"}],"wp:attachment":[{"href":"https:\/\/portaltela.pt\/api\/wp\/v2\/media?parent=423517"}],"wp:term":[{"taxonomy":"category","embeddable":true,"href":"https:\/\/portaltela.pt\/api\/wp\/v2\/categories?post=423517"},{"taxonomy":"post_tag","embeddable":true,"href":"https:\/\/portaltela.pt\/api\/wp\/v2\/tags?post=423517"}],"curies":[{"name":"wp","href":"https:\/\/api.w.org\/{rel}","templated":true}]}}