{"id":423512,"date":"2026-03-27T08:19:00","date_gmt":"2026-03-27T11:19:00","guid":{"rendered":"https:\/\/portaltela.pt\/noticias\/2026\/03\/27\/crianca-de-um-ano-esquecida-dentro-de-carro-em-barcelos\/"},"modified":"2026-03-27T08:19:00","modified_gmt":"2026-03-27T11:19:00","slug":"crianca-de-um-ano-esquecida-dentro-de-carro-em-barcelos","status":"publish","type":"post","link":"https:\/\/portaltela.pt\/acidentes\/2026\/03\/27\/crianca-de-um-ano-esquecida-dentro-de-carro-em-barcelos\/","title":{"rendered":"Crian\u00e7a de um ano esquecida dentro de carro em Barcelos"},"content":{"rendered":"<p>Um beb\u00e9 de um ano foi encontrado sozinho no interior de um autom\u00f3vel na freguesia de Arcozelo, Barcelos. O incidente ocorreu perto das 9h na Rua Bartolomeu Dias e ficou a claro entre moradores, que alertaram as autoridades.<\/p>\n<p>Segundo dados recolhidos, a m\u00e3e, que estava em casa, ter\u00e1 chegado ao local poucos minutos depois de os Bombeiros Volunt\u00e1rios de Barcelos terem estado prontos para partir um vidro. A progenitora disse ter-se esquecido do filho no interior, depois de deixar os outros filhos na escola.<\/p>\n<p>A crian\u00e7a foi transportada ao hospital de Barcelos para avalia\u00e7\u00e3o, ainda que o beb\u00e9 tenha sido retirado do ve\u00edculo antes da interven\u00e7\u00e3o dos operacionais. A PSP esteve no local e procedeu ao registo da ocorr\u00eancia.<\/p>\n","protected":false},"excerpt":{"rendered":"<ul>\n<li>Uma crian\u00e7a de um ano foi encontrada no interior de um autom\u00f3vel na Rua Bartolomeu Dias, Arcozelo, Barcelos, por volta das 9h.<\/li>\n<li>A beb\u00e9 ficou no interior do ve\u00edculo cerca de 45 minutos, tendo\u4eba\u6c17 preocupado populares que alertaram as autoridades.<\/li>\n<li>A m\u00e3e, que estava em casa, ter\u00e1 esquecido o beb\u00e9 no carro ap\u00f3s deixar os outros filhos na escola.<\/li>\n<li>Os Bombeiros Volunt\u00e1rios de Barcelos estiveram no local com cinco operacionais e duas viaturas, mas a crian\u00e7a foi retirada do interior antes da interven\u00e7\u00e3o.<\/li>\n<li>A crian\u00e7a foi encaminhada para o hospital de Barcelos para avalia\u00e7\u00e3o; a PSP registou a ocorr\u00eancia.<\/li>\n<\/ul>\n","protected":false},"author":2,"featured_media":423513,"comment_status":"closed","ping_status":"closed","sticky":false,"template":"","format":"standard","meta":{"footnotes":""},"categories":[6849],"tags":[1027,3953,1381,250,5761,1899],"class_list":["post-423512","post","type-post","status-publish","format-standard","has-post-thumbnail","hentry","category-acidentes","tag-barcelos","tag-criancas","tag-psp","tag-seguranca-publica","tag-servicos-de-saude","tag-urgencias"],"yoast_head":"<!-- This site is optimized with the Yoast SEO plugin v27.2 - https:\/\/yoast.com\/product\/yoast-seo-wordpress\/ -->\n<title>Crian\u00e7a de um ano esquecida dentro de carro em Barcelos - Portal Tela Portugal<\/title>\n<meta name=\"robots\" content=\"index, follow, max-snippet:-1, max-image-preview:large, max-video-preview:-1\" \/>\n<meta property=\"og:locale\" content=\"pt_PT\" \/>\n<meta property=\"og:type\" content=\"article\" \/>\n<meta property=\"og:title\" content=\"Crian\u00e7a de um ano esquecida dentro de carro em Barcelos - Portal Tela Portugal\" \/>\n<meta property=\"og:description\" content=\"Uma crian\u00e7a de um ano foi encontrada no interior de um autom\u00f3vel na Rua Bartolomeu Dias, Arcozelo, Barcelos, por volta das 9h. A beb\u00e9 ficou no interior do ve\u00edculo cerca de 45 minutos, tendo\u4eba\u6c17 preocupado populares que alertaram as autoridades. A m\u00e3e, que estava em casa, ter\u00e1 esquecido o beb\u00e9 no carro ap\u00f3s deixar os outros filhos na escola. Os Bombeiros Volunt\u00e1rios de Barcelos estiveram no local com cinco operacionais e duas viaturas, mas a crian\u00e7a foi retirada do interior antes da interven\u00e7\u00e3o. A crian\u00e7a foi encaminhada para o hospital de Barcelos para avalia\u00e7\u00e3o; a PSP registou a ocorr\u00eancia.\" \/>\n<meta property=\"og:url\" content=\"https:\/\/portaltela.pt\/noticias\/2026\/03\/27\/crianca-de-um-ano-esquecida-dentro-de-carro-em-barcelos\/\" \/>\n<meta property=\"og:site_name\" content=\"Portal Tela Portugal\" \/>\n<meta property=\"article:published_time\" content=\"2026-03-27T11:19:00+00:00\" \/>\n<meta name=\"author\" content=\"Telinha\" \/>\n<meta name=\"twitter:card\" content=\"summary_large_image\" \/>\n<meta name=\"twitter:label1\" content=\"Escrito por\" \/>\n\t<meta name=\"twitter:data1\" content=\"Telinha\" \/>\n\t<meta name=\"twitter:label2\" content=\"Tempo estimado de leitura\" \/>\n\t<meta name=\"twitter:data2\" content=\"1 minuto\" \/>\n<script type=\"application\/ld+json\" class=\"yoast-schema-graph\">{\"@context\":\"https:\/\/schema.org\",\"@graph\":[{\"@type\":\"Article\",\"@id\":\"https:\/\/portaltela.pt\/noticias\/2026\/03\/27\/crianca-de-um-ano-esquecida-dentro-de-carro-em-barcelos\/#article\",\"isPartOf\":{\"@id\":\"https:\/\/portaltela.pt\/noticias\/2026\/03\/27\/crianca-de-um-ano-esquecida-dentro-de-carro-em-barcelos\/\"},\"author\":{\"name\":\"Telinha\",\"@id\":\"https:\/\/portaltela.pt\/#\/schema\/person\/c4278d4a6028830caff9ee44b42d32ed\"},\"headline\":\"Crian\u00e7a de um ano esquecida dentro de carro em Barcelos\",\"datePublished\":\"2026-03-27T11:19:00+00:00\",\"mainEntityOfPage\":{\"@id\":\"https:\/\/portaltela.pt\/noticias\/2026\/03\/27\/crianca-de-um-ano-esquecida-dentro-de-carro-em-barcelos\/\"},\"wordCount\":138,\"image\":{\"@id\":\"https:\/\/portaltela.pt\/noticias\/2026\/03\/27\/crianca-de-um-ano-esquecida-dentro-de-carro-em-barcelos\/#primaryimage\"},\"thumbnailUrl\":\"https:\/\/portaltela.pt\/s.01k8rhncp4jt1\/2026\/03\/6e4aad3f-0ea2-42ac-8a9f-cb3af0c9061b_1200x675.jpg\",\"keywords\":[\"Barcelos\",\"crian\u00e7as\",\"PSP\",\"seguran\u00e7a p\u00fablica\",\"servi\u00e7os de sa\u00fade\",\"urg\u00eancias\"],\"articleSection\":[\"Acidentes\"],\"inLanguage\":\"pt-PT\"},{\"@type\":\"WebPage\",\"@id\":\"https:\/\/portaltela.pt\/noticias\/2026\/03\/27\/crianca-de-um-ano-esquecida-dentro-de-carro-em-barcelos\/\",\"url\":\"https:\/\/portaltela.pt\/noticias\/2026\/03\/27\/crianca-de-um-ano-esquecida-dentro-de-carro-em-barcelos\/\",\"name\":\"Crian\u00e7a de um ano esquecida dentro de carro em Barcelos - Portal Tela Portugal\",\"isPartOf\":{\"@id\":\"https:\/\/portaltela.pt\/#website\"},\"primaryImageOfPage\":{\"@id\":\"https:\/\/portaltela.pt\/noticias\/2026\/03\/27\/crianca-de-um-ano-esquecida-dentro-de-carro-em-barcelos\/#primaryimage\"},\"image\":{\"@id\":\"https:\/\/portaltela.pt\/noticias\/2026\/03\/27\/crianca-de-um-ano-esquecida-dentro-de-carro-em-barcelos\/#primaryimage\"},\"thumbnailUrl\":\"https:\/\/portaltela.pt\/s.01k8rhncp4jt1\/2026\/03\/6e4aad3f-0ea2-42ac-8a9f-cb3af0c9061b_1200x675.jpg\",\"datePublished\":\"2026-03-27T11:19:00+00:00\",\"author\":{\"@id\":\"https:\/\/portaltela.pt\/#\/schema\/person\/c4278d4a6028830caff9ee44b42d32ed\"},\"breadcrumb\":{\"@id\":\"https:\/\/portaltela.pt\/noticias\/2026\/03\/27\/crianca-de-um-ano-esquecida-dentro-de-carro-em-barcelos\/#breadcrumb\"},\"inLanguage\":\"pt-PT\",\"potentialAction\":[{\"@type\":\"ReadAction\",\"target\":[\"https:\/\/portaltela.pt\/noticias\/2026\/03\/27\/crianca-de-um-ano-esquecida-dentro-de-carro-em-barcelos\/\"]}]},{\"@type\":\"ImageObject\",\"inLanguage\":\"pt-PT\",\"@id\":\"https:\/\/portaltela.pt\/noticias\/2026\/03\/27\/crianca-de-um-ano-esquecida-dentro-de-carro-em-barcelos\/#primaryimage\",\"url\":\"https:\/\/portaltela.pt\/s.01k8rhncp4jt1\/2026\/03\/6e4aad3f-0ea2-42ac-8a9f-cb3af0c9061b_1200x675.jpg\",\"contentUrl\":\"https:\/\/portaltela.pt\/s.01k8rhncp4jt1\/2026\/03\/6e4aad3f-0ea2-42ac-8a9f-cb3af0c9061b_1200x675.jpg\",\"width\":796,\"height\":448,\"caption\":\"Foto: Maria Jo\u00e3o Gala\/Arquivo\"},{\"@type\":\"BreadcrumbList\",\"@id\":\"https:\/\/portaltela.pt\/noticias\/2026\/03\/27\/crianca-de-um-ano-esquecida-dentro-de-carro-em-barcelos\/#breadcrumb\",\"itemListElement\":[{\"@type\":\"ListItem\",\"position\":1,\"name\":\"In\u00edcio\",\"item\":\"https:\/\/portaltela.pt\/\"},{\"@type\":\"ListItem\",\"position\":2,\"name\":\"Crian\u00e7a de um ano esquecida dentro de carro em Barcelos\"}]},{\"@type\":\"WebSite\",\"@id\":\"https:\/\/portaltela.pt\/#website\",\"url\":\"https:\/\/portaltela.pt\/\",\"name\":\"Portal Tela Portugal\",\"description\":\"\",\"potentialAction\":[{\"@type\":\"SearchAction\",\"target\":{\"@type\":\"EntryPoint\",\"urlTemplate\":\"https:\/\/portaltela.pt\/?s={search_term_string}\"},\"query-input\":{\"@type\":\"PropertyValueSpecification\",\"valueRequired\":true,\"valueName\":\"search_term_string\"}}],\"inLanguage\":\"pt-PT\"},{\"@type\":\"Person\",\"@id\":\"https:\/\/portaltela.pt\/#\/schema\/person\/c4278d4a6028830caff9ee44b42d32ed\",\"name\":\"Telinha\",\"image\":{\"@type\":\"ImageObject\",\"inLanguage\":\"pt-PT\",\"@id\":\"https:\/\/portaltela.pt\/s.01k8rhncp4jt1\/2025\/11\/talking-bot-125x125.png\",\"url\":\"https:\/\/portaltela.pt\/s.01k8rhncp4jt1\/2025\/11\/talking-bot-125x125.png\",\"contentUrl\":\"https:\/\/portaltela.pt\/s.01k8rhncp4jt1\/2025\/11\/talking-bot-125x125.png\",\"caption\":\"Telinha\"},\"sameAs\":[\"https:\/\/portaltela.pt\/\"],\"url\":\"https:\/\/portaltela.pt\/por\/367410592786\/\"}]}<\/script>\n<!-- \/ Yoast SEO plugin. -->","yoast_head_json":{"title":"Crian\u00e7a de um ano esquecida dentro de carro em Barcelos - Portal Tela Portugal","robots":{"index":"index","follow":"follow","max-snippet":"max-snippet:-1","max-image-preview":"max-image-preview:large","max-video-preview":"max-video-preview:-1"},"og_locale":"pt_PT","og_type":"article","og_title":"Crian\u00e7a de um ano esquecida dentro de carro em Barcelos - Portal Tela Portugal","og_description":"Uma crian\u00e7a de um ano foi encontrada no interior de um autom\u00f3vel na Rua Bartolomeu Dias, Arcozelo, Barcelos, por volta das 9h. A beb\u00e9 ficou no interior do ve\u00edculo cerca de 45 minutos, tendo\u4eba\u6c17 preocupado populares que alertaram as autoridades. A m\u00e3e, que estava em casa, ter\u00e1 esquecido o beb\u00e9 no carro ap\u00f3s deixar os outros filhos na escola. Os Bombeiros Volunt\u00e1rios de Barcelos estiveram no local com cinco operacionais e duas viaturas, mas a crian\u00e7a foi retirada do interior antes da interven\u00e7\u00e3o. A crian\u00e7a foi encaminhada para o hospital de Barcelos para avalia\u00e7\u00e3o; a PSP registou a ocorr\u00eancia.","og_url":"https:\/\/portaltela.pt\/noticias\/2026\/03\/27\/crianca-de-um-ano-esquecida-dentro-de-carro-em-barcelos\/","og_site_name":"Portal Tela Portugal","article_published_time":"2026-03-27T11:19:00+00:00","author":"Telinha","twitter_card":"summary_large_image","twitter_misc":{"Escrito por":"Telinha","Tempo estimado de leitura":"1 minuto"},"schema":{"@context":"https:\/\/schema.org","@graph":[{"@type":"Article","@id":"https:\/\/portaltela.pt\/noticias\/2026\/03\/27\/crianca-de-um-ano-esquecida-dentro-de-carro-em-barcelos\/#article","isPartOf":{"@id":"https:\/\/portaltela.pt\/noticias\/2026\/03\/27\/crianca-de-um-ano-esquecida-dentro-de-carro-em-barcelos\/"},"author":{"name":"Telinha","@id":"https:\/\/portaltela.pt\/#\/schema\/person\/c4278d4a6028830caff9ee44b42d32ed"},"headline":"Crian\u00e7a de um ano esquecida dentro de carro em Barcelos","datePublished":"2026-03-27T11:19:00+00:00","mainEntityOfPage":{"@id":"https:\/\/portaltela.pt\/noticias\/2026\/03\/27\/crianca-de-um-ano-esquecida-dentro-de-carro-em-barcelos\/"},"wordCount":138,"image":{"@id":"https:\/\/portaltela.pt\/noticias\/2026\/03\/27\/crianca-de-um-ano-esquecida-dentro-de-carro-em-barcelos\/#primaryimage"},"thumbnailUrl":"https:\/\/portaltela.pt\/s.01k8rhncp4jt1\/2026\/03\/6e4aad3f-0ea2-42ac-8a9f-cb3af0c9061b_1200x675.jpg","keywords":["Barcelos","crian\u00e7as","PSP","seguran\u00e7a p\u00fablica","servi\u00e7os de sa\u00fade","urg\u00eancias"],"articleSection":["Acidentes"],"inLanguage":"pt-PT"},{"@type":"WebPage","@id":"https:\/\/portaltela.pt\/noticias\/2026\/03\/27\/crianca-de-um-ano-esquecida-dentro-de-carro-em-barcelos\/","url":"https:\/\/portaltela.pt\/noticias\/2026\/03\/27\/crianca-de-um-ano-esquecida-dentro-de-carro-em-barcelos\/","name":"Crian\u00e7a de um ano esquecida dentro de carro em Barcelos - Portal Tela Portugal","isPartOf":{"@id":"https:\/\/portaltela.pt\/#website"},"primaryImageOfPage":{"@id":"https:\/\/portaltela.pt\/noticias\/2026\/03\/27\/crianca-de-um-ano-esquecida-dentro-de-carro-em-barcelos\/#primaryimage"},"image":{"@id":"https:\/\/portaltela.pt\/noticias\/2026\/03\/27\/crianca-de-um-ano-esquecida-dentro-de-carro-em-barcelos\/#primaryimage"},"thumbnailUrl":"https:\/\/portaltela.pt\/s.01k8rhncp4jt1\/2026\/03\/6e4aad3f-0ea2-42ac-8a9f-cb3af0c9061b_1200x675.jpg","datePublished":"2026-03-27T11:19:00+00:00","author":{"@id":"https:\/\/portaltela.pt\/#\/schema\/person\/c4278d4a6028830caff9ee44b42d32ed"},"breadcrumb":{"@id":"https:\/\/portaltela.pt\/noticias\/2026\/03\/27\/crianca-de-um-ano-esquecida-dentro-de-carro-em-barcelos\/#breadcrumb"},"inLanguage":"pt-PT","potentialAction":[{"@type":"ReadAction","target":["https:\/\/portaltela.pt\/noticias\/2026\/03\/27\/crianca-de-um-ano-esquecida-dentro-de-carro-em-barcelos\/"]}]},{"@type":"ImageObject","inLanguage":"pt-PT","@id":"https:\/\/portaltela.pt\/noticias\/2026\/03\/27\/crianca-de-um-ano-esquecida-dentro-de-carro-em-barcelos\/#primaryimage","url":"https:\/\/portaltela.pt\/s.01k8rhncp4jt1\/2026\/03\/6e4aad3f-0ea2-42ac-8a9f-cb3af0c9061b_1200x675.jpg","contentUrl":"https:\/\/portaltela.pt\/s.01k8rhncp4jt1\/2026\/03\/6e4aad3f-0ea2-42ac-8a9f-cb3af0c9061b_1200x675.jpg","width":796,"height":448,"caption":"Foto: Maria Jo\u00e3o Gala\/Arquivo"},{"@type":"BreadcrumbList","@id":"https:\/\/portaltela.pt\/noticias\/2026\/03\/27\/crianca-de-um-ano-esquecida-dentro-de-carro-em-barcelos\/#breadcrumb","itemListElement":[{"@type":"ListItem","position":1,"name":"In\u00edcio","item":"https:\/\/portaltela.pt\/"},{"@type":"ListItem","position":2,"name":"Crian\u00e7a de um ano esquecida dentro de carro em Barcelos"}]},{"@type":"WebSite","@id":"https:\/\/portaltela.pt\/#website","url":"https:\/\/portaltela.pt\/","name":"Portal Tela Portugal","description":"","potentialAction":[{"@type":"SearchAction","target":{"@type":"EntryPoint","urlTemplate":"https:\/\/portaltela.pt\/?s={search_term_string}"},"query-input":{"@type":"PropertyValueSpecification","valueRequired":true,"valueName":"search_term_string"}}],"inLanguage":"pt-PT"},{"@type":"Person","@id":"https:\/\/portaltela.pt\/#\/schema\/person\/c4278d4a6028830caff9ee44b42d32ed","name":"Telinha","image":{"@type":"ImageObject","inLanguage":"pt-PT","@id":"https:\/\/portaltela.pt\/s.01k8rhncp4jt1\/2025\/11\/talking-bot-125x125.png","url":"https:\/\/portaltela.pt\/s.01k8rhncp4jt1\/2025\/11\/talking-bot-125x125.png","contentUrl":"https:\/\/portaltela.pt\/s.01k8rhncp4jt1\/2025\/11\/talking-bot-125x125.png","caption":"Telinha"},"sameAs":["https:\/\/portaltela.pt\/"],"url":"https:\/\/portaltela.pt\/por\/367410592786\/"}]}},"_links":{"self":[{"href":"https:\/\/portaltela.pt\/api\/wp\/v2\/posts\/423512","targetHints":{"allow":["GET"]}}],"collection":[{"href":"https:\/\/portaltela.pt\/api\/wp\/v2\/posts"}],"about":[{"href":"https:\/\/portaltela.pt\/api\/wp\/v2\/types\/post"}],"author":[{"embeddable":true,"href":"https:\/\/portaltela.pt\/api\/wp\/v2\/users\/2"}],"replies":[{"embeddable":true,"href":"https:\/\/portaltela.pt\/api\/wp\/v2\/comments?post=423512"}],"version-history":[{"count":0,"href":"https:\/\/portaltela.pt\/api\/wp\/v2\/posts\/423512\/revisions"}],"wp:featuredmedia":[{"embeddable":true,"href":"https:\/\/portaltela.pt\/api\/wp\/v2\/media\/423513"}],"wp:attachment":[{"href":"https:\/\/portaltela.pt\/api\/wp\/v2\/media?parent=423512"}],"wp:term":[{"taxonomy":"category","embeddable":true,"href":"https:\/\/portaltela.pt\/api\/wp\/v2\/categories?post=423512"},{"taxonomy":"post_tag","embeddable":true,"href":"https:\/\/portaltela.pt\/api\/wp\/v2\/tags?post=423512"}],"curies":[{"name":"wp","href":"https:\/\/api.w.org\/{rel}","templated":true}]}}