{"id":423507,"date":"2026-03-27T08:08:00","date_gmt":"2026-03-27T11:08:00","guid":{"rendered":"https:\/\/portaltela.pt\/noticias\/2026\/03\/27\/rui-borges-no-sporting-renovacao-contestada-ou-merito-tecnico\/"},"modified":"2026-03-27T08:08:00","modified_gmt":"2026-03-27T11:08:00","slug":"rui-borges-no-sporting-renovacao-contestada-ou-merito-tecnico","status":"publish","type":"post","link":"https:\/\/portaltela.pt\/desporto\/futebol\/2026\/03\/27\/rui-borges-no-sporting-renovacao-contestada-ou-merito-tecnico\/","title":{"rendered":"Rui Borges no Sporting: renova\u00e7\u00e3o contestada ou m\u00e9rito t\u00e9cnico?"},"content":{"rendered":"<p>Rui Borges est\u00e1 no centro de uma renova\u00e7\u00e3o com o Sporting que poder\u00e1 ficar definida em breve, segundo o programa Record na Hora, emitido no Now. O tema tem gerado debates entre dirigentes, analistas e imprensa desportiva. O processo envolve o clube verde e branco, o t\u00e9cnico e a continuidade do projeto desportivo.<\/p>\n<p>V\u00edtor Pinto, subdiretor da Record, mostrou abertura \u00e0 renova\u00e7\u00e3o, argumentando que o hist\u00f3rico recente do clube sustenta a valoriza\u00e7\u00e3o do projeto apresentado por Rui Borges. Em entrevista, destacou que o regresso de Ruben Amorim a dificuldades bem estabelecidas refor\u00e7a a confian\u00e7a na estrat\u00e9gia do Sporting. A leitura \u00e9 de valoriza\u00e7\u00e3o do percurso.<\/p>\n<p>Jos\u00e9 Manuel Freitas, comentador do Now, comentou a pausa em torno de outros dossiers, nomeadamente o caso Prestianni, descrevendo a situa\u00e7\u00e3o como complexa e sem defini\u00e7\u00e3o clara para j\u00e1, sem entrar em detalhes subjetivos sobre o m\u00e9rito desportivo. A avalia\u00e7\u00e3o p\u00fablica foca-se na gest\u00e3o de meios e prazos na dire\u00e7\u00e3o desportiva.<\/p>\n<p>Hjulmand voltou a surgir ligado ao cen\u00e1rio de rumores, com men\u00e7\u00f5es a um poss\u00edvel v\u00ednculo entre o treinador e o Manchester City. O registo de contactos e a refer\u00eancia a um suposto pacto financeiro de 40 milh\u00f5es entre o Sporting e o capit\u00e3o constam da an\u00e1lise de V\u00edtor Pinto, sem confirmar negocia\u00e7\u00f5es em curso.<\/p>\n<p>Brasileiros e imprensa brit\u00e2nica tamb\u00e9m reportam que Hugo Viana estaria a explorar a possibilidade de tirar Hjulmand do Sporting para o City, alimentando a discuss\u00e3o sobre movimenta\u00e7\u00f5es de treinadores no mercado europeu. A veracidade dos contornos fica dependente de fontes oficiais.<\/p>\n<p>Entretanto, a Bundesliga surge como palas de avalia\u00e7\u00e3o para Ant\u00f3nio Silva, central do Benfica, com estimativas de valores entre 15 e 25 milh\u00f5es de euros, uma indica\u00e7\u00e3o de que o mercado europeu continua ativo na avalia\u00e7\u00e3o de jovens talentos nacionais. Informa\u00e7\u00f5es de mercado que influenciam o planeamento da forma\u00e7\u00e3o.<\/p>\n<p>A discuss\u00e3o sobre a renova\u00e7\u00e3o de Rui Borges mant\u00e9m o foco na viabilidade econ\u00f3mica e desportiva. O tema envolve n\u00fameros em cima da mesa, com dados a serem discutidos num encontro entre o presidente Varandas e a dire\u00e7\u00e3o t\u00e9cnica, ap\u00f3s um jantar que ficou associado ao desfecho do processo.<\/p>\n<p>A pondera\u00e7\u00e3o sobre o futuro de Otamendi, que poder\u00e1 sair para o River Plate, \u00e9 apontada como fator que pode influenciar o Benfica e as suas decis\u00f5es em rela\u00e7\u00e3o a Ant\u00f3nio Silva e Tom\u00e1s Ara\u00fajo, destacando a sensibilidade do mercado de centrais no imediato. A not\u00edcia acompanha o desdobrar de negocia\u00e7\u00f5es entre clubes.<\/p>\n<p>A situa\u00e7\u00e3o de Rui Borges com o Sporting ficar\u00e1 dependente das conversas entre dire\u00e7\u00e3o e treinador, que podem avan\u00e7ar com propostas formais. O que se segue \u00e9 aguardado com foco em termos contratuais, pr\u00e9mios e projeto a m\u00e9dio prazo.<\/p>\n","protected":false},"excerpt":{"rendered":"<ul>\n<li>A renova\u00e7\u00e3o de Rui Borges com o Sporting est\u00e1 em an\u00e1lise no programa Record na Hora, incluindo um jantar com o presidente Varandas e n\u00fameros em cima da mesa.<\/li>\n<li>V\u00edtor Pinto, subdiretor do Record, apoia a renova\u00e7\u00e3o, defendendo que Ruben Amorim ficou duas vezes em quarto lugar, o que demonstra valoriza\u00e7\u00e3o do projeto.<\/li>\n<li>O programa aborda ainda a demora no caso Prestianni e a posi\u00e7\u00e3o da UEFA sobre o assunto.<\/li>\n<li>Surgem rumores sobre Hjulmand associado ao Manchester City, com refer\u00eancia a um suposto pacto de 40 milh\u00f5es entre o Sporting e o capit\u00e3o.<\/li>\n<li>H\u00e1 tamb\u00e9m not\u00edcia de que Hugo Viana quer levar Hjulmand para o Manchester City, segundo imprensa inglesa.<\/li>\n<\/ul>\n","protected":false},"author":2,"featured_media":423510,"comment_status":"closed","ping_status":"closed","sticky":false,"template":"","format":"standard","meta":{"footnotes":""},"categories":[21,24],"tags":[6568,152,32,50,4117,1652],"class_list":["post-423507","post","type-post","status-publish","format-standard","has-post-thumbnail","hentry","category-desporto","category-futebol","tag-antonio-silva","tag-desporto","tag-futebol","tag-mercado-da-bola","tag-otamendi","tag-sporting"],"yoast_head":"<!-- This site is optimized with the Yoast SEO plugin v27.2 - https:\/\/yoast.com\/product\/yoast-seo-wordpress\/ -->\n<title>Rui Borges no Sporting: renova\u00e7\u00e3o contestada ou m\u00e9rito t\u00e9cnico? - Portal Tela Portugal<\/title>\n<meta name=\"robots\" content=\"index, follow, max-snippet:-1, max-image-preview:large, max-video-preview:-1\" \/>\n<meta property=\"og:locale\" content=\"pt_PT\" \/>\n<meta property=\"og:type\" content=\"article\" \/>\n<meta property=\"og:title\" content=\"Rui Borges no Sporting: renova\u00e7\u00e3o contestada ou m\u00e9rito t\u00e9cnico? - Portal Tela Portugal\" \/>\n<meta property=\"og:description\" content=\"A renova\u00e7\u00e3o de Rui Borges com o Sporting est\u00e1 em an\u00e1lise no programa Record na Hora, incluindo um jantar com o presidente Varandas e n\u00fameros em cima da mesa. V\u00edtor Pinto, subdiretor do Record, apoia a renova\u00e7\u00e3o, defendendo que Ruben Amorim ficou duas vezes em quarto lugar, o que demonstra valoriza\u00e7\u00e3o do projeto. O programa aborda ainda a demora no caso Prestianni e a posi\u00e7\u00e3o da UEFA sobre o assunto. Surgem rumores sobre Hjulmand associado ao Manchester City, com refer\u00eancia a um suposto pacto de 40 milh\u00f5es entre o Sporting e o capit\u00e3o. H\u00e1 tamb\u00e9m not\u00edcia de que Hugo Viana quer levar Hjulmand para o Manchester City, segundo imprensa inglesa.\" \/>\n<meta property=\"og:url\" content=\"https:\/\/portaltela.pt\/noticias\/2026\/03\/27\/rui-borges-no-sporting-renovacao-contestada-ou-merito-tecnico\/\" \/>\n<meta property=\"og:site_name\" content=\"Portal Tela Portugal\" \/>\n<meta property=\"article:published_time\" content=\"2026-03-27T11:08:00+00:00\" \/>\n<meta name=\"author\" content=\"Telinha\" \/>\n<meta name=\"twitter:card\" content=\"summary_large_image\" \/>\n<meta name=\"twitter:label1\" content=\"Escrito por\" \/>\n\t<meta name=\"twitter:data1\" content=\"Telinha\" \/>\n\t<meta name=\"twitter:label2\" content=\"Tempo estimado de leitura\" \/>\n\t<meta name=\"twitter:data2\" content=\"2 minutos\" \/>\n<script type=\"application\/ld+json\" class=\"yoast-schema-graph\">{\"@context\":\"https:\/\/schema.org\",\"@graph\":[{\"@type\":\"Article\",\"@id\":\"https:\/\/portaltela.pt\/noticias\/2026\/03\/27\/rui-borges-no-sporting-renovacao-contestada-ou-merito-tecnico\/#article\",\"isPartOf\":{\"@id\":\"https:\/\/portaltela.pt\/noticias\/2026\/03\/27\/rui-borges-no-sporting-renovacao-contestada-ou-merito-tecnico\/\"},\"author\":{\"name\":\"Telinha\",\"@id\":\"https:\/\/portaltela.pt\/#\/schema\/person\/c4278d4a6028830caff9ee44b42d32ed\"},\"headline\":\"Rui Borges no Sporting: renova\u00e7\u00e3o contestada ou m\u00e9rito t\u00e9cnico?\",\"datePublished\":\"2026-03-27T11:08:00+00:00\",\"mainEntityOfPage\":{\"@id\":\"https:\/\/portaltela.pt\/noticias\/2026\/03\/27\/rui-borges-no-sporting-renovacao-contestada-ou-merito-tecnico\/\"},\"wordCount\":505,\"image\":{\"@id\":\"https:\/\/portaltela.pt\/noticias\/2026\/03\/27\/rui-borges-no-sporting-renovacao-contestada-ou-merito-tecnico\/#primaryimage\"},\"thumbnailUrl\":\"https:\/\/portaltela.pt\/s.01k8rhncp4jt1\/2026\/03\/img_1200x721uu2026-03-26-23-16-18-2429607.jpg\",\"keywords\":[\"Ant\u00f3nio Silva\",\"desporto\",\"futebol\",\"mercado da bola\",\"Otamendi\",\"Sporting\"],\"articleSection\":[\"Desporto\",\"Futebol\"],\"inLanguage\":\"pt-PT\"},{\"@type\":\"WebPage\",\"@id\":\"https:\/\/portaltela.pt\/noticias\/2026\/03\/27\/rui-borges-no-sporting-renovacao-contestada-ou-merito-tecnico\/\",\"url\":\"https:\/\/portaltela.pt\/noticias\/2026\/03\/27\/rui-borges-no-sporting-renovacao-contestada-ou-merito-tecnico\/\",\"name\":\"Rui Borges no Sporting: renova\u00e7\u00e3o contestada ou m\u00e9rito t\u00e9cnico? - Portal Tela Portugal\",\"isPartOf\":{\"@id\":\"https:\/\/portaltela.pt\/#website\"},\"primaryImageOfPage\":{\"@id\":\"https:\/\/portaltela.pt\/noticias\/2026\/03\/27\/rui-borges-no-sporting-renovacao-contestada-ou-merito-tecnico\/#primaryimage\"},\"image\":{\"@id\":\"https:\/\/portaltela.pt\/noticias\/2026\/03\/27\/rui-borges-no-sporting-renovacao-contestada-ou-merito-tecnico\/#primaryimage\"},\"thumbnailUrl\":\"https:\/\/portaltela.pt\/s.01k8rhncp4jt1\/2026\/03\/img_1200x721uu2026-03-26-23-16-18-2429607.jpg\",\"datePublished\":\"2026-03-27T11:08:00+00:00\",\"author\":{\"@id\":\"https:\/\/portaltela.pt\/#\/schema\/person\/c4278d4a6028830caff9ee44b42d32ed\"},\"breadcrumb\":{\"@id\":\"https:\/\/portaltela.pt\/noticias\/2026\/03\/27\/rui-borges-no-sporting-renovacao-contestada-ou-merito-tecnico\/#breadcrumb\"},\"inLanguage\":\"pt-PT\",\"potentialAction\":[{\"@type\":\"ReadAction\",\"target\":[\"https:\/\/portaltela.pt\/noticias\/2026\/03\/27\/rui-borges-no-sporting-renovacao-contestada-ou-merito-tecnico\/\"]}]},{\"@type\":\"ImageObject\",\"inLanguage\":\"pt-PT\",\"@id\":\"https:\/\/portaltela.pt\/noticias\/2026\/03\/27\/rui-borges-no-sporting-renovacao-contestada-ou-merito-tecnico\/#primaryimage\",\"url\":\"https:\/\/portaltela.pt\/s.01k8rhncp4jt1\/2026\/03\/img_1200x721uu2026-03-26-23-16-18-2429607.jpg\",\"contentUrl\":\"https:\/\/portaltela.pt\/s.01k8rhncp4jt1\/2026\/03\/img_1200x721uu2026-03-26-23-16-18-2429607.jpg\",\"width\":796,\"height\":448,\"caption\":\"V\u00edtor Pinto, Lu\u00eds Pedro Sousa e Jos\u00e9 Manuel Freitas em declara\u00e7\u00f5es no programa 'Record na Hora' no Now\"},{\"@type\":\"BreadcrumbList\",\"@id\":\"https:\/\/portaltela.pt\/noticias\/2026\/03\/27\/rui-borges-no-sporting-renovacao-contestada-ou-merito-tecnico\/#breadcrumb\",\"itemListElement\":[{\"@type\":\"ListItem\",\"position\":1,\"name\":\"In\u00edcio\",\"item\":\"https:\/\/portaltela.pt\/\"},{\"@type\":\"ListItem\",\"position\":2,\"name\":\"Rui Borges no Sporting: renova\u00e7\u00e3o contestada ou m\u00e9rito t\u00e9cnico?\"}]},{\"@type\":\"WebSite\",\"@id\":\"https:\/\/portaltela.pt\/#website\",\"url\":\"https:\/\/portaltela.pt\/\",\"name\":\"Portal Tela Portugal\",\"description\":\"\",\"potentialAction\":[{\"@type\":\"SearchAction\",\"target\":{\"@type\":\"EntryPoint\",\"urlTemplate\":\"https:\/\/portaltela.pt\/?s={search_term_string}\"},\"query-input\":{\"@type\":\"PropertyValueSpecification\",\"valueRequired\":true,\"valueName\":\"search_term_string\"}}],\"inLanguage\":\"pt-PT\"},{\"@type\":\"Person\",\"@id\":\"https:\/\/portaltela.pt\/#\/schema\/person\/c4278d4a6028830caff9ee44b42d32ed\",\"name\":\"Telinha\",\"image\":{\"@type\":\"ImageObject\",\"inLanguage\":\"pt-PT\",\"@id\":\"https:\/\/portaltela.pt\/s.01k8rhncp4jt1\/2025\/11\/talking-bot-125x125.png\",\"url\":\"https:\/\/portaltela.pt\/s.01k8rhncp4jt1\/2025\/11\/talking-bot-125x125.png\",\"contentUrl\":\"https:\/\/portaltela.pt\/s.01k8rhncp4jt1\/2025\/11\/talking-bot-125x125.png\",\"caption\":\"Telinha\"},\"sameAs\":[\"https:\/\/portaltela.pt\/\"],\"url\":\"https:\/\/portaltela.pt\/por\/367410592786\/\"}]}<\/script>\n<!-- \/ Yoast SEO plugin. -->","yoast_head_json":{"title":"Rui Borges no Sporting: renova\u00e7\u00e3o contestada ou m\u00e9rito t\u00e9cnico? - Portal Tela Portugal","robots":{"index":"index","follow":"follow","max-snippet":"max-snippet:-1","max-image-preview":"max-image-preview:large","max-video-preview":"max-video-preview:-1"},"og_locale":"pt_PT","og_type":"article","og_title":"Rui Borges no Sporting: renova\u00e7\u00e3o contestada ou m\u00e9rito t\u00e9cnico? - Portal Tela Portugal","og_description":"A renova\u00e7\u00e3o de Rui Borges com o Sporting est\u00e1 em an\u00e1lise no programa Record na Hora, incluindo um jantar com o presidente Varandas e n\u00fameros em cima da mesa. V\u00edtor Pinto, subdiretor do Record, apoia a renova\u00e7\u00e3o, defendendo que Ruben Amorim ficou duas vezes em quarto lugar, o que demonstra valoriza\u00e7\u00e3o do projeto. O programa aborda ainda a demora no caso Prestianni e a posi\u00e7\u00e3o da UEFA sobre o assunto. Surgem rumores sobre Hjulmand associado ao Manchester City, com refer\u00eancia a um suposto pacto de 40 milh\u00f5es entre o Sporting e o capit\u00e3o. H\u00e1 tamb\u00e9m not\u00edcia de que Hugo Viana quer levar Hjulmand para o Manchester City, segundo imprensa inglesa.","og_url":"https:\/\/portaltela.pt\/noticias\/2026\/03\/27\/rui-borges-no-sporting-renovacao-contestada-ou-merito-tecnico\/","og_site_name":"Portal Tela Portugal","article_published_time":"2026-03-27T11:08:00+00:00","author":"Telinha","twitter_card":"summary_large_image","twitter_misc":{"Escrito por":"Telinha","Tempo estimado de leitura":"2 minutos"},"schema":{"@context":"https:\/\/schema.org","@graph":[{"@type":"Article","@id":"https:\/\/portaltela.pt\/noticias\/2026\/03\/27\/rui-borges-no-sporting-renovacao-contestada-ou-merito-tecnico\/#article","isPartOf":{"@id":"https:\/\/portaltela.pt\/noticias\/2026\/03\/27\/rui-borges-no-sporting-renovacao-contestada-ou-merito-tecnico\/"},"author":{"name":"Telinha","@id":"https:\/\/portaltela.pt\/#\/schema\/person\/c4278d4a6028830caff9ee44b42d32ed"},"headline":"Rui Borges no Sporting: renova\u00e7\u00e3o contestada ou m\u00e9rito t\u00e9cnico?","datePublished":"2026-03-27T11:08:00+00:00","mainEntityOfPage":{"@id":"https:\/\/portaltela.pt\/noticias\/2026\/03\/27\/rui-borges-no-sporting-renovacao-contestada-ou-merito-tecnico\/"},"wordCount":505,"image":{"@id":"https:\/\/portaltela.pt\/noticias\/2026\/03\/27\/rui-borges-no-sporting-renovacao-contestada-ou-merito-tecnico\/#primaryimage"},"thumbnailUrl":"https:\/\/portaltela.pt\/s.01k8rhncp4jt1\/2026\/03\/img_1200x721uu2026-03-26-23-16-18-2429607.jpg","keywords":["Ant\u00f3nio Silva","desporto","futebol","mercado da bola","Otamendi","Sporting"],"articleSection":["Desporto","Futebol"],"inLanguage":"pt-PT"},{"@type":"WebPage","@id":"https:\/\/portaltela.pt\/noticias\/2026\/03\/27\/rui-borges-no-sporting-renovacao-contestada-ou-merito-tecnico\/","url":"https:\/\/portaltela.pt\/noticias\/2026\/03\/27\/rui-borges-no-sporting-renovacao-contestada-ou-merito-tecnico\/","name":"Rui Borges no Sporting: renova\u00e7\u00e3o contestada ou m\u00e9rito t\u00e9cnico? - Portal Tela Portugal","isPartOf":{"@id":"https:\/\/portaltela.pt\/#website"},"primaryImageOfPage":{"@id":"https:\/\/portaltela.pt\/noticias\/2026\/03\/27\/rui-borges-no-sporting-renovacao-contestada-ou-merito-tecnico\/#primaryimage"},"image":{"@id":"https:\/\/portaltela.pt\/noticias\/2026\/03\/27\/rui-borges-no-sporting-renovacao-contestada-ou-merito-tecnico\/#primaryimage"},"thumbnailUrl":"https:\/\/portaltela.pt\/s.01k8rhncp4jt1\/2026\/03\/img_1200x721uu2026-03-26-23-16-18-2429607.jpg","datePublished":"2026-03-27T11:08:00+00:00","author":{"@id":"https:\/\/portaltela.pt\/#\/schema\/person\/c4278d4a6028830caff9ee44b42d32ed"},"breadcrumb":{"@id":"https:\/\/portaltela.pt\/noticias\/2026\/03\/27\/rui-borges-no-sporting-renovacao-contestada-ou-merito-tecnico\/#breadcrumb"},"inLanguage":"pt-PT","potentialAction":[{"@type":"ReadAction","target":["https:\/\/portaltela.pt\/noticias\/2026\/03\/27\/rui-borges-no-sporting-renovacao-contestada-ou-merito-tecnico\/"]}]},{"@type":"ImageObject","inLanguage":"pt-PT","@id":"https:\/\/portaltela.pt\/noticias\/2026\/03\/27\/rui-borges-no-sporting-renovacao-contestada-ou-merito-tecnico\/#primaryimage","url":"https:\/\/portaltela.pt\/s.01k8rhncp4jt1\/2026\/03\/img_1200x721uu2026-03-26-23-16-18-2429607.jpg","contentUrl":"https:\/\/portaltela.pt\/s.01k8rhncp4jt1\/2026\/03\/img_1200x721uu2026-03-26-23-16-18-2429607.jpg","width":796,"height":448,"caption":"V\u00edtor Pinto, Lu\u00eds Pedro Sousa e Jos\u00e9 Manuel Freitas em declara\u00e7\u00f5es no programa 'Record na Hora' no Now"},{"@type":"BreadcrumbList","@id":"https:\/\/portaltela.pt\/noticias\/2026\/03\/27\/rui-borges-no-sporting-renovacao-contestada-ou-merito-tecnico\/#breadcrumb","itemListElement":[{"@type":"ListItem","position":1,"name":"In\u00edcio","item":"https:\/\/portaltela.pt\/"},{"@type":"ListItem","position":2,"name":"Rui Borges no Sporting: renova\u00e7\u00e3o contestada ou m\u00e9rito t\u00e9cnico?"}]},{"@type":"WebSite","@id":"https:\/\/portaltela.pt\/#website","url":"https:\/\/portaltela.pt\/","name":"Portal Tela Portugal","description":"","potentialAction":[{"@type":"SearchAction","target":{"@type":"EntryPoint","urlTemplate":"https:\/\/portaltela.pt\/?s={search_term_string}"},"query-input":{"@type":"PropertyValueSpecification","valueRequired":true,"valueName":"search_term_string"}}],"inLanguage":"pt-PT"},{"@type":"Person","@id":"https:\/\/portaltela.pt\/#\/schema\/person\/c4278d4a6028830caff9ee44b42d32ed","name":"Telinha","image":{"@type":"ImageObject","inLanguage":"pt-PT","@id":"https:\/\/portaltela.pt\/s.01k8rhncp4jt1\/2025\/11\/talking-bot-125x125.png","url":"https:\/\/portaltela.pt\/s.01k8rhncp4jt1\/2025\/11\/talking-bot-125x125.png","contentUrl":"https:\/\/portaltela.pt\/s.01k8rhncp4jt1\/2025\/11\/talking-bot-125x125.png","caption":"Telinha"},"sameAs":["https:\/\/portaltela.pt\/"],"url":"https:\/\/portaltela.pt\/por\/367410592786\/"}]}},"_links":{"self":[{"href":"https:\/\/portaltela.pt\/api\/wp\/v2\/posts\/423507","targetHints":{"allow":["GET"]}}],"collection":[{"href":"https:\/\/portaltela.pt\/api\/wp\/v2\/posts"}],"about":[{"href":"https:\/\/portaltela.pt\/api\/wp\/v2\/types\/post"}],"author":[{"embeddable":true,"href":"https:\/\/portaltela.pt\/api\/wp\/v2\/users\/2"}],"replies":[{"embeddable":true,"href":"https:\/\/portaltela.pt\/api\/wp\/v2\/comments?post=423507"}],"version-history":[{"count":0,"href":"https:\/\/portaltela.pt\/api\/wp\/v2\/posts\/423507\/revisions"}],"wp:featuredmedia":[{"embeddable":true,"href":"https:\/\/portaltela.pt\/api\/wp\/v2\/media\/423510"}],"wp:attachment":[{"href":"https:\/\/portaltela.pt\/api\/wp\/v2\/media?parent=423507"}],"wp:term":[{"taxonomy":"category","embeddable":true,"href":"https:\/\/portaltela.pt\/api\/wp\/v2\/categories?post=423507"},{"taxonomy":"post_tag","embeddable":true,"href":"https:\/\/portaltela.pt\/api\/wp\/v2\/tags?post=423507"}],"curies":[{"name":"wp","href":"https:\/\/api.w.org\/{rel}","templated":true}]}}