{"id":423492,"date":"2026-03-27T08:02:52","date_gmt":"2026-03-27T11:02:52","guid":{"rendered":"https:\/\/portaltela.pt\/noticias\/2026\/03\/27\/espanha-inflacao-sobe-para-33-com-guerra-no-irao-a-encarecer-energia\/"},"modified":"2026-03-27T08:02:52","modified_gmt":"2026-03-27T11:02:52","slug":"espanha-inflacao-sobe-para-33-com-guerra-no-irao-a-encarecer-energia","status":"publish","type":"post","link":"https:\/\/portaltela.pt\/noticias\/economia\/2026\/03\/27\/espanha-inflacao-sobe-para-33-com-guerra-no-irao-a-encarecer-energia\/","title":{"rendered":"Espanha: infla\u00e7\u00e3o sobe para 3,3% com guerra no Ir\u00e3o a encarecer energia"},"content":{"rendered":"<p>A infla\u00e7\u00e3o em Espanha acelerou para 3,3% em mar\u00e7o, a maior desde 2024, segundo dados preliminares do Instituto Nacional de Estat\u00edstica (INE). O aumento compara com 2,3% em fevereiro e deve-se principalmente aos pre\u00e7os da energia e combust\u00edveis. A guerra no Ir\u00e3o contribui para a volatilidade nos mercados, refletindo-se nos agregados familiares e nas empresas.<\/p>\n<p>O INE aponta como principal fator a subida acentuada dos pre\u00e7os dos combust\u00edveis e lubrificantes para ve\u00edculos particulares. A infla\u00e7\u00e3o hom\u00f3loga de mar\u00e7o sinaliza uma invers\u00e3o da recente trajet\u00f3ria de arrefecimento dos pre\u00e7os em Espanha, em linha com a instabilidade energ\u00e9tica global.<\/p>\n<h3>Governo aprova pacote de apoio de 5 mil milh\u00f5es de euros<\/h3>\n<p>Em 20 de mar\u00e7o, o executivo de Pedro S\u00e1nchez aprovou um pacote de emerg\u00eancia de 5 mil milh\u00f5es de euros, com 80 medidas para mitigar o impacto econ\u00f3mico da guerra no Ir\u00e3o. O plano inclui redu\u00e7\u00f5es de IVA em faturas de energia e apoios diretos aos pre\u00e7os dos combust\u00edveis.<\/p>\n<p>As medidas visam proteger fam\u00edlias e empresas vulner\u00e1veis, j\u00e1 que o aumento dos custos de combust\u00edvel e energia se reflete nos transportes e na alimenta\u00e7\u00e3o. Analistas indicam que press\u00f5es nas cadeias de abastecimento podem intensificar se o conflito persistir.<\/p>\n<h3>Zona euro: impacto e pr\u00f3ximos passos<\/h3>\n<p>Os dados de Espanha aumentam as preocupa\u00e7\u00f5es no Banco Central Europeu (BCE) quanto ao efeito mais alargado da subida dos pre\u00e7os da energia. O BCE acompanha de perto o comportamento da infla\u00e7\u00e3o na zona euro e os pr\u00f3ximos passos de pol\u00edtica monet\u00e1ria.<\/p>\n<p>A presidente do BCE, Christine Lagarde, indicou numa entrevista que os mercados podem estar demasiado otimistas quanto ao impacto do conflito. O BCE manteve as taxas na \u00faltima reuni\u00e3o, mas h\u00e1 apostas de aumentos na pr\u00f3xima reuni\u00e3o.<\/p>\n","protected":false},"excerpt":{"rendered":"<ul>\n<li>A infla\u00e7\u00e3o em Espanha acelerou para 3,3% em mar\u00e7o, a taxa hom\u00f3loga mais alta desde 2024, impulsionada pela energia devido ao conflito com o Ir\u00e3o, segundo estimativas r\u00e1pidas do Instituto Nacional de Estat\u00edstica (INE).<\/li>\n<li>O INE aponta que o principal contributo veio da subida dos pre\u00e7os dos combust\u00edveis e lubrificantes para ve\u00edculos particulares.<\/li>\n<li>O governo aprovou, a 20 de mar\u00e7o, um pacote de emerg\u00eancia de cinco mil milh\u00f5es de euros com 80 medidas para proteger fam\u00edlias e empresas dos impactos da guerra no Ir\u00e3o.<\/li>\n<li>O aumento dos custos de energia e combust\u00edveis j\u00e1 se reflecte em transportes e alimentos, podendo anular parte dos ganhos salariais reais.<\/li>\n<li>As autoridades da zona euro acompanham os sinais de aperto dos pre\u00e7os de energia; o Banco Central Europeu aguarda a primeira leitura da infla\u00e7\u00e3o na regi\u00e3o e investidores monitorizam os passos de pol\u00edtica monet\u00e1ria.<\/li>\n<\/ul>\n","protected":false},"author":2,"featured_media":423494,"comment_status":"closed","ping_status":"closed","sticky":false,"template":"","format":"standard","meta":{"footnotes":""},"categories":[2,6850],"tags":[6115,5397,28,174,2487,7291],"class_list":["post-423492","post","type-post","status-publish","format-standard","has-post-thumbnail","hentry","category-economia","category-financas","tag-_economia","tag-banco-central-europeu","tag-economia","tag-energia","tag-europa","tag-inflaccao"],"yoast_head":"<!-- This site is optimized with the Yoast SEO plugin v27.2 - https:\/\/yoast.com\/product\/yoast-seo-wordpress\/ -->\n<title>Espanha: infla\u00e7\u00e3o sobe para 3,3% com guerra no Ir\u00e3o a encarecer energia - Portal Tela Portugal<\/title>\n<meta name=\"robots\" content=\"index, follow, max-snippet:-1, max-image-preview:large, max-video-preview:-1\" \/>\n<meta property=\"og:locale\" content=\"pt_PT\" \/>\n<meta property=\"og:type\" content=\"article\" \/>\n<meta property=\"og:title\" content=\"Espanha: infla\u00e7\u00e3o sobe para 3,3% com guerra no Ir\u00e3o a encarecer energia - Portal Tela Portugal\" \/>\n<meta property=\"og:description\" content=\"A infla\u00e7\u00e3o em Espanha acelerou para 3,3% em mar\u00e7o, a taxa hom\u00f3loga mais alta desde 2024, impulsionada pela energia devido ao conflito com o Ir\u00e3o, segundo estimativas r\u00e1pidas do Instituto Nacional de Estat\u00edstica (INE). O INE aponta que o principal contributo veio da subida dos pre\u00e7os dos combust\u00edveis e lubrificantes para ve\u00edculos particulares. O governo aprovou, a 20 de mar\u00e7o, um pacote de emerg\u00eancia de cinco mil milh\u00f5es de euros com 80 medidas para proteger fam\u00edlias e empresas dos impactos da guerra no Ir\u00e3o. O aumento dos custos de energia e combust\u00edveis j\u00e1 se reflecte em transportes e alimentos, podendo anular parte dos ganhos salariais reais. As autoridades da zona euro acompanham os sinais de aperto dos pre\u00e7os de energia; o Banco Central Europeu aguarda a primeira leitura da infla\u00e7\u00e3o na regi\u00e3o e investidores monitorizam os passos de pol\u00edtica monet\u00e1ria.\" \/>\n<meta property=\"og:url\" content=\"https:\/\/portaltela.pt\/noticias\/2026\/03\/27\/espanha-inflacao-sobe-para-33-com-guerra-no-irao-a-encarecer-energia\/\" \/>\n<meta property=\"og:site_name\" content=\"Portal Tela Portugal\" \/>\n<meta property=\"article:published_time\" content=\"2026-03-27T11:02:52+00:00\" \/>\n<meta name=\"author\" content=\"Telinha\" \/>\n<meta name=\"twitter:card\" content=\"summary_large_image\" \/>\n<meta name=\"twitter:label1\" content=\"Escrito por\" \/>\n\t<meta name=\"twitter:data1\" content=\"Telinha\" \/>\n\t<meta name=\"twitter:label2\" content=\"Tempo estimado de leitura\" \/>\n\t<meta name=\"twitter:data2\" content=\"2 minutos\" \/>\n<script type=\"application\/ld+json\" class=\"yoast-schema-graph\">{\"@context\":\"https:\/\/schema.org\",\"@graph\":[{\"@type\":\"Article\",\"@id\":\"https:\/\/portaltela.pt\/noticias\/2026\/03\/27\/espanha-inflacao-sobe-para-33-com-guerra-no-irao-a-encarecer-energia\/#article\",\"isPartOf\":{\"@id\":\"https:\/\/portaltela.pt\/noticias\/2026\/03\/27\/espanha-inflacao-sobe-para-33-com-guerra-no-irao-a-encarecer-energia\/\"},\"author\":{\"name\":\"Telinha\",\"@id\":\"https:\/\/portaltela.pt\/#\/schema\/person\/c4278d4a6028830caff9ee44b42d32ed\"},\"headline\":\"Espanha: infla\u00e7\u00e3o sobe para 3,3% com guerra no Ir\u00e3o a encarecer energia\",\"datePublished\":\"2026-03-27T11:02:52+00:00\",\"mainEntityOfPage\":{\"@id\":\"https:\/\/portaltela.pt\/noticias\/2026\/03\/27\/espanha-inflacao-sobe-para-33-com-guerra-no-irao-a-encarecer-energia\/\"},\"wordCount\":328,\"image\":{\"@id\":\"https:\/\/portaltela.pt\/noticias\/2026\/03\/27\/espanha-inflacao-sobe-para-33-com-guerra-no-irao-a-encarecer-energia\/#primaryimage\"},\"thumbnailUrl\":\"https:\/\/portaltela.pt\/s.01k8rhncp4jt1\/2026\/03\/1536x864_cmsv2_2007cd87-5ff7-5519-89b9-46a240e5362d-9700655.jpg\",\"keywords\":[\"_economia\",\"Banco Central Europeu\",\"economia\",\"energia\",\"Europa\",\"inflac\u00e7\u00e3o\"],\"articleSection\":[\"Economia\",\"Finan\u00e7as\"],\"inLanguage\":\"pt-PT\"},{\"@type\":\"WebPage\",\"@id\":\"https:\/\/portaltela.pt\/noticias\/2026\/03\/27\/espanha-inflacao-sobe-para-33-com-guerra-no-irao-a-encarecer-energia\/\",\"url\":\"https:\/\/portaltela.pt\/noticias\/2026\/03\/27\/espanha-inflacao-sobe-para-33-com-guerra-no-irao-a-encarecer-energia\/\",\"name\":\"Espanha: infla\u00e7\u00e3o sobe para 3,3% com guerra no Ir\u00e3o a encarecer energia - Portal Tela Portugal\",\"isPartOf\":{\"@id\":\"https:\/\/portaltela.pt\/#website\"},\"primaryImageOfPage\":{\"@id\":\"https:\/\/portaltela.pt\/noticias\/2026\/03\/27\/espanha-inflacao-sobe-para-33-com-guerra-no-irao-a-encarecer-energia\/#primaryimage\"},\"image\":{\"@id\":\"https:\/\/portaltela.pt\/noticias\/2026\/03\/27\/espanha-inflacao-sobe-para-33-com-guerra-no-irao-a-encarecer-energia\/#primaryimage\"},\"thumbnailUrl\":\"https:\/\/portaltela.pt\/s.01k8rhncp4jt1\/2026\/03\/1536x864_cmsv2_2007cd87-5ff7-5519-89b9-46a240e5362d-9700655.jpg\",\"datePublished\":\"2026-03-27T11:02:52+00:00\",\"author\":{\"@id\":\"https:\/\/portaltela.pt\/#\/schema\/person\/c4278d4a6028830caff9ee44b42d32ed\"},\"breadcrumb\":{\"@id\":\"https:\/\/portaltela.pt\/noticias\/2026\/03\/27\/espanha-inflacao-sobe-para-33-com-guerra-no-irao-a-encarecer-energia\/#breadcrumb\"},\"inLanguage\":\"pt-PT\",\"potentialAction\":[{\"@type\":\"ReadAction\",\"target\":[\"https:\/\/portaltela.pt\/noticias\/2026\/03\/27\/espanha-inflacao-sobe-para-33-com-guerra-no-irao-a-encarecer-energia\/\"]}]},{\"@type\":\"ImageObject\",\"inLanguage\":\"pt-PT\",\"@id\":\"https:\/\/portaltela.pt\/noticias\/2026\/03\/27\/espanha-inflacao-sobe-para-33-com-guerra-no-irao-a-encarecer-energia\/#primaryimage\",\"url\":\"https:\/\/portaltela.pt\/s.01k8rhncp4jt1\/2026\/03\/1536x864_cmsv2_2007cd87-5ff7-5519-89b9-46a240e5362d-9700655.jpg\",\"contentUrl\":\"https:\/\/portaltela.pt\/s.01k8rhncp4jt1\/2026\/03\/1536x864_cmsv2_2007cd87-5ff7-5519-89b9-46a240e5362d-9700655.jpg\",\"width\":796,\"height\":448,\"caption\":\"ARQUIVO. A bandeira de Espanha hasteada em Madrid, out. 2020\"},{\"@type\":\"BreadcrumbList\",\"@id\":\"https:\/\/portaltela.pt\/noticias\/2026\/03\/27\/espanha-inflacao-sobe-para-33-com-guerra-no-irao-a-encarecer-energia\/#breadcrumb\",\"itemListElement\":[{\"@type\":\"ListItem\",\"position\":1,\"name\":\"In\u00edcio\",\"item\":\"https:\/\/portaltela.pt\/\"},{\"@type\":\"ListItem\",\"position\":2,\"name\":\"Espanha: infla\u00e7\u00e3o sobe para 3,3% com guerra no Ir\u00e3o a encarecer energia\"}]},{\"@type\":\"WebSite\",\"@id\":\"https:\/\/portaltela.pt\/#website\",\"url\":\"https:\/\/portaltela.pt\/\",\"name\":\"Portal Tela Portugal\",\"description\":\"\",\"potentialAction\":[{\"@type\":\"SearchAction\",\"target\":{\"@type\":\"EntryPoint\",\"urlTemplate\":\"https:\/\/portaltela.pt\/?s={search_term_string}\"},\"query-input\":{\"@type\":\"PropertyValueSpecification\",\"valueRequired\":true,\"valueName\":\"search_term_string\"}}],\"inLanguage\":\"pt-PT\"},{\"@type\":\"Person\",\"@id\":\"https:\/\/portaltela.pt\/#\/schema\/person\/c4278d4a6028830caff9ee44b42d32ed\",\"name\":\"Telinha\",\"image\":{\"@type\":\"ImageObject\",\"inLanguage\":\"pt-PT\",\"@id\":\"https:\/\/portaltela.pt\/s.01k8rhncp4jt1\/2025\/11\/talking-bot-125x125.png\",\"url\":\"https:\/\/portaltela.pt\/s.01k8rhncp4jt1\/2025\/11\/talking-bot-125x125.png\",\"contentUrl\":\"https:\/\/portaltela.pt\/s.01k8rhncp4jt1\/2025\/11\/talking-bot-125x125.png\",\"caption\":\"Telinha\"},\"sameAs\":[\"https:\/\/portaltela.pt\/\"],\"url\":\"https:\/\/portaltela.pt\/por\/367410592786\/\"}]}<\/script>\n<!-- \/ Yoast SEO plugin. -->","yoast_head_json":{"title":"Espanha: infla\u00e7\u00e3o sobe para 3,3% com guerra no Ir\u00e3o a encarecer energia - Portal Tela Portugal","robots":{"index":"index","follow":"follow","max-snippet":"max-snippet:-1","max-image-preview":"max-image-preview:large","max-video-preview":"max-video-preview:-1"},"og_locale":"pt_PT","og_type":"article","og_title":"Espanha: infla\u00e7\u00e3o sobe para 3,3% com guerra no Ir\u00e3o a encarecer energia - Portal Tela Portugal","og_description":"A infla\u00e7\u00e3o em Espanha acelerou para 3,3% em mar\u00e7o, a taxa hom\u00f3loga mais alta desde 2024, impulsionada pela energia devido ao conflito com o Ir\u00e3o, segundo estimativas r\u00e1pidas do Instituto Nacional de Estat\u00edstica (INE). O INE aponta que o principal contributo veio da subida dos pre\u00e7os dos combust\u00edveis e lubrificantes para ve\u00edculos particulares. O governo aprovou, a 20 de mar\u00e7o, um pacote de emerg\u00eancia de cinco mil milh\u00f5es de euros com 80 medidas para proteger fam\u00edlias e empresas dos impactos da guerra no Ir\u00e3o. O aumento dos custos de energia e combust\u00edveis j\u00e1 se reflecte em transportes e alimentos, podendo anular parte dos ganhos salariais reais. As autoridades da zona euro acompanham os sinais de aperto dos pre\u00e7os de energia; o Banco Central Europeu aguarda a primeira leitura da infla\u00e7\u00e3o na regi\u00e3o e investidores monitorizam os passos de pol\u00edtica monet\u00e1ria.","og_url":"https:\/\/portaltela.pt\/noticias\/2026\/03\/27\/espanha-inflacao-sobe-para-33-com-guerra-no-irao-a-encarecer-energia\/","og_site_name":"Portal Tela Portugal","article_published_time":"2026-03-27T11:02:52+00:00","author":"Telinha","twitter_card":"summary_large_image","twitter_misc":{"Escrito por":"Telinha","Tempo estimado de leitura":"2 minutos"},"schema":{"@context":"https:\/\/schema.org","@graph":[{"@type":"Article","@id":"https:\/\/portaltela.pt\/noticias\/2026\/03\/27\/espanha-inflacao-sobe-para-33-com-guerra-no-irao-a-encarecer-energia\/#article","isPartOf":{"@id":"https:\/\/portaltela.pt\/noticias\/2026\/03\/27\/espanha-inflacao-sobe-para-33-com-guerra-no-irao-a-encarecer-energia\/"},"author":{"name":"Telinha","@id":"https:\/\/portaltela.pt\/#\/schema\/person\/c4278d4a6028830caff9ee44b42d32ed"},"headline":"Espanha: infla\u00e7\u00e3o sobe para 3,3% com guerra no Ir\u00e3o a encarecer energia","datePublished":"2026-03-27T11:02:52+00:00","mainEntityOfPage":{"@id":"https:\/\/portaltela.pt\/noticias\/2026\/03\/27\/espanha-inflacao-sobe-para-33-com-guerra-no-irao-a-encarecer-energia\/"},"wordCount":328,"image":{"@id":"https:\/\/portaltela.pt\/noticias\/2026\/03\/27\/espanha-inflacao-sobe-para-33-com-guerra-no-irao-a-encarecer-energia\/#primaryimage"},"thumbnailUrl":"https:\/\/portaltela.pt\/s.01k8rhncp4jt1\/2026\/03\/1536x864_cmsv2_2007cd87-5ff7-5519-89b9-46a240e5362d-9700655.jpg","keywords":["_economia","Banco Central Europeu","economia","energia","Europa","inflac\u00e7\u00e3o"],"articleSection":["Economia","Finan\u00e7as"],"inLanguage":"pt-PT"},{"@type":"WebPage","@id":"https:\/\/portaltela.pt\/noticias\/2026\/03\/27\/espanha-inflacao-sobe-para-33-com-guerra-no-irao-a-encarecer-energia\/","url":"https:\/\/portaltela.pt\/noticias\/2026\/03\/27\/espanha-inflacao-sobe-para-33-com-guerra-no-irao-a-encarecer-energia\/","name":"Espanha: infla\u00e7\u00e3o sobe para 3,3% com guerra no Ir\u00e3o a encarecer energia - Portal Tela Portugal","isPartOf":{"@id":"https:\/\/portaltela.pt\/#website"},"primaryImageOfPage":{"@id":"https:\/\/portaltela.pt\/noticias\/2026\/03\/27\/espanha-inflacao-sobe-para-33-com-guerra-no-irao-a-encarecer-energia\/#primaryimage"},"image":{"@id":"https:\/\/portaltela.pt\/noticias\/2026\/03\/27\/espanha-inflacao-sobe-para-33-com-guerra-no-irao-a-encarecer-energia\/#primaryimage"},"thumbnailUrl":"https:\/\/portaltela.pt\/s.01k8rhncp4jt1\/2026\/03\/1536x864_cmsv2_2007cd87-5ff7-5519-89b9-46a240e5362d-9700655.jpg","datePublished":"2026-03-27T11:02:52+00:00","author":{"@id":"https:\/\/portaltela.pt\/#\/schema\/person\/c4278d4a6028830caff9ee44b42d32ed"},"breadcrumb":{"@id":"https:\/\/portaltela.pt\/noticias\/2026\/03\/27\/espanha-inflacao-sobe-para-33-com-guerra-no-irao-a-encarecer-energia\/#breadcrumb"},"inLanguage":"pt-PT","potentialAction":[{"@type":"ReadAction","target":["https:\/\/portaltela.pt\/noticias\/2026\/03\/27\/espanha-inflacao-sobe-para-33-com-guerra-no-irao-a-encarecer-energia\/"]}]},{"@type":"ImageObject","inLanguage":"pt-PT","@id":"https:\/\/portaltela.pt\/noticias\/2026\/03\/27\/espanha-inflacao-sobe-para-33-com-guerra-no-irao-a-encarecer-energia\/#primaryimage","url":"https:\/\/portaltela.pt\/s.01k8rhncp4jt1\/2026\/03\/1536x864_cmsv2_2007cd87-5ff7-5519-89b9-46a240e5362d-9700655.jpg","contentUrl":"https:\/\/portaltela.pt\/s.01k8rhncp4jt1\/2026\/03\/1536x864_cmsv2_2007cd87-5ff7-5519-89b9-46a240e5362d-9700655.jpg","width":796,"height":448,"caption":"ARQUIVO. A bandeira de Espanha hasteada em Madrid, out. 2020"},{"@type":"BreadcrumbList","@id":"https:\/\/portaltela.pt\/noticias\/2026\/03\/27\/espanha-inflacao-sobe-para-33-com-guerra-no-irao-a-encarecer-energia\/#breadcrumb","itemListElement":[{"@type":"ListItem","position":1,"name":"In\u00edcio","item":"https:\/\/portaltela.pt\/"},{"@type":"ListItem","position":2,"name":"Espanha: infla\u00e7\u00e3o sobe para 3,3% com guerra no Ir\u00e3o a encarecer energia"}]},{"@type":"WebSite","@id":"https:\/\/portaltela.pt\/#website","url":"https:\/\/portaltela.pt\/","name":"Portal Tela Portugal","description":"","potentialAction":[{"@type":"SearchAction","target":{"@type":"EntryPoint","urlTemplate":"https:\/\/portaltela.pt\/?s={search_term_string}"},"query-input":{"@type":"PropertyValueSpecification","valueRequired":true,"valueName":"search_term_string"}}],"inLanguage":"pt-PT"},{"@type":"Person","@id":"https:\/\/portaltela.pt\/#\/schema\/person\/c4278d4a6028830caff9ee44b42d32ed","name":"Telinha","image":{"@type":"ImageObject","inLanguage":"pt-PT","@id":"https:\/\/portaltela.pt\/s.01k8rhncp4jt1\/2025\/11\/talking-bot-125x125.png","url":"https:\/\/portaltela.pt\/s.01k8rhncp4jt1\/2025\/11\/talking-bot-125x125.png","contentUrl":"https:\/\/portaltela.pt\/s.01k8rhncp4jt1\/2025\/11\/talking-bot-125x125.png","caption":"Telinha"},"sameAs":["https:\/\/portaltela.pt\/"],"url":"https:\/\/portaltela.pt\/por\/367410592786\/"}]}},"_links":{"self":[{"href":"https:\/\/portaltela.pt\/api\/wp\/v2\/posts\/423492","targetHints":{"allow":["GET"]}}],"collection":[{"href":"https:\/\/portaltela.pt\/api\/wp\/v2\/posts"}],"about":[{"href":"https:\/\/portaltela.pt\/api\/wp\/v2\/types\/post"}],"author":[{"embeddable":true,"href":"https:\/\/portaltela.pt\/api\/wp\/v2\/users\/2"}],"replies":[{"embeddable":true,"href":"https:\/\/portaltela.pt\/api\/wp\/v2\/comments?post=423492"}],"version-history":[{"count":0,"href":"https:\/\/portaltela.pt\/api\/wp\/v2\/posts\/423492\/revisions"}],"wp:featuredmedia":[{"embeddable":true,"href":"https:\/\/portaltela.pt\/api\/wp\/v2\/media\/423494"}],"wp:attachment":[{"href":"https:\/\/portaltela.pt\/api\/wp\/v2\/media?parent=423492"}],"wp:term":[{"taxonomy":"category","embeddable":true,"href":"https:\/\/portaltela.pt\/api\/wp\/v2\/categories?post=423492"},{"taxonomy":"post_tag","embeddable":true,"href":"https:\/\/portaltela.pt\/api\/wp\/v2\/tags?post=423492"}],"curies":[{"name":"wp","href":"https:\/\/api.w.org\/{rel}","templated":true}]}}