{"id":423484,"date":"2026-03-27T07:52:05","date_gmt":"2026-03-27T10:52:05","guid":{"rendered":"https:\/\/portaltela.pt\/noticias\/2026\/03\/27\/antiga-procuradora-coordenadora-de-leiria-e-coimbra-julgada-por-prevaricacao\/"},"modified":"2026-03-27T07:52:05","modified_gmt":"2026-03-27T10:52:05","slug":"antiga-procuradora-coordenadora-de-leiria-e-coimbra-julgada-por-prevaricacao","status":"publish","type":"post","link":"https:\/\/portaltela.pt\/noticias\/2026\/03\/27\/antiga-procuradora-coordenadora-de-leiria-e-coimbra-julgada-por-prevaricacao\/","title":{"rendered":"Antiga procuradora coordenadora de Leiria e Coimbra julgada por prevarica\u00e7\u00e3o"},"content":{"rendered":"<p>Uma antiga procuradora coordenadora das comarcas de Leiria e Coimbra est\u00e1 a ser julgada por prevarica\u00e7\u00e3o. O processo envolve alegados atrasos significativos na prola\u00e7\u00e3o de despachos, reten\u00e7\u00e3o indevida de autos e uso de expedientes para contornar mecanismos de escrut\u00ednio interno e hier\u00e1rquico.<\/p>\n<p>Os factos, segundo a acusa\u00e7\u00e3o, ocorreram durante o exerc\u00edcio de fun\u00e7\u00f5es no \u00e2mbito das comarcas de Leiria e Coimbra. A defesa sustenta que as a\u00e7\u00f5es n\u00e3o configuram prevarica\u00e7\u00e3o, defendendo interpreta\u00e7\u00f5es jur\u00eddicas distintas dos prazos e procedimentos.<\/p>\n<p>O julgamento incidiu sobre condutas que teriam impactado a tramita\u00e7\u00e3o de processos, com alegada utiliza\u00e7\u00e3o de expedientes para contornar controles internos. A acusa\u00e7\u00e3o aponta para danos no regular funcionamento do Minist\u00e9rio P\u00fablico na regi\u00e3o.<\/p>\n<h3>Contexto processual<\/h3>\n<p>A decis\u00e3o judicial sobre o caso ainda n\u00e3o tem data fixada, e as partes aguardam desfecho nos tribunais competentes. A mat\u00e9ria permanece sob an\u00e1lise, com a eventual pron\u00fancia ou arquivo a depender de alega\u00e7\u00f5es e provas apresentadas.<\/p>\n","protected":false},"excerpt":{"rendered":"<ul>\n<li>Antiga procuradora coordenadora das comarcas de Leiria e Coimbra est\u00e1 a ser julgada por prevarica\u00e7\u00e3o.<\/li>\n<li>A acusa\u00e7\u00e3o envolve atrasos significativos na prola\u00e7\u00e3o de despachos.<\/li>\n<li>Tamb\u00e9m \u00e9 alegada reten\u00e7\u00e3o indevida de autos processuais.<\/li>\n<li>Al\u00e9m disso, utiliza\u00e7\u00f5es de expedientes para contornar mecanismos de escrut\u00ednio interno e hier\u00e1rquico.<\/li>\n<li>O processo foi reportado a 27 de mar\u00e7o de 2026 \u00e0s 10:52.<\/li>\n<\/ul>\n","protected":false},"author":2,"featured_media":423488,"comment_status":"closed","ping_status":"closed","sticky":false,"template":"","format":"standard","meta":{"footnotes":""},"categories":[6815,1],"tags":[1070,147,803,1385,2613,261],"class_list":["post-423484","post","type-post","status-publish","format-standard","has-post-thumbnail","hentry","category-justica","category-noticias","tag-coimbra","tag-crime","tag-justica","tag-leiria","tag-ministerio-publico","tag-prevaricacao"],"yoast_head":"<!-- This site is optimized with the Yoast SEO plugin v27.2 - https:\/\/yoast.com\/product\/yoast-seo-wordpress\/ -->\n<title>Antiga procuradora coordenadora de Leiria e Coimbra julgada por prevarica\u00e7\u00e3o - Portal Tela Portugal<\/title>\n<meta name=\"robots\" content=\"index, follow, max-snippet:-1, max-image-preview:large, max-video-preview:-1\" \/>\n<meta property=\"og:locale\" content=\"pt_PT\" \/>\n<meta property=\"og:type\" content=\"article\" \/>\n<meta property=\"og:title\" content=\"Antiga procuradora coordenadora de Leiria e Coimbra julgada por prevarica\u00e7\u00e3o - Portal Tela Portugal\" \/>\n<meta property=\"og:description\" content=\"Antiga procuradora coordenadora das comarcas de Leiria e Coimbra est\u00e1 a ser julgada por prevarica\u00e7\u00e3o. A acusa\u00e7\u00e3o envolve atrasos significativos na prola\u00e7\u00e3o de despachos. Tamb\u00e9m \u00e9 alegada reten\u00e7\u00e3o indevida de autos processuais. Al\u00e9m disso, utiliza\u00e7\u00f5es de expedientes para contornar mecanismos de escrut\u00ednio interno e hier\u00e1rquico. O processo foi reportado a 27 de mar\u00e7o de 2026 \u00e0s 10:52.\" \/>\n<meta property=\"og:url\" content=\"https:\/\/portaltela.pt\/noticias\/2026\/03\/27\/antiga-procuradora-coordenadora-de-leiria-e-coimbra-julgada-por-prevaricacao\/\" \/>\n<meta property=\"og:site_name\" content=\"Portal Tela Portugal\" \/>\n<meta property=\"article:published_time\" content=\"2026-03-27T10:52:05+00:00\" \/>\n<meta name=\"author\" content=\"Telinha\" \/>\n<meta name=\"twitter:card\" content=\"summary_large_image\" \/>\n<meta name=\"twitter:label1\" content=\"Escrito por\" \/>\n\t<meta name=\"twitter:data1\" content=\"Telinha\" \/>\n\t<meta name=\"twitter:label2\" content=\"Tempo estimado de leitura\" \/>\n\t<meta name=\"twitter:data2\" content=\"1 minuto\" \/>\n<script type=\"application\/ld+json\" class=\"yoast-schema-graph\">{\"@context\":\"https:\/\/schema.org\",\"@graph\":[{\"@type\":\"Article\",\"@id\":\"https:\/\/portaltela.pt\/noticias\/2026\/03\/27\/antiga-procuradora-coordenadora-de-leiria-e-coimbra-julgada-por-prevaricacao\/#article\",\"isPartOf\":{\"@id\":\"https:\/\/portaltela.pt\/noticias\/2026\/03\/27\/antiga-procuradora-coordenadora-de-leiria-e-coimbra-julgada-por-prevaricacao\/\"},\"author\":{\"name\":\"Telinha\",\"@id\":\"https:\/\/portaltela.pt\/#\/schema\/person\/c4278d4a6028830caff9ee44b42d32ed\"},\"headline\":\"Antiga procuradora coordenadora de Leiria e Coimbra julgada por prevarica\u00e7\u00e3o\",\"datePublished\":\"2026-03-27T10:52:05+00:00\",\"mainEntityOfPage\":{\"@id\":\"https:\/\/portaltela.pt\/noticias\/2026\/03\/27\/antiga-procuradora-coordenadora-de-leiria-e-coimbra-julgada-por-prevaricacao\/\"},\"wordCount\":187,\"image\":{\"@id\":\"https:\/\/portaltela.pt\/noticias\/2026\/03\/27\/antiga-procuradora-coordenadora-de-leiria-e-coimbra-julgada-por-prevaricacao\/#primaryimage\"},\"thumbnailUrl\":\"https:\/\/portaltela.pt\/s.01k8rhncp4jt1\/2026\/03\/img_1280x722uu2023-04-26-21-01-14-1334007.jpg\",\"keywords\":[\"Coimbra\",\"crime\",\"justi\u00e7a\",\"Leiria\",\"Minist\u00e9rio P\u00fablico\",\"prevarica\u00e7\u00e3o\"],\"articleSection\":[\"Justi\u00e7a\",\"Not\u00edcias\"],\"inLanguage\":\"pt-PT\"},{\"@type\":\"WebPage\",\"@id\":\"https:\/\/portaltela.pt\/noticias\/2026\/03\/27\/antiga-procuradora-coordenadora-de-leiria-e-coimbra-julgada-por-prevaricacao\/\",\"url\":\"https:\/\/portaltela.pt\/noticias\/2026\/03\/27\/antiga-procuradora-coordenadora-de-leiria-e-coimbra-julgada-por-prevaricacao\/\",\"name\":\"Antiga procuradora coordenadora de Leiria e Coimbra julgada por prevarica\u00e7\u00e3o - Portal Tela Portugal\",\"isPartOf\":{\"@id\":\"https:\/\/portaltela.pt\/#website\"},\"primaryImageOfPage\":{\"@id\":\"https:\/\/portaltela.pt\/noticias\/2026\/03\/27\/antiga-procuradora-coordenadora-de-leiria-e-coimbra-julgada-por-prevaricacao\/#primaryimage\"},\"image\":{\"@id\":\"https:\/\/portaltela.pt\/noticias\/2026\/03\/27\/antiga-procuradora-coordenadora-de-leiria-e-coimbra-julgada-por-prevaricacao\/#primaryimage\"},\"thumbnailUrl\":\"https:\/\/portaltela.pt\/s.01k8rhncp4jt1\/2026\/03\/img_1280x722uu2023-04-26-21-01-14-1334007.jpg\",\"datePublished\":\"2026-03-27T10:52:05+00:00\",\"author\":{\"@id\":\"https:\/\/portaltela.pt\/#\/schema\/person\/c4278d4a6028830caff9ee44b42d32ed\"},\"breadcrumb\":{\"@id\":\"https:\/\/portaltela.pt\/noticias\/2026\/03\/27\/antiga-procuradora-coordenadora-de-leiria-e-coimbra-julgada-por-prevaricacao\/#breadcrumb\"},\"inLanguage\":\"pt-PT\",\"potentialAction\":[{\"@type\":\"ReadAction\",\"target\":[\"https:\/\/portaltela.pt\/noticias\/2026\/03\/27\/antiga-procuradora-coordenadora-de-leiria-e-coimbra-julgada-por-prevaricacao\/\"]}]},{\"@type\":\"ImageObject\",\"inLanguage\":\"pt-PT\",\"@id\":\"https:\/\/portaltela.pt\/noticias\/2026\/03\/27\/antiga-procuradora-coordenadora-de-leiria-e-coimbra-julgada-por-prevaricacao\/#primaryimage\",\"url\":\"https:\/\/portaltela.pt\/s.01k8rhncp4jt1\/2026\/03\/img_1280x722uu2023-04-26-21-01-14-1334007.jpg\",\"contentUrl\":\"https:\/\/portaltela.pt\/s.01k8rhncp4jt1\/2026\/03\/img_1280x722uu2023-04-26-21-01-14-1334007.jpg\",\"width\":796,\"height\":448,\"caption\":\"Antiga procuradora coordenadora das comarcas de Leiria e Coimbra julgada por prevarica\u00e7\u00e3o\"},{\"@type\":\"BreadcrumbList\",\"@id\":\"https:\/\/portaltela.pt\/noticias\/2026\/03\/27\/antiga-procuradora-coordenadora-de-leiria-e-coimbra-julgada-por-prevaricacao\/#breadcrumb\",\"itemListElement\":[{\"@type\":\"ListItem\",\"position\":1,\"name\":\"In\u00edcio\",\"item\":\"https:\/\/portaltela.pt\/\"},{\"@type\":\"ListItem\",\"position\":2,\"name\":\"Antiga procuradora coordenadora de Leiria e Coimbra julgada por prevarica\u00e7\u00e3o\"}]},{\"@type\":\"WebSite\",\"@id\":\"https:\/\/portaltela.pt\/#website\",\"url\":\"https:\/\/portaltela.pt\/\",\"name\":\"Portal Tela Portugal\",\"description\":\"\",\"potentialAction\":[{\"@type\":\"SearchAction\",\"target\":{\"@type\":\"EntryPoint\",\"urlTemplate\":\"https:\/\/portaltela.pt\/?s={search_term_string}\"},\"query-input\":{\"@type\":\"PropertyValueSpecification\",\"valueRequired\":true,\"valueName\":\"search_term_string\"}}],\"inLanguage\":\"pt-PT\"},{\"@type\":\"Person\",\"@id\":\"https:\/\/portaltela.pt\/#\/schema\/person\/c4278d4a6028830caff9ee44b42d32ed\",\"name\":\"Telinha\",\"image\":{\"@type\":\"ImageObject\",\"inLanguage\":\"pt-PT\",\"@id\":\"https:\/\/portaltela.pt\/s.01k8rhncp4jt1\/2025\/11\/talking-bot-125x125.png\",\"url\":\"https:\/\/portaltela.pt\/s.01k8rhncp4jt1\/2025\/11\/talking-bot-125x125.png\",\"contentUrl\":\"https:\/\/portaltela.pt\/s.01k8rhncp4jt1\/2025\/11\/talking-bot-125x125.png\",\"caption\":\"Telinha\"},\"sameAs\":[\"https:\/\/portaltela.pt\/\"],\"url\":\"https:\/\/portaltela.pt\/por\/367410592786\/\"}]}<\/script>\n<!-- \/ Yoast SEO plugin. -->","yoast_head_json":{"title":"Antiga procuradora coordenadora de Leiria e Coimbra julgada por prevarica\u00e7\u00e3o - Portal Tela Portugal","robots":{"index":"index","follow":"follow","max-snippet":"max-snippet:-1","max-image-preview":"max-image-preview:large","max-video-preview":"max-video-preview:-1"},"og_locale":"pt_PT","og_type":"article","og_title":"Antiga procuradora coordenadora de Leiria e Coimbra julgada por prevarica\u00e7\u00e3o - Portal Tela Portugal","og_description":"Antiga procuradora coordenadora das comarcas de Leiria e Coimbra est\u00e1 a ser julgada por prevarica\u00e7\u00e3o. A acusa\u00e7\u00e3o envolve atrasos significativos na prola\u00e7\u00e3o de despachos. Tamb\u00e9m \u00e9 alegada reten\u00e7\u00e3o indevida de autos processuais. Al\u00e9m disso, utiliza\u00e7\u00f5es de expedientes para contornar mecanismos de escrut\u00ednio interno e hier\u00e1rquico. O processo foi reportado a 27 de mar\u00e7o de 2026 \u00e0s 10:52.","og_url":"https:\/\/portaltela.pt\/noticias\/2026\/03\/27\/antiga-procuradora-coordenadora-de-leiria-e-coimbra-julgada-por-prevaricacao\/","og_site_name":"Portal Tela Portugal","article_published_time":"2026-03-27T10:52:05+00:00","author":"Telinha","twitter_card":"summary_large_image","twitter_misc":{"Escrito por":"Telinha","Tempo estimado de leitura":"1 minuto"},"schema":{"@context":"https:\/\/schema.org","@graph":[{"@type":"Article","@id":"https:\/\/portaltela.pt\/noticias\/2026\/03\/27\/antiga-procuradora-coordenadora-de-leiria-e-coimbra-julgada-por-prevaricacao\/#article","isPartOf":{"@id":"https:\/\/portaltela.pt\/noticias\/2026\/03\/27\/antiga-procuradora-coordenadora-de-leiria-e-coimbra-julgada-por-prevaricacao\/"},"author":{"name":"Telinha","@id":"https:\/\/portaltela.pt\/#\/schema\/person\/c4278d4a6028830caff9ee44b42d32ed"},"headline":"Antiga procuradora coordenadora de Leiria e Coimbra julgada por prevarica\u00e7\u00e3o","datePublished":"2026-03-27T10:52:05+00:00","mainEntityOfPage":{"@id":"https:\/\/portaltela.pt\/noticias\/2026\/03\/27\/antiga-procuradora-coordenadora-de-leiria-e-coimbra-julgada-por-prevaricacao\/"},"wordCount":187,"image":{"@id":"https:\/\/portaltela.pt\/noticias\/2026\/03\/27\/antiga-procuradora-coordenadora-de-leiria-e-coimbra-julgada-por-prevaricacao\/#primaryimage"},"thumbnailUrl":"https:\/\/portaltela.pt\/s.01k8rhncp4jt1\/2026\/03\/img_1280x722uu2023-04-26-21-01-14-1334007.jpg","keywords":["Coimbra","crime","justi\u00e7a","Leiria","Minist\u00e9rio P\u00fablico","prevarica\u00e7\u00e3o"],"articleSection":["Justi\u00e7a","Not\u00edcias"],"inLanguage":"pt-PT"},{"@type":"WebPage","@id":"https:\/\/portaltela.pt\/noticias\/2026\/03\/27\/antiga-procuradora-coordenadora-de-leiria-e-coimbra-julgada-por-prevaricacao\/","url":"https:\/\/portaltela.pt\/noticias\/2026\/03\/27\/antiga-procuradora-coordenadora-de-leiria-e-coimbra-julgada-por-prevaricacao\/","name":"Antiga procuradora coordenadora de Leiria e Coimbra julgada por prevarica\u00e7\u00e3o - Portal Tela Portugal","isPartOf":{"@id":"https:\/\/portaltela.pt\/#website"},"primaryImageOfPage":{"@id":"https:\/\/portaltela.pt\/noticias\/2026\/03\/27\/antiga-procuradora-coordenadora-de-leiria-e-coimbra-julgada-por-prevaricacao\/#primaryimage"},"image":{"@id":"https:\/\/portaltela.pt\/noticias\/2026\/03\/27\/antiga-procuradora-coordenadora-de-leiria-e-coimbra-julgada-por-prevaricacao\/#primaryimage"},"thumbnailUrl":"https:\/\/portaltela.pt\/s.01k8rhncp4jt1\/2026\/03\/img_1280x722uu2023-04-26-21-01-14-1334007.jpg","datePublished":"2026-03-27T10:52:05+00:00","author":{"@id":"https:\/\/portaltela.pt\/#\/schema\/person\/c4278d4a6028830caff9ee44b42d32ed"},"breadcrumb":{"@id":"https:\/\/portaltela.pt\/noticias\/2026\/03\/27\/antiga-procuradora-coordenadora-de-leiria-e-coimbra-julgada-por-prevaricacao\/#breadcrumb"},"inLanguage":"pt-PT","potentialAction":[{"@type":"ReadAction","target":["https:\/\/portaltela.pt\/noticias\/2026\/03\/27\/antiga-procuradora-coordenadora-de-leiria-e-coimbra-julgada-por-prevaricacao\/"]}]},{"@type":"ImageObject","inLanguage":"pt-PT","@id":"https:\/\/portaltela.pt\/noticias\/2026\/03\/27\/antiga-procuradora-coordenadora-de-leiria-e-coimbra-julgada-por-prevaricacao\/#primaryimage","url":"https:\/\/portaltela.pt\/s.01k8rhncp4jt1\/2026\/03\/img_1280x722uu2023-04-26-21-01-14-1334007.jpg","contentUrl":"https:\/\/portaltela.pt\/s.01k8rhncp4jt1\/2026\/03\/img_1280x722uu2023-04-26-21-01-14-1334007.jpg","width":796,"height":448,"caption":"Antiga procuradora coordenadora das comarcas de Leiria e Coimbra julgada por prevarica\u00e7\u00e3o"},{"@type":"BreadcrumbList","@id":"https:\/\/portaltela.pt\/noticias\/2026\/03\/27\/antiga-procuradora-coordenadora-de-leiria-e-coimbra-julgada-por-prevaricacao\/#breadcrumb","itemListElement":[{"@type":"ListItem","position":1,"name":"In\u00edcio","item":"https:\/\/portaltela.pt\/"},{"@type":"ListItem","position":2,"name":"Antiga procuradora coordenadora de Leiria e Coimbra julgada por prevarica\u00e7\u00e3o"}]},{"@type":"WebSite","@id":"https:\/\/portaltela.pt\/#website","url":"https:\/\/portaltela.pt\/","name":"Portal Tela Portugal","description":"","potentialAction":[{"@type":"SearchAction","target":{"@type":"EntryPoint","urlTemplate":"https:\/\/portaltela.pt\/?s={search_term_string}"},"query-input":{"@type":"PropertyValueSpecification","valueRequired":true,"valueName":"search_term_string"}}],"inLanguage":"pt-PT"},{"@type":"Person","@id":"https:\/\/portaltela.pt\/#\/schema\/person\/c4278d4a6028830caff9ee44b42d32ed","name":"Telinha","image":{"@type":"ImageObject","inLanguage":"pt-PT","@id":"https:\/\/portaltela.pt\/s.01k8rhncp4jt1\/2025\/11\/talking-bot-125x125.png","url":"https:\/\/portaltela.pt\/s.01k8rhncp4jt1\/2025\/11\/talking-bot-125x125.png","contentUrl":"https:\/\/portaltela.pt\/s.01k8rhncp4jt1\/2025\/11\/talking-bot-125x125.png","caption":"Telinha"},"sameAs":["https:\/\/portaltela.pt\/"],"url":"https:\/\/portaltela.pt\/por\/367410592786\/"}]}},"_links":{"self":[{"href":"https:\/\/portaltela.pt\/api\/wp\/v2\/posts\/423484","targetHints":{"allow":["GET"]}}],"collection":[{"href":"https:\/\/portaltela.pt\/api\/wp\/v2\/posts"}],"about":[{"href":"https:\/\/portaltela.pt\/api\/wp\/v2\/types\/post"}],"author":[{"embeddable":true,"href":"https:\/\/portaltela.pt\/api\/wp\/v2\/users\/2"}],"replies":[{"embeddable":true,"href":"https:\/\/portaltela.pt\/api\/wp\/v2\/comments?post=423484"}],"version-history":[{"count":0,"href":"https:\/\/portaltela.pt\/api\/wp\/v2\/posts\/423484\/revisions"}],"wp:featuredmedia":[{"embeddable":true,"href":"https:\/\/portaltela.pt\/api\/wp\/v2\/media\/423488"}],"wp:attachment":[{"href":"https:\/\/portaltela.pt\/api\/wp\/v2\/media?parent=423484"}],"wp:term":[{"taxonomy":"category","embeddable":true,"href":"https:\/\/portaltela.pt\/api\/wp\/v2\/categories?post=423484"},{"taxonomy":"post_tag","embeddable":true,"href":"https:\/\/portaltela.pt\/api\/wp\/v2\/tags?post=423484"}],"curies":[{"name":"wp","href":"https:\/\/api.w.org\/{rel}","templated":true}]}}