{"id":423468,"date":"2026-03-27T07:37:58","date_gmt":"2026-03-27T10:37:58","guid":{"rendered":"https:\/\/portaltela.pt\/noticias\/2026\/03\/27\/comite-olimpico-de-portugal-celebra-um-ano-de-mandato-de-fernando-gomes\/"},"modified":"2026-03-27T07:37:58","modified_gmt":"2026-03-27T10:37:58","slug":"comite-olimpico-de-portugal-celebra-um-ano-de-mandato-de-fernando-gomes","status":"publish","type":"post","link":"https:\/\/portaltela.pt\/desporto\/futebol\/2026\/03\/27\/comite-olimpico-de-portugal-celebra-um-ano-de-mandato-de-fernando-gomes\/","title":{"rendered":"Comit\u00e9 Ol\u00edmpico de Portugal celebra um ano de mandato de Fernando Gomes"},"content":{"rendered":"<p>O Comit\u00e9 Ol\u00edmpico de Portugal (COP) divulgou um v\u00eddeo nas suas redes sociais para assinalar o primeiro ano de mandato de Fernando Gomes \u00e0 frente do organismo. A pe\u00e7a celebra, de forma institucional, a gest\u00e3o a decorrer desde o in\u00edcio do mandato.<\/p>\n<p>O v\u00eddeo passa em revista os principais eixos e marcas da atua\u00e7\u00e3o de Fernando Gomes no COP, conforme a institui\u00e7\u00e3o. A divulga\u00e7\u00e3o enquadra-se no \u00e2mbito de uma gest\u00e3o que se pretende consolidar junto das federa\u00e7\u00f5es e atletas nacionais.<\/p>\n<p>Quem participa: o pr\u00f3prio presidente do COP e a estrutura do organismo, que utilizam o canal oficial para informar o p\u00fablico sobre o balan\u00e7o do ano de gest\u00e3o. Quando: neste m\u00eas, em linha com o anivers\u00e1rio do mandato. Onde: nas redes sociais do COP, em Portugal. Porqu\u00ea: celebrar o primeiro ano de governa\u00e7\u00e3o e comunicar resultados e perspetivas futuras.<\/p>\n","protected":false},"excerpt":{"rendered":"<ul>\n<li>O Comit\u00e9 Ol\u00edmpico de Portugal assinala um ano de mandato de Fernando Gomes.<\/li>\n<li>Foi lan\u00e7ado um v\u00eddeo que passa em revista os principais eixos de atua\u00e7\u00e3o do organismo.<\/li>\n<li>O v\u00eddeo foi divulgado nas redes sociais do Comit\u00e9 Ol\u00edmpico de Portugal.<\/li>\n<li>O conte\u00fado destaca as marcas e objetivos alcan\u00e7ados no primeiro ano da gest\u00e3o de Fernando Gomes.<\/li>\n<li>A pe\u00e7a n\u00e3o apresenta notas de contextualiza\u00e7\u00e3o adicionais no material fornecido.<\/li>\n<\/ul>\n","protected":false},"author":2,"featured_media":423473,"comment_status":"closed","ping_status":"closed","sticky":false,"template":"","format":"standard","meta":{"footnotes":""},"categories":[21,24],"tags":[7455,5804,152,6220,2266,1014],"class_list":["post-423468","post","type-post","status-publish","format-standard","has-post-thumbnail","hentry","category-desporto","category-futebol","tag-comite-olimpico-de-portugal","tag-comunicacao-institucional","tag-desporto","tag-desporto-federado","tag-federacoes","tag-portugal"],"yoast_head":"<!-- This site is optimized with the Yoast SEO plugin v27.2 - https:\/\/yoast.com\/product\/yoast-seo-wordpress\/ -->\n<title>Comit\u00e9 Ol\u00edmpico de Portugal celebra um ano de mandato de Fernando Gomes - Portal Tela Portugal<\/title>\n<meta name=\"robots\" content=\"index, follow, max-snippet:-1, max-image-preview:large, max-video-preview:-1\" \/>\n<meta property=\"og:locale\" content=\"pt_PT\" \/>\n<meta property=\"og:type\" content=\"article\" \/>\n<meta property=\"og:title\" content=\"Comit\u00e9 Ol\u00edmpico de Portugal celebra um ano de mandato de Fernando Gomes - Portal Tela Portugal\" \/>\n<meta property=\"og:description\" content=\"O Comit\u00e9 Ol\u00edmpico de Portugal assinala um ano de mandato de Fernando Gomes. Foi lan\u00e7ado um v\u00eddeo que passa em revista os principais eixos de atua\u00e7\u00e3o do organismo. O v\u00eddeo foi divulgado nas redes sociais do Comit\u00e9 Ol\u00edmpico de Portugal. O conte\u00fado destaca as marcas e objetivos alcan\u00e7ados no primeiro ano da gest\u00e3o de Fernando Gomes. A pe\u00e7a n\u00e3o apresenta notas de contextualiza\u00e7\u00e3o adicionais no material fornecido.\" \/>\n<meta property=\"og:url\" content=\"https:\/\/portaltela.pt\/noticias\/2026\/03\/27\/comite-olimpico-de-portugal-celebra-um-ano-de-mandato-de-fernando-gomes\/\" \/>\n<meta property=\"og:site_name\" content=\"Portal Tela Portugal\" \/>\n<meta property=\"article:published_time\" content=\"2026-03-27T10:37:58+00:00\" \/>\n<meta name=\"author\" content=\"Telinha\" \/>\n<meta name=\"twitter:card\" content=\"summary_large_image\" \/>\n<meta name=\"twitter:label1\" content=\"Escrito por\" \/>\n\t<meta name=\"twitter:data1\" content=\"Telinha\" \/>\n\t<meta name=\"twitter:label2\" content=\"Tempo estimado de leitura\" \/>\n\t<meta name=\"twitter:data2\" content=\"1 minuto\" \/>\n<script type=\"application\/ld+json\" class=\"yoast-schema-graph\">{\"@context\":\"https:\/\/schema.org\",\"@graph\":[{\"@type\":\"Article\",\"@id\":\"https:\/\/portaltela.pt\/noticias\/2026\/03\/27\/comite-olimpico-de-portugal-celebra-um-ano-de-mandato-de-fernando-gomes\/#article\",\"isPartOf\":{\"@id\":\"https:\/\/portaltela.pt\/noticias\/2026\/03\/27\/comite-olimpico-de-portugal-celebra-um-ano-de-mandato-de-fernando-gomes\/\"},\"author\":{\"name\":\"Telinha\",\"@id\":\"https:\/\/portaltela.pt\/#\/schema\/person\/c4278d4a6028830caff9ee44b42d32ed\"},\"headline\":\"Comit\u00e9 Ol\u00edmpico de Portugal celebra um ano de mandato de Fernando Gomes\",\"datePublished\":\"2026-03-27T10:37:58+00:00\",\"mainEntityOfPage\":{\"@id\":\"https:\/\/portaltela.pt\/noticias\/2026\/03\/27\/comite-olimpico-de-portugal-celebra-um-ano-de-mandato-de-fernando-gomes\/\"},\"wordCount\":169,\"image\":{\"@id\":\"https:\/\/portaltela.pt\/noticias\/2026\/03\/27\/comite-olimpico-de-portugal-celebra-um-ano-de-mandato-de-fernando-gomes\/#primaryimage\"},\"thumbnailUrl\":\"https:\/\/portaltela.pt\/s.01k8rhncp4jt1\/2026\/03\/img_1200x721uu2026-03-27-10-33-20-2429655.jpg\",\"keywords\":[\"Comit\u00e9 Ol\u00edmpico de Portugal\",\"comunica\u00e7\u00e3o institucional\",\"desporto\",\"Desporto Federado\",\"federa\u00e7\u00f5es\",\"Portugal\"],\"articleSection\":[\"Desporto\",\"Futebol\"],\"inLanguage\":\"pt-PT\"},{\"@type\":\"WebPage\",\"@id\":\"https:\/\/portaltela.pt\/noticias\/2026\/03\/27\/comite-olimpico-de-portugal-celebra-um-ano-de-mandato-de-fernando-gomes\/\",\"url\":\"https:\/\/portaltela.pt\/noticias\/2026\/03\/27\/comite-olimpico-de-portugal-celebra-um-ano-de-mandato-de-fernando-gomes\/\",\"name\":\"Comit\u00e9 Ol\u00edmpico de Portugal celebra um ano de mandato de Fernando Gomes - Portal Tela Portugal\",\"isPartOf\":{\"@id\":\"https:\/\/portaltela.pt\/#website\"},\"primaryImageOfPage\":{\"@id\":\"https:\/\/portaltela.pt\/noticias\/2026\/03\/27\/comite-olimpico-de-portugal-celebra-um-ano-de-mandato-de-fernando-gomes\/#primaryimage\"},\"image\":{\"@id\":\"https:\/\/portaltela.pt\/noticias\/2026\/03\/27\/comite-olimpico-de-portugal-celebra-um-ano-de-mandato-de-fernando-gomes\/#primaryimage\"},\"thumbnailUrl\":\"https:\/\/portaltela.pt\/s.01k8rhncp4jt1\/2026\/03\/img_1200x721uu2026-03-27-10-33-20-2429655.jpg\",\"datePublished\":\"2026-03-27T10:37:58+00:00\",\"author\":{\"@id\":\"https:\/\/portaltela.pt\/#\/schema\/person\/c4278d4a6028830caff9ee44b42d32ed\"},\"breadcrumb\":{\"@id\":\"https:\/\/portaltela.pt\/noticias\/2026\/03\/27\/comite-olimpico-de-portugal-celebra-um-ano-de-mandato-de-fernando-gomes\/#breadcrumb\"},\"inLanguage\":\"pt-PT\",\"potentialAction\":[{\"@type\":\"ReadAction\",\"target\":[\"https:\/\/portaltela.pt\/noticias\/2026\/03\/27\/comite-olimpico-de-portugal-celebra-um-ano-de-mandato-de-fernando-gomes\/\"]}]},{\"@type\":\"ImageObject\",\"inLanguage\":\"pt-PT\",\"@id\":\"https:\/\/portaltela.pt\/noticias\/2026\/03\/27\/comite-olimpico-de-portugal-celebra-um-ano-de-mandato-de-fernando-gomes\/#primaryimage\",\"url\":\"https:\/\/portaltela.pt\/s.01k8rhncp4jt1\/2026\/03\/img_1200x721uu2026-03-27-10-33-20-2429655.jpg\",\"contentUrl\":\"https:\/\/portaltela.pt\/s.01k8rhncp4jt1\/2026\/03\/img_1200x721uu2026-03-27-10-33-20-2429655.jpg\",\"width\":796,\"height\":448,\"caption\":\"V\u00eddeo passa em revista principais eixos e marcas\"},{\"@type\":\"BreadcrumbList\",\"@id\":\"https:\/\/portaltela.pt\/noticias\/2026\/03\/27\/comite-olimpico-de-portugal-celebra-um-ano-de-mandato-de-fernando-gomes\/#breadcrumb\",\"itemListElement\":[{\"@type\":\"ListItem\",\"position\":1,\"name\":\"In\u00edcio\",\"item\":\"https:\/\/portaltela.pt\/\"},{\"@type\":\"ListItem\",\"position\":2,\"name\":\"Comit\u00e9 Ol\u00edmpico de Portugal celebra um ano de mandato de Fernando Gomes\"}]},{\"@type\":\"WebSite\",\"@id\":\"https:\/\/portaltela.pt\/#website\",\"url\":\"https:\/\/portaltela.pt\/\",\"name\":\"Portal Tela Portugal\",\"description\":\"\",\"potentialAction\":[{\"@type\":\"SearchAction\",\"target\":{\"@type\":\"EntryPoint\",\"urlTemplate\":\"https:\/\/portaltela.pt\/?s={search_term_string}\"},\"query-input\":{\"@type\":\"PropertyValueSpecification\",\"valueRequired\":true,\"valueName\":\"search_term_string\"}}],\"inLanguage\":\"pt-PT\"},{\"@type\":\"Person\",\"@id\":\"https:\/\/portaltela.pt\/#\/schema\/person\/c4278d4a6028830caff9ee44b42d32ed\",\"name\":\"Telinha\",\"image\":{\"@type\":\"ImageObject\",\"inLanguage\":\"pt-PT\",\"@id\":\"https:\/\/portaltela.pt\/s.01k8rhncp4jt1\/2025\/11\/talking-bot-125x125.png\",\"url\":\"https:\/\/portaltela.pt\/s.01k8rhncp4jt1\/2025\/11\/talking-bot-125x125.png\",\"contentUrl\":\"https:\/\/portaltela.pt\/s.01k8rhncp4jt1\/2025\/11\/talking-bot-125x125.png\",\"caption\":\"Telinha\"},\"sameAs\":[\"https:\/\/portaltela.pt\/\"],\"url\":\"https:\/\/portaltela.pt\/por\/367410592786\/\"}]}<\/script>\n<!-- \/ Yoast SEO plugin. -->","yoast_head_json":{"title":"Comit\u00e9 Ol\u00edmpico de Portugal celebra um ano de mandato de Fernando Gomes - Portal Tela Portugal","robots":{"index":"index","follow":"follow","max-snippet":"max-snippet:-1","max-image-preview":"max-image-preview:large","max-video-preview":"max-video-preview:-1"},"og_locale":"pt_PT","og_type":"article","og_title":"Comit\u00e9 Ol\u00edmpico de Portugal celebra um ano de mandato de Fernando Gomes - Portal Tela Portugal","og_description":"O Comit\u00e9 Ol\u00edmpico de Portugal assinala um ano de mandato de Fernando Gomes. Foi lan\u00e7ado um v\u00eddeo que passa em revista os principais eixos de atua\u00e7\u00e3o do organismo. O v\u00eddeo foi divulgado nas redes sociais do Comit\u00e9 Ol\u00edmpico de Portugal. O conte\u00fado destaca as marcas e objetivos alcan\u00e7ados no primeiro ano da gest\u00e3o de Fernando Gomes. A pe\u00e7a n\u00e3o apresenta notas de contextualiza\u00e7\u00e3o adicionais no material fornecido.","og_url":"https:\/\/portaltela.pt\/noticias\/2026\/03\/27\/comite-olimpico-de-portugal-celebra-um-ano-de-mandato-de-fernando-gomes\/","og_site_name":"Portal Tela Portugal","article_published_time":"2026-03-27T10:37:58+00:00","author":"Telinha","twitter_card":"summary_large_image","twitter_misc":{"Escrito por":"Telinha","Tempo estimado de leitura":"1 minuto"},"schema":{"@context":"https:\/\/schema.org","@graph":[{"@type":"Article","@id":"https:\/\/portaltela.pt\/noticias\/2026\/03\/27\/comite-olimpico-de-portugal-celebra-um-ano-de-mandato-de-fernando-gomes\/#article","isPartOf":{"@id":"https:\/\/portaltela.pt\/noticias\/2026\/03\/27\/comite-olimpico-de-portugal-celebra-um-ano-de-mandato-de-fernando-gomes\/"},"author":{"name":"Telinha","@id":"https:\/\/portaltela.pt\/#\/schema\/person\/c4278d4a6028830caff9ee44b42d32ed"},"headline":"Comit\u00e9 Ol\u00edmpico de Portugal celebra um ano de mandato de Fernando Gomes","datePublished":"2026-03-27T10:37:58+00:00","mainEntityOfPage":{"@id":"https:\/\/portaltela.pt\/noticias\/2026\/03\/27\/comite-olimpico-de-portugal-celebra-um-ano-de-mandato-de-fernando-gomes\/"},"wordCount":169,"image":{"@id":"https:\/\/portaltela.pt\/noticias\/2026\/03\/27\/comite-olimpico-de-portugal-celebra-um-ano-de-mandato-de-fernando-gomes\/#primaryimage"},"thumbnailUrl":"https:\/\/portaltela.pt\/s.01k8rhncp4jt1\/2026\/03\/img_1200x721uu2026-03-27-10-33-20-2429655.jpg","keywords":["Comit\u00e9 Ol\u00edmpico de Portugal","comunica\u00e7\u00e3o institucional","desporto","Desporto Federado","federa\u00e7\u00f5es","Portugal"],"articleSection":["Desporto","Futebol"],"inLanguage":"pt-PT"},{"@type":"WebPage","@id":"https:\/\/portaltela.pt\/noticias\/2026\/03\/27\/comite-olimpico-de-portugal-celebra-um-ano-de-mandato-de-fernando-gomes\/","url":"https:\/\/portaltela.pt\/noticias\/2026\/03\/27\/comite-olimpico-de-portugal-celebra-um-ano-de-mandato-de-fernando-gomes\/","name":"Comit\u00e9 Ol\u00edmpico de Portugal celebra um ano de mandato de Fernando Gomes - Portal Tela Portugal","isPartOf":{"@id":"https:\/\/portaltela.pt\/#website"},"primaryImageOfPage":{"@id":"https:\/\/portaltela.pt\/noticias\/2026\/03\/27\/comite-olimpico-de-portugal-celebra-um-ano-de-mandato-de-fernando-gomes\/#primaryimage"},"image":{"@id":"https:\/\/portaltela.pt\/noticias\/2026\/03\/27\/comite-olimpico-de-portugal-celebra-um-ano-de-mandato-de-fernando-gomes\/#primaryimage"},"thumbnailUrl":"https:\/\/portaltela.pt\/s.01k8rhncp4jt1\/2026\/03\/img_1200x721uu2026-03-27-10-33-20-2429655.jpg","datePublished":"2026-03-27T10:37:58+00:00","author":{"@id":"https:\/\/portaltela.pt\/#\/schema\/person\/c4278d4a6028830caff9ee44b42d32ed"},"breadcrumb":{"@id":"https:\/\/portaltela.pt\/noticias\/2026\/03\/27\/comite-olimpico-de-portugal-celebra-um-ano-de-mandato-de-fernando-gomes\/#breadcrumb"},"inLanguage":"pt-PT","potentialAction":[{"@type":"ReadAction","target":["https:\/\/portaltela.pt\/noticias\/2026\/03\/27\/comite-olimpico-de-portugal-celebra-um-ano-de-mandato-de-fernando-gomes\/"]}]},{"@type":"ImageObject","inLanguage":"pt-PT","@id":"https:\/\/portaltela.pt\/noticias\/2026\/03\/27\/comite-olimpico-de-portugal-celebra-um-ano-de-mandato-de-fernando-gomes\/#primaryimage","url":"https:\/\/portaltela.pt\/s.01k8rhncp4jt1\/2026\/03\/img_1200x721uu2026-03-27-10-33-20-2429655.jpg","contentUrl":"https:\/\/portaltela.pt\/s.01k8rhncp4jt1\/2026\/03\/img_1200x721uu2026-03-27-10-33-20-2429655.jpg","width":796,"height":448,"caption":"V\u00eddeo passa em revista principais eixos e marcas"},{"@type":"BreadcrumbList","@id":"https:\/\/portaltela.pt\/noticias\/2026\/03\/27\/comite-olimpico-de-portugal-celebra-um-ano-de-mandato-de-fernando-gomes\/#breadcrumb","itemListElement":[{"@type":"ListItem","position":1,"name":"In\u00edcio","item":"https:\/\/portaltela.pt\/"},{"@type":"ListItem","position":2,"name":"Comit\u00e9 Ol\u00edmpico de Portugal celebra um ano de mandato de Fernando Gomes"}]},{"@type":"WebSite","@id":"https:\/\/portaltela.pt\/#website","url":"https:\/\/portaltela.pt\/","name":"Portal Tela Portugal","description":"","potentialAction":[{"@type":"SearchAction","target":{"@type":"EntryPoint","urlTemplate":"https:\/\/portaltela.pt\/?s={search_term_string}"},"query-input":{"@type":"PropertyValueSpecification","valueRequired":true,"valueName":"search_term_string"}}],"inLanguage":"pt-PT"},{"@type":"Person","@id":"https:\/\/portaltela.pt\/#\/schema\/person\/c4278d4a6028830caff9ee44b42d32ed","name":"Telinha","image":{"@type":"ImageObject","inLanguage":"pt-PT","@id":"https:\/\/portaltela.pt\/s.01k8rhncp4jt1\/2025\/11\/talking-bot-125x125.png","url":"https:\/\/portaltela.pt\/s.01k8rhncp4jt1\/2025\/11\/talking-bot-125x125.png","contentUrl":"https:\/\/portaltela.pt\/s.01k8rhncp4jt1\/2025\/11\/talking-bot-125x125.png","caption":"Telinha"},"sameAs":["https:\/\/portaltela.pt\/"],"url":"https:\/\/portaltela.pt\/por\/367410592786\/"}]}},"_links":{"self":[{"href":"https:\/\/portaltela.pt\/api\/wp\/v2\/posts\/423468","targetHints":{"allow":["GET"]}}],"collection":[{"href":"https:\/\/portaltela.pt\/api\/wp\/v2\/posts"}],"about":[{"href":"https:\/\/portaltela.pt\/api\/wp\/v2\/types\/post"}],"author":[{"embeddable":true,"href":"https:\/\/portaltela.pt\/api\/wp\/v2\/users\/2"}],"replies":[{"embeddable":true,"href":"https:\/\/portaltela.pt\/api\/wp\/v2\/comments?post=423468"}],"version-history":[{"count":0,"href":"https:\/\/portaltela.pt\/api\/wp\/v2\/posts\/423468\/revisions"}],"wp:featuredmedia":[{"embeddable":true,"href":"https:\/\/portaltela.pt\/api\/wp\/v2\/media\/423473"}],"wp:attachment":[{"href":"https:\/\/portaltela.pt\/api\/wp\/v2\/media?parent=423468"}],"wp:term":[{"taxonomy":"category","embeddable":true,"href":"https:\/\/portaltela.pt\/api\/wp\/v2\/categories?post=423468"},{"taxonomy":"post_tag","embeddable":true,"href":"https:\/\/portaltela.pt\/api\/wp\/v2\/tags?post=423468"}],"curies":[{"name":"wp","href":"https:\/\/api.w.org\/{rel}","templated":true}]}}