{"id":423458,"date":"2026-03-27T05:45:00","date_gmt":"2026-03-27T08:45:00","guid":{"rendered":"https:\/\/portaltela.pt\/noticias\/2026\/03\/27\/ipo-porto-alerta-reducao-de-dadores-e-apela-a-doacao-de-sangue\/"},"modified":"2026-03-27T05:45:00","modified_gmt":"2026-03-27T08:45:00","slug":"ipo-porto-alerta-reducao-de-dadores-e-apela-a-doacao-de-sangue","status":"publish","type":"post","link":"https:\/\/portaltela.pt\/saude\/2026\/03\/27\/ipo-porto-alerta-reducao-de-dadores-e-apela-a-doacao-de-sangue\/","title":{"rendered":"IPO Porto alerta redu\u00e7\u00e3o de dadores e apela \u00e0 doa\u00e7\u00e3o de sangue"},"content":{"rendered":"<p>O IPO Porto alertou para uma diminui\u00e7\u00e3o no n\u00famero de dadores de sangue e apelou \u00e0 popula\u00e7\u00e3o para doar, com o objetivo de manter o stock necess\u00e1rio para transfus\u00f5es. A comunica\u00e7\u00e3o indica urg\u00eancia na recolha de sangue para atender pacientes e emerg\u00eancias.<\/p>\n<p>A institui\u00e7\u00e3o explica que a redu\u00e7\u00e3o de dadores pode comprometer o acesso a transfus\u00f5es, sobretudo para doentes oncol\u00f3gicos e pessoas com necessidades regulares de sangue. A mensagem refor\u00e7a a import\u00e2ncia de manter reservas est\u00e1veis ao longo do ano.<\/p>\n<p>Para enfrentar o desafio, o IPO Porto est\u00e1 a promover campanhas de sensibiliza\u00e7\u00e3o e a mobilizar equipas de apoio \u00e0s unidades hospitalares associadas. A data prevista para o t\u00e9rmino destas a\u00e7\u00f5es n\u00e3o foi indicada.<\/p>\n","protected":false},"excerpt":{"rendered":"<ul>\n<li>O IPO Porto alerta para a diminui\u00e7\u00e3o de dadores de sangue.<\/li>\n<li>Apela \u00e0 popula\u00e7\u00e3o para doar sangue.<\/li>\n<li>O conte\u00fado completo est\u00e1 acess\u00edvel apenas a subscritores.<\/li>\n<li>N\u00e3o s\u00e3o fornecidos dados ou desdobramentos adicionais neste resumo.<\/li>\n<\/ul>\n","protected":false},"author":2,"featured_media":423466,"comment_status":"closed","ping_status":"closed","sticky":false,"template":"","format":"standard","meta":{"footnotes":""},"categories":[6745],"tags":[4509,620,3123,3994,982,172],"class_list":["post-423458","post","type-post","status-publish","format-standard","has-post-thumbnail","hentry","category-saude","tag-abastecimento-de-sangue","tag-doacao","tag-doacoes","tag-oncologia","tag-porto","tag-saude"],"yoast_head":"<!-- This site is optimized with the Yoast SEO plugin v27.2 - https:\/\/yoast.com\/product\/yoast-seo-wordpress\/ -->\n<title>IPO Porto alerta redu\u00e7\u00e3o de dadores e apela \u00e0 doa\u00e7\u00e3o de sangue - Portal Tela Portugal<\/title>\n<meta name=\"robots\" content=\"index, follow, max-snippet:-1, max-image-preview:large, max-video-preview:-1\" \/>\n<meta property=\"og:locale\" content=\"pt_PT\" \/>\n<meta property=\"og:type\" content=\"article\" \/>\n<meta property=\"og:title\" content=\"IPO Porto alerta redu\u00e7\u00e3o de dadores e apela \u00e0 doa\u00e7\u00e3o de sangue - Portal Tela Portugal\" \/>\n<meta property=\"og:description\" content=\"O IPO Porto alerta para a diminui\u00e7\u00e3o de dadores de sangue. Apela \u00e0 popula\u00e7\u00e3o para doar sangue. O conte\u00fado completo est\u00e1 acess\u00edvel apenas a subscritores. N\u00e3o s\u00e3o fornecidos dados ou desdobramentos adicionais neste resumo.\" \/>\n<meta property=\"og:url\" content=\"https:\/\/portaltela.pt\/noticias\/2026\/03\/27\/ipo-porto-alerta-reducao-de-dadores-e-apela-a-doacao-de-sangue\/\" \/>\n<meta property=\"og:site_name\" content=\"Portal Tela Portugal\" \/>\n<meta property=\"article:published_time\" content=\"2026-03-27T08:45:00+00:00\" \/>\n<meta name=\"author\" content=\"Telinha\" \/>\n<meta name=\"twitter:card\" content=\"summary_large_image\" \/>\n<meta name=\"twitter:label1\" content=\"Escrito por\" \/>\n\t<meta name=\"twitter:data1\" content=\"Telinha\" \/>\n\t<meta name=\"twitter:label2\" content=\"Tempo estimado de leitura\" \/>\n\t<meta name=\"twitter:data2\" content=\"1 minuto\" \/>\n<script type=\"application\/ld+json\" class=\"yoast-schema-graph\">{\"@context\":\"https:\/\/schema.org\",\"@graph\":[{\"@type\":\"Article\",\"@id\":\"https:\/\/portaltela.pt\/noticias\/2026\/03\/27\/ipo-porto-alerta-reducao-de-dadores-e-apela-a-doacao-de-sangue\/#article\",\"isPartOf\":{\"@id\":\"https:\/\/portaltela.pt\/noticias\/2026\/03\/27\/ipo-porto-alerta-reducao-de-dadores-e-apela-a-doacao-de-sangue\/\"},\"author\":{\"name\":\"Telinha\",\"@id\":\"https:\/\/portaltela.pt\/#\/schema\/person\/c4278d4a6028830caff9ee44b42d32ed\"},\"headline\":\"IPO Porto alerta redu\u00e7\u00e3o de dadores e apela \u00e0 doa\u00e7\u00e3o de sangue\",\"datePublished\":\"2026-03-27T08:45:00+00:00\",\"mainEntityOfPage\":{\"@id\":\"https:\/\/portaltela.pt\/noticias\/2026\/03\/27\/ipo-porto-alerta-reducao-de-dadores-e-apela-a-doacao-de-sangue\/\"},\"wordCount\":145,\"image\":{\"@id\":\"https:\/\/portaltela.pt\/noticias\/2026\/03\/27\/ipo-porto-alerta-reducao-de-dadores-e-apela-a-doacao-de-sangue\/#primaryimage\"},\"thumbnailUrl\":\"https:\/\/portaltela.pt\/s.01k8rhncp4jt1\/2026\/03\/CACHE_780X1200_ANALOG_WATERMARKED_15229626_1957456_04042019101735.jpg\",\"keywords\":[\"abastecimento de sangue\",\"doa\u00e7\u00e3o\",\"doa\u00e7\u00f5es\",\"Oncologia\",\"Porto\",\"sa\u00fade\"],\"articleSection\":[\"Sa\u00fade\"],\"inLanguage\":\"pt-PT\"},{\"@type\":\"WebPage\",\"@id\":\"https:\/\/portaltela.pt\/noticias\/2026\/03\/27\/ipo-porto-alerta-reducao-de-dadores-e-apela-a-doacao-de-sangue\/\",\"url\":\"https:\/\/portaltela.pt\/noticias\/2026\/03\/27\/ipo-porto-alerta-reducao-de-dadores-e-apela-a-doacao-de-sangue\/\",\"name\":\"IPO Porto alerta redu\u00e7\u00e3o de dadores e apela \u00e0 doa\u00e7\u00e3o de sangue - Portal Tela Portugal\",\"isPartOf\":{\"@id\":\"https:\/\/portaltela.pt\/#website\"},\"primaryImageOfPage\":{\"@id\":\"https:\/\/portaltela.pt\/noticias\/2026\/03\/27\/ipo-porto-alerta-reducao-de-dadores-e-apela-a-doacao-de-sangue\/#primaryimage\"},\"image\":{\"@id\":\"https:\/\/portaltela.pt\/noticias\/2026\/03\/27\/ipo-porto-alerta-reducao-de-dadores-e-apela-a-doacao-de-sangue\/#primaryimage\"},\"thumbnailUrl\":\"https:\/\/portaltela.pt\/s.01k8rhncp4jt1\/2026\/03\/CACHE_780X1200_ANALOG_WATERMARKED_15229626_1957456_04042019101735.jpg\",\"datePublished\":\"2026-03-27T08:45:00+00:00\",\"author\":{\"@id\":\"https:\/\/portaltela.pt\/#\/schema\/person\/c4278d4a6028830caff9ee44b42d32ed\"},\"breadcrumb\":{\"@id\":\"https:\/\/portaltela.pt\/noticias\/2026\/03\/27\/ipo-porto-alerta-reducao-de-dadores-e-apela-a-doacao-de-sangue\/#breadcrumb\"},\"inLanguage\":\"pt-PT\",\"potentialAction\":[{\"@type\":\"ReadAction\",\"target\":[\"https:\/\/portaltela.pt\/noticias\/2026\/03\/27\/ipo-porto-alerta-reducao-de-dadores-e-apela-a-doacao-de-sangue\/\"]}]},{\"@type\":\"ImageObject\",\"inLanguage\":\"pt-PT\",\"@id\":\"https:\/\/portaltela.pt\/noticias\/2026\/03\/27\/ipo-porto-alerta-reducao-de-dadores-e-apela-a-doacao-de-sangue\/#primaryimage\",\"url\":\"https:\/\/portaltela.pt\/s.01k8rhncp4jt1\/2026\/03\/CACHE_780X1200_ANALOG_WATERMARKED_15229626_1957456_04042019101735.jpg\",\"contentUrl\":\"https:\/\/portaltela.pt\/s.01k8rhncp4jt1\/2026\/03\/CACHE_780X1200_ANALOG_WATERMARKED_15229626_1957456_04042019101735.jpg\",\"width\":796,\"height\":448,\"caption\":\"IPO Porto alerta para diminui\u00e7\u00e3o de dadores e apela \u00e0 doa\u00e7\u00e3o de sangue\"},{\"@type\":\"BreadcrumbList\",\"@id\":\"https:\/\/portaltela.pt\/noticias\/2026\/03\/27\/ipo-porto-alerta-reducao-de-dadores-e-apela-a-doacao-de-sangue\/#breadcrumb\",\"itemListElement\":[{\"@type\":\"ListItem\",\"position\":1,\"name\":\"In\u00edcio\",\"item\":\"https:\/\/portaltela.pt\/\"},{\"@type\":\"ListItem\",\"position\":2,\"name\":\"IPO Porto alerta redu\u00e7\u00e3o de dadores e apela \u00e0 doa\u00e7\u00e3o de sangue\"}]},{\"@type\":\"WebSite\",\"@id\":\"https:\/\/portaltela.pt\/#website\",\"url\":\"https:\/\/portaltela.pt\/\",\"name\":\"Portal Tela Portugal\",\"description\":\"\",\"potentialAction\":[{\"@type\":\"SearchAction\",\"target\":{\"@type\":\"EntryPoint\",\"urlTemplate\":\"https:\/\/portaltela.pt\/?s={search_term_string}\"},\"query-input\":{\"@type\":\"PropertyValueSpecification\",\"valueRequired\":true,\"valueName\":\"search_term_string\"}}],\"inLanguage\":\"pt-PT\"},{\"@type\":\"Person\",\"@id\":\"https:\/\/portaltela.pt\/#\/schema\/person\/c4278d4a6028830caff9ee44b42d32ed\",\"name\":\"Telinha\",\"image\":{\"@type\":\"ImageObject\",\"inLanguage\":\"pt-PT\",\"@id\":\"https:\/\/portaltela.pt\/s.01k8rhncp4jt1\/2025\/11\/talking-bot-125x125.png\",\"url\":\"https:\/\/portaltela.pt\/s.01k8rhncp4jt1\/2025\/11\/talking-bot-125x125.png\",\"contentUrl\":\"https:\/\/portaltela.pt\/s.01k8rhncp4jt1\/2025\/11\/talking-bot-125x125.png\",\"caption\":\"Telinha\"},\"sameAs\":[\"https:\/\/portaltela.pt\/\"],\"url\":\"https:\/\/portaltela.pt\/por\/367410592786\/\"}]}<\/script>\n<!-- \/ Yoast SEO plugin. -->","yoast_head_json":{"title":"IPO Porto alerta redu\u00e7\u00e3o de dadores e apela \u00e0 doa\u00e7\u00e3o de sangue - Portal Tela Portugal","robots":{"index":"index","follow":"follow","max-snippet":"max-snippet:-1","max-image-preview":"max-image-preview:large","max-video-preview":"max-video-preview:-1"},"og_locale":"pt_PT","og_type":"article","og_title":"IPO Porto alerta redu\u00e7\u00e3o de dadores e apela \u00e0 doa\u00e7\u00e3o de sangue - Portal Tela Portugal","og_description":"O IPO Porto alerta para a diminui\u00e7\u00e3o de dadores de sangue. Apela \u00e0 popula\u00e7\u00e3o para doar sangue. O conte\u00fado completo est\u00e1 acess\u00edvel apenas a subscritores. N\u00e3o s\u00e3o fornecidos dados ou desdobramentos adicionais neste resumo.","og_url":"https:\/\/portaltela.pt\/noticias\/2026\/03\/27\/ipo-porto-alerta-reducao-de-dadores-e-apela-a-doacao-de-sangue\/","og_site_name":"Portal Tela Portugal","article_published_time":"2026-03-27T08:45:00+00:00","author":"Telinha","twitter_card":"summary_large_image","twitter_misc":{"Escrito por":"Telinha","Tempo estimado de leitura":"1 minuto"},"schema":{"@context":"https:\/\/schema.org","@graph":[{"@type":"Article","@id":"https:\/\/portaltela.pt\/noticias\/2026\/03\/27\/ipo-porto-alerta-reducao-de-dadores-e-apela-a-doacao-de-sangue\/#article","isPartOf":{"@id":"https:\/\/portaltela.pt\/noticias\/2026\/03\/27\/ipo-porto-alerta-reducao-de-dadores-e-apela-a-doacao-de-sangue\/"},"author":{"name":"Telinha","@id":"https:\/\/portaltela.pt\/#\/schema\/person\/c4278d4a6028830caff9ee44b42d32ed"},"headline":"IPO Porto alerta redu\u00e7\u00e3o de dadores e apela \u00e0 doa\u00e7\u00e3o de sangue","datePublished":"2026-03-27T08:45:00+00:00","mainEntityOfPage":{"@id":"https:\/\/portaltela.pt\/noticias\/2026\/03\/27\/ipo-porto-alerta-reducao-de-dadores-e-apela-a-doacao-de-sangue\/"},"wordCount":145,"image":{"@id":"https:\/\/portaltela.pt\/noticias\/2026\/03\/27\/ipo-porto-alerta-reducao-de-dadores-e-apela-a-doacao-de-sangue\/#primaryimage"},"thumbnailUrl":"https:\/\/portaltela.pt\/s.01k8rhncp4jt1\/2026\/03\/CACHE_780X1200_ANALOG_WATERMARKED_15229626_1957456_04042019101735.jpg","keywords":["abastecimento de sangue","doa\u00e7\u00e3o","doa\u00e7\u00f5es","Oncologia","Porto","sa\u00fade"],"articleSection":["Sa\u00fade"],"inLanguage":"pt-PT"},{"@type":"WebPage","@id":"https:\/\/portaltela.pt\/noticias\/2026\/03\/27\/ipo-porto-alerta-reducao-de-dadores-e-apela-a-doacao-de-sangue\/","url":"https:\/\/portaltela.pt\/noticias\/2026\/03\/27\/ipo-porto-alerta-reducao-de-dadores-e-apela-a-doacao-de-sangue\/","name":"IPO Porto alerta redu\u00e7\u00e3o de dadores e apela \u00e0 doa\u00e7\u00e3o de sangue - Portal Tela Portugal","isPartOf":{"@id":"https:\/\/portaltela.pt\/#website"},"primaryImageOfPage":{"@id":"https:\/\/portaltela.pt\/noticias\/2026\/03\/27\/ipo-porto-alerta-reducao-de-dadores-e-apela-a-doacao-de-sangue\/#primaryimage"},"image":{"@id":"https:\/\/portaltela.pt\/noticias\/2026\/03\/27\/ipo-porto-alerta-reducao-de-dadores-e-apela-a-doacao-de-sangue\/#primaryimage"},"thumbnailUrl":"https:\/\/portaltela.pt\/s.01k8rhncp4jt1\/2026\/03\/CACHE_780X1200_ANALOG_WATERMARKED_15229626_1957456_04042019101735.jpg","datePublished":"2026-03-27T08:45:00+00:00","author":{"@id":"https:\/\/portaltela.pt\/#\/schema\/person\/c4278d4a6028830caff9ee44b42d32ed"},"breadcrumb":{"@id":"https:\/\/portaltela.pt\/noticias\/2026\/03\/27\/ipo-porto-alerta-reducao-de-dadores-e-apela-a-doacao-de-sangue\/#breadcrumb"},"inLanguage":"pt-PT","potentialAction":[{"@type":"ReadAction","target":["https:\/\/portaltela.pt\/noticias\/2026\/03\/27\/ipo-porto-alerta-reducao-de-dadores-e-apela-a-doacao-de-sangue\/"]}]},{"@type":"ImageObject","inLanguage":"pt-PT","@id":"https:\/\/portaltela.pt\/noticias\/2026\/03\/27\/ipo-porto-alerta-reducao-de-dadores-e-apela-a-doacao-de-sangue\/#primaryimage","url":"https:\/\/portaltela.pt\/s.01k8rhncp4jt1\/2026\/03\/CACHE_780X1200_ANALOG_WATERMARKED_15229626_1957456_04042019101735.jpg","contentUrl":"https:\/\/portaltela.pt\/s.01k8rhncp4jt1\/2026\/03\/CACHE_780X1200_ANALOG_WATERMARKED_15229626_1957456_04042019101735.jpg","width":796,"height":448,"caption":"IPO Porto alerta para diminui\u00e7\u00e3o de dadores e apela \u00e0 doa\u00e7\u00e3o de sangue"},{"@type":"BreadcrumbList","@id":"https:\/\/portaltela.pt\/noticias\/2026\/03\/27\/ipo-porto-alerta-reducao-de-dadores-e-apela-a-doacao-de-sangue\/#breadcrumb","itemListElement":[{"@type":"ListItem","position":1,"name":"In\u00edcio","item":"https:\/\/portaltela.pt\/"},{"@type":"ListItem","position":2,"name":"IPO Porto alerta redu\u00e7\u00e3o de dadores e apela \u00e0 doa\u00e7\u00e3o de sangue"}]},{"@type":"WebSite","@id":"https:\/\/portaltela.pt\/#website","url":"https:\/\/portaltela.pt\/","name":"Portal Tela Portugal","description":"","potentialAction":[{"@type":"SearchAction","target":{"@type":"EntryPoint","urlTemplate":"https:\/\/portaltela.pt\/?s={search_term_string}"},"query-input":{"@type":"PropertyValueSpecification","valueRequired":true,"valueName":"search_term_string"}}],"inLanguage":"pt-PT"},{"@type":"Person","@id":"https:\/\/portaltela.pt\/#\/schema\/person\/c4278d4a6028830caff9ee44b42d32ed","name":"Telinha","image":{"@type":"ImageObject","inLanguage":"pt-PT","@id":"https:\/\/portaltela.pt\/s.01k8rhncp4jt1\/2025\/11\/talking-bot-125x125.png","url":"https:\/\/portaltela.pt\/s.01k8rhncp4jt1\/2025\/11\/talking-bot-125x125.png","contentUrl":"https:\/\/portaltela.pt\/s.01k8rhncp4jt1\/2025\/11\/talking-bot-125x125.png","caption":"Telinha"},"sameAs":["https:\/\/portaltela.pt\/"],"url":"https:\/\/portaltela.pt\/por\/367410592786\/"}]}},"_links":{"self":[{"href":"https:\/\/portaltela.pt\/api\/wp\/v2\/posts\/423458","targetHints":{"allow":["GET"]}}],"collection":[{"href":"https:\/\/portaltela.pt\/api\/wp\/v2\/posts"}],"about":[{"href":"https:\/\/portaltela.pt\/api\/wp\/v2\/types\/post"}],"author":[{"embeddable":true,"href":"https:\/\/portaltela.pt\/api\/wp\/v2\/users\/2"}],"replies":[{"embeddable":true,"href":"https:\/\/portaltela.pt\/api\/wp\/v2\/comments?post=423458"}],"version-history":[{"count":0,"href":"https:\/\/portaltela.pt\/api\/wp\/v2\/posts\/423458\/revisions"}],"wp:featuredmedia":[{"embeddable":true,"href":"https:\/\/portaltela.pt\/api\/wp\/v2\/media\/423466"}],"wp:attachment":[{"href":"https:\/\/portaltela.pt\/api\/wp\/v2\/media?parent=423458"}],"wp:term":[{"taxonomy":"category","embeddable":true,"href":"https:\/\/portaltela.pt\/api\/wp\/v2\/categories?post=423458"},{"taxonomy":"post_tag","embeddable":true,"href":"https:\/\/portaltela.pt\/api\/wp\/v2\/tags?post=423458"}],"curies":[{"name":"wp","href":"https:\/\/api.w.org\/{rel}","templated":true}]}}