{"id":423409,"date":"2026-03-27T06:49:27","date_gmt":"2026-03-27T09:49:27","guid":{"rendered":"https:\/\/portaltela.pt\/noticias\/2026\/03\/27\/nuno-markl-agradece-a-medica-que-lhe-consertou-uma-serie-de-avarias\/"},"modified":"2026-03-27T06:49:27","modified_gmt":"2026-03-27T09:49:27","slug":"nuno-markl-agradece-a-medica-que-lhe-consertou-uma-serie-de-avarias","status":"publish","type":"post","link":"https:\/\/portaltela.pt\/saude\/2026\/03\/27\/nuno-markl-agradece-a-medica-que-lhe-consertou-uma-serie-de-avarias\/","title":{"rendered":"Nuno Markl agradece \u00e0 m\u00e9dica que lhe consertou uma s\u00e9rie de avarias"},"content":{"rendered":"<p>Nuno Markl voltou a partilhar a evolu\u00e7\u00e3o cl\u00ednica ap\u00f3s os dois AVC sofridos em novembro. O humorista informou nas redes sociais sobre novos progressos no processo de recupera\u00e7\u00e3o, elogiando a equipa m\u00e9dica que o acompanha.<\/p>\n<p>Atrav\u00e9s de uma publica\u00e7\u00e3o no Instagram, o apresentador destacou a m\u00e9dica Maria Jo\u00e3o Costa, com quem tem mantido contacto pr\u00f3ximo na etapa de tratamento. A mensagem enfatizou a import\u00e2ncia do acompanhamento m\u00e9dico no regresso \u00e0 atividade di\u00e1ria.<\/p>\n<p>Markl descreveu o antes e o depois da experi\u00eancia com o AVC, reconhecendo que os receios de sa\u00fade foram superados com o apoio profissional. O texto sublinhou que o cuidar da sa\u00fade passou a ser parte central da sua vida.<\/p>\n<p>O humorista referiu ter feito mais exames e consultas nos \u00faltimos meses do que em toda a vida, apontando melhorias na sa\u00fade geral. A mensagem transmitiu gratid\u00e3o \u00e0 m\u00e9dica pela recupera\u00e7\u00e3o.<\/p>\n<p>Segundo o relato, a m\u00e9dica Maria Jo\u00e3o Costa trabalha h\u00e1 sete anos no hospital onde Markl est\u00e1 a receber tratamento. O texto apontou ainda que a sa\u00edda da profissional para novos desafios ocorre em breve.<\/p>\n<p>Markl afirmou ter um plano de vida mais ambicioso, com a inten\u00e7\u00e3o de manter a sa\u00fade em dia. O coment\u00e1rio refletiu o reconhecimento do papel da m\u00e9dica na mudan\u00e7a de perspetiva sobre cuidados de sa\u00fade.<\/p>\n","protected":false},"excerpt":{"rendered":"<ul>\n<li>O humorista Nuno Markl agradeceu publicly \u00e0 m\u00e9dica Maria Jo\u00e3o Costa pela sua recupera\u00e7\u00e3o ap\u00f3s dois AVC ocorridos em novembro.<\/li>\n<li>Partilhou uma foto com a m\u00e9dica, refletindo sobre a diferen\u00e7a entre o Markl antes do AVC e o que \u00e9 hoje.<\/li>\n<li>Destacou o papel essencial de Maria Jo\u00e3o Costa na recupera\u00e7\u00e3o e na forma como o contou mudou a sua rela\u00e7\u00e3o com os cuidados de sa\u00fade.<\/li>\n<li>Disse ter realizado mais exames e consultas nos \u00faltimos meses do que em toda a vida, e que se sente mais saud\u00e1vel no momento.<\/li>\n<li>A m\u00e9dica vai deixar o hospital para novos desafios; Markl revelou que continuar\u00e1 como paciente e que ela ser\u00e1 a sua m\u00e9dica de fam\u00edlia, com a ambi\u00e7\u00e3o de viver pelo menos at\u00e9 aos 175 anos.<\/li>\n<\/ul>\n","protected":false},"author":2,"featured_media":423411,"comment_status":"closed","ping_status":"closed","sticky":false,"template":"","format":"standard","meta":{"footnotes":""},"categories":[7371,6745],"tags":[7048,5371,633,6854,172],"class_list":["post-423409","post","type-post","status-publish","format-standard","has-post-thumbnail","hentry","category-medicina","category-saude","tag-avc","tag-cuidados-de-saude","tag-hospital","tag-medicos","tag-saude"],"yoast_head":"<!-- This site is optimized with the Yoast SEO plugin v27.2 - https:\/\/yoast.com\/product\/yoast-seo-wordpress\/ -->\n<title>Nuno Markl agradece \u00e0 m\u00e9dica que lhe consertou uma s\u00e9rie de avarias - Portal Tela Portugal<\/title>\n<meta name=\"robots\" content=\"index, follow, max-snippet:-1, max-image-preview:large, max-video-preview:-1\" \/>\n<meta property=\"og:locale\" content=\"pt_PT\" \/>\n<meta property=\"og:type\" content=\"article\" \/>\n<meta property=\"og:title\" content=\"Nuno Markl agradece \u00e0 m\u00e9dica que lhe consertou uma s\u00e9rie de avarias - Portal Tela Portugal\" \/>\n<meta property=\"og:description\" content=\"O humorista Nuno Markl agradeceu publicly \u00e0 m\u00e9dica Maria Jo\u00e3o Costa pela sua recupera\u00e7\u00e3o ap\u00f3s dois AVC ocorridos em novembro. Partilhou uma foto com a m\u00e9dica, refletindo sobre a diferen\u00e7a entre o Markl antes do AVC e o que \u00e9 hoje. Destacou o papel essencial de Maria Jo\u00e3o Costa na recupera\u00e7\u00e3o e na forma como o contou mudou a sua rela\u00e7\u00e3o com os cuidados de sa\u00fade. Disse ter realizado mais exames e consultas nos \u00faltimos meses do que em toda a vida, e que se sente mais saud\u00e1vel no momento. A m\u00e9dica vai deixar o hospital para novos desafios; Markl revelou que continuar\u00e1 como paciente e que ela ser\u00e1 a sua m\u00e9dica de fam\u00edlia, com a ambi\u00e7\u00e3o de viver pelo menos at\u00e9 aos 175 anos.\" \/>\n<meta property=\"og:url\" content=\"https:\/\/portaltela.pt\/noticias\/2026\/03\/27\/nuno-markl-agradece-a-medica-que-lhe-consertou-uma-serie-de-avarias\/\" \/>\n<meta property=\"og:site_name\" content=\"Portal Tela Portugal\" \/>\n<meta property=\"article:published_time\" content=\"2026-03-27T09:49:27+00:00\" \/>\n<meta name=\"author\" content=\"Telinha\" \/>\n<meta name=\"twitter:card\" content=\"summary_large_image\" \/>\n<meta name=\"twitter:label1\" content=\"Escrito por\" \/>\n\t<meta name=\"twitter:data1\" content=\"Telinha\" \/>\n\t<meta name=\"twitter:label2\" content=\"Tempo estimado de leitura\" \/>\n\t<meta name=\"twitter:data2\" content=\"1 minuto\" \/>\n<script type=\"application\/ld+json\" class=\"yoast-schema-graph\">{\"@context\":\"https:\/\/schema.org\",\"@graph\":[{\"@type\":\"Article\",\"@id\":\"https:\/\/portaltela.pt\/noticias\/2026\/03\/27\/nuno-markl-agradece-a-medica-que-lhe-consertou-uma-serie-de-avarias\/#article\",\"isPartOf\":{\"@id\":\"https:\/\/portaltela.pt\/noticias\/2026\/03\/27\/nuno-markl-agradece-a-medica-que-lhe-consertou-uma-serie-de-avarias\/\"},\"author\":{\"name\":\"Telinha\",\"@id\":\"https:\/\/portaltela.pt\/#\/schema\/person\/c4278d4a6028830caff9ee44b42d32ed\"},\"headline\":\"Nuno Markl agradece \u00e0 m\u00e9dica que lhe consertou uma s\u00e9rie de avarias\",\"datePublished\":\"2026-03-27T09:49:27+00:00\",\"mainEntityOfPage\":{\"@id\":\"https:\/\/portaltela.pt\/noticias\/2026\/03\/27\/nuno-markl-agradece-a-medica-que-lhe-consertou-uma-serie-de-avarias\/\"},\"wordCount\":253,\"image\":{\"@id\":\"https:\/\/portaltela.pt\/noticias\/2026\/03\/27\/nuno-markl-agradece-a-medica-que-lhe-consertou-uma-serie-de-avarias\/#primaryimage\"},\"thumbnailUrl\":\"https:\/\/portaltela.pt\/s.01k8rhncp4jt1\/2026\/03\/img_1200x721uu2026-03-27-09-48-25-2429650.jpg\",\"keywords\":[\"AVC\",\"cuidados de sa\u00fade\",\"hospital\",\"M\u00e9dicos\",\"sa\u00fade\"],\"articleSection\":[\"Medicina\",\"Sa\u00fade\"],\"inLanguage\":\"pt-PT\"},{\"@type\":\"WebPage\",\"@id\":\"https:\/\/portaltela.pt\/noticias\/2026\/03\/27\/nuno-markl-agradece-a-medica-que-lhe-consertou-uma-serie-de-avarias\/\",\"url\":\"https:\/\/portaltela.pt\/noticias\/2026\/03\/27\/nuno-markl-agradece-a-medica-que-lhe-consertou-uma-serie-de-avarias\/\",\"name\":\"Nuno Markl agradece \u00e0 m\u00e9dica que lhe consertou uma s\u00e9rie de avarias - Portal Tela Portugal\",\"isPartOf\":{\"@id\":\"https:\/\/portaltela.pt\/#website\"},\"primaryImageOfPage\":{\"@id\":\"https:\/\/portaltela.pt\/noticias\/2026\/03\/27\/nuno-markl-agradece-a-medica-que-lhe-consertou-uma-serie-de-avarias\/#primaryimage\"},\"image\":{\"@id\":\"https:\/\/portaltela.pt\/noticias\/2026\/03\/27\/nuno-markl-agradece-a-medica-que-lhe-consertou-uma-serie-de-avarias\/#primaryimage\"},\"thumbnailUrl\":\"https:\/\/portaltela.pt\/s.01k8rhncp4jt1\/2026\/03\/img_1200x721uu2026-03-27-09-48-25-2429650.jpg\",\"datePublished\":\"2026-03-27T09:49:27+00:00\",\"author\":{\"@id\":\"https:\/\/portaltela.pt\/#\/schema\/person\/c4278d4a6028830caff9ee44b42d32ed\"},\"breadcrumb\":{\"@id\":\"https:\/\/portaltela.pt\/noticias\/2026\/03\/27\/nuno-markl-agradece-a-medica-que-lhe-consertou-uma-serie-de-avarias\/#breadcrumb\"},\"inLanguage\":\"pt-PT\",\"potentialAction\":[{\"@type\":\"ReadAction\",\"target\":[\"https:\/\/portaltela.pt\/noticias\/2026\/03\/27\/nuno-markl-agradece-a-medica-que-lhe-consertou-uma-serie-de-avarias\/\"]}]},{\"@type\":\"ImageObject\",\"inLanguage\":\"pt-PT\",\"@id\":\"https:\/\/portaltela.pt\/noticias\/2026\/03\/27\/nuno-markl-agradece-a-medica-que-lhe-consertou-uma-serie-de-avarias\/#primaryimage\",\"url\":\"https:\/\/portaltela.pt\/s.01k8rhncp4jt1\/2026\/03\/img_1200x721uu2026-03-27-09-48-25-2429650.jpg\",\"contentUrl\":\"https:\/\/portaltela.pt\/s.01k8rhncp4jt1\/2026\/03\/img_1200x721uu2026-03-27-09-48-25-2429650.jpg\",\"width\":796,\"height\":448,\"caption\":\"Nuno Markl ao lado da doutora Maria Jo\u00e3o Costa\"},{\"@type\":\"BreadcrumbList\",\"@id\":\"https:\/\/portaltela.pt\/noticias\/2026\/03\/27\/nuno-markl-agradece-a-medica-que-lhe-consertou-uma-serie-de-avarias\/#breadcrumb\",\"itemListElement\":[{\"@type\":\"ListItem\",\"position\":1,\"name\":\"In\u00edcio\",\"item\":\"https:\/\/portaltela.pt\/\"},{\"@type\":\"ListItem\",\"position\":2,\"name\":\"Nuno Markl agradece \u00e0 m\u00e9dica que lhe consertou uma s\u00e9rie de avarias\"}]},{\"@type\":\"WebSite\",\"@id\":\"https:\/\/portaltela.pt\/#website\",\"url\":\"https:\/\/portaltela.pt\/\",\"name\":\"Portal Tela Portugal\",\"description\":\"\",\"potentialAction\":[{\"@type\":\"SearchAction\",\"target\":{\"@type\":\"EntryPoint\",\"urlTemplate\":\"https:\/\/portaltela.pt\/?s={search_term_string}\"},\"query-input\":{\"@type\":\"PropertyValueSpecification\",\"valueRequired\":true,\"valueName\":\"search_term_string\"}}],\"inLanguage\":\"pt-PT\"},{\"@type\":\"Person\",\"@id\":\"https:\/\/portaltela.pt\/#\/schema\/person\/c4278d4a6028830caff9ee44b42d32ed\",\"name\":\"Telinha\",\"image\":{\"@type\":\"ImageObject\",\"inLanguage\":\"pt-PT\",\"@id\":\"https:\/\/portaltela.pt\/s.01k8rhncp4jt1\/2025\/11\/talking-bot-125x125.png\",\"url\":\"https:\/\/portaltela.pt\/s.01k8rhncp4jt1\/2025\/11\/talking-bot-125x125.png\",\"contentUrl\":\"https:\/\/portaltela.pt\/s.01k8rhncp4jt1\/2025\/11\/talking-bot-125x125.png\",\"caption\":\"Telinha\"},\"sameAs\":[\"https:\/\/portaltela.pt\/\"],\"url\":\"https:\/\/portaltela.pt\/por\/367410592786\/\"}]}<\/script>\n<!-- \/ Yoast SEO plugin. -->","yoast_head_json":{"title":"Nuno Markl agradece \u00e0 m\u00e9dica que lhe consertou uma s\u00e9rie de avarias - Portal Tela Portugal","robots":{"index":"index","follow":"follow","max-snippet":"max-snippet:-1","max-image-preview":"max-image-preview:large","max-video-preview":"max-video-preview:-1"},"og_locale":"pt_PT","og_type":"article","og_title":"Nuno Markl agradece \u00e0 m\u00e9dica que lhe consertou uma s\u00e9rie de avarias - Portal Tela Portugal","og_description":"O humorista Nuno Markl agradeceu publicly \u00e0 m\u00e9dica Maria Jo\u00e3o Costa pela sua recupera\u00e7\u00e3o ap\u00f3s dois AVC ocorridos em novembro. Partilhou uma foto com a m\u00e9dica, refletindo sobre a diferen\u00e7a entre o Markl antes do AVC e o que \u00e9 hoje. Destacou o papel essencial de Maria Jo\u00e3o Costa na recupera\u00e7\u00e3o e na forma como o contou mudou a sua rela\u00e7\u00e3o com os cuidados de sa\u00fade. Disse ter realizado mais exames e consultas nos \u00faltimos meses do que em toda a vida, e que se sente mais saud\u00e1vel no momento. A m\u00e9dica vai deixar o hospital para novos desafios; Markl revelou que continuar\u00e1 como paciente e que ela ser\u00e1 a sua m\u00e9dica de fam\u00edlia, com a ambi\u00e7\u00e3o de viver pelo menos at\u00e9 aos 175 anos.","og_url":"https:\/\/portaltela.pt\/noticias\/2026\/03\/27\/nuno-markl-agradece-a-medica-que-lhe-consertou-uma-serie-de-avarias\/","og_site_name":"Portal Tela Portugal","article_published_time":"2026-03-27T09:49:27+00:00","author":"Telinha","twitter_card":"summary_large_image","twitter_misc":{"Escrito por":"Telinha","Tempo estimado de leitura":"1 minuto"},"schema":{"@context":"https:\/\/schema.org","@graph":[{"@type":"Article","@id":"https:\/\/portaltela.pt\/noticias\/2026\/03\/27\/nuno-markl-agradece-a-medica-que-lhe-consertou-uma-serie-de-avarias\/#article","isPartOf":{"@id":"https:\/\/portaltela.pt\/noticias\/2026\/03\/27\/nuno-markl-agradece-a-medica-que-lhe-consertou-uma-serie-de-avarias\/"},"author":{"name":"Telinha","@id":"https:\/\/portaltela.pt\/#\/schema\/person\/c4278d4a6028830caff9ee44b42d32ed"},"headline":"Nuno Markl agradece \u00e0 m\u00e9dica que lhe consertou uma s\u00e9rie de avarias","datePublished":"2026-03-27T09:49:27+00:00","mainEntityOfPage":{"@id":"https:\/\/portaltela.pt\/noticias\/2026\/03\/27\/nuno-markl-agradece-a-medica-que-lhe-consertou-uma-serie-de-avarias\/"},"wordCount":253,"image":{"@id":"https:\/\/portaltela.pt\/noticias\/2026\/03\/27\/nuno-markl-agradece-a-medica-que-lhe-consertou-uma-serie-de-avarias\/#primaryimage"},"thumbnailUrl":"https:\/\/portaltela.pt\/s.01k8rhncp4jt1\/2026\/03\/img_1200x721uu2026-03-27-09-48-25-2429650.jpg","keywords":["AVC","cuidados de sa\u00fade","hospital","M\u00e9dicos","sa\u00fade"],"articleSection":["Medicina","Sa\u00fade"],"inLanguage":"pt-PT"},{"@type":"WebPage","@id":"https:\/\/portaltela.pt\/noticias\/2026\/03\/27\/nuno-markl-agradece-a-medica-que-lhe-consertou-uma-serie-de-avarias\/","url":"https:\/\/portaltela.pt\/noticias\/2026\/03\/27\/nuno-markl-agradece-a-medica-que-lhe-consertou-uma-serie-de-avarias\/","name":"Nuno Markl agradece \u00e0 m\u00e9dica que lhe consertou uma s\u00e9rie de avarias - Portal Tela Portugal","isPartOf":{"@id":"https:\/\/portaltela.pt\/#website"},"primaryImageOfPage":{"@id":"https:\/\/portaltela.pt\/noticias\/2026\/03\/27\/nuno-markl-agradece-a-medica-que-lhe-consertou-uma-serie-de-avarias\/#primaryimage"},"image":{"@id":"https:\/\/portaltela.pt\/noticias\/2026\/03\/27\/nuno-markl-agradece-a-medica-que-lhe-consertou-uma-serie-de-avarias\/#primaryimage"},"thumbnailUrl":"https:\/\/portaltela.pt\/s.01k8rhncp4jt1\/2026\/03\/img_1200x721uu2026-03-27-09-48-25-2429650.jpg","datePublished":"2026-03-27T09:49:27+00:00","author":{"@id":"https:\/\/portaltela.pt\/#\/schema\/person\/c4278d4a6028830caff9ee44b42d32ed"},"breadcrumb":{"@id":"https:\/\/portaltela.pt\/noticias\/2026\/03\/27\/nuno-markl-agradece-a-medica-que-lhe-consertou-uma-serie-de-avarias\/#breadcrumb"},"inLanguage":"pt-PT","potentialAction":[{"@type":"ReadAction","target":["https:\/\/portaltela.pt\/noticias\/2026\/03\/27\/nuno-markl-agradece-a-medica-que-lhe-consertou-uma-serie-de-avarias\/"]}]},{"@type":"ImageObject","inLanguage":"pt-PT","@id":"https:\/\/portaltela.pt\/noticias\/2026\/03\/27\/nuno-markl-agradece-a-medica-que-lhe-consertou-uma-serie-de-avarias\/#primaryimage","url":"https:\/\/portaltela.pt\/s.01k8rhncp4jt1\/2026\/03\/img_1200x721uu2026-03-27-09-48-25-2429650.jpg","contentUrl":"https:\/\/portaltela.pt\/s.01k8rhncp4jt1\/2026\/03\/img_1200x721uu2026-03-27-09-48-25-2429650.jpg","width":796,"height":448,"caption":"Nuno Markl ao lado da doutora Maria Jo\u00e3o Costa"},{"@type":"BreadcrumbList","@id":"https:\/\/portaltela.pt\/noticias\/2026\/03\/27\/nuno-markl-agradece-a-medica-que-lhe-consertou-uma-serie-de-avarias\/#breadcrumb","itemListElement":[{"@type":"ListItem","position":1,"name":"In\u00edcio","item":"https:\/\/portaltela.pt\/"},{"@type":"ListItem","position":2,"name":"Nuno Markl agradece \u00e0 m\u00e9dica que lhe consertou uma s\u00e9rie de avarias"}]},{"@type":"WebSite","@id":"https:\/\/portaltela.pt\/#website","url":"https:\/\/portaltela.pt\/","name":"Portal Tela Portugal","description":"","potentialAction":[{"@type":"SearchAction","target":{"@type":"EntryPoint","urlTemplate":"https:\/\/portaltela.pt\/?s={search_term_string}"},"query-input":{"@type":"PropertyValueSpecification","valueRequired":true,"valueName":"search_term_string"}}],"inLanguage":"pt-PT"},{"@type":"Person","@id":"https:\/\/portaltela.pt\/#\/schema\/person\/c4278d4a6028830caff9ee44b42d32ed","name":"Telinha","image":{"@type":"ImageObject","inLanguage":"pt-PT","@id":"https:\/\/portaltela.pt\/s.01k8rhncp4jt1\/2025\/11\/talking-bot-125x125.png","url":"https:\/\/portaltela.pt\/s.01k8rhncp4jt1\/2025\/11\/talking-bot-125x125.png","contentUrl":"https:\/\/portaltela.pt\/s.01k8rhncp4jt1\/2025\/11\/talking-bot-125x125.png","caption":"Telinha"},"sameAs":["https:\/\/portaltela.pt\/"],"url":"https:\/\/portaltela.pt\/por\/367410592786\/"}]}},"_links":{"self":[{"href":"https:\/\/portaltela.pt\/api\/wp\/v2\/posts\/423409","targetHints":{"allow":["GET"]}}],"collection":[{"href":"https:\/\/portaltela.pt\/api\/wp\/v2\/posts"}],"about":[{"href":"https:\/\/portaltela.pt\/api\/wp\/v2\/types\/post"}],"author":[{"embeddable":true,"href":"https:\/\/portaltela.pt\/api\/wp\/v2\/users\/2"}],"replies":[{"embeddable":true,"href":"https:\/\/portaltela.pt\/api\/wp\/v2\/comments?post=423409"}],"version-history":[{"count":0,"href":"https:\/\/portaltela.pt\/api\/wp\/v2\/posts\/423409\/revisions"}],"wp:featuredmedia":[{"embeddable":true,"href":"https:\/\/portaltela.pt\/api\/wp\/v2\/media\/423411"}],"wp:attachment":[{"href":"https:\/\/portaltela.pt\/api\/wp\/v2\/media?parent=423409"}],"wp:term":[{"taxonomy":"category","embeddable":true,"href":"https:\/\/portaltela.pt\/api\/wp\/v2\/categories?post=423409"},{"taxonomy":"post_tag","embeddable":true,"href":"https:\/\/portaltela.pt\/api\/wp\/v2\/tags?post=423409"}],"curies":[{"name":"wp","href":"https:\/\/api.w.org\/{rel}","templated":true}]}}