{"id":423390,"date":"2026-03-27T06:30:49","date_gmt":"2026-03-27T09:30:49","guid":{"rendered":"https:\/\/portaltela.pt\/noticias\/2026\/03\/27\/pietuszewski-radiante-com-vitoria-na-estreia-pela-selecao-da-polonia\/"},"modified":"2026-03-27T06:30:49","modified_gmt":"2026-03-27T09:30:49","slug":"pietuszewski-radiante-com-vitoria-na-estreia-pela-selecao-da-polonia","status":"publish","type":"post","link":"https:\/\/portaltela.pt\/desporto\/futebol\/2026\/03\/27\/pietuszewski-radiante-com-vitoria-na-estreia-pela-selecao-da-polonia\/","title":{"rendered":"Pietuszewski radiante com vit\u00f3ria na estreia pela sele\u00e7\u00e3o da Pol\u00f3nia"},"content":{"rendered":"<p>O jovem extremo Pietuszewski estreou-se pela sele\u00e7\u00e3o principal da Pol\u00f3nia com 17 anos e 310 dias. Entrou aos 46 minutos no jogo frente \u00e0 Alb\u00e2nia e ajudou a Pol\u00f3nia a chegar \u00e0 vit\u00f3ria por 2-1, garantindo o apuramento para o playoff de acesso ao Mundial de 2026.<\/p>\n<p>O jogador do FC Porto saiu do banco para criar desequil\u00edbro e participar da recupera\u00e7\u00e3o ap\u00f3s o golo inicial da Alb\u00e2nia. O selecionador Jan Urban pediu-lhe para jogar sem inibi\u00e7\u00f5es e tentar o empate o mais cedo poss\u00edvel, mantendo a organiza\u00e7\u00e3o defensiva.<\/p>\n<p>Pietuszewski destacou que est\u00e1 a realizar um sonho e apontou j\u00e1 o pr\u00f3ximo advers\u00e1rio: a Su\u00e9cia, com Viktor Gy\u00f6keres, que eliminou a Ucr\u00e2nia. A Pol\u00f3nia luta agora por uma vaga no Mundial de 2026, com foco total na vit\u00f3ria em territ\u00f3rio sueco.<\/p>\n<h3>O pr\u00f3ximo desafio<\/h3>\n<p>A equipa polaca defronta a Su\u00e9cia na fase decisiva do playoff, com a perspectivada presen\u00e7a de Gy\u00f6keres no ataque. O objetivo \u00e9 assegurar o apuramento para o campeonato mundial de 2026, seguindo o desempenho da sele\u00e7\u00e3o sob a orienta\u00e7\u00e3o de Urban.<\/p>\n","protected":false},"excerpt":{"rendered":"<ul>\n<li>Oskar Pietuszewski estreou-se pela sele\u00e7\u00e3o principal da Pol\u00f3nia com 17 anos e 310 dias, entrando ao intervalo (46&#8242;) frente \u00e0 Alb\u00e2nia.<\/li>\n<li>A Pol\u00f3nia deu a volta e venceu por 2-1, garantindo o apuramento para a final do playoff de acesso ao Mundial de 2026.<\/li>\n<li>O extremo do FC Porto admitiu estar a realizar um sonho e apontou a import\u00e2ncia de marcar o empate cedo e manter o foco defensivo.<\/li>\n<li>O selecionador Jan Urban pediu-lhe jogar sem inibi\u00e7\u00f5es e ter cuidado com contra-ataques, destacando a necessidade de equil\u00edbrio entre ataque e defesa.<\/li>\n<li>O advers\u00e1rio na pr\u00f3xima ronda \u00e9 a Su\u00e9cia, liderada por Viktor Gy\u00f6keres, com objetivo claro de conquistar o lugar no Mundial de 2026.<\/li>\n<\/ul>\n","protected":false},"author":2,"featured_media":423397,"comment_status":"closed","ping_status":"closed","sticky":false,"template":"","format":"standard","meta":{"footnotes":""},"categories":[21,24],"tags":[2028,5953,32,6959,2057,3212],"class_list":["post-423390","post","type-post","status-publish","format-standard","has-post-thumbnail","hentry","category-desporto","category-futebol","tag-fc-porto","tag-fc-porto-sad","tag-futebol","tag-jogadores-internacionais","tag-selecao-nacional","tag-selecoes-internacionais"],"yoast_head":"<!-- This site is optimized with the Yoast SEO plugin v27.2 - https:\/\/yoast.com\/product\/yoast-seo-wordpress\/ -->\n<title>Pietuszewski radiante com vit\u00f3ria na estreia pela sele\u00e7\u00e3o da Pol\u00f3nia - Portal Tela Portugal<\/title>\n<meta name=\"robots\" content=\"index, follow, max-snippet:-1, max-image-preview:large, max-video-preview:-1\" \/>\n<meta property=\"og:locale\" content=\"pt_PT\" \/>\n<meta property=\"og:type\" content=\"article\" \/>\n<meta property=\"og:title\" content=\"Pietuszewski radiante com vit\u00f3ria na estreia pela sele\u00e7\u00e3o da Pol\u00f3nia - Portal Tela Portugal\" \/>\n<meta property=\"og:description\" content=\"Oskar Pietuszewski estreou-se pela sele\u00e7\u00e3o principal da Pol\u00f3nia com 17 anos e 310 dias, entrando ao intervalo (46&#039;) frente \u00e0 Alb\u00e2nia. A Pol\u00f3nia deu a volta e venceu por 2-1, garantindo o apuramento para a final do playoff de acesso ao Mundial de 2026. O extremo do FC Porto admitiu estar a realizar um sonho e apontou a import\u00e2ncia de marcar o empate cedo e manter o foco defensivo. O selecionador Jan Urban pediu-lhe jogar sem inibi\u00e7\u00f5es e ter cuidado com contra-ataques, destacando a necessidade de equil\u00edbrio entre ataque e defesa. O advers\u00e1rio na pr\u00f3xima ronda \u00e9 a Su\u00e9cia, liderada por Viktor Gy\u00f6keres, com objetivo claro de conquistar o lugar no Mundial de 2026.\" \/>\n<meta property=\"og:url\" content=\"https:\/\/portaltela.pt\/noticias\/2026\/03\/27\/pietuszewski-radiante-com-vitoria-na-estreia-pela-selecao-da-polonia\/\" \/>\n<meta property=\"og:site_name\" content=\"Portal Tela Portugal\" \/>\n<meta property=\"article:published_time\" content=\"2026-03-27T09:30:49+00:00\" \/>\n<meta name=\"author\" content=\"Telinha\" \/>\n<meta name=\"twitter:card\" content=\"summary_large_image\" \/>\n<meta name=\"twitter:label1\" content=\"Escrito por\" \/>\n\t<meta name=\"twitter:data1\" content=\"Telinha\" \/>\n\t<meta name=\"twitter:label2\" content=\"Tempo estimado de leitura\" \/>\n\t<meta name=\"twitter:data2\" content=\"1 minuto\" \/>\n<script type=\"application\/ld+json\" class=\"yoast-schema-graph\">{\"@context\":\"https:\/\/schema.org\",\"@graph\":[{\"@type\":\"Article\",\"@id\":\"https:\/\/portaltela.pt\/noticias\/2026\/03\/27\/pietuszewski-radiante-com-vitoria-na-estreia-pela-selecao-da-polonia\/#article\",\"isPartOf\":{\"@id\":\"https:\/\/portaltela.pt\/noticias\/2026\/03\/27\/pietuszewski-radiante-com-vitoria-na-estreia-pela-selecao-da-polonia\/\"},\"author\":{\"name\":\"Telinha\",\"@id\":\"https:\/\/portaltela.pt\/#\/schema\/person\/c4278d4a6028830caff9ee44b42d32ed\"},\"headline\":\"Pietuszewski radiante com vit\u00f3ria na estreia pela sele\u00e7\u00e3o da Pol\u00f3nia\",\"datePublished\":\"2026-03-27T09:30:49+00:00\",\"mainEntityOfPage\":{\"@id\":\"https:\/\/portaltela.pt\/noticias\/2026\/03\/27\/pietuszewski-radiante-com-vitoria-na-estreia-pela-selecao-da-polonia\/\"},\"wordCount\":205,\"image\":{\"@id\":\"https:\/\/portaltela.pt\/noticias\/2026\/03\/27\/pietuszewski-radiante-com-vitoria-na-estreia-pela-selecao-da-polonia\/#primaryimage\"},\"thumbnailUrl\":\"https:\/\/portaltela.pt\/s.01k8rhncp4jt1\/2026\/03\/img_920x518uu2026-03-27-09-28-56-2429643.jpg\",\"keywords\":[\"FC Porto\",\"FC Porto SAD\",\"futebol\",\"jogadores internacionais\",\"Sele\u00e7\u00e3o Nacional\",\"sele\u00e7\u00f5es internacionais\"],\"articleSection\":[\"Desporto\",\"Futebol\"],\"inLanguage\":\"pt-PT\"},{\"@type\":\"WebPage\",\"@id\":\"https:\/\/portaltela.pt\/noticias\/2026\/03\/27\/pietuszewski-radiante-com-vitoria-na-estreia-pela-selecao-da-polonia\/\",\"url\":\"https:\/\/portaltela.pt\/noticias\/2026\/03\/27\/pietuszewski-radiante-com-vitoria-na-estreia-pela-selecao-da-polonia\/\",\"name\":\"Pietuszewski radiante com vit\u00f3ria na estreia pela sele\u00e7\u00e3o da Pol\u00f3nia - Portal Tela Portugal\",\"isPartOf\":{\"@id\":\"https:\/\/portaltela.pt\/#website\"},\"primaryImageOfPage\":{\"@id\":\"https:\/\/portaltela.pt\/noticias\/2026\/03\/27\/pietuszewski-radiante-com-vitoria-na-estreia-pela-selecao-da-polonia\/#primaryimage\"},\"image\":{\"@id\":\"https:\/\/portaltela.pt\/noticias\/2026\/03\/27\/pietuszewski-radiante-com-vitoria-na-estreia-pela-selecao-da-polonia\/#primaryimage\"},\"thumbnailUrl\":\"https:\/\/portaltela.pt\/s.01k8rhncp4jt1\/2026\/03\/img_920x518uu2026-03-27-09-28-56-2429643.jpg\",\"datePublished\":\"2026-03-27T09:30:49+00:00\",\"author\":{\"@id\":\"https:\/\/portaltela.pt\/#\/schema\/person\/c4278d4a6028830caff9ee44b42d32ed\"},\"breadcrumb\":{\"@id\":\"https:\/\/portaltela.pt\/noticias\/2026\/03\/27\/pietuszewski-radiante-com-vitoria-na-estreia-pela-selecao-da-polonia\/#breadcrumb\"},\"inLanguage\":\"pt-PT\",\"potentialAction\":[{\"@type\":\"ReadAction\",\"target\":[\"https:\/\/portaltela.pt\/noticias\/2026\/03\/27\/pietuszewski-radiante-com-vitoria-na-estreia-pela-selecao-da-polonia\/\"]}]},{\"@type\":\"ImageObject\",\"inLanguage\":\"pt-PT\",\"@id\":\"https:\/\/portaltela.pt\/noticias\/2026\/03\/27\/pietuszewski-radiante-com-vitoria-na-estreia-pela-selecao-da-polonia\/#primaryimage\",\"url\":\"https:\/\/portaltela.pt\/s.01k8rhncp4jt1\/2026\/03\/img_920x518uu2026-03-27-09-28-56-2429643.jpg\",\"contentUrl\":\"https:\/\/portaltela.pt\/s.01k8rhncp4jt1\/2026\/03\/img_920x518uu2026-03-27-09-28-56-2429643.jpg\",\"width\":796,\"height\":448,\"caption\":\"Pietuszewski em estreia pela sele\u00e7\u00e3o principal da Pol\u00f3nia\"},{\"@type\":\"BreadcrumbList\",\"@id\":\"https:\/\/portaltela.pt\/noticias\/2026\/03\/27\/pietuszewski-radiante-com-vitoria-na-estreia-pela-selecao-da-polonia\/#breadcrumb\",\"itemListElement\":[{\"@type\":\"ListItem\",\"position\":1,\"name\":\"In\u00edcio\",\"item\":\"https:\/\/portaltela.pt\/\"},{\"@type\":\"ListItem\",\"position\":2,\"name\":\"Pietuszewski radiante com vit\u00f3ria na estreia pela sele\u00e7\u00e3o da Pol\u00f3nia\"}]},{\"@type\":\"WebSite\",\"@id\":\"https:\/\/portaltela.pt\/#website\",\"url\":\"https:\/\/portaltela.pt\/\",\"name\":\"Portal Tela Portugal\",\"description\":\"\",\"potentialAction\":[{\"@type\":\"SearchAction\",\"target\":{\"@type\":\"EntryPoint\",\"urlTemplate\":\"https:\/\/portaltela.pt\/?s={search_term_string}\"},\"query-input\":{\"@type\":\"PropertyValueSpecification\",\"valueRequired\":true,\"valueName\":\"search_term_string\"}}],\"inLanguage\":\"pt-PT\"},{\"@type\":\"Person\",\"@id\":\"https:\/\/portaltela.pt\/#\/schema\/person\/c4278d4a6028830caff9ee44b42d32ed\",\"name\":\"Telinha\",\"image\":{\"@type\":\"ImageObject\",\"inLanguage\":\"pt-PT\",\"@id\":\"https:\/\/portaltela.pt\/s.01k8rhncp4jt1\/2025\/11\/talking-bot-125x125.png\",\"url\":\"https:\/\/portaltela.pt\/s.01k8rhncp4jt1\/2025\/11\/talking-bot-125x125.png\",\"contentUrl\":\"https:\/\/portaltela.pt\/s.01k8rhncp4jt1\/2025\/11\/talking-bot-125x125.png\",\"caption\":\"Telinha\"},\"sameAs\":[\"https:\/\/portaltela.pt\/\"],\"url\":\"https:\/\/portaltela.pt\/por\/367410592786\/\"}]}<\/script>\n<!-- \/ Yoast SEO plugin. -->","yoast_head_json":{"title":"Pietuszewski radiante com vit\u00f3ria na estreia pela sele\u00e7\u00e3o da Pol\u00f3nia - Portal Tela Portugal","robots":{"index":"index","follow":"follow","max-snippet":"max-snippet:-1","max-image-preview":"max-image-preview:large","max-video-preview":"max-video-preview:-1"},"og_locale":"pt_PT","og_type":"article","og_title":"Pietuszewski radiante com vit\u00f3ria na estreia pela sele\u00e7\u00e3o da Pol\u00f3nia - Portal Tela Portugal","og_description":"Oskar Pietuszewski estreou-se pela sele\u00e7\u00e3o principal da Pol\u00f3nia com 17 anos e 310 dias, entrando ao intervalo (46') frente \u00e0 Alb\u00e2nia. A Pol\u00f3nia deu a volta e venceu por 2-1, garantindo o apuramento para a final do playoff de acesso ao Mundial de 2026. O extremo do FC Porto admitiu estar a realizar um sonho e apontou a import\u00e2ncia de marcar o empate cedo e manter o foco defensivo. O selecionador Jan Urban pediu-lhe jogar sem inibi\u00e7\u00f5es e ter cuidado com contra-ataques, destacando a necessidade de equil\u00edbrio entre ataque e defesa. O advers\u00e1rio na pr\u00f3xima ronda \u00e9 a Su\u00e9cia, liderada por Viktor Gy\u00f6keres, com objetivo claro de conquistar o lugar no Mundial de 2026.","og_url":"https:\/\/portaltela.pt\/noticias\/2026\/03\/27\/pietuszewski-radiante-com-vitoria-na-estreia-pela-selecao-da-polonia\/","og_site_name":"Portal Tela Portugal","article_published_time":"2026-03-27T09:30:49+00:00","author":"Telinha","twitter_card":"summary_large_image","twitter_misc":{"Escrito por":"Telinha","Tempo estimado de leitura":"1 minuto"},"schema":{"@context":"https:\/\/schema.org","@graph":[{"@type":"Article","@id":"https:\/\/portaltela.pt\/noticias\/2026\/03\/27\/pietuszewski-radiante-com-vitoria-na-estreia-pela-selecao-da-polonia\/#article","isPartOf":{"@id":"https:\/\/portaltela.pt\/noticias\/2026\/03\/27\/pietuszewski-radiante-com-vitoria-na-estreia-pela-selecao-da-polonia\/"},"author":{"name":"Telinha","@id":"https:\/\/portaltela.pt\/#\/schema\/person\/c4278d4a6028830caff9ee44b42d32ed"},"headline":"Pietuszewski radiante com vit\u00f3ria na estreia pela sele\u00e7\u00e3o da Pol\u00f3nia","datePublished":"2026-03-27T09:30:49+00:00","mainEntityOfPage":{"@id":"https:\/\/portaltela.pt\/noticias\/2026\/03\/27\/pietuszewski-radiante-com-vitoria-na-estreia-pela-selecao-da-polonia\/"},"wordCount":205,"image":{"@id":"https:\/\/portaltela.pt\/noticias\/2026\/03\/27\/pietuszewski-radiante-com-vitoria-na-estreia-pela-selecao-da-polonia\/#primaryimage"},"thumbnailUrl":"https:\/\/portaltela.pt\/s.01k8rhncp4jt1\/2026\/03\/img_920x518uu2026-03-27-09-28-56-2429643.jpg","keywords":["FC Porto","FC Porto SAD","futebol","jogadores internacionais","Sele\u00e7\u00e3o Nacional","sele\u00e7\u00f5es internacionais"],"articleSection":["Desporto","Futebol"],"inLanguage":"pt-PT"},{"@type":"WebPage","@id":"https:\/\/portaltela.pt\/noticias\/2026\/03\/27\/pietuszewski-radiante-com-vitoria-na-estreia-pela-selecao-da-polonia\/","url":"https:\/\/portaltela.pt\/noticias\/2026\/03\/27\/pietuszewski-radiante-com-vitoria-na-estreia-pela-selecao-da-polonia\/","name":"Pietuszewski radiante com vit\u00f3ria na estreia pela sele\u00e7\u00e3o da Pol\u00f3nia - Portal Tela Portugal","isPartOf":{"@id":"https:\/\/portaltela.pt\/#website"},"primaryImageOfPage":{"@id":"https:\/\/portaltela.pt\/noticias\/2026\/03\/27\/pietuszewski-radiante-com-vitoria-na-estreia-pela-selecao-da-polonia\/#primaryimage"},"image":{"@id":"https:\/\/portaltela.pt\/noticias\/2026\/03\/27\/pietuszewski-radiante-com-vitoria-na-estreia-pela-selecao-da-polonia\/#primaryimage"},"thumbnailUrl":"https:\/\/portaltela.pt\/s.01k8rhncp4jt1\/2026\/03\/img_920x518uu2026-03-27-09-28-56-2429643.jpg","datePublished":"2026-03-27T09:30:49+00:00","author":{"@id":"https:\/\/portaltela.pt\/#\/schema\/person\/c4278d4a6028830caff9ee44b42d32ed"},"breadcrumb":{"@id":"https:\/\/portaltela.pt\/noticias\/2026\/03\/27\/pietuszewski-radiante-com-vitoria-na-estreia-pela-selecao-da-polonia\/#breadcrumb"},"inLanguage":"pt-PT","potentialAction":[{"@type":"ReadAction","target":["https:\/\/portaltela.pt\/noticias\/2026\/03\/27\/pietuszewski-radiante-com-vitoria-na-estreia-pela-selecao-da-polonia\/"]}]},{"@type":"ImageObject","inLanguage":"pt-PT","@id":"https:\/\/portaltela.pt\/noticias\/2026\/03\/27\/pietuszewski-radiante-com-vitoria-na-estreia-pela-selecao-da-polonia\/#primaryimage","url":"https:\/\/portaltela.pt\/s.01k8rhncp4jt1\/2026\/03\/img_920x518uu2026-03-27-09-28-56-2429643.jpg","contentUrl":"https:\/\/portaltela.pt\/s.01k8rhncp4jt1\/2026\/03\/img_920x518uu2026-03-27-09-28-56-2429643.jpg","width":796,"height":448,"caption":"Pietuszewski em estreia pela sele\u00e7\u00e3o principal da Pol\u00f3nia"},{"@type":"BreadcrumbList","@id":"https:\/\/portaltela.pt\/noticias\/2026\/03\/27\/pietuszewski-radiante-com-vitoria-na-estreia-pela-selecao-da-polonia\/#breadcrumb","itemListElement":[{"@type":"ListItem","position":1,"name":"In\u00edcio","item":"https:\/\/portaltela.pt\/"},{"@type":"ListItem","position":2,"name":"Pietuszewski radiante com vit\u00f3ria na estreia pela sele\u00e7\u00e3o da Pol\u00f3nia"}]},{"@type":"WebSite","@id":"https:\/\/portaltela.pt\/#website","url":"https:\/\/portaltela.pt\/","name":"Portal Tela Portugal","description":"","potentialAction":[{"@type":"SearchAction","target":{"@type":"EntryPoint","urlTemplate":"https:\/\/portaltela.pt\/?s={search_term_string}"},"query-input":{"@type":"PropertyValueSpecification","valueRequired":true,"valueName":"search_term_string"}}],"inLanguage":"pt-PT"},{"@type":"Person","@id":"https:\/\/portaltela.pt\/#\/schema\/person\/c4278d4a6028830caff9ee44b42d32ed","name":"Telinha","image":{"@type":"ImageObject","inLanguage":"pt-PT","@id":"https:\/\/portaltela.pt\/s.01k8rhncp4jt1\/2025\/11\/talking-bot-125x125.png","url":"https:\/\/portaltela.pt\/s.01k8rhncp4jt1\/2025\/11\/talking-bot-125x125.png","contentUrl":"https:\/\/portaltela.pt\/s.01k8rhncp4jt1\/2025\/11\/talking-bot-125x125.png","caption":"Telinha"},"sameAs":["https:\/\/portaltela.pt\/"],"url":"https:\/\/portaltela.pt\/por\/367410592786\/"}]}},"_links":{"self":[{"href":"https:\/\/portaltela.pt\/api\/wp\/v2\/posts\/423390","targetHints":{"allow":["GET"]}}],"collection":[{"href":"https:\/\/portaltela.pt\/api\/wp\/v2\/posts"}],"about":[{"href":"https:\/\/portaltela.pt\/api\/wp\/v2\/types\/post"}],"author":[{"embeddable":true,"href":"https:\/\/portaltela.pt\/api\/wp\/v2\/users\/2"}],"replies":[{"embeddable":true,"href":"https:\/\/portaltela.pt\/api\/wp\/v2\/comments?post=423390"}],"version-history":[{"count":0,"href":"https:\/\/portaltela.pt\/api\/wp\/v2\/posts\/423390\/revisions"}],"wp:featuredmedia":[{"embeddable":true,"href":"https:\/\/portaltela.pt\/api\/wp\/v2\/media\/423397"}],"wp:attachment":[{"href":"https:\/\/portaltela.pt\/api\/wp\/v2\/media?parent=423390"}],"wp:term":[{"taxonomy":"category","embeddable":true,"href":"https:\/\/portaltela.pt\/api\/wp\/v2\/categories?post=423390"},{"taxonomy":"post_tag","embeddable":true,"href":"https:\/\/portaltela.pt\/api\/wp\/v2\/tags?post=423390"}],"curies":[{"name":"wp","href":"https:\/\/api.w.org\/{rel}","templated":true}]}}