{"id":423389,"date":"2026-03-27T06:44:00","date_gmt":"2026-03-27T09:44:00","guid":{"rendered":"https:\/\/portaltela.pt\/noticias\/2026\/03\/27\/a5-cortada-em-alvide-apos-colisao-entre-dois-carros\/"},"modified":"2026-03-27T06:44:00","modified_gmt":"2026-03-27T09:44:00","slug":"a5-cortada-em-alvide-apos-colisao-entre-dois-carros","status":"publish","type":"post","link":"https:\/\/portaltela.pt\/noticias\/2026\/03\/27\/a5-cortada-em-alvide-apos-colisao-entre-dois-carros\/","title":{"rendered":"A5 cortada em Alvide ap\u00f3s colis\u00e3o entre dois carros"},"content":{"rendered":"<p>A autoestrada A5 foi cortada ao tr\u00e2nsito ao quil\u00f3metro 24, no sentido Lisboa-Cascais, junto ao N\u00f3 de Alvide. O corte afeta o tr\u00e1fego na regi\u00e3o e est\u00e1 a ser desviado pelo N\u00f3 de Alvide, segundo informa\u00e7\u00e3o da Brisa Concess\u00e3o Rodovi\u00e1ria (BCR).<\/p>\n<p>Os Bombeiros Volunt\u00e1rios de Alcabideche confirmaram que a raz\u00e3o do encerramento \u00e9 uma colis\u00e3o entre dois ve\u00edculos. At\u00e9 ao momento, n\u00e3o foram divulgadas mais informa\u00e7\u00f5es oficiais sobre o estado das v\u00edtimas ou sobre as causas do acidente.<\/p>\n<p>As autoridades mant\u00eam a circula\u00e7\u00e3o desvia pelo n\u00f3, com o objetivo de evitar congestionamentos na A5. O dia e o local exatos da ocorr\u00eancia permanecem os \u00fanicos dados dispon\u00edveis, com a situa\u00e7\u00e3o a ser acompanhada em atualiza\u00e7\u00e3o.<\/p>\n","protected":false},"excerpt":{"rendered":"<ul>\n<li>A A5 est\u00e1 cortada ao tr\u00e2nsito no quil\u00f3metro 24, no sentido Lisboa-Cascais, junto ao N\u00f3 de Alvide.<\/li>\n<li>O tr\u00e2nsito est\u00e1 a ser desviado pelo N\u00f3 de Alvide.<\/li>\n<li>A Brisa Concess\u00e3o Rodovi\u00e1ria confirma o desvio no local.<\/li>\n<li>Os Bombeiros Volunt\u00e1rios de Alcabideche informam que a raz\u00e3o do corte foi uma colis\u00e3o entre dois carros, sem informa\u00e7\u00f5es adicionais dispon\u00edveis no momento.<\/li>\n<li>Atualiza\u00e7\u00e3o em curso.<\/li>\n<\/ul>\n","protected":false},"author":2,"featured_media":423392,"comment_status":"closed","ping_status":"closed","sticky":false,"template":"","format":"standard","meta":{"footnotes":""},"categories":[6849,1],"tags":[5487,2088,1111,6007,981],"class_list":["post-423389","post","type-post","status-publish","format-standard","has-post-thumbnail","hentry","category-acidentes","category-noticias","tag-acidente","tag-acidente-de-viacao","tag-cascais","tag-congestoes","tag-lisboa"],"yoast_head":"<!-- This site is optimized with the Yoast SEO plugin v27.2 - https:\/\/yoast.com\/product\/yoast-seo-wordpress\/ -->\n<title>A5 cortada em Alvide ap\u00f3s colis\u00e3o entre dois carros - Portal Tela Portugal<\/title>\n<meta name=\"robots\" content=\"index, follow, max-snippet:-1, max-image-preview:large, max-video-preview:-1\" \/>\n<meta property=\"og:locale\" content=\"pt_PT\" \/>\n<meta property=\"og:type\" content=\"article\" \/>\n<meta property=\"og:title\" content=\"A5 cortada em Alvide ap\u00f3s colis\u00e3o entre dois carros - Portal Tela Portugal\" \/>\n<meta property=\"og:description\" content=\"A A5 est\u00e1 cortada ao tr\u00e2nsito no quil\u00f3metro 24, no sentido Lisboa-Cascais, junto ao N\u00f3 de Alvide. O tr\u00e2nsito est\u00e1 a ser desviado pelo N\u00f3 de Alvide. A Brisa Concess\u00e3o Rodovi\u00e1ria confirma o desvio no local. Os Bombeiros Volunt\u00e1rios de Alcabideche informam que a raz\u00e3o do corte foi uma colis\u00e3o entre dois carros, sem informa\u00e7\u00f5es adicionais dispon\u00edveis no momento. Atualiza\u00e7\u00e3o em curso.\" \/>\n<meta property=\"og:url\" content=\"https:\/\/portaltela.pt\/noticias\/2026\/03\/27\/a5-cortada-em-alvide-apos-colisao-entre-dois-carros\/\" \/>\n<meta property=\"og:site_name\" content=\"Portal Tela Portugal\" \/>\n<meta property=\"article:published_time\" content=\"2026-03-27T09:44:00+00:00\" \/>\n<meta name=\"author\" content=\"Telinha\" \/>\n<meta name=\"twitter:card\" content=\"summary_large_image\" \/>\n<meta name=\"twitter:label1\" content=\"Escrito por\" \/>\n\t<meta name=\"twitter:data1\" content=\"Telinha\" \/>\n\t<meta name=\"twitter:label2\" content=\"Tempo estimado de leitura\" \/>\n\t<meta name=\"twitter:data2\" content=\"1 minuto\" \/>\n<script type=\"application\/ld+json\" class=\"yoast-schema-graph\">{\"@context\":\"https:\/\/schema.org\",\"@graph\":[{\"@type\":\"Article\",\"@id\":\"https:\/\/portaltela.pt\/noticias\/2026\/03\/27\/a5-cortada-em-alvide-apos-colisao-entre-dois-carros\/#article\",\"isPartOf\":{\"@id\":\"https:\/\/portaltela.pt\/noticias\/2026\/03\/27\/a5-cortada-em-alvide-apos-colisao-entre-dois-carros\/\"},\"author\":{\"name\":\"Telinha\",\"@id\":\"https:\/\/portaltela.pt\/#\/schema\/person\/c4278d4a6028830caff9ee44b42d32ed\"},\"headline\":\"A5 cortada em Alvide ap\u00f3s colis\u00e3o entre dois carros\",\"datePublished\":\"2026-03-27T09:44:00+00:00\",\"mainEntityOfPage\":{\"@id\":\"https:\/\/portaltela.pt\/noticias\/2026\/03\/27\/a5-cortada-em-alvide-apos-colisao-entre-dois-carros\/\"},\"wordCount\":144,\"image\":{\"@id\":\"https:\/\/portaltela.pt\/noticias\/2026\/03\/27\/a5-cortada-em-alvide-apos-colisao-entre-dois-carros\/#primaryimage\"},\"thumbnailUrl\":\"https:\/\/portaltela.pt\/s.01k8rhncp4jt1\/2026\/03\/img_1500x1000uu2015-05-06-19-11-00-451284.jpg\",\"keywords\":[\"acidente\",\"acidente de via\u00e7\u00e3o\",\"Cascais\",\"congest\u00f5es\",\"Lisboa\"],\"articleSection\":[\"Acidentes\",\"Not\u00edcias\"],\"inLanguage\":\"pt-PT\"},{\"@type\":\"WebPage\",\"@id\":\"https:\/\/portaltela.pt\/noticias\/2026\/03\/27\/a5-cortada-em-alvide-apos-colisao-entre-dois-carros\/\",\"url\":\"https:\/\/portaltela.pt\/noticias\/2026\/03\/27\/a5-cortada-em-alvide-apos-colisao-entre-dois-carros\/\",\"name\":\"A5 cortada em Alvide ap\u00f3s colis\u00e3o entre dois carros - Portal Tela Portugal\",\"isPartOf\":{\"@id\":\"https:\/\/portaltela.pt\/#website\"},\"primaryImageOfPage\":{\"@id\":\"https:\/\/portaltela.pt\/noticias\/2026\/03\/27\/a5-cortada-em-alvide-apos-colisao-entre-dois-carros\/#primaryimage\"},\"image\":{\"@id\":\"https:\/\/portaltela.pt\/noticias\/2026\/03\/27\/a5-cortada-em-alvide-apos-colisao-entre-dois-carros\/#primaryimage\"},\"thumbnailUrl\":\"https:\/\/portaltela.pt\/s.01k8rhncp4jt1\/2026\/03\/img_1500x1000uu2015-05-06-19-11-00-451284.jpg\",\"datePublished\":\"2026-03-27T09:44:00+00:00\",\"author\":{\"@id\":\"https:\/\/portaltela.pt\/#\/schema\/person\/c4278d4a6028830caff9ee44b42d32ed\"},\"breadcrumb\":{\"@id\":\"https:\/\/portaltela.pt\/noticias\/2026\/03\/27\/a5-cortada-em-alvide-apos-colisao-entre-dois-carros\/#breadcrumb\"},\"inLanguage\":\"pt-PT\",\"potentialAction\":[{\"@type\":\"ReadAction\",\"target\":[\"https:\/\/portaltela.pt\/noticias\/2026\/03\/27\/a5-cortada-em-alvide-apos-colisao-entre-dois-carros\/\"]}]},{\"@type\":\"ImageObject\",\"inLanguage\":\"pt-PT\",\"@id\":\"https:\/\/portaltela.pt\/noticias\/2026\/03\/27\/a5-cortada-em-alvide-apos-colisao-entre-dois-carros\/#primaryimage\",\"url\":\"https:\/\/portaltela.pt\/s.01k8rhncp4jt1\/2026\/03\/img_1500x1000uu2015-05-06-19-11-00-451284.jpg\",\"contentUrl\":\"https:\/\/portaltela.pt\/s.01k8rhncp4jt1\/2026\/03\/img_1500x1000uu2015-05-06-19-11-00-451284.jpg\",\"width\":796,\"height\":448,\"caption\":\"Autoestrada A5\"},{\"@type\":\"BreadcrumbList\",\"@id\":\"https:\/\/portaltela.pt\/noticias\/2026\/03\/27\/a5-cortada-em-alvide-apos-colisao-entre-dois-carros\/#breadcrumb\",\"itemListElement\":[{\"@type\":\"ListItem\",\"position\":1,\"name\":\"In\u00edcio\",\"item\":\"https:\/\/portaltela.pt\/\"},{\"@type\":\"ListItem\",\"position\":2,\"name\":\"A5 cortada em Alvide ap\u00f3s colis\u00e3o entre dois carros\"}]},{\"@type\":\"WebSite\",\"@id\":\"https:\/\/portaltela.pt\/#website\",\"url\":\"https:\/\/portaltela.pt\/\",\"name\":\"Portal Tela Portugal\",\"description\":\"\",\"potentialAction\":[{\"@type\":\"SearchAction\",\"target\":{\"@type\":\"EntryPoint\",\"urlTemplate\":\"https:\/\/portaltela.pt\/?s={search_term_string}\"},\"query-input\":{\"@type\":\"PropertyValueSpecification\",\"valueRequired\":true,\"valueName\":\"search_term_string\"}}],\"inLanguage\":\"pt-PT\"},{\"@type\":\"Person\",\"@id\":\"https:\/\/portaltela.pt\/#\/schema\/person\/c4278d4a6028830caff9ee44b42d32ed\",\"name\":\"Telinha\",\"image\":{\"@type\":\"ImageObject\",\"inLanguage\":\"pt-PT\",\"@id\":\"https:\/\/portaltela.pt\/s.01k8rhncp4jt1\/2025\/11\/talking-bot-125x125.png\",\"url\":\"https:\/\/portaltela.pt\/s.01k8rhncp4jt1\/2025\/11\/talking-bot-125x125.png\",\"contentUrl\":\"https:\/\/portaltela.pt\/s.01k8rhncp4jt1\/2025\/11\/talking-bot-125x125.png\",\"caption\":\"Telinha\"},\"sameAs\":[\"https:\/\/portaltela.pt\/\"],\"url\":\"https:\/\/portaltela.pt\/por\/367410592786\/\"}]}<\/script>\n<!-- \/ Yoast SEO plugin. -->","yoast_head_json":{"title":"A5 cortada em Alvide ap\u00f3s colis\u00e3o entre dois carros - Portal Tela Portugal","robots":{"index":"index","follow":"follow","max-snippet":"max-snippet:-1","max-image-preview":"max-image-preview:large","max-video-preview":"max-video-preview:-1"},"og_locale":"pt_PT","og_type":"article","og_title":"A5 cortada em Alvide ap\u00f3s colis\u00e3o entre dois carros - Portal Tela Portugal","og_description":"A A5 est\u00e1 cortada ao tr\u00e2nsito no quil\u00f3metro 24, no sentido Lisboa-Cascais, junto ao N\u00f3 de Alvide. O tr\u00e2nsito est\u00e1 a ser desviado pelo N\u00f3 de Alvide. A Brisa Concess\u00e3o Rodovi\u00e1ria confirma o desvio no local. Os Bombeiros Volunt\u00e1rios de Alcabideche informam que a raz\u00e3o do corte foi uma colis\u00e3o entre dois carros, sem informa\u00e7\u00f5es adicionais dispon\u00edveis no momento. Atualiza\u00e7\u00e3o em curso.","og_url":"https:\/\/portaltela.pt\/noticias\/2026\/03\/27\/a5-cortada-em-alvide-apos-colisao-entre-dois-carros\/","og_site_name":"Portal Tela Portugal","article_published_time":"2026-03-27T09:44:00+00:00","author":"Telinha","twitter_card":"summary_large_image","twitter_misc":{"Escrito por":"Telinha","Tempo estimado de leitura":"1 minuto"},"schema":{"@context":"https:\/\/schema.org","@graph":[{"@type":"Article","@id":"https:\/\/portaltela.pt\/noticias\/2026\/03\/27\/a5-cortada-em-alvide-apos-colisao-entre-dois-carros\/#article","isPartOf":{"@id":"https:\/\/portaltela.pt\/noticias\/2026\/03\/27\/a5-cortada-em-alvide-apos-colisao-entre-dois-carros\/"},"author":{"name":"Telinha","@id":"https:\/\/portaltela.pt\/#\/schema\/person\/c4278d4a6028830caff9ee44b42d32ed"},"headline":"A5 cortada em Alvide ap\u00f3s colis\u00e3o entre dois carros","datePublished":"2026-03-27T09:44:00+00:00","mainEntityOfPage":{"@id":"https:\/\/portaltela.pt\/noticias\/2026\/03\/27\/a5-cortada-em-alvide-apos-colisao-entre-dois-carros\/"},"wordCount":144,"image":{"@id":"https:\/\/portaltela.pt\/noticias\/2026\/03\/27\/a5-cortada-em-alvide-apos-colisao-entre-dois-carros\/#primaryimage"},"thumbnailUrl":"https:\/\/portaltela.pt\/s.01k8rhncp4jt1\/2026\/03\/img_1500x1000uu2015-05-06-19-11-00-451284.jpg","keywords":["acidente","acidente de via\u00e7\u00e3o","Cascais","congest\u00f5es","Lisboa"],"articleSection":["Acidentes","Not\u00edcias"],"inLanguage":"pt-PT"},{"@type":"WebPage","@id":"https:\/\/portaltela.pt\/noticias\/2026\/03\/27\/a5-cortada-em-alvide-apos-colisao-entre-dois-carros\/","url":"https:\/\/portaltela.pt\/noticias\/2026\/03\/27\/a5-cortada-em-alvide-apos-colisao-entre-dois-carros\/","name":"A5 cortada em Alvide ap\u00f3s colis\u00e3o entre dois carros - Portal Tela Portugal","isPartOf":{"@id":"https:\/\/portaltela.pt\/#website"},"primaryImageOfPage":{"@id":"https:\/\/portaltela.pt\/noticias\/2026\/03\/27\/a5-cortada-em-alvide-apos-colisao-entre-dois-carros\/#primaryimage"},"image":{"@id":"https:\/\/portaltela.pt\/noticias\/2026\/03\/27\/a5-cortada-em-alvide-apos-colisao-entre-dois-carros\/#primaryimage"},"thumbnailUrl":"https:\/\/portaltela.pt\/s.01k8rhncp4jt1\/2026\/03\/img_1500x1000uu2015-05-06-19-11-00-451284.jpg","datePublished":"2026-03-27T09:44:00+00:00","author":{"@id":"https:\/\/portaltela.pt\/#\/schema\/person\/c4278d4a6028830caff9ee44b42d32ed"},"breadcrumb":{"@id":"https:\/\/portaltela.pt\/noticias\/2026\/03\/27\/a5-cortada-em-alvide-apos-colisao-entre-dois-carros\/#breadcrumb"},"inLanguage":"pt-PT","potentialAction":[{"@type":"ReadAction","target":["https:\/\/portaltela.pt\/noticias\/2026\/03\/27\/a5-cortada-em-alvide-apos-colisao-entre-dois-carros\/"]}]},{"@type":"ImageObject","inLanguage":"pt-PT","@id":"https:\/\/portaltela.pt\/noticias\/2026\/03\/27\/a5-cortada-em-alvide-apos-colisao-entre-dois-carros\/#primaryimage","url":"https:\/\/portaltela.pt\/s.01k8rhncp4jt1\/2026\/03\/img_1500x1000uu2015-05-06-19-11-00-451284.jpg","contentUrl":"https:\/\/portaltela.pt\/s.01k8rhncp4jt1\/2026\/03\/img_1500x1000uu2015-05-06-19-11-00-451284.jpg","width":796,"height":448,"caption":"Autoestrada A5"},{"@type":"BreadcrumbList","@id":"https:\/\/portaltela.pt\/noticias\/2026\/03\/27\/a5-cortada-em-alvide-apos-colisao-entre-dois-carros\/#breadcrumb","itemListElement":[{"@type":"ListItem","position":1,"name":"In\u00edcio","item":"https:\/\/portaltela.pt\/"},{"@type":"ListItem","position":2,"name":"A5 cortada em Alvide ap\u00f3s colis\u00e3o entre dois carros"}]},{"@type":"WebSite","@id":"https:\/\/portaltela.pt\/#website","url":"https:\/\/portaltela.pt\/","name":"Portal Tela Portugal","description":"","potentialAction":[{"@type":"SearchAction","target":{"@type":"EntryPoint","urlTemplate":"https:\/\/portaltela.pt\/?s={search_term_string}"},"query-input":{"@type":"PropertyValueSpecification","valueRequired":true,"valueName":"search_term_string"}}],"inLanguage":"pt-PT"},{"@type":"Person","@id":"https:\/\/portaltela.pt\/#\/schema\/person\/c4278d4a6028830caff9ee44b42d32ed","name":"Telinha","image":{"@type":"ImageObject","inLanguage":"pt-PT","@id":"https:\/\/portaltela.pt\/s.01k8rhncp4jt1\/2025\/11\/talking-bot-125x125.png","url":"https:\/\/portaltela.pt\/s.01k8rhncp4jt1\/2025\/11\/talking-bot-125x125.png","contentUrl":"https:\/\/portaltela.pt\/s.01k8rhncp4jt1\/2025\/11\/talking-bot-125x125.png","caption":"Telinha"},"sameAs":["https:\/\/portaltela.pt\/"],"url":"https:\/\/portaltela.pt\/por\/367410592786\/"}]}},"_links":{"self":[{"href":"https:\/\/portaltela.pt\/api\/wp\/v2\/posts\/423389","targetHints":{"allow":["GET"]}}],"collection":[{"href":"https:\/\/portaltela.pt\/api\/wp\/v2\/posts"}],"about":[{"href":"https:\/\/portaltela.pt\/api\/wp\/v2\/types\/post"}],"author":[{"embeddable":true,"href":"https:\/\/portaltela.pt\/api\/wp\/v2\/users\/2"}],"replies":[{"embeddable":true,"href":"https:\/\/portaltela.pt\/api\/wp\/v2\/comments?post=423389"}],"version-history":[{"count":0,"href":"https:\/\/portaltela.pt\/api\/wp\/v2\/posts\/423389\/revisions"}],"wp:featuredmedia":[{"embeddable":true,"href":"https:\/\/portaltela.pt\/api\/wp\/v2\/media\/423392"}],"wp:attachment":[{"href":"https:\/\/portaltela.pt\/api\/wp\/v2\/media?parent=423389"}],"wp:term":[{"taxonomy":"category","embeddable":true,"href":"https:\/\/portaltela.pt\/api\/wp\/v2\/categories?post=423389"},{"taxonomy":"post_tag","embeddable":true,"href":"https:\/\/portaltela.pt\/api\/wp\/v2\/tags?post=423389"}],"curies":[{"name":"wp","href":"https:\/\/api.w.org\/{rel}","templated":true}]}}