{"id":423381,"date":"2026-03-26T21:13:00","date_gmt":"2026-03-27T00:13:00","guid":{"rendered":"https:\/\/portaltela.pt\/noticias\/2026\/03\/26\/investigacao-revela-uso-de-poder-para-beneficio-proprio\/"},"modified":"2026-03-26T21:13:00","modified_gmt":"2026-03-27T00:13:00","slug":"investigacao-revela-uso-de-poder-para-beneficio-proprio","status":"publish","type":"post","link":"https:\/\/portaltela.pt\/noticias\/2026\/03\/26\/investigacao-revela-uso-de-poder-para-beneficio-proprio\/","title":{"rendered":"Investiga\u00e7\u00e3o revela uso de poder para benef\u00edcio pr\u00f3prio"},"content":{"rendered":"<p>A C\u00e2mara Municipal de Lisboa contratou, por ajuste direto, um cozinheiro para servir exclusivamente o gabinete de Carlos Moedas durante dois anos, por 33.600 euros mais IVA, cerca de 1.400 euros por m\u00eas. A justifica\u00e7\u00e3o aponta aptid\u00e3o t\u00e9cnica para eventos institucionais, mas a pr\u00e1tica substitui um servi\u00e7o existente pela contrata\u00e7\u00e3o dirigida ao gabinete.<\/p>\n<p>A decis\u00e3o \u00e9 apresentada pela autarquia como necess\u00e1ria, por\u00e9m cr\u00edticos entendem que se trata de uma op\u00e7\u00e3o pol\u00edtica, n\u00e3o de uma necessidade essencial. O contrato em causa n\u00e3o foi detalhado quanto a condi\u00e7\u00f5es de sele\u00e7\u00e3o al\u00e9m da mencionada aptid\u00e3o t\u00e9cnica.<\/p>\n<h3>Contrato em Lisboa<\/h3>\n<p>Em paralelo, no concelho de Oeiras, o Minist\u00e9rio P\u00fablico acusa o presidente Isaltino Morais e mais 22 elementos da c\u00e2mara de peculato, por superfatura\u00e7\u00e3o de cerca de 150 mil euros. S\u00e3o descritas 1.441 refei\u00e7\u00f5es entre 2017 e 2024. A investiga\u00e7\u00e3o aponta faturas com almo\u00e7os de fim de semana e despesas com marisco, \u00e1lcool e tabaco.<\/p>\n<p>O MP solicita a devolu\u00e7\u00e3o do montante alegadamente gasto de forma indevida e a perda de mandato dos arguidos. A Pol\u00edcia Judici\u00e1ria foi a respons\u00e1vel pela identifica\u00e7\u00e3o das faturas e dos padr\u00f5es de despesa considerados suspeitos pela acusa\u00e7\u00e3o.<\/p>\n<h3>Padr\u00f5es de despesa p\u00fablica<\/h3>\n<p>Casos distintos, o mesmo padr\u00e3o: recursos p\u00fablicos tratados como sem dono. A discuss\u00e3o n\u00e3o \u00e9 apenas legal, envolve tamb\u00e9m \u00e9tica e responsabilidade com o dinheiro dos contribuintes. Questiona-se se h\u00e1 necessidade real de despesas de luxo ou de servi\u00e7os acess\u00f3rios financiados em nome da gest\u00e3o p\u00fablica.<\/p>\n<p>Para os cidad\u00e3os, a d\u00favida persiste: at\u00e9 que ponto o er\u00e1rio pode sustentar estas pr\u00e1ticas sem afetar servi\u00e7os essenciais. Em democracia, a diferen\u00e7a entre legalidade e aceitabilidade n\u00e3o deve ser menor.<\/p>\n","protected":false},"excerpt":{"rendered":"<ul>\n<li>A C\u00e2mara Municipal de Lisboa contratou por ajuste direto um cozinheiro para servir exclusivamente o gabinete de Carlos Moedas durante dois anos, por 33.600 euros (mais IVA), ou 1.400 euros por m\u00eas, com a justifica\u00e7\u00e3o de \u201cespecial aptid\u00e3o t\u00e9cnica\u201d para eventos institucionais.<\/li>\n<li>Em Oeiras, o Minist\u00e9rio P\u00fablico acusa o presidente Isaltino Morais e mais 22 membros da autarquia de peculato, por cerca de 150 mil euros gastos em 1.441 refei\u00e7\u00f5es entre 2017 e 2024.<\/li>\n<li>A investiga\u00e7\u00e3o da Pol\u00edcia Judici\u00e1ria identificou faturas com almo\u00e7os ao fim de semana, constatando contas superiores a 900 euros e despesas com marisco, \u00e1lcool e tabaco.<\/li>\n<li>O Minist\u00e9rio P\u00fablico pediu a devolu\u00e7\u00e3o do dinheiro e a perda de mandato dos envolvidos.<\/li>\n<li>O texto de an\u00e1lise sustenta que os dois casos evidenciam o mesmo padr\u00e3o de tratar o dinheiro p\u00fablico como se n\u00e3o tivesse dono, questionando a necessidade dessas despesas e o impacto na confian\u00e7a institucional.<\/li>\n<\/ul>\n","protected":false},"author":2,"featured_media":423383,"comment_status":"closed","ping_status":"closed","sticky":false,"template":"","format":"standard","meta":{"footnotes":""},"categories":[6907,1],"tags":[83,155,5334,981,1198,259],"class_list":["post-423381","post","type-post","status-publish","format-standard","has-post-thumbnail","hentry","category-crime","category-noticias","tag-corrupcao","tag-despesas","tag-gestao-publica","tag-lisboa","tag-oeiras","tag-peculato"],"yoast_head":"<!-- This site is optimized with the Yoast SEO plugin v27.2 - https:\/\/yoast.com\/product\/yoast-seo-wordpress\/ -->\n<title>Investiga\u00e7\u00e3o revela uso de poder para benef\u00edcio pr\u00f3prio - Portal Tela Portugal<\/title>\n<meta name=\"robots\" content=\"index, follow, max-snippet:-1, max-image-preview:large, max-video-preview:-1\" \/>\n<meta property=\"og:locale\" content=\"pt_PT\" \/>\n<meta property=\"og:type\" content=\"article\" \/>\n<meta property=\"og:title\" content=\"Investiga\u00e7\u00e3o revela uso de poder para benef\u00edcio pr\u00f3prio - Portal Tela Portugal\" \/>\n<meta property=\"og:description\" content=\"A C\u00e2mara Municipal de Lisboa contratou por ajuste direto um cozinheiro para servir exclusivamente o gabinete de Carlos Moedas durante dois anos, por 33.600 euros (mais IVA), ou 1.400 euros por m\u00eas, com a justifica\u00e7\u00e3o de \u201cespecial aptid\u00e3o t\u00e9cnica\u201d para eventos institucionais. Em Oeiras, o Minist\u00e9rio P\u00fablico acusa o presidente Isaltino Morais e mais 22 membros da autarquia de peculato, por cerca de 150 mil euros gastos em 1.441 refei\u00e7\u00f5es entre 2017 e 2024. A investiga\u00e7\u00e3o da Pol\u00edcia Judici\u00e1ria identificou faturas com almo\u00e7os ao fim de semana, constatando contas superiores a 900 euros e despesas com marisco, \u00e1lcool e tabaco. O Minist\u00e9rio P\u00fablico pediu a devolu\u00e7\u00e3o do dinheiro e a perda de mandato dos envolvidos. O texto de an\u00e1lise sustenta que os dois casos evidenciam o mesmo padr\u00e3o de tratar o dinheiro p\u00fablico como se n\u00e3o tivesse dono, questionando a necessidade dessas despesas e o impacto na confian\u00e7a institucional.\" \/>\n<meta property=\"og:url\" content=\"https:\/\/portaltela.pt\/noticias\/2026\/03\/26\/investigacao-revela-uso-de-poder-para-beneficio-proprio\/\" \/>\n<meta property=\"og:site_name\" content=\"Portal Tela Portugal\" \/>\n<meta property=\"article:published_time\" content=\"2026-03-27T00:13:00+00:00\" \/>\n<meta name=\"author\" content=\"Telinha\" \/>\n<meta name=\"twitter:card\" content=\"summary_large_image\" \/>\n<meta name=\"twitter:label1\" content=\"Escrito por\" \/>\n\t<meta name=\"twitter:data1\" content=\"Telinha\" \/>\n\t<meta name=\"twitter:label2\" content=\"Tempo estimado de leitura\" \/>\n\t<meta name=\"twitter:data2\" content=\"2 minutos\" \/>\n<script type=\"application\/ld+json\" class=\"yoast-schema-graph\">{\"@context\":\"https:\/\/schema.org\",\"@graph\":[{\"@type\":\"Article\",\"@id\":\"https:\/\/portaltela.pt\/noticias\/2026\/03\/26\/investigacao-revela-uso-de-poder-para-beneficio-proprio\/#article\",\"isPartOf\":{\"@id\":\"https:\/\/portaltela.pt\/noticias\/2026\/03\/26\/investigacao-revela-uso-de-poder-para-beneficio-proprio\/\"},\"author\":{\"name\":\"Telinha\",\"@id\":\"https:\/\/portaltela.pt\/#\/schema\/person\/c4278d4a6028830caff9ee44b42d32ed\"},\"headline\":\"Investiga\u00e7\u00e3o revela uso de poder para benef\u00edcio pr\u00f3prio\",\"datePublished\":\"2026-03-27T00:13:00+00:00\",\"mainEntityOfPage\":{\"@id\":\"https:\/\/portaltela.pt\/noticias\/2026\/03\/26\/investigacao-revela-uso-de-poder-para-beneficio-proprio\/\"},\"wordCount\":326,\"image\":{\"@id\":\"https:\/\/portaltela.pt\/noticias\/2026\/03\/26\/investigacao-revela-uso-de-poder-para-beneficio-proprio\/#primaryimage\"},\"thumbnailUrl\":\"https:\/\/portaltela.pt\/s.01k8rhncp4jt1\/2026\/03\/8cfd2e2e-cadd-4756-9771-6c1bc9437d9b_1200x675.jpg\",\"keywords\":[\"corrup\u00e7\u00e3o\",\"despesas\",\"gest\u00e3o p\u00fablica\",\"Lisboa\",\"Oeiras\",\"peculato\"],\"articleSection\":[\"Crime\",\"Not\u00edcias\"],\"inLanguage\":\"pt-PT\"},{\"@type\":\"WebPage\",\"@id\":\"https:\/\/portaltela.pt\/noticias\/2026\/03\/26\/investigacao-revela-uso-de-poder-para-beneficio-proprio\/\",\"url\":\"https:\/\/portaltela.pt\/noticias\/2026\/03\/26\/investigacao-revela-uso-de-poder-para-beneficio-proprio\/\",\"name\":\"Investiga\u00e7\u00e3o revela uso de poder para benef\u00edcio pr\u00f3prio - Portal Tela Portugal\",\"isPartOf\":{\"@id\":\"https:\/\/portaltela.pt\/#website\"},\"primaryImageOfPage\":{\"@id\":\"https:\/\/portaltela.pt\/noticias\/2026\/03\/26\/investigacao-revela-uso-de-poder-para-beneficio-proprio\/#primaryimage\"},\"image\":{\"@id\":\"https:\/\/portaltela.pt\/noticias\/2026\/03\/26\/investigacao-revela-uso-de-poder-para-beneficio-proprio\/#primaryimage\"},\"thumbnailUrl\":\"https:\/\/portaltela.pt\/s.01k8rhncp4jt1\/2026\/03\/8cfd2e2e-cadd-4756-9771-6c1bc9437d9b_1200x675.jpg\",\"datePublished\":\"2026-03-27T00:13:00+00:00\",\"author\":{\"@id\":\"https:\/\/portaltela.pt\/#\/schema\/person\/c4278d4a6028830caff9ee44b42d32ed\"},\"breadcrumb\":{\"@id\":\"https:\/\/portaltela.pt\/noticias\/2026\/03\/26\/investigacao-revela-uso-de-poder-para-beneficio-proprio\/#breadcrumb\"},\"inLanguage\":\"pt-PT\",\"potentialAction\":[{\"@type\":\"ReadAction\",\"target\":[\"https:\/\/portaltela.pt\/noticias\/2026\/03\/26\/investigacao-revela-uso-de-poder-para-beneficio-proprio\/\"]}]},{\"@type\":\"ImageObject\",\"inLanguage\":\"pt-PT\",\"@id\":\"https:\/\/portaltela.pt\/noticias\/2026\/03\/26\/investigacao-revela-uso-de-poder-para-beneficio-proprio\/#primaryimage\",\"url\":\"https:\/\/portaltela.pt\/s.01k8rhncp4jt1\/2026\/03\/8cfd2e2e-cadd-4756-9771-6c1bc9437d9b_1200x675.jpg\",\"contentUrl\":\"https:\/\/portaltela.pt\/s.01k8rhncp4jt1\/2026\/03\/8cfd2e2e-cadd-4756-9771-6c1bc9437d9b_1200x675.jpg\",\"width\":796,\"height\":448,\"caption\":\"Photo\"},{\"@type\":\"BreadcrumbList\",\"@id\":\"https:\/\/portaltela.pt\/noticias\/2026\/03\/26\/investigacao-revela-uso-de-poder-para-beneficio-proprio\/#breadcrumb\",\"itemListElement\":[{\"@type\":\"ListItem\",\"position\":1,\"name\":\"In\u00edcio\",\"item\":\"https:\/\/portaltela.pt\/\"},{\"@type\":\"ListItem\",\"position\":2,\"name\":\"Investiga\u00e7\u00e3o revela uso de poder para benef\u00edcio pr\u00f3prio\"}]},{\"@type\":\"WebSite\",\"@id\":\"https:\/\/portaltela.pt\/#website\",\"url\":\"https:\/\/portaltela.pt\/\",\"name\":\"Portal Tela Portugal\",\"description\":\"\",\"potentialAction\":[{\"@type\":\"SearchAction\",\"target\":{\"@type\":\"EntryPoint\",\"urlTemplate\":\"https:\/\/portaltela.pt\/?s={search_term_string}\"},\"query-input\":{\"@type\":\"PropertyValueSpecification\",\"valueRequired\":true,\"valueName\":\"search_term_string\"}}],\"inLanguage\":\"pt-PT\"},{\"@type\":\"Person\",\"@id\":\"https:\/\/portaltela.pt\/#\/schema\/person\/c4278d4a6028830caff9ee44b42d32ed\",\"name\":\"Telinha\",\"image\":{\"@type\":\"ImageObject\",\"inLanguage\":\"pt-PT\",\"@id\":\"https:\/\/portaltela.pt\/s.01k8rhncp4jt1\/2025\/11\/talking-bot-125x125.png\",\"url\":\"https:\/\/portaltela.pt\/s.01k8rhncp4jt1\/2025\/11\/talking-bot-125x125.png\",\"contentUrl\":\"https:\/\/portaltela.pt\/s.01k8rhncp4jt1\/2025\/11\/talking-bot-125x125.png\",\"caption\":\"Telinha\"},\"sameAs\":[\"https:\/\/portaltela.pt\/\"],\"url\":\"https:\/\/portaltela.pt\/por\/367410592786\/\"}]}<\/script>\n<!-- \/ Yoast SEO plugin. -->","yoast_head_json":{"title":"Investiga\u00e7\u00e3o revela uso de poder para benef\u00edcio pr\u00f3prio - Portal Tela Portugal","robots":{"index":"index","follow":"follow","max-snippet":"max-snippet:-1","max-image-preview":"max-image-preview:large","max-video-preview":"max-video-preview:-1"},"og_locale":"pt_PT","og_type":"article","og_title":"Investiga\u00e7\u00e3o revela uso de poder para benef\u00edcio pr\u00f3prio - Portal Tela Portugal","og_description":"A C\u00e2mara Municipal de Lisboa contratou por ajuste direto um cozinheiro para servir exclusivamente o gabinete de Carlos Moedas durante dois anos, por 33.600 euros (mais IVA), ou 1.400 euros por m\u00eas, com a justifica\u00e7\u00e3o de \u201cespecial aptid\u00e3o t\u00e9cnica\u201d para eventos institucionais. Em Oeiras, o Minist\u00e9rio P\u00fablico acusa o presidente Isaltino Morais e mais 22 membros da autarquia de peculato, por cerca de 150 mil euros gastos em 1.441 refei\u00e7\u00f5es entre 2017 e 2024. A investiga\u00e7\u00e3o da Pol\u00edcia Judici\u00e1ria identificou faturas com almo\u00e7os ao fim de semana, constatando contas superiores a 900 euros e despesas com marisco, \u00e1lcool e tabaco. O Minist\u00e9rio P\u00fablico pediu a devolu\u00e7\u00e3o do dinheiro e a perda de mandato dos envolvidos. O texto de an\u00e1lise sustenta que os dois casos evidenciam o mesmo padr\u00e3o de tratar o dinheiro p\u00fablico como se n\u00e3o tivesse dono, questionando a necessidade dessas despesas e o impacto na confian\u00e7a institucional.","og_url":"https:\/\/portaltela.pt\/noticias\/2026\/03\/26\/investigacao-revela-uso-de-poder-para-beneficio-proprio\/","og_site_name":"Portal Tela Portugal","article_published_time":"2026-03-27T00:13:00+00:00","author":"Telinha","twitter_card":"summary_large_image","twitter_misc":{"Escrito por":"Telinha","Tempo estimado de leitura":"2 minutos"},"schema":{"@context":"https:\/\/schema.org","@graph":[{"@type":"Article","@id":"https:\/\/portaltela.pt\/noticias\/2026\/03\/26\/investigacao-revela-uso-de-poder-para-beneficio-proprio\/#article","isPartOf":{"@id":"https:\/\/portaltela.pt\/noticias\/2026\/03\/26\/investigacao-revela-uso-de-poder-para-beneficio-proprio\/"},"author":{"name":"Telinha","@id":"https:\/\/portaltela.pt\/#\/schema\/person\/c4278d4a6028830caff9ee44b42d32ed"},"headline":"Investiga\u00e7\u00e3o revela uso de poder para benef\u00edcio pr\u00f3prio","datePublished":"2026-03-27T00:13:00+00:00","mainEntityOfPage":{"@id":"https:\/\/portaltela.pt\/noticias\/2026\/03\/26\/investigacao-revela-uso-de-poder-para-beneficio-proprio\/"},"wordCount":326,"image":{"@id":"https:\/\/portaltela.pt\/noticias\/2026\/03\/26\/investigacao-revela-uso-de-poder-para-beneficio-proprio\/#primaryimage"},"thumbnailUrl":"https:\/\/portaltela.pt\/s.01k8rhncp4jt1\/2026\/03\/8cfd2e2e-cadd-4756-9771-6c1bc9437d9b_1200x675.jpg","keywords":["corrup\u00e7\u00e3o","despesas","gest\u00e3o p\u00fablica","Lisboa","Oeiras","peculato"],"articleSection":["Crime","Not\u00edcias"],"inLanguage":"pt-PT"},{"@type":"WebPage","@id":"https:\/\/portaltela.pt\/noticias\/2026\/03\/26\/investigacao-revela-uso-de-poder-para-beneficio-proprio\/","url":"https:\/\/portaltela.pt\/noticias\/2026\/03\/26\/investigacao-revela-uso-de-poder-para-beneficio-proprio\/","name":"Investiga\u00e7\u00e3o revela uso de poder para benef\u00edcio pr\u00f3prio - Portal Tela Portugal","isPartOf":{"@id":"https:\/\/portaltela.pt\/#website"},"primaryImageOfPage":{"@id":"https:\/\/portaltela.pt\/noticias\/2026\/03\/26\/investigacao-revela-uso-de-poder-para-beneficio-proprio\/#primaryimage"},"image":{"@id":"https:\/\/portaltela.pt\/noticias\/2026\/03\/26\/investigacao-revela-uso-de-poder-para-beneficio-proprio\/#primaryimage"},"thumbnailUrl":"https:\/\/portaltela.pt\/s.01k8rhncp4jt1\/2026\/03\/8cfd2e2e-cadd-4756-9771-6c1bc9437d9b_1200x675.jpg","datePublished":"2026-03-27T00:13:00+00:00","author":{"@id":"https:\/\/portaltela.pt\/#\/schema\/person\/c4278d4a6028830caff9ee44b42d32ed"},"breadcrumb":{"@id":"https:\/\/portaltela.pt\/noticias\/2026\/03\/26\/investigacao-revela-uso-de-poder-para-beneficio-proprio\/#breadcrumb"},"inLanguage":"pt-PT","potentialAction":[{"@type":"ReadAction","target":["https:\/\/portaltela.pt\/noticias\/2026\/03\/26\/investigacao-revela-uso-de-poder-para-beneficio-proprio\/"]}]},{"@type":"ImageObject","inLanguage":"pt-PT","@id":"https:\/\/portaltela.pt\/noticias\/2026\/03\/26\/investigacao-revela-uso-de-poder-para-beneficio-proprio\/#primaryimage","url":"https:\/\/portaltela.pt\/s.01k8rhncp4jt1\/2026\/03\/8cfd2e2e-cadd-4756-9771-6c1bc9437d9b_1200x675.jpg","contentUrl":"https:\/\/portaltela.pt\/s.01k8rhncp4jt1\/2026\/03\/8cfd2e2e-cadd-4756-9771-6c1bc9437d9b_1200x675.jpg","width":796,"height":448,"caption":"Photo"},{"@type":"BreadcrumbList","@id":"https:\/\/portaltela.pt\/noticias\/2026\/03\/26\/investigacao-revela-uso-de-poder-para-beneficio-proprio\/#breadcrumb","itemListElement":[{"@type":"ListItem","position":1,"name":"In\u00edcio","item":"https:\/\/portaltela.pt\/"},{"@type":"ListItem","position":2,"name":"Investiga\u00e7\u00e3o revela uso de poder para benef\u00edcio pr\u00f3prio"}]},{"@type":"WebSite","@id":"https:\/\/portaltela.pt\/#website","url":"https:\/\/portaltela.pt\/","name":"Portal Tela Portugal","description":"","potentialAction":[{"@type":"SearchAction","target":{"@type":"EntryPoint","urlTemplate":"https:\/\/portaltela.pt\/?s={search_term_string}"},"query-input":{"@type":"PropertyValueSpecification","valueRequired":true,"valueName":"search_term_string"}}],"inLanguage":"pt-PT"},{"@type":"Person","@id":"https:\/\/portaltela.pt\/#\/schema\/person\/c4278d4a6028830caff9ee44b42d32ed","name":"Telinha","image":{"@type":"ImageObject","inLanguage":"pt-PT","@id":"https:\/\/portaltela.pt\/s.01k8rhncp4jt1\/2025\/11\/talking-bot-125x125.png","url":"https:\/\/portaltela.pt\/s.01k8rhncp4jt1\/2025\/11\/talking-bot-125x125.png","contentUrl":"https:\/\/portaltela.pt\/s.01k8rhncp4jt1\/2025\/11\/talking-bot-125x125.png","caption":"Telinha"},"sameAs":["https:\/\/portaltela.pt\/"],"url":"https:\/\/portaltela.pt\/por\/367410592786\/"}]}},"_links":{"self":[{"href":"https:\/\/portaltela.pt\/api\/wp\/v2\/posts\/423381","targetHints":{"allow":["GET"]}}],"collection":[{"href":"https:\/\/portaltela.pt\/api\/wp\/v2\/posts"}],"about":[{"href":"https:\/\/portaltela.pt\/api\/wp\/v2\/types\/post"}],"author":[{"embeddable":true,"href":"https:\/\/portaltela.pt\/api\/wp\/v2\/users\/2"}],"replies":[{"embeddable":true,"href":"https:\/\/portaltela.pt\/api\/wp\/v2\/comments?post=423381"}],"version-history":[{"count":0,"href":"https:\/\/portaltela.pt\/api\/wp\/v2\/posts\/423381\/revisions"}],"wp:featuredmedia":[{"embeddable":true,"href":"https:\/\/portaltela.pt\/api\/wp\/v2\/media\/423383"}],"wp:attachment":[{"href":"https:\/\/portaltela.pt\/api\/wp\/v2\/media?parent=423381"}],"wp:term":[{"taxonomy":"category","embeddable":true,"href":"https:\/\/portaltela.pt\/api\/wp\/v2\/categories?post=423381"},{"taxonomy":"post_tag","embeddable":true,"href":"https:\/\/portaltela.pt\/api\/wp\/v2\/tags?post=423381"}],"curies":[{"name":"wp","href":"https:\/\/api.w.org\/{rel}","templated":true}]}}