{"id":423378,"date":"2026-03-27T06:15:00","date_gmt":"2026-03-27T09:15:00","guid":{"rendered":"https:\/\/portaltela.pt\/noticias\/2026\/03\/27\/amplificacao-dos-novos-estilos-educativos-na-sala-de-aula\/"},"modified":"2026-03-27T06:15:00","modified_gmt":"2026-03-27T09:15:00","slug":"amplificacao-dos-novos-estilos-educativos-na-sala-de-aula","status":"publish","type":"post","link":"https:\/\/portaltela.pt\/sociedade\/2026\/03\/27\/amplificacao-dos-novos-estilos-educativos-na-sala-de-aula\/","title":{"rendered":"Amplifica\u00e7\u00e3o dos novos estilos educativos na sala de aula"},"content":{"rendered":"<p>O efeito de novos estilos educativos na sala de aula tem impactos que v\u00e3o al\u00e9m do agregado familiar. A maior proximidade entre gera\u00e7\u00f5es nas fam\u00edlias est\u00e1 a refor\u00e7ar uma rela\u00e7\u00e3o menos hier\u00e1rquica entre adultos e crian\u00e7as, algo visto como positivo por alguns.<\/p>\n<p>Segundo o pedopsiquiatra Pedro Strecht, o modelo aprendido em casa tende a ser repetido na escola. Uma hierarquia menos marcada em casa pode amplificar-se na escola, especialmente numa turma com dezenas de alunos.<\/p>\n<p>Este aumento de amplifica\u00e7\u00e3o pode tornar-se explosivo, pois professores trabalham com grupos grandes e exigentes. A gest\u00e3o da rela\u00e7\u00e3o entre professor e aluno \u00e9, por isso, desafiadora e sujeita a tens\u00f5es.<\/p>\n<p>A ideia de que a rela\u00e7\u00e3o entre professor e alunos deve manter uma diferencia\u00e7\u00e3o hier\u00e1rquica \u00e9 defendida pela psic\u00f3loga Laura Sanches. Numa rela\u00e7\u00e3o educativa, o docente \u00e9 visto como quem orienta o saber.<\/p>\n<p>No contexto grego antigo, o educador era o paidagogo, condutor da crian\u00e7a para o saber, com uma rela\u00e7\u00e3o vertical entre mestre e discente. Este modelo ainda influencia a vis\u00e3o contempor\u00e2nea de ensino.<\/p>\n<p>Autores como Gordon Neufeld e Gabor Mat\u00e9 descrevem a transi\u00e7\u00e3o atual da transmiss\u00e3o cultural: dos adultos para os pares, com a cultura a assumir um protagonismo horizontal entre estudantes.<\/p>\n<p>A orienta\u00e7\u00e3o para os pares \u00e9 apontada como desvio do papel do professor, tornando a tarefa de ensinar mais exigente, com custos morais, de stress e de sa\u00fade para os docentes.<\/p>\n<p>Especialistas destacam tamb\u00e9m o papel da imaturidade na aprendizagem. A chamada s\u00edndrome pr\u00e9-escolar refere comportamentos que, se persistentes, dificultam a transi\u00e7\u00e3o para h\u00e1bitos de estudo mais maduros.<\/p>\n<p>Ao antecipar a escolaridade, espera-se que caracter\u00edsticas como impulsividade diminuam e surjam tra\u00e7os de responsabilidade, perseveran\u00e7a e resili\u00eancia, fundamentais \u00e0 aprendizagem.<\/p>\n<p>Por fim, h\u00e1 quem questione o foco excessivo em tornar a escola sempre divertida. A aprendizagem exige tanto significado e est\u00edmulo como esfor\u00e7o, pr\u00e1tica e, por vezes, tarefas menos agrad\u00e1veis.<\/p>\n","protected":false},"excerpt":{"rendered":"<ul>\n<li>Os estilos educativos atuais nas fam\u00edlias j\u00e1 se reflectem na escola, alterando a rela\u00e7\u00e3o entre professores e alunos e entre os pr\u00f3prios estudantes.<\/li>\n<li>O modelo de rela\u00e7\u00f5es aprendido em casa tende a ser transferido para a escola, levando a oposi\u00e7\u00f5es repetidas e a questionar a autoridade docente.<\/li>\n<li>A eleva\u00e7\u00e3o da import\u00e2ncia dos pares na transmiss\u00e3o cultural desvia o papel do professor e aumenta o desafio de ensinar.<\/li>\n<li>Esta &#8220;orienta\u00e7\u00e3o para os pares&#8221; acarreta custos para os docentes, incluindo stress, desgaste moral e impactos na sa\u00fade.<\/li>\n<li>A chamada \u201cs\u00edndrome pr\u00e9-escolar\u201d pode atrasar o amadurecimento, dificultando o desenvolvimento de compet\u00eancias essenciais para a aprendizagem, como perseveran\u00e7a e responsabilidade.<\/li>\n<\/ul>\n","protected":false},"author":2,"featured_media":423379,"comment_status":"closed","ping_status":"closed","sticky":false,"template":"","format":"standard","meta":{"footnotes":""},"categories":[1,6871],"tags":[100,163,2153,5955,97,2249],"class_list":["post-423378","post","type-post","status-publish","format-standard","has-post-thumbnail","hentry","category-noticias","category-sociedade","tag-alunos","tag-educacao","tag-educacao-escolar","tag-educacao-infantil","tag-professores","tag-psicologia"],"yoast_head":"<!-- This site is optimized with the Yoast SEO plugin v27.2 - https:\/\/yoast.com\/product\/yoast-seo-wordpress\/ -->\n<title>Amplifica\u00e7\u00e3o dos novos estilos educativos na sala de aula - Portal Tela Portugal<\/title>\n<meta name=\"robots\" content=\"index, follow, max-snippet:-1, max-image-preview:large, max-video-preview:-1\" \/>\n<meta property=\"og:locale\" content=\"pt_PT\" \/>\n<meta property=\"og:type\" content=\"article\" \/>\n<meta property=\"og:title\" content=\"Amplifica\u00e7\u00e3o dos novos estilos educativos na sala de aula - Portal Tela Portugal\" \/>\n<meta property=\"og:description\" content=\"Os estilos educativos atuais nas fam\u00edlias j\u00e1 se reflectem na escola, alterando a rela\u00e7\u00e3o entre professores e alunos e entre os pr\u00f3prios estudantes. O modelo de rela\u00e7\u00f5es aprendido em casa tende a ser transferido para a escola, levando a oposi\u00e7\u00f5es repetidas e a questionar a autoridade docente. A eleva\u00e7\u00e3o da import\u00e2ncia dos pares na transmiss\u00e3o cultural desvia o papel do professor e aumenta o desafio de ensinar. Esta &quot;orienta\u00e7\u00e3o para os pares&quot; acarreta custos para os docentes, incluindo stress, desgaste moral e impactos na sa\u00fade. A chamada \u201cs\u00edndrome pr\u00e9-escolar\u201d pode atrasar o amadurecimento, dificultando o desenvolvimento de compet\u00eancias essenciais para a aprendizagem, como perseveran\u00e7a e responsabilidade.\" \/>\n<meta property=\"og:url\" content=\"https:\/\/portaltela.pt\/noticias\/2026\/03\/27\/amplificacao-dos-novos-estilos-educativos-na-sala-de-aula\/\" \/>\n<meta property=\"og:site_name\" content=\"Portal Tela Portugal\" \/>\n<meta property=\"article:published_time\" content=\"2026-03-27T09:15:00+00:00\" \/>\n<meta name=\"author\" content=\"Telinha\" \/>\n<meta name=\"twitter:card\" content=\"summary_large_image\" \/>\n<meta name=\"twitter:label1\" content=\"Escrito por\" \/>\n\t<meta name=\"twitter:data1\" content=\"Telinha\" \/>\n\t<meta name=\"twitter:label2\" content=\"Tempo estimado de leitura\" \/>\n\t<meta name=\"twitter:data2\" content=\"2 minutos\" \/>\n<script type=\"application\/ld+json\" class=\"yoast-schema-graph\">{\"@context\":\"https:\/\/schema.org\",\"@graph\":[{\"@type\":\"Article\",\"@id\":\"https:\/\/portaltela.pt\/noticias\/2026\/03\/27\/amplificacao-dos-novos-estilos-educativos-na-sala-de-aula\/#article\",\"isPartOf\":{\"@id\":\"https:\/\/portaltela.pt\/noticias\/2026\/03\/27\/amplificacao-dos-novos-estilos-educativos-na-sala-de-aula\/\"},\"author\":{\"name\":\"Telinha\",\"@id\":\"https:\/\/portaltela.pt\/#\/schema\/person\/c4278d4a6028830caff9ee44b42d32ed\"},\"headline\":\"Amplifica\u00e7\u00e3o dos novos estilos educativos na sala de aula\",\"datePublished\":\"2026-03-27T09:15:00+00:00\",\"mainEntityOfPage\":{\"@id\":\"https:\/\/portaltela.pt\/noticias\/2026\/03\/27\/amplificacao-dos-novos-estilos-educativos-na-sala-de-aula\/\"},\"wordCount\":352,\"image\":{\"@id\":\"https:\/\/portaltela.pt\/noticias\/2026\/03\/27\/amplificacao-dos-novos-estilos-educativos-na-sala-de-aula\/#primaryimage\"},\"thumbnailUrl\":\"https:\/\/portaltela.pt\/s.01k8rhncp4jt1\/2026\/03\/tpUHdbIMAGENStypeJPGshare1oBarraFacebook_Impar-6.jpg\",\"keywords\":[\"alunos\",\"educa\u00e7\u00e3o\",\"educa\u00e7\u00e3o escolar\",\"educa\u00e7\u00e3o infantil\",\"professores\",\"psicologia\"],\"articleSection\":[\"Not\u00edcias\",\"Sociedade\"],\"inLanguage\":\"pt-PT\"},{\"@type\":\"WebPage\",\"@id\":\"https:\/\/portaltela.pt\/noticias\/2026\/03\/27\/amplificacao-dos-novos-estilos-educativos-na-sala-de-aula\/\",\"url\":\"https:\/\/portaltela.pt\/noticias\/2026\/03\/27\/amplificacao-dos-novos-estilos-educativos-na-sala-de-aula\/\",\"name\":\"Amplifica\u00e7\u00e3o dos novos estilos educativos na sala de aula - Portal Tela Portugal\",\"isPartOf\":{\"@id\":\"https:\/\/portaltela.pt\/#website\"},\"primaryImageOfPage\":{\"@id\":\"https:\/\/portaltela.pt\/noticias\/2026\/03\/27\/amplificacao-dos-novos-estilos-educativos-na-sala-de-aula\/#primaryimage\"},\"image\":{\"@id\":\"https:\/\/portaltela.pt\/noticias\/2026\/03\/27\/amplificacao-dos-novos-estilos-educativos-na-sala-de-aula\/#primaryimage\"},\"thumbnailUrl\":\"https:\/\/portaltela.pt\/s.01k8rhncp4jt1\/2026\/03\/tpUHdbIMAGENStypeJPGshare1oBarraFacebook_Impar-6.jpg\",\"datePublished\":\"2026-03-27T09:15:00+00:00\",\"author\":{\"@id\":\"https:\/\/portaltela.pt\/#\/schema\/person\/c4278d4a6028830caff9ee44b42d32ed\"},\"breadcrumb\":{\"@id\":\"https:\/\/portaltela.pt\/noticias\/2026\/03\/27\/amplificacao-dos-novos-estilos-educativos-na-sala-de-aula\/#breadcrumb\"},\"inLanguage\":\"pt-PT\",\"potentialAction\":[{\"@type\":\"ReadAction\",\"target\":[\"https:\/\/portaltela.pt\/noticias\/2026\/03\/27\/amplificacao-dos-novos-estilos-educativos-na-sala-de-aula\/\"]}]},{\"@type\":\"ImageObject\",\"inLanguage\":\"pt-PT\",\"@id\":\"https:\/\/portaltela.pt\/noticias\/2026\/03\/27\/amplificacao-dos-novos-estilos-educativos-na-sala-de-aula\/#primaryimage\",\"url\":\"https:\/\/portaltela.pt\/s.01k8rhncp4jt1\/2026\/03\/tpUHdbIMAGENStypeJPGshare1oBarraFacebook_Impar-6.jpg\",\"contentUrl\":\"https:\/\/portaltela.pt\/s.01k8rhncp4jt1\/2026\/03\/tpUHdbIMAGENStypeJPGshare1oBarraFacebook_Impar-6.jpg\",\"width\":1200,\"height\":630,\"caption\":\"A aprendizagem \\\"d\u00e1 trabalho e implica esfor\u00e7o por parte do sujeito que aprende\\\"\"},{\"@type\":\"BreadcrumbList\",\"@id\":\"https:\/\/portaltela.pt\/noticias\/2026\/03\/27\/amplificacao-dos-novos-estilos-educativos-na-sala-de-aula\/#breadcrumb\",\"itemListElement\":[{\"@type\":\"ListItem\",\"position\":1,\"name\":\"In\u00edcio\",\"item\":\"https:\/\/portaltela.pt\/\"},{\"@type\":\"ListItem\",\"position\":2,\"name\":\"Amplifica\u00e7\u00e3o dos novos estilos educativos na sala de aula\"}]},{\"@type\":\"WebSite\",\"@id\":\"https:\/\/portaltela.pt\/#website\",\"url\":\"https:\/\/portaltela.pt\/\",\"name\":\"Portal Tela Portugal\",\"description\":\"\",\"potentialAction\":[{\"@type\":\"SearchAction\",\"target\":{\"@type\":\"EntryPoint\",\"urlTemplate\":\"https:\/\/portaltela.pt\/?s={search_term_string}\"},\"query-input\":{\"@type\":\"PropertyValueSpecification\",\"valueRequired\":true,\"valueName\":\"search_term_string\"}}],\"inLanguage\":\"pt-PT\"},{\"@type\":\"Person\",\"@id\":\"https:\/\/portaltela.pt\/#\/schema\/person\/c4278d4a6028830caff9ee44b42d32ed\",\"name\":\"Telinha\",\"image\":{\"@type\":\"ImageObject\",\"inLanguage\":\"pt-PT\",\"@id\":\"https:\/\/portaltela.pt\/s.01k8rhncp4jt1\/2025\/11\/talking-bot-125x125.png\",\"url\":\"https:\/\/portaltela.pt\/s.01k8rhncp4jt1\/2025\/11\/talking-bot-125x125.png\",\"contentUrl\":\"https:\/\/portaltela.pt\/s.01k8rhncp4jt1\/2025\/11\/talking-bot-125x125.png\",\"caption\":\"Telinha\"},\"sameAs\":[\"https:\/\/portaltela.pt\/\"],\"url\":\"https:\/\/portaltela.pt\/por\/367410592786\/\"}]}<\/script>\n<!-- \/ Yoast SEO plugin. -->","yoast_head_json":{"title":"Amplifica\u00e7\u00e3o dos novos estilos educativos na sala de aula - Portal Tela Portugal","robots":{"index":"index","follow":"follow","max-snippet":"max-snippet:-1","max-image-preview":"max-image-preview:large","max-video-preview":"max-video-preview:-1"},"og_locale":"pt_PT","og_type":"article","og_title":"Amplifica\u00e7\u00e3o dos novos estilos educativos na sala de aula - Portal Tela Portugal","og_description":"Os estilos educativos atuais nas fam\u00edlias j\u00e1 se reflectem na escola, alterando a rela\u00e7\u00e3o entre professores e alunos e entre os pr\u00f3prios estudantes. O modelo de rela\u00e7\u00f5es aprendido em casa tende a ser transferido para a escola, levando a oposi\u00e7\u00f5es repetidas e a questionar a autoridade docente. A eleva\u00e7\u00e3o da import\u00e2ncia dos pares na transmiss\u00e3o cultural desvia o papel do professor e aumenta o desafio de ensinar. Esta \"orienta\u00e7\u00e3o para os pares\" acarreta custos para os docentes, incluindo stress, desgaste moral e impactos na sa\u00fade. A chamada \u201cs\u00edndrome pr\u00e9-escolar\u201d pode atrasar o amadurecimento, dificultando o desenvolvimento de compet\u00eancias essenciais para a aprendizagem, como perseveran\u00e7a e responsabilidade.","og_url":"https:\/\/portaltela.pt\/noticias\/2026\/03\/27\/amplificacao-dos-novos-estilos-educativos-na-sala-de-aula\/","og_site_name":"Portal Tela Portugal","article_published_time":"2026-03-27T09:15:00+00:00","author":"Telinha","twitter_card":"summary_large_image","twitter_misc":{"Escrito por":"Telinha","Tempo estimado de leitura":"2 minutos"},"schema":{"@context":"https:\/\/schema.org","@graph":[{"@type":"Article","@id":"https:\/\/portaltela.pt\/noticias\/2026\/03\/27\/amplificacao-dos-novos-estilos-educativos-na-sala-de-aula\/#article","isPartOf":{"@id":"https:\/\/portaltela.pt\/noticias\/2026\/03\/27\/amplificacao-dos-novos-estilos-educativos-na-sala-de-aula\/"},"author":{"name":"Telinha","@id":"https:\/\/portaltela.pt\/#\/schema\/person\/c4278d4a6028830caff9ee44b42d32ed"},"headline":"Amplifica\u00e7\u00e3o dos novos estilos educativos na sala de aula","datePublished":"2026-03-27T09:15:00+00:00","mainEntityOfPage":{"@id":"https:\/\/portaltela.pt\/noticias\/2026\/03\/27\/amplificacao-dos-novos-estilos-educativos-na-sala-de-aula\/"},"wordCount":352,"image":{"@id":"https:\/\/portaltela.pt\/noticias\/2026\/03\/27\/amplificacao-dos-novos-estilos-educativos-na-sala-de-aula\/#primaryimage"},"thumbnailUrl":"https:\/\/portaltela.pt\/s.01k8rhncp4jt1\/2026\/03\/tpUHdbIMAGENStypeJPGshare1oBarraFacebook_Impar-6.jpg","keywords":["alunos","educa\u00e7\u00e3o","educa\u00e7\u00e3o escolar","educa\u00e7\u00e3o infantil","professores","psicologia"],"articleSection":["Not\u00edcias","Sociedade"],"inLanguage":"pt-PT"},{"@type":"WebPage","@id":"https:\/\/portaltela.pt\/noticias\/2026\/03\/27\/amplificacao-dos-novos-estilos-educativos-na-sala-de-aula\/","url":"https:\/\/portaltela.pt\/noticias\/2026\/03\/27\/amplificacao-dos-novos-estilos-educativos-na-sala-de-aula\/","name":"Amplifica\u00e7\u00e3o dos novos estilos educativos na sala de aula - Portal Tela Portugal","isPartOf":{"@id":"https:\/\/portaltela.pt\/#website"},"primaryImageOfPage":{"@id":"https:\/\/portaltela.pt\/noticias\/2026\/03\/27\/amplificacao-dos-novos-estilos-educativos-na-sala-de-aula\/#primaryimage"},"image":{"@id":"https:\/\/portaltela.pt\/noticias\/2026\/03\/27\/amplificacao-dos-novos-estilos-educativos-na-sala-de-aula\/#primaryimage"},"thumbnailUrl":"https:\/\/portaltela.pt\/s.01k8rhncp4jt1\/2026\/03\/tpUHdbIMAGENStypeJPGshare1oBarraFacebook_Impar-6.jpg","datePublished":"2026-03-27T09:15:00+00:00","author":{"@id":"https:\/\/portaltela.pt\/#\/schema\/person\/c4278d4a6028830caff9ee44b42d32ed"},"breadcrumb":{"@id":"https:\/\/portaltela.pt\/noticias\/2026\/03\/27\/amplificacao-dos-novos-estilos-educativos-na-sala-de-aula\/#breadcrumb"},"inLanguage":"pt-PT","potentialAction":[{"@type":"ReadAction","target":["https:\/\/portaltela.pt\/noticias\/2026\/03\/27\/amplificacao-dos-novos-estilos-educativos-na-sala-de-aula\/"]}]},{"@type":"ImageObject","inLanguage":"pt-PT","@id":"https:\/\/portaltela.pt\/noticias\/2026\/03\/27\/amplificacao-dos-novos-estilos-educativos-na-sala-de-aula\/#primaryimage","url":"https:\/\/portaltela.pt\/s.01k8rhncp4jt1\/2026\/03\/tpUHdbIMAGENStypeJPGshare1oBarraFacebook_Impar-6.jpg","contentUrl":"https:\/\/portaltela.pt\/s.01k8rhncp4jt1\/2026\/03\/tpUHdbIMAGENStypeJPGshare1oBarraFacebook_Impar-6.jpg","width":1200,"height":630,"caption":"A aprendizagem \"d\u00e1 trabalho e implica esfor\u00e7o por parte do sujeito que aprende\""},{"@type":"BreadcrumbList","@id":"https:\/\/portaltela.pt\/noticias\/2026\/03\/27\/amplificacao-dos-novos-estilos-educativos-na-sala-de-aula\/#breadcrumb","itemListElement":[{"@type":"ListItem","position":1,"name":"In\u00edcio","item":"https:\/\/portaltela.pt\/"},{"@type":"ListItem","position":2,"name":"Amplifica\u00e7\u00e3o dos novos estilos educativos na sala de aula"}]},{"@type":"WebSite","@id":"https:\/\/portaltela.pt\/#website","url":"https:\/\/portaltela.pt\/","name":"Portal Tela Portugal","description":"","potentialAction":[{"@type":"SearchAction","target":{"@type":"EntryPoint","urlTemplate":"https:\/\/portaltela.pt\/?s={search_term_string}"},"query-input":{"@type":"PropertyValueSpecification","valueRequired":true,"valueName":"search_term_string"}}],"inLanguage":"pt-PT"},{"@type":"Person","@id":"https:\/\/portaltela.pt\/#\/schema\/person\/c4278d4a6028830caff9ee44b42d32ed","name":"Telinha","image":{"@type":"ImageObject","inLanguage":"pt-PT","@id":"https:\/\/portaltela.pt\/s.01k8rhncp4jt1\/2025\/11\/talking-bot-125x125.png","url":"https:\/\/portaltela.pt\/s.01k8rhncp4jt1\/2025\/11\/talking-bot-125x125.png","contentUrl":"https:\/\/portaltela.pt\/s.01k8rhncp4jt1\/2025\/11\/talking-bot-125x125.png","caption":"Telinha"},"sameAs":["https:\/\/portaltela.pt\/"],"url":"https:\/\/portaltela.pt\/por\/367410592786\/"}]}},"_links":{"self":[{"href":"https:\/\/portaltela.pt\/api\/wp\/v2\/posts\/423378","targetHints":{"allow":["GET"]}}],"collection":[{"href":"https:\/\/portaltela.pt\/api\/wp\/v2\/posts"}],"about":[{"href":"https:\/\/portaltela.pt\/api\/wp\/v2\/types\/post"}],"author":[{"embeddable":true,"href":"https:\/\/portaltela.pt\/api\/wp\/v2\/users\/2"}],"replies":[{"embeddable":true,"href":"https:\/\/portaltela.pt\/api\/wp\/v2\/comments?post=423378"}],"version-history":[{"count":0,"href":"https:\/\/portaltela.pt\/api\/wp\/v2\/posts\/423378\/revisions"}],"wp:featuredmedia":[{"embeddable":true,"href":"https:\/\/portaltela.pt\/api\/wp\/v2\/media\/423379"}],"wp:attachment":[{"href":"https:\/\/portaltela.pt\/api\/wp\/v2\/media?parent=423378"}],"wp:term":[{"taxonomy":"category","embeddable":true,"href":"https:\/\/portaltela.pt\/api\/wp\/v2\/categories?post=423378"},{"taxonomy":"post_tag","embeddable":true,"href":"https:\/\/portaltela.pt\/api\/wp\/v2\/tags?post=423378"}],"curies":[{"name":"wp","href":"https:\/\/api.w.org\/{rel}","templated":true}]}}