{"id":423375,"date":"2026-03-27T06:30:00","date_gmt":"2026-03-27T09:30:00","guid":{"rendered":"https:\/\/portaltela.pt\/noticias\/2026\/03\/27\/bruna-rafaela-e-jogador-do-sporting-procuram-ama-para-as-gemeas\/"},"modified":"2026-03-27T06:30:00","modified_gmt":"2026-03-27T09:30:00","slug":"bruna-rafaela-e-jogador-do-sporting-procuram-ama-para-as-gemeas","status":"publish","type":"post","link":"https:\/\/portaltela.pt\/celebridades\/2026\/03\/27\/bruna-rafaela-e-jogador-do-sporting-procuram-ama-para-as-gemeas\/","title":{"rendered":"Bruna Rafaela e jogador do Sporting procuram ama para as g\u00e9meas"},"content":{"rendered":"<p>Bruna Rafaela e Pedro Gon\u00e7alves, jogador do Sporting, est\u00e3o \u00e0 procura de uma ama para acompanhar as duas filhas g\u00e9meas, Benedita e Bel\u00e9m. O an\u00fancio foi partilhado pela pr\u00f3pria m\u00e3e nas redes sociais.<\/p>\n<p>No texto divulgado, a candidata ideal deve ser respons\u00e1vel e dedicada, com forte sentido de compromisso. A fun\u00e7\u00e3o envolve acompanhar as rotinas di\u00e1rias das crian\u00e7as e desenvolver atividades educativas e recreativas.<\/p>\n<p>A candidata precisa ter viatura pr\u00f3pria e disponibilidade hor\u00e1ria. \u00c9 ainda necess\u00e1ria experi\u00eancia com g\u00e9meos, dado o acompanhamento simult\u00e2neo das duas beb\u00e9s.<\/p>\n<p>Bruna Rafaela e Pote s\u00e3o pais das g\u00e9meas desde 14 de julho do ano passado. As beb\u00e9s estiveram internadas durante um m\u00eas ap\u00f3s o nascimento, sendo as primeiras filhas do casal.<\/p>\n","protected":false},"excerpt":{"rendered":"<ul>\n<li>Bruna Rafaela e Pedro Gon\u00e7alves, jogador do Sporting (Pote), procuram ama para as g\u00e9meas Benedita e Bel\u00e9m.<\/li>\n<li>A candidatura \u00e9 promovida tamb\u00e9m pelo Instagram, com pedido de responsabilidade, dedica\u00e7\u00e3o e forte sentido de compromisso.<\/li>\n<li>A ama dever\u00e1 acompanhar as rotinas di\u00e1rias das crian\u00e7as e desenvolver atividades educativas e recreativas, com viatura pr\u00f3pria e hor\u00e1rios flex\u00edveis.<\/li>\n<li>\u00c9 solicitada experi\u00eancia com g\u00e9meos.<\/li>\n<li>Bruna Rafaela e Pote tornaram-se pais de duas meninas a 14 de julho do ano passado; as g\u00e9meas estiveram internadas um m\u00eas.<\/li>\n<\/ul>\n","protected":false},"author":2,"featured_media":423377,"comment_status":"closed","ping_status":"closed","sticky":false,"template":"","format":"standard","meta":{"footnotes":""},"categories":[6675],"tags":[3953,5955,64,32,1873,1652],"class_list":["post-423375","post","type-post","status-publish","format-standard","has-post-thumbnail","hentry","category-celebridades","tag-criancas","tag-educacao-infantil","tag-familia","tag-futebol","tag-gemeos","tag-sporting"],"yoast_head":"<!-- This site is optimized with the Yoast SEO plugin v27.2 - https:\/\/yoast.com\/product\/yoast-seo-wordpress\/ -->\n<title>Bruna Rafaela e jogador do Sporting procuram ama para as g\u00e9meas - Portal Tela Portugal<\/title>\n<meta name=\"robots\" content=\"index, follow, max-snippet:-1, max-image-preview:large, max-video-preview:-1\" \/>\n<meta property=\"og:locale\" content=\"pt_PT\" \/>\n<meta property=\"og:type\" content=\"article\" \/>\n<meta property=\"og:title\" content=\"Bruna Rafaela e jogador do Sporting procuram ama para as g\u00e9meas - Portal Tela Portugal\" \/>\n<meta property=\"og:description\" content=\"Bruna Rafaela e Pedro Gon\u00e7alves, jogador do Sporting (Pote), procuram ama para as g\u00e9meas Benedita e Bel\u00e9m. A candidatura \u00e9 promovida tamb\u00e9m pelo Instagram, com pedido de responsabilidade, dedica\u00e7\u00e3o e forte sentido de compromisso. A ama dever\u00e1 acompanhar as rotinas di\u00e1rias das crian\u00e7as e desenvolver atividades educativas e recreativas, com viatura pr\u00f3pria e hor\u00e1rios flex\u00edveis. \u00c9 solicitada experi\u00eancia com g\u00e9meos. Bruna Rafaela e Pote tornaram-se pais de duas meninas a 14 de julho do ano passado; as g\u00e9meas estiveram internadas um m\u00eas.\" \/>\n<meta property=\"og:url\" content=\"https:\/\/portaltela.pt\/noticias\/2026\/03\/27\/bruna-rafaela-e-jogador-do-sporting-procuram-ama-para-as-gemeas\/\" \/>\n<meta property=\"og:site_name\" content=\"Portal Tela Portugal\" \/>\n<meta property=\"article:published_time\" content=\"2026-03-27T09:30:00+00:00\" \/>\n<meta name=\"author\" content=\"Telinha\" \/>\n<meta name=\"twitter:card\" content=\"summary_large_image\" \/>\n<meta name=\"twitter:label1\" content=\"Escrito por\" \/>\n\t<meta name=\"twitter:data1\" content=\"Telinha\" \/>\n\t<meta name=\"twitter:label2\" content=\"Tempo estimado de leitura\" \/>\n\t<meta name=\"twitter:data2\" content=\"1 minuto\" \/>\n<script type=\"application\/ld+json\" class=\"yoast-schema-graph\">{\"@context\":\"https:\/\/schema.org\",\"@graph\":[{\"@type\":\"Article\",\"@id\":\"https:\/\/portaltela.pt\/noticias\/2026\/03\/27\/bruna-rafaela-e-jogador-do-sporting-procuram-ama-para-as-gemeas\/#article\",\"isPartOf\":{\"@id\":\"https:\/\/portaltela.pt\/noticias\/2026\/03\/27\/bruna-rafaela-e-jogador-do-sporting-procuram-ama-para-as-gemeas\/\"},\"author\":{\"name\":\"Telinha\",\"@id\":\"https:\/\/portaltela.pt\/#\/schema\/person\/c4278d4a6028830caff9ee44b42d32ed\"},\"headline\":\"Bruna Rafaela e jogador do Sporting procuram ama para as g\u00e9meas\",\"datePublished\":\"2026-03-27T09:30:00+00:00\",\"mainEntityOfPage\":{\"@id\":\"https:\/\/portaltela.pt\/noticias\/2026\/03\/27\/bruna-rafaela-e-jogador-do-sporting-procuram-ama-para-as-gemeas\/\"},\"wordCount\":149,\"image\":{\"@id\":\"https:\/\/portaltela.pt\/noticias\/2026\/03\/27\/bruna-rafaela-e-jogador-do-sporting-procuram-ama-para-as-gemeas\/#primaryimage\"},\"thumbnailUrl\":\"https:\/\/portaltela.pt\/s.01k8rhncp4jt1\/2026\/03\/img_1280x718uu2021-11-13-02-40-38-2160300-im-639101390339847408.jpg\",\"keywords\":[\"crian\u00e7as\",\"educa\u00e7\u00e3o infantil\",\"fam\u00edlia\",\"futebol\",\"G\u00eameos\",\"Sporting\"],\"articleSection\":[\"Celebridades\"],\"inLanguage\":\"pt-PT\"},{\"@type\":\"WebPage\",\"@id\":\"https:\/\/portaltela.pt\/noticias\/2026\/03\/27\/bruna-rafaela-e-jogador-do-sporting-procuram-ama-para-as-gemeas\/\",\"url\":\"https:\/\/portaltela.pt\/noticias\/2026\/03\/27\/bruna-rafaela-e-jogador-do-sporting-procuram-ama-para-as-gemeas\/\",\"name\":\"Bruna Rafaela e jogador do Sporting procuram ama para as g\u00e9meas - Portal Tela Portugal\",\"isPartOf\":{\"@id\":\"https:\/\/portaltela.pt\/#website\"},\"primaryImageOfPage\":{\"@id\":\"https:\/\/portaltela.pt\/noticias\/2026\/03\/27\/bruna-rafaela-e-jogador-do-sporting-procuram-ama-para-as-gemeas\/#primaryimage\"},\"image\":{\"@id\":\"https:\/\/portaltela.pt\/noticias\/2026\/03\/27\/bruna-rafaela-e-jogador-do-sporting-procuram-ama-para-as-gemeas\/#primaryimage\"},\"thumbnailUrl\":\"https:\/\/portaltela.pt\/s.01k8rhncp4jt1\/2026\/03\/img_1280x718uu2021-11-13-02-40-38-2160300-im-639101390339847408.jpg\",\"datePublished\":\"2026-03-27T09:30:00+00:00\",\"author\":{\"@id\":\"https:\/\/portaltela.pt\/#\/schema\/person\/c4278d4a6028830caff9ee44b42d32ed\"},\"breadcrumb\":{\"@id\":\"https:\/\/portaltela.pt\/noticias\/2026\/03\/27\/bruna-rafaela-e-jogador-do-sporting-procuram-ama-para-as-gemeas\/#breadcrumb\"},\"inLanguage\":\"pt-PT\",\"potentialAction\":[{\"@type\":\"ReadAction\",\"target\":[\"https:\/\/portaltela.pt\/noticias\/2026\/03\/27\/bruna-rafaela-e-jogador-do-sporting-procuram-ama-para-as-gemeas\/\"]}]},{\"@type\":\"ImageObject\",\"inLanguage\":\"pt-PT\",\"@id\":\"https:\/\/portaltela.pt\/noticias\/2026\/03\/27\/bruna-rafaela-e-jogador-do-sporting-procuram-ama-para-as-gemeas\/#primaryimage\",\"url\":\"https:\/\/portaltela.pt\/s.01k8rhncp4jt1\/2026\/03\/img_1280x718uu2021-11-13-02-40-38-2160300-im-639101390339847408.jpg\",\"contentUrl\":\"https:\/\/portaltela.pt\/s.01k8rhncp4jt1\/2026\/03\/img_1280x718uu2021-11-13-02-40-38-2160300-im-639101390339847408.jpg\",\"width\":796,\"height\":448,\"caption\":\"Bruna Rafaela com Pote\"},{\"@type\":\"BreadcrumbList\",\"@id\":\"https:\/\/portaltela.pt\/noticias\/2026\/03\/27\/bruna-rafaela-e-jogador-do-sporting-procuram-ama-para-as-gemeas\/#breadcrumb\",\"itemListElement\":[{\"@type\":\"ListItem\",\"position\":1,\"name\":\"In\u00edcio\",\"item\":\"https:\/\/portaltela.pt\/\"},{\"@type\":\"ListItem\",\"position\":2,\"name\":\"Bruna Rafaela e jogador do Sporting procuram ama para as g\u00e9meas\"}]},{\"@type\":\"WebSite\",\"@id\":\"https:\/\/portaltela.pt\/#website\",\"url\":\"https:\/\/portaltela.pt\/\",\"name\":\"Portal Tela Portugal\",\"description\":\"\",\"potentialAction\":[{\"@type\":\"SearchAction\",\"target\":{\"@type\":\"EntryPoint\",\"urlTemplate\":\"https:\/\/portaltela.pt\/?s={search_term_string}\"},\"query-input\":{\"@type\":\"PropertyValueSpecification\",\"valueRequired\":true,\"valueName\":\"search_term_string\"}}],\"inLanguage\":\"pt-PT\"},{\"@type\":\"Person\",\"@id\":\"https:\/\/portaltela.pt\/#\/schema\/person\/c4278d4a6028830caff9ee44b42d32ed\",\"name\":\"Telinha\",\"image\":{\"@type\":\"ImageObject\",\"inLanguage\":\"pt-PT\",\"@id\":\"https:\/\/portaltela.pt\/s.01k8rhncp4jt1\/2025\/11\/talking-bot-125x125.png\",\"url\":\"https:\/\/portaltela.pt\/s.01k8rhncp4jt1\/2025\/11\/talking-bot-125x125.png\",\"contentUrl\":\"https:\/\/portaltela.pt\/s.01k8rhncp4jt1\/2025\/11\/talking-bot-125x125.png\",\"caption\":\"Telinha\"},\"sameAs\":[\"https:\/\/portaltela.pt\/\"],\"url\":\"https:\/\/portaltela.pt\/por\/367410592786\/\"}]}<\/script>\n<!-- \/ Yoast SEO plugin. -->","yoast_head_json":{"title":"Bruna Rafaela e jogador do Sporting procuram ama para as g\u00e9meas - Portal Tela Portugal","robots":{"index":"index","follow":"follow","max-snippet":"max-snippet:-1","max-image-preview":"max-image-preview:large","max-video-preview":"max-video-preview:-1"},"og_locale":"pt_PT","og_type":"article","og_title":"Bruna Rafaela e jogador do Sporting procuram ama para as g\u00e9meas - Portal Tela Portugal","og_description":"Bruna Rafaela e Pedro Gon\u00e7alves, jogador do Sporting (Pote), procuram ama para as g\u00e9meas Benedita e Bel\u00e9m. A candidatura \u00e9 promovida tamb\u00e9m pelo Instagram, com pedido de responsabilidade, dedica\u00e7\u00e3o e forte sentido de compromisso. A ama dever\u00e1 acompanhar as rotinas di\u00e1rias das crian\u00e7as e desenvolver atividades educativas e recreativas, com viatura pr\u00f3pria e hor\u00e1rios flex\u00edveis. \u00c9 solicitada experi\u00eancia com g\u00e9meos. Bruna Rafaela e Pote tornaram-se pais de duas meninas a 14 de julho do ano passado; as g\u00e9meas estiveram internadas um m\u00eas.","og_url":"https:\/\/portaltela.pt\/noticias\/2026\/03\/27\/bruna-rafaela-e-jogador-do-sporting-procuram-ama-para-as-gemeas\/","og_site_name":"Portal Tela Portugal","article_published_time":"2026-03-27T09:30:00+00:00","author":"Telinha","twitter_card":"summary_large_image","twitter_misc":{"Escrito por":"Telinha","Tempo estimado de leitura":"1 minuto"},"schema":{"@context":"https:\/\/schema.org","@graph":[{"@type":"Article","@id":"https:\/\/portaltela.pt\/noticias\/2026\/03\/27\/bruna-rafaela-e-jogador-do-sporting-procuram-ama-para-as-gemeas\/#article","isPartOf":{"@id":"https:\/\/portaltela.pt\/noticias\/2026\/03\/27\/bruna-rafaela-e-jogador-do-sporting-procuram-ama-para-as-gemeas\/"},"author":{"name":"Telinha","@id":"https:\/\/portaltela.pt\/#\/schema\/person\/c4278d4a6028830caff9ee44b42d32ed"},"headline":"Bruna Rafaela e jogador do Sporting procuram ama para as g\u00e9meas","datePublished":"2026-03-27T09:30:00+00:00","mainEntityOfPage":{"@id":"https:\/\/portaltela.pt\/noticias\/2026\/03\/27\/bruna-rafaela-e-jogador-do-sporting-procuram-ama-para-as-gemeas\/"},"wordCount":149,"image":{"@id":"https:\/\/portaltela.pt\/noticias\/2026\/03\/27\/bruna-rafaela-e-jogador-do-sporting-procuram-ama-para-as-gemeas\/#primaryimage"},"thumbnailUrl":"https:\/\/portaltela.pt\/s.01k8rhncp4jt1\/2026\/03\/img_1280x718uu2021-11-13-02-40-38-2160300-im-639101390339847408.jpg","keywords":["crian\u00e7as","educa\u00e7\u00e3o infantil","fam\u00edlia","futebol","G\u00eameos","Sporting"],"articleSection":["Celebridades"],"inLanguage":"pt-PT"},{"@type":"WebPage","@id":"https:\/\/portaltela.pt\/noticias\/2026\/03\/27\/bruna-rafaela-e-jogador-do-sporting-procuram-ama-para-as-gemeas\/","url":"https:\/\/portaltela.pt\/noticias\/2026\/03\/27\/bruna-rafaela-e-jogador-do-sporting-procuram-ama-para-as-gemeas\/","name":"Bruna Rafaela e jogador do Sporting procuram ama para as g\u00e9meas - Portal Tela Portugal","isPartOf":{"@id":"https:\/\/portaltela.pt\/#website"},"primaryImageOfPage":{"@id":"https:\/\/portaltela.pt\/noticias\/2026\/03\/27\/bruna-rafaela-e-jogador-do-sporting-procuram-ama-para-as-gemeas\/#primaryimage"},"image":{"@id":"https:\/\/portaltela.pt\/noticias\/2026\/03\/27\/bruna-rafaela-e-jogador-do-sporting-procuram-ama-para-as-gemeas\/#primaryimage"},"thumbnailUrl":"https:\/\/portaltela.pt\/s.01k8rhncp4jt1\/2026\/03\/img_1280x718uu2021-11-13-02-40-38-2160300-im-639101390339847408.jpg","datePublished":"2026-03-27T09:30:00+00:00","author":{"@id":"https:\/\/portaltela.pt\/#\/schema\/person\/c4278d4a6028830caff9ee44b42d32ed"},"breadcrumb":{"@id":"https:\/\/portaltela.pt\/noticias\/2026\/03\/27\/bruna-rafaela-e-jogador-do-sporting-procuram-ama-para-as-gemeas\/#breadcrumb"},"inLanguage":"pt-PT","potentialAction":[{"@type":"ReadAction","target":["https:\/\/portaltela.pt\/noticias\/2026\/03\/27\/bruna-rafaela-e-jogador-do-sporting-procuram-ama-para-as-gemeas\/"]}]},{"@type":"ImageObject","inLanguage":"pt-PT","@id":"https:\/\/portaltela.pt\/noticias\/2026\/03\/27\/bruna-rafaela-e-jogador-do-sporting-procuram-ama-para-as-gemeas\/#primaryimage","url":"https:\/\/portaltela.pt\/s.01k8rhncp4jt1\/2026\/03\/img_1280x718uu2021-11-13-02-40-38-2160300-im-639101390339847408.jpg","contentUrl":"https:\/\/portaltela.pt\/s.01k8rhncp4jt1\/2026\/03\/img_1280x718uu2021-11-13-02-40-38-2160300-im-639101390339847408.jpg","width":796,"height":448,"caption":"Bruna Rafaela com Pote"},{"@type":"BreadcrumbList","@id":"https:\/\/portaltela.pt\/noticias\/2026\/03\/27\/bruna-rafaela-e-jogador-do-sporting-procuram-ama-para-as-gemeas\/#breadcrumb","itemListElement":[{"@type":"ListItem","position":1,"name":"In\u00edcio","item":"https:\/\/portaltela.pt\/"},{"@type":"ListItem","position":2,"name":"Bruna Rafaela e jogador do Sporting procuram ama para as g\u00e9meas"}]},{"@type":"WebSite","@id":"https:\/\/portaltela.pt\/#website","url":"https:\/\/portaltela.pt\/","name":"Portal Tela Portugal","description":"","potentialAction":[{"@type":"SearchAction","target":{"@type":"EntryPoint","urlTemplate":"https:\/\/portaltela.pt\/?s={search_term_string}"},"query-input":{"@type":"PropertyValueSpecification","valueRequired":true,"valueName":"search_term_string"}}],"inLanguage":"pt-PT"},{"@type":"Person","@id":"https:\/\/portaltela.pt\/#\/schema\/person\/c4278d4a6028830caff9ee44b42d32ed","name":"Telinha","image":{"@type":"ImageObject","inLanguage":"pt-PT","@id":"https:\/\/portaltela.pt\/s.01k8rhncp4jt1\/2025\/11\/talking-bot-125x125.png","url":"https:\/\/portaltela.pt\/s.01k8rhncp4jt1\/2025\/11\/talking-bot-125x125.png","contentUrl":"https:\/\/portaltela.pt\/s.01k8rhncp4jt1\/2025\/11\/talking-bot-125x125.png","caption":"Telinha"},"sameAs":["https:\/\/portaltela.pt\/"],"url":"https:\/\/portaltela.pt\/por\/367410592786\/"}]}},"_links":{"self":[{"href":"https:\/\/portaltela.pt\/api\/wp\/v2\/posts\/423375","targetHints":{"allow":["GET"]}}],"collection":[{"href":"https:\/\/portaltela.pt\/api\/wp\/v2\/posts"}],"about":[{"href":"https:\/\/portaltela.pt\/api\/wp\/v2\/types\/post"}],"author":[{"embeddable":true,"href":"https:\/\/portaltela.pt\/api\/wp\/v2\/users\/2"}],"replies":[{"embeddable":true,"href":"https:\/\/portaltela.pt\/api\/wp\/v2\/comments?post=423375"}],"version-history":[{"count":0,"href":"https:\/\/portaltela.pt\/api\/wp\/v2\/posts\/423375\/revisions"}],"wp:featuredmedia":[{"embeddable":true,"href":"https:\/\/portaltela.pt\/api\/wp\/v2\/media\/423377"}],"wp:attachment":[{"href":"https:\/\/portaltela.pt\/api\/wp\/v2\/media?parent=423375"}],"wp:term":[{"taxonomy":"category","embeddable":true,"href":"https:\/\/portaltela.pt\/api\/wp\/v2\/categories?post=423375"},{"taxonomy":"post_tag","embeddable":true,"href":"https:\/\/portaltela.pt\/api\/wp\/v2\/tags?post=423375"}],"curies":[{"name":"wp","href":"https:\/\/api.w.org\/{rel}","templated":true}]}}