{"id":423356,"date":"2026-03-27T06:14:00","date_gmt":"2026-03-27T09:14:00","guid":{"rendered":"https:\/\/portaltela.pt\/noticias\/2026\/03\/27\/ocupacao-hoteleira-em-macau-atinge-quase-95-em-fevereiro\/"},"modified":"2026-03-27T06:14:00","modified_gmt":"2026-03-27T09:14:00","slug":"ocupacao-hoteleira-em-macau-atinge-quase-95-em-fevereiro","status":"publish","type":"post","link":"https:\/\/portaltela.pt\/noticias\/economia\/2026\/03\/27\/ocupacao-hoteleira-em-macau-atinge-quase-95-em-fevereiro\/","title":{"rendered":"Ocupa\u00e7\u00e3o hoteleira em Macau atinge quase 95% em fevereiro"},"content":{"rendered":"<p>O indicador de ocupa\u00e7\u00e3o hoteleira em Macau atingiu quase 95% em fevereiro, sinalizando elevada procura tur\u00edstica na regi\u00e3o. O dado refere\u2011se ao desempenho mensal agregado pela ind\u00fastria hoteleira local.<\/p>\n<p>O relat\u00f3rio aponta que a taxa se manteve pr\u00f3xima do patamar elevado ao longo do m\u00eas, apontando para uma recupera\u00e7\u00e3o da atividade hoteleira na cidade.<\/p>\n<p>A divulga\u00e7\u00e3o integral do estudo est\u00e1 dispon\u00edvel apenas para subscritores. O portal informa que o conte\u00fado completo pode ser acedido mediante login.<\/p>\n<p>Macau mant\u00e9m, neste per\u00edodo, hist\u00f3rico de ocupa\u00e7\u00e3o elevada em meses de pico tur\u00edstico, cen\u00e1rio que tem impacto direto na oferta de alojamento e na economia local.<\/p>\n","protected":false},"excerpt":{"rendered":"<ul>\n<li>A taxa de ocupa\u00e7\u00e3o de hot\u00e9is em Macau chegou a quase 95% em fevereiro.<\/li>\n<li>A informa\u00e7\u00e3o foi publicada pela Lusa.<\/li>\n<li>O conte\u00fado completo da not\u00edcia est\u00e1 dispon\u00edvel apenas para subscritores.<\/li>\n<li>O material fornecido n\u00e3o apresenta dados adicionais.<\/li>\n<\/ul>\n","protected":false},"author":2,"featured_media":423365,"comment_status":"closed","ping_status":"closed","sticky":false,"template":"","format":"standard","meta":{"footnotes":""},"categories":[2,6735],"tags":[28,5612,719,5386,169],"class_list":["post-423356","post","type-post","status-publish","format-standard","has-post-thumbnail","hentry","category-economia","category-negocios","tag-economia","tag-hoteis","tag-hotelaria","tag-macau","tag-turismo"],"yoast_head":"<!-- This site is optimized with the Yoast SEO plugin v27.2 - https:\/\/yoast.com\/product\/yoast-seo-wordpress\/ -->\n<title>Ocupa\u00e7\u00e3o hoteleira em Macau atinge quase 95% em fevereiro - Portal Tela Portugal<\/title>\n<meta name=\"robots\" content=\"index, follow, max-snippet:-1, max-image-preview:large, max-video-preview:-1\" \/>\n<meta property=\"og:locale\" content=\"pt_PT\" \/>\n<meta property=\"og:type\" content=\"article\" \/>\n<meta property=\"og:title\" content=\"Ocupa\u00e7\u00e3o hoteleira em Macau atinge quase 95% em fevereiro - Portal Tela Portugal\" \/>\n<meta property=\"og:description\" content=\"A taxa de ocupa\u00e7\u00e3o de hot\u00e9is em Macau chegou a quase 95% em fevereiro. A informa\u00e7\u00e3o foi publicada pela Lusa. O conte\u00fado completo da not\u00edcia est\u00e1 dispon\u00edvel apenas para subscritores. O material fornecido n\u00e3o apresenta dados adicionais.\" \/>\n<meta property=\"og:url\" content=\"https:\/\/portaltela.pt\/noticias\/2026\/03\/27\/ocupacao-hoteleira-em-macau-atinge-quase-95-em-fevereiro\/\" \/>\n<meta property=\"og:site_name\" content=\"Portal Tela Portugal\" \/>\n<meta property=\"article:published_time\" content=\"2026-03-27T09:14:00+00:00\" \/>\n<meta name=\"author\" content=\"Telinha\" \/>\n<meta name=\"twitter:card\" content=\"summary_large_image\" \/>\n<meta name=\"twitter:label1\" content=\"Escrito por\" \/>\n\t<meta name=\"twitter:data1\" content=\"Telinha\" \/>\n\t<meta name=\"twitter:label2\" content=\"Tempo estimado de leitura\" \/>\n\t<meta name=\"twitter:data2\" content=\"1 minuto\" \/>\n<script type=\"application\/ld+json\" class=\"yoast-schema-graph\">{\"@context\":\"https:\/\/schema.org\",\"@graph\":[{\"@type\":\"Article\",\"@id\":\"https:\/\/portaltela.pt\/noticias\/2026\/03\/27\/ocupacao-hoteleira-em-macau-atinge-quase-95-em-fevereiro\/#article\",\"isPartOf\":{\"@id\":\"https:\/\/portaltela.pt\/noticias\/2026\/03\/27\/ocupacao-hoteleira-em-macau-atinge-quase-95-em-fevereiro\/\"},\"author\":{\"name\":\"Telinha\",\"@id\":\"https:\/\/portaltela.pt\/#\/schema\/person\/c4278d4a6028830caff9ee44b42d32ed\"},\"headline\":\"Ocupa\u00e7\u00e3o hoteleira em Macau atinge quase 95% em fevereiro\",\"datePublished\":\"2026-03-27T09:14:00+00:00\",\"mainEntityOfPage\":{\"@id\":\"https:\/\/portaltela.pt\/noticias\/2026\/03\/27\/ocupacao-hoteleira-em-macau-atinge-quase-95-em-fevereiro\/\"},\"wordCount\":128,\"image\":{\"@id\":\"https:\/\/portaltela.pt\/noticias\/2026\/03\/27\/ocupacao-hoteleira-em-macau-atinge-quase-95-em-fevereiro\/#primaryimage\"},\"thumbnailUrl\":\"https:\/\/portaltela.pt\/s.01k8rhncp4jt1\/2026\/03\/CACHE_780X1200_ANALOG_WATERMARKED_40176262_661519417136677.jpg\",\"keywords\":[\"economia\",\"hot\u00e9is\",\"hotelaria\",\"Macau\",\"turismo\"],\"articleSection\":[\"Economia\",\"Neg\u00f3cios\"],\"inLanguage\":\"pt-PT\"},{\"@type\":\"WebPage\",\"@id\":\"https:\/\/portaltela.pt\/noticias\/2026\/03\/27\/ocupacao-hoteleira-em-macau-atinge-quase-95-em-fevereiro\/\",\"url\":\"https:\/\/portaltela.pt\/noticias\/2026\/03\/27\/ocupacao-hoteleira-em-macau-atinge-quase-95-em-fevereiro\/\",\"name\":\"Ocupa\u00e7\u00e3o hoteleira em Macau atinge quase 95% em fevereiro - Portal Tela Portugal\",\"isPartOf\":{\"@id\":\"https:\/\/portaltela.pt\/#website\"},\"primaryImageOfPage\":{\"@id\":\"https:\/\/portaltela.pt\/noticias\/2026\/03\/27\/ocupacao-hoteleira-em-macau-atinge-quase-95-em-fevereiro\/#primaryimage\"},\"image\":{\"@id\":\"https:\/\/portaltela.pt\/noticias\/2026\/03\/27\/ocupacao-hoteleira-em-macau-atinge-quase-95-em-fevereiro\/#primaryimage\"},\"thumbnailUrl\":\"https:\/\/portaltela.pt\/s.01k8rhncp4jt1\/2026\/03\/CACHE_780X1200_ANALOG_WATERMARKED_40176262_661519417136677.jpg\",\"datePublished\":\"2026-03-27T09:14:00+00:00\",\"author\":{\"@id\":\"https:\/\/portaltela.pt\/#\/schema\/person\/c4278d4a6028830caff9ee44b42d32ed\"},\"breadcrumb\":{\"@id\":\"https:\/\/portaltela.pt\/noticias\/2026\/03\/27\/ocupacao-hoteleira-em-macau-atinge-quase-95-em-fevereiro\/#breadcrumb\"},\"inLanguage\":\"pt-PT\",\"potentialAction\":[{\"@type\":\"ReadAction\",\"target\":[\"https:\/\/portaltela.pt\/noticias\/2026\/03\/27\/ocupacao-hoteleira-em-macau-atinge-quase-95-em-fevereiro\/\"]}]},{\"@type\":\"ImageObject\",\"inLanguage\":\"pt-PT\",\"@id\":\"https:\/\/portaltela.pt\/noticias\/2026\/03\/27\/ocupacao-hoteleira-em-macau-atinge-quase-95-em-fevereiro\/#primaryimage\",\"url\":\"https:\/\/portaltela.pt\/s.01k8rhncp4jt1\/2026\/03\/CACHE_780X1200_ANALOG_WATERMARKED_40176262_661519417136677.jpg\",\"contentUrl\":\"https:\/\/portaltela.pt\/s.01k8rhncp4jt1\/2026\/03\/CACHE_780X1200_ANALOG_WATERMARKED_40176262_661519417136677.jpg\",\"width\":796,\"height\":448,\"caption\":\"Taxa de ocupa\u00e7\u00e3o de hot\u00e9is em Macau atingiu quase 95% em fevereiro\"},{\"@type\":\"BreadcrumbList\",\"@id\":\"https:\/\/portaltela.pt\/noticias\/2026\/03\/27\/ocupacao-hoteleira-em-macau-atinge-quase-95-em-fevereiro\/#breadcrumb\",\"itemListElement\":[{\"@type\":\"ListItem\",\"position\":1,\"name\":\"In\u00edcio\",\"item\":\"https:\/\/portaltela.pt\/\"},{\"@type\":\"ListItem\",\"position\":2,\"name\":\"Ocupa\u00e7\u00e3o hoteleira em Macau atinge quase 95% em fevereiro\"}]},{\"@type\":\"WebSite\",\"@id\":\"https:\/\/portaltela.pt\/#website\",\"url\":\"https:\/\/portaltela.pt\/\",\"name\":\"Portal Tela Portugal\",\"description\":\"\",\"potentialAction\":[{\"@type\":\"SearchAction\",\"target\":{\"@type\":\"EntryPoint\",\"urlTemplate\":\"https:\/\/portaltela.pt\/?s={search_term_string}\"},\"query-input\":{\"@type\":\"PropertyValueSpecification\",\"valueRequired\":true,\"valueName\":\"search_term_string\"}}],\"inLanguage\":\"pt-PT\"},{\"@type\":\"Person\",\"@id\":\"https:\/\/portaltela.pt\/#\/schema\/person\/c4278d4a6028830caff9ee44b42d32ed\",\"name\":\"Telinha\",\"image\":{\"@type\":\"ImageObject\",\"inLanguage\":\"pt-PT\",\"@id\":\"https:\/\/portaltela.pt\/s.01k8rhncp4jt1\/2025\/11\/talking-bot-125x125.png\",\"url\":\"https:\/\/portaltela.pt\/s.01k8rhncp4jt1\/2025\/11\/talking-bot-125x125.png\",\"contentUrl\":\"https:\/\/portaltela.pt\/s.01k8rhncp4jt1\/2025\/11\/talking-bot-125x125.png\",\"caption\":\"Telinha\"},\"sameAs\":[\"https:\/\/portaltela.pt\/\"],\"url\":\"https:\/\/portaltela.pt\/por\/367410592786\/\"}]}<\/script>\n<!-- \/ Yoast SEO plugin. -->","yoast_head_json":{"title":"Ocupa\u00e7\u00e3o hoteleira em Macau atinge quase 95% em fevereiro - Portal Tela Portugal","robots":{"index":"index","follow":"follow","max-snippet":"max-snippet:-1","max-image-preview":"max-image-preview:large","max-video-preview":"max-video-preview:-1"},"og_locale":"pt_PT","og_type":"article","og_title":"Ocupa\u00e7\u00e3o hoteleira em Macau atinge quase 95% em fevereiro - Portal Tela Portugal","og_description":"A taxa de ocupa\u00e7\u00e3o de hot\u00e9is em Macau chegou a quase 95% em fevereiro. A informa\u00e7\u00e3o foi publicada pela Lusa. O conte\u00fado completo da not\u00edcia est\u00e1 dispon\u00edvel apenas para subscritores. O material fornecido n\u00e3o apresenta dados adicionais.","og_url":"https:\/\/portaltela.pt\/noticias\/2026\/03\/27\/ocupacao-hoteleira-em-macau-atinge-quase-95-em-fevereiro\/","og_site_name":"Portal Tela Portugal","article_published_time":"2026-03-27T09:14:00+00:00","author":"Telinha","twitter_card":"summary_large_image","twitter_misc":{"Escrito por":"Telinha","Tempo estimado de leitura":"1 minuto"},"schema":{"@context":"https:\/\/schema.org","@graph":[{"@type":"Article","@id":"https:\/\/portaltela.pt\/noticias\/2026\/03\/27\/ocupacao-hoteleira-em-macau-atinge-quase-95-em-fevereiro\/#article","isPartOf":{"@id":"https:\/\/portaltela.pt\/noticias\/2026\/03\/27\/ocupacao-hoteleira-em-macau-atinge-quase-95-em-fevereiro\/"},"author":{"name":"Telinha","@id":"https:\/\/portaltela.pt\/#\/schema\/person\/c4278d4a6028830caff9ee44b42d32ed"},"headline":"Ocupa\u00e7\u00e3o hoteleira em Macau atinge quase 95% em fevereiro","datePublished":"2026-03-27T09:14:00+00:00","mainEntityOfPage":{"@id":"https:\/\/portaltela.pt\/noticias\/2026\/03\/27\/ocupacao-hoteleira-em-macau-atinge-quase-95-em-fevereiro\/"},"wordCount":128,"image":{"@id":"https:\/\/portaltela.pt\/noticias\/2026\/03\/27\/ocupacao-hoteleira-em-macau-atinge-quase-95-em-fevereiro\/#primaryimage"},"thumbnailUrl":"https:\/\/portaltela.pt\/s.01k8rhncp4jt1\/2026\/03\/CACHE_780X1200_ANALOG_WATERMARKED_40176262_661519417136677.jpg","keywords":["economia","hot\u00e9is","hotelaria","Macau","turismo"],"articleSection":["Economia","Neg\u00f3cios"],"inLanguage":"pt-PT"},{"@type":"WebPage","@id":"https:\/\/portaltela.pt\/noticias\/2026\/03\/27\/ocupacao-hoteleira-em-macau-atinge-quase-95-em-fevereiro\/","url":"https:\/\/portaltela.pt\/noticias\/2026\/03\/27\/ocupacao-hoteleira-em-macau-atinge-quase-95-em-fevereiro\/","name":"Ocupa\u00e7\u00e3o hoteleira em Macau atinge quase 95% em fevereiro - Portal Tela Portugal","isPartOf":{"@id":"https:\/\/portaltela.pt\/#website"},"primaryImageOfPage":{"@id":"https:\/\/portaltela.pt\/noticias\/2026\/03\/27\/ocupacao-hoteleira-em-macau-atinge-quase-95-em-fevereiro\/#primaryimage"},"image":{"@id":"https:\/\/portaltela.pt\/noticias\/2026\/03\/27\/ocupacao-hoteleira-em-macau-atinge-quase-95-em-fevereiro\/#primaryimage"},"thumbnailUrl":"https:\/\/portaltela.pt\/s.01k8rhncp4jt1\/2026\/03\/CACHE_780X1200_ANALOG_WATERMARKED_40176262_661519417136677.jpg","datePublished":"2026-03-27T09:14:00+00:00","author":{"@id":"https:\/\/portaltela.pt\/#\/schema\/person\/c4278d4a6028830caff9ee44b42d32ed"},"breadcrumb":{"@id":"https:\/\/portaltela.pt\/noticias\/2026\/03\/27\/ocupacao-hoteleira-em-macau-atinge-quase-95-em-fevereiro\/#breadcrumb"},"inLanguage":"pt-PT","potentialAction":[{"@type":"ReadAction","target":["https:\/\/portaltela.pt\/noticias\/2026\/03\/27\/ocupacao-hoteleira-em-macau-atinge-quase-95-em-fevereiro\/"]}]},{"@type":"ImageObject","inLanguage":"pt-PT","@id":"https:\/\/portaltela.pt\/noticias\/2026\/03\/27\/ocupacao-hoteleira-em-macau-atinge-quase-95-em-fevereiro\/#primaryimage","url":"https:\/\/portaltela.pt\/s.01k8rhncp4jt1\/2026\/03\/CACHE_780X1200_ANALOG_WATERMARKED_40176262_661519417136677.jpg","contentUrl":"https:\/\/portaltela.pt\/s.01k8rhncp4jt1\/2026\/03\/CACHE_780X1200_ANALOG_WATERMARKED_40176262_661519417136677.jpg","width":796,"height":448,"caption":"Taxa de ocupa\u00e7\u00e3o de hot\u00e9is em Macau atingiu quase 95% em fevereiro"},{"@type":"BreadcrumbList","@id":"https:\/\/portaltela.pt\/noticias\/2026\/03\/27\/ocupacao-hoteleira-em-macau-atinge-quase-95-em-fevereiro\/#breadcrumb","itemListElement":[{"@type":"ListItem","position":1,"name":"In\u00edcio","item":"https:\/\/portaltela.pt\/"},{"@type":"ListItem","position":2,"name":"Ocupa\u00e7\u00e3o hoteleira em Macau atinge quase 95% em fevereiro"}]},{"@type":"WebSite","@id":"https:\/\/portaltela.pt\/#website","url":"https:\/\/portaltela.pt\/","name":"Portal Tela Portugal","description":"","potentialAction":[{"@type":"SearchAction","target":{"@type":"EntryPoint","urlTemplate":"https:\/\/portaltela.pt\/?s={search_term_string}"},"query-input":{"@type":"PropertyValueSpecification","valueRequired":true,"valueName":"search_term_string"}}],"inLanguage":"pt-PT"},{"@type":"Person","@id":"https:\/\/portaltela.pt\/#\/schema\/person\/c4278d4a6028830caff9ee44b42d32ed","name":"Telinha","image":{"@type":"ImageObject","inLanguage":"pt-PT","@id":"https:\/\/portaltela.pt\/s.01k8rhncp4jt1\/2025\/11\/talking-bot-125x125.png","url":"https:\/\/portaltela.pt\/s.01k8rhncp4jt1\/2025\/11\/talking-bot-125x125.png","contentUrl":"https:\/\/portaltela.pt\/s.01k8rhncp4jt1\/2025\/11\/talking-bot-125x125.png","caption":"Telinha"},"sameAs":["https:\/\/portaltela.pt\/"],"url":"https:\/\/portaltela.pt\/por\/367410592786\/"}]}},"_links":{"self":[{"href":"https:\/\/portaltela.pt\/api\/wp\/v2\/posts\/423356","targetHints":{"allow":["GET"]}}],"collection":[{"href":"https:\/\/portaltela.pt\/api\/wp\/v2\/posts"}],"about":[{"href":"https:\/\/portaltela.pt\/api\/wp\/v2\/types\/post"}],"author":[{"embeddable":true,"href":"https:\/\/portaltela.pt\/api\/wp\/v2\/users\/2"}],"replies":[{"embeddable":true,"href":"https:\/\/portaltela.pt\/api\/wp\/v2\/comments?post=423356"}],"version-history":[{"count":0,"href":"https:\/\/portaltela.pt\/api\/wp\/v2\/posts\/423356\/revisions"}],"wp:featuredmedia":[{"embeddable":true,"href":"https:\/\/portaltela.pt\/api\/wp\/v2\/media\/423365"}],"wp:attachment":[{"href":"https:\/\/portaltela.pt\/api\/wp\/v2\/media?parent=423356"}],"wp:term":[{"taxonomy":"category","embeddable":true,"href":"https:\/\/portaltela.pt\/api\/wp\/v2\/categories?post=423356"},{"taxonomy":"post_tag","embeddable":true,"href":"https:\/\/portaltela.pt\/api\/wp\/v2\/tags?post=423356"}],"curies":[{"name":"wp","href":"https:\/\/api.w.org\/{rel}","templated":true}]}}