{"id":423345,"date":"2026-03-27T06:06:00","date_gmt":"2026-03-27T09:06:00","guid":{"rendered":"https:\/\/portaltela.pt\/noticias\/2026\/03\/27\/onu-pede-responsabilizacao-dos-eua-por-ataque-a-escola-no-irao\/"},"modified":"2026-03-27T06:06:00","modified_gmt":"2026-03-27T09:06:00","slug":"onu-pede-responsabilizacao-dos-eua-por-ataque-a-escola-no-irao","status":"publish","type":"post","link":"https:\/\/portaltela.pt\/noticias\/internacional\/2026\/03\/27\/onu-pede-responsabilizacao-dos-eua-por-ataque-a-escola-no-irao\/","title":{"rendered":"ONU pede responsabiliza\u00e7\u00e3o dos EUA por ataque a escola no Ir\u00e3o"},"content":{"rendered":"<p>A ONU pediu responsabilidades aos EUA por um ataque a uma escola situada no Ir\u00e3o. O organismo internacional afirmou que \u00e9 necess\u00e1ria uma investiga\u00e7\u00e3o independente e transparente para apurar as circunst\u00e2ncias do incidente e determinar responsabilidades.<\/p>\n<p>Segundo a ONU, o ataque colocou em risco civis e infraestruturas educacionais, violando normas internacionais de prote\u00e7\u00e3o de crian\u00e7as e educa\u00e7\u00e3o. O pedido de responsabiliza\u00e7\u00e3o surge no contexto de tens\u00f5es entre Estados e de debates sobre a aplica\u00e7\u00e3o do direito internacional humanit\u00e1rio.<\/p>\n<p>As declara\u00e7\u00f5es foram feitas ap\u00f3s informa\u00e7\u00f5es ainda n\u00e3o completamente verificados sobre o ocorrido. A ONU frisou a necessidade de coopera\u00e7\u00e3o entre as partes envolvidas e de acesso a provas para esclarecer o que aconteceu, bem como de medidas para prevenir novos ataques a escolas.<\/p>\n<p>N\u00e3o houve detalhes sobre datas espec\u00edficas, nem sobre o n\u00famero de v\u00edtimas ou impactos diretos do ataque. A organiza\u00e7\u00e3o reiterou o compromisso com a prote\u00e7\u00e3o de civis e o respeito pelo direito internacional em situa\u00e7\u00f5es de conflito.<\/p>\n","protected":false},"excerpt":{"rendered":"<ul>\n<li>ONU pede responsabilidades aos EUA pelo ataque contra uma escola no Ir\u00e3o.<\/li>\n<li>A organiza\u00e7\u00e3o solicita esclarecimentos sobre as circunst\u00e2ncias e eventuais consequ\u00eancias do ataque.<\/li>\n<li>O texto n\u00e3o apresenta, neste resumo, detalhes adicionais sobre v\u00edtimas ou impactos.<\/li>\n<\/ul>\n","protected":false},"author":2,"featured_media":423349,"comment_status":"closed","ping_status":"closed","sticky":false,"template":"","format":"standard","meta":{"footnotes":""},"categories":[6814,4],"tags":[7343,3034,7178,2633,3153,5123],"class_list":["post-423345","post","type-post","status-publish","format-standard","has-post-thumbnail","hentry","category-geopolitica","category-internacional","tag-ataque","tag-direito-internacional","tag-direitos-de-menores","tag-direitos-humanos","tag-ira","tag-onu"],"yoast_head":"<!-- This site is optimized with the Yoast SEO plugin v27.2 - https:\/\/yoast.com\/product\/yoast-seo-wordpress\/ -->\n<title>ONU pede responsabiliza\u00e7\u00e3o dos EUA por ataque a escola no Ir\u00e3o - Portal Tela Portugal<\/title>\n<meta name=\"robots\" content=\"index, follow, max-snippet:-1, max-image-preview:large, max-video-preview:-1\" \/>\n<meta property=\"og:locale\" content=\"pt_PT\" \/>\n<meta property=\"og:type\" content=\"article\" \/>\n<meta property=\"og:title\" content=\"ONU pede responsabiliza\u00e7\u00e3o dos EUA por ataque a escola no Ir\u00e3o - Portal Tela Portugal\" \/>\n<meta property=\"og:description\" content=\"ONU pede responsabilidades aos EUA pelo ataque contra uma escola no Ir\u00e3o. A organiza\u00e7\u00e3o solicita esclarecimentos sobre as circunst\u00e2ncias e eventuais consequ\u00eancias do ataque. O texto n\u00e3o apresenta, neste resumo, detalhes adicionais sobre v\u00edtimas ou impactos.\" \/>\n<meta property=\"og:url\" content=\"https:\/\/portaltela.pt\/noticias\/2026\/03\/27\/onu-pede-responsabilizacao-dos-eua-por-ataque-a-escola-no-irao\/\" \/>\n<meta property=\"og:site_name\" content=\"Portal Tela Portugal\" \/>\n<meta property=\"article:published_time\" content=\"2026-03-27T09:06:00+00:00\" \/>\n<meta name=\"author\" content=\"Telinha\" \/>\n<meta name=\"twitter:card\" content=\"summary_large_image\" \/>\n<meta name=\"twitter:label1\" content=\"Escrito por\" \/>\n\t<meta name=\"twitter:data1\" content=\"Telinha\" \/>\n\t<meta name=\"twitter:label2\" content=\"Tempo estimado de leitura\" \/>\n\t<meta name=\"twitter:data2\" content=\"1 minuto\" \/>\n<script type=\"application\/ld+json\" class=\"yoast-schema-graph\">{\"@context\":\"https:\/\/schema.org\",\"@graph\":[{\"@type\":\"Article\",\"@id\":\"https:\/\/portaltela.pt\/noticias\/2026\/03\/27\/onu-pede-responsabilizacao-dos-eua-por-ataque-a-escola-no-irao\/#article\",\"isPartOf\":{\"@id\":\"https:\/\/portaltela.pt\/noticias\/2026\/03\/27\/onu-pede-responsabilizacao-dos-eua-por-ataque-a-escola-no-irao\/\"},\"author\":{\"name\":\"Telinha\",\"@id\":\"https:\/\/portaltela.pt\/#\/schema\/person\/c4278d4a6028830caff9ee44b42d32ed\"},\"headline\":\"ONU pede responsabiliza\u00e7\u00e3o dos EUA por ataque a escola no Ir\u00e3o\",\"datePublished\":\"2026-03-27T09:06:00+00:00\",\"mainEntityOfPage\":{\"@id\":\"https:\/\/portaltela.pt\/noticias\/2026\/03\/27\/onu-pede-responsabilizacao-dos-eua-por-ataque-a-escola-no-irao\/\"},\"wordCount\":194,\"image\":{\"@id\":\"https:\/\/portaltela.pt\/noticias\/2026\/03\/27\/onu-pede-responsabilizacao-dos-eua-por-ataque-a-escola-no-irao\/#primaryimage\"},\"thumbnailUrl\":\"https:\/\/portaltela.pt\/s.01k8rhncp4jt1\/2026\/03\/CACHE_780X1200_ANALOG_WATERMARKED_46677093_515334915681677.jpg\",\"keywords\":[\"ataque\",\"direito internacional\",\"direitos de menores\",\"direitos humanos\",\"Ir\u00e3\",\"ONU\"],\"articleSection\":[\"Geopol\u00edtica\",\"Internacional\"],\"inLanguage\":\"pt-PT\"},{\"@type\":\"WebPage\",\"@id\":\"https:\/\/portaltela.pt\/noticias\/2026\/03\/27\/onu-pede-responsabilizacao-dos-eua-por-ataque-a-escola-no-irao\/\",\"url\":\"https:\/\/portaltela.pt\/noticias\/2026\/03\/27\/onu-pede-responsabilizacao-dos-eua-por-ataque-a-escola-no-irao\/\",\"name\":\"ONU pede responsabiliza\u00e7\u00e3o dos EUA por ataque a escola no Ir\u00e3o - Portal Tela Portugal\",\"isPartOf\":{\"@id\":\"https:\/\/portaltela.pt\/#website\"},\"primaryImageOfPage\":{\"@id\":\"https:\/\/portaltela.pt\/noticias\/2026\/03\/27\/onu-pede-responsabilizacao-dos-eua-por-ataque-a-escola-no-irao\/#primaryimage\"},\"image\":{\"@id\":\"https:\/\/portaltela.pt\/noticias\/2026\/03\/27\/onu-pede-responsabilizacao-dos-eua-por-ataque-a-escola-no-irao\/#primaryimage\"},\"thumbnailUrl\":\"https:\/\/portaltela.pt\/s.01k8rhncp4jt1\/2026\/03\/CACHE_780X1200_ANALOG_WATERMARKED_46677093_515334915681677.jpg\",\"datePublished\":\"2026-03-27T09:06:00+00:00\",\"author\":{\"@id\":\"https:\/\/portaltela.pt\/#\/schema\/person\/c4278d4a6028830caff9ee44b42d32ed\"},\"breadcrumb\":{\"@id\":\"https:\/\/portaltela.pt\/noticias\/2026\/03\/27\/onu-pede-responsabilizacao-dos-eua-por-ataque-a-escola-no-irao\/#breadcrumb\"},\"inLanguage\":\"pt-PT\",\"potentialAction\":[{\"@type\":\"ReadAction\",\"target\":[\"https:\/\/portaltela.pt\/noticias\/2026\/03\/27\/onu-pede-responsabilizacao-dos-eua-por-ataque-a-escola-no-irao\/\"]}]},{\"@type\":\"ImageObject\",\"inLanguage\":\"pt-PT\",\"@id\":\"https:\/\/portaltela.pt\/noticias\/2026\/03\/27\/onu-pede-responsabilizacao-dos-eua-por-ataque-a-escola-no-irao\/#primaryimage\",\"url\":\"https:\/\/portaltela.pt\/s.01k8rhncp4jt1\/2026\/03\/CACHE_780X1200_ANALOG_WATERMARKED_46677093_515334915681677.jpg\",\"contentUrl\":\"https:\/\/portaltela.pt\/s.01k8rhncp4jt1\/2026\/03\/CACHE_780X1200_ANALOG_WATERMARKED_46677093_515334915681677.jpg\",\"width\":796,\"height\":448,\"caption\":\"Photo\"},{\"@type\":\"BreadcrumbList\",\"@id\":\"https:\/\/portaltela.pt\/noticias\/2026\/03\/27\/onu-pede-responsabilizacao-dos-eua-por-ataque-a-escola-no-irao\/#breadcrumb\",\"itemListElement\":[{\"@type\":\"ListItem\",\"position\":1,\"name\":\"In\u00edcio\",\"item\":\"https:\/\/portaltela.pt\/\"},{\"@type\":\"ListItem\",\"position\":2,\"name\":\"ONU pede responsabiliza\u00e7\u00e3o dos EUA por ataque a escola no Ir\u00e3o\"}]},{\"@type\":\"WebSite\",\"@id\":\"https:\/\/portaltela.pt\/#website\",\"url\":\"https:\/\/portaltela.pt\/\",\"name\":\"Portal Tela Portugal\",\"description\":\"\",\"potentialAction\":[{\"@type\":\"SearchAction\",\"target\":{\"@type\":\"EntryPoint\",\"urlTemplate\":\"https:\/\/portaltela.pt\/?s={search_term_string}\"},\"query-input\":{\"@type\":\"PropertyValueSpecification\",\"valueRequired\":true,\"valueName\":\"search_term_string\"}}],\"inLanguage\":\"pt-PT\"},{\"@type\":\"Person\",\"@id\":\"https:\/\/portaltela.pt\/#\/schema\/person\/c4278d4a6028830caff9ee44b42d32ed\",\"name\":\"Telinha\",\"image\":{\"@type\":\"ImageObject\",\"inLanguage\":\"pt-PT\",\"@id\":\"https:\/\/portaltela.pt\/s.01k8rhncp4jt1\/2025\/11\/talking-bot-125x125.png\",\"url\":\"https:\/\/portaltela.pt\/s.01k8rhncp4jt1\/2025\/11\/talking-bot-125x125.png\",\"contentUrl\":\"https:\/\/portaltela.pt\/s.01k8rhncp4jt1\/2025\/11\/talking-bot-125x125.png\",\"caption\":\"Telinha\"},\"sameAs\":[\"https:\/\/portaltela.pt\/\"],\"url\":\"https:\/\/portaltela.pt\/por\/367410592786\/\"}]}<\/script>\n<!-- \/ Yoast SEO plugin. -->","yoast_head_json":{"title":"ONU pede responsabiliza\u00e7\u00e3o dos EUA por ataque a escola no Ir\u00e3o - Portal Tela Portugal","robots":{"index":"index","follow":"follow","max-snippet":"max-snippet:-1","max-image-preview":"max-image-preview:large","max-video-preview":"max-video-preview:-1"},"og_locale":"pt_PT","og_type":"article","og_title":"ONU pede responsabiliza\u00e7\u00e3o dos EUA por ataque a escola no Ir\u00e3o - Portal Tela Portugal","og_description":"ONU pede responsabilidades aos EUA pelo ataque contra uma escola no Ir\u00e3o. A organiza\u00e7\u00e3o solicita esclarecimentos sobre as circunst\u00e2ncias e eventuais consequ\u00eancias do ataque. O texto n\u00e3o apresenta, neste resumo, detalhes adicionais sobre v\u00edtimas ou impactos.","og_url":"https:\/\/portaltela.pt\/noticias\/2026\/03\/27\/onu-pede-responsabilizacao-dos-eua-por-ataque-a-escola-no-irao\/","og_site_name":"Portal Tela Portugal","article_published_time":"2026-03-27T09:06:00+00:00","author":"Telinha","twitter_card":"summary_large_image","twitter_misc":{"Escrito por":"Telinha","Tempo estimado de leitura":"1 minuto"},"schema":{"@context":"https:\/\/schema.org","@graph":[{"@type":"Article","@id":"https:\/\/portaltela.pt\/noticias\/2026\/03\/27\/onu-pede-responsabilizacao-dos-eua-por-ataque-a-escola-no-irao\/#article","isPartOf":{"@id":"https:\/\/portaltela.pt\/noticias\/2026\/03\/27\/onu-pede-responsabilizacao-dos-eua-por-ataque-a-escola-no-irao\/"},"author":{"name":"Telinha","@id":"https:\/\/portaltela.pt\/#\/schema\/person\/c4278d4a6028830caff9ee44b42d32ed"},"headline":"ONU pede responsabiliza\u00e7\u00e3o dos EUA por ataque a escola no Ir\u00e3o","datePublished":"2026-03-27T09:06:00+00:00","mainEntityOfPage":{"@id":"https:\/\/portaltela.pt\/noticias\/2026\/03\/27\/onu-pede-responsabilizacao-dos-eua-por-ataque-a-escola-no-irao\/"},"wordCount":194,"image":{"@id":"https:\/\/portaltela.pt\/noticias\/2026\/03\/27\/onu-pede-responsabilizacao-dos-eua-por-ataque-a-escola-no-irao\/#primaryimage"},"thumbnailUrl":"https:\/\/portaltela.pt\/s.01k8rhncp4jt1\/2026\/03\/CACHE_780X1200_ANALOG_WATERMARKED_46677093_515334915681677.jpg","keywords":["ataque","direito internacional","direitos de menores","direitos humanos","Ir\u00e3","ONU"],"articleSection":["Geopol\u00edtica","Internacional"],"inLanguage":"pt-PT"},{"@type":"WebPage","@id":"https:\/\/portaltela.pt\/noticias\/2026\/03\/27\/onu-pede-responsabilizacao-dos-eua-por-ataque-a-escola-no-irao\/","url":"https:\/\/portaltela.pt\/noticias\/2026\/03\/27\/onu-pede-responsabilizacao-dos-eua-por-ataque-a-escola-no-irao\/","name":"ONU pede responsabiliza\u00e7\u00e3o dos EUA por ataque a escola no Ir\u00e3o - Portal Tela Portugal","isPartOf":{"@id":"https:\/\/portaltela.pt\/#website"},"primaryImageOfPage":{"@id":"https:\/\/portaltela.pt\/noticias\/2026\/03\/27\/onu-pede-responsabilizacao-dos-eua-por-ataque-a-escola-no-irao\/#primaryimage"},"image":{"@id":"https:\/\/portaltela.pt\/noticias\/2026\/03\/27\/onu-pede-responsabilizacao-dos-eua-por-ataque-a-escola-no-irao\/#primaryimage"},"thumbnailUrl":"https:\/\/portaltela.pt\/s.01k8rhncp4jt1\/2026\/03\/CACHE_780X1200_ANALOG_WATERMARKED_46677093_515334915681677.jpg","datePublished":"2026-03-27T09:06:00+00:00","author":{"@id":"https:\/\/portaltela.pt\/#\/schema\/person\/c4278d4a6028830caff9ee44b42d32ed"},"breadcrumb":{"@id":"https:\/\/portaltela.pt\/noticias\/2026\/03\/27\/onu-pede-responsabilizacao-dos-eua-por-ataque-a-escola-no-irao\/#breadcrumb"},"inLanguage":"pt-PT","potentialAction":[{"@type":"ReadAction","target":["https:\/\/portaltela.pt\/noticias\/2026\/03\/27\/onu-pede-responsabilizacao-dos-eua-por-ataque-a-escola-no-irao\/"]}]},{"@type":"ImageObject","inLanguage":"pt-PT","@id":"https:\/\/portaltela.pt\/noticias\/2026\/03\/27\/onu-pede-responsabilizacao-dos-eua-por-ataque-a-escola-no-irao\/#primaryimage","url":"https:\/\/portaltela.pt\/s.01k8rhncp4jt1\/2026\/03\/CACHE_780X1200_ANALOG_WATERMARKED_46677093_515334915681677.jpg","contentUrl":"https:\/\/portaltela.pt\/s.01k8rhncp4jt1\/2026\/03\/CACHE_780X1200_ANALOG_WATERMARKED_46677093_515334915681677.jpg","width":796,"height":448,"caption":"Photo"},{"@type":"BreadcrumbList","@id":"https:\/\/portaltela.pt\/noticias\/2026\/03\/27\/onu-pede-responsabilizacao-dos-eua-por-ataque-a-escola-no-irao\/#breadcrumb","itemListElement":[{"@type":"ListItem","position":1,"name":"In\u00edcio","item":"https:\/\/portaltela.pt\/"},{"@type":"ListItem","position":2,"name":"ONU pede responsabiliza\u00e7\u00e3o dos EUA por ataque a escola no Ir\u00e3o"}]},{"@type":"WebSite","@id":"https:\/\/portaltela.pt\/#website","url":"https:\/\/portaltela.pt\/","name":"Portal Tela Portugal","description":"","potentialAction":[{"@type":"SearchAction","target":{"@type":"EntryPoint","urlTemplate":"https:\/\/portaltela.pt\/?s={search_term_string}"},"query-input":{"@type":"PropertyValueSpecification","valueRequired":true,"valueName":"search_term_string"}}],"inLanguage":"pt-PT"},{"@type":"Person","@id":"https:\/\/portaltela.pt\/#\/schema\/person\/c4278d4a6028830caff9ee44b42d32ed","name":"Telinha","image":{"@type":"ImageObject","inLanguage":"pt-PT","@id":"https:\/\/portaltela.pt\/s.01k8rhncp4jt1\/2025\/11\/talking-bot-125x125.png","url":"https:\/\/portaltela.pt\/s.01k8rhncp4jt1\/2025\/11\/talking-bot-125x125.png","contentUrl":"https:\/\/portaltela.pt\/s.01k8rhncp4jt1\/2025\/11\/talking-bot-125x125.png","caption":"Telinha"},"sameAs":["https:\/\/portaltela.pt\/"],"url":"https:\/\/portaltela.pt\/por\/367410592786\/"}]}},"_links":{"self":[{"href":"https:\/\/portaltela.pt\/api\/wp\/v2\/posts\/423345","targetHints":{"allow":["GET"]}}],"collection":[{"href":"https:\/\/portaltela.pt\/api\/wp\/v2\/posts"}],"about":[{"href":"https:\/\/portaltela.pt\/api\/wp\/v2\/types\/post"}],"author":[{"embeddable":true,"href":"https:\/\/portaltela.pt\/api\/wp\/v2\/users\/2"}],"replies":[{"embeddable":true,"href":"https:\/\/portaltela.pt\/api\/wp\/v2\/comments?post=423345"}],"version-history":[{"count":0,"href":"https:\/\/portaltela.pt\/api\/wp\/v2\/posts\/423345\/revisions"}],"wp:featuredmedia":[{"embeddable":true,"href":"https:\/\/portaltela.pt\/api\/wp\/v2\/media\/423349"}],"wp:attachment":[{"href":"https:\/\/portaltela.pt\/api\/wp\/v2\/media?parent=423345"}],"wp:term":[{"taxonomy":"category","embeddable":true,"href":"https:\/\/portaltela.pt\/api\/wp\/v2\/categories?post=423345"},{"taxonomy":"post_tag","embeddable":true,"href":"https:\/\/portaltela.pt\/api\/wp\/v2\/tags?post=423345"}],"curies":[{"name":"wp","href":"https:\/\/api.w.org\/{rel}","templated":true}]}}