{"id":423318,"date":"2026-03-27T05:44:11","date_gmt":"2026-03-27T08:44:11","guid":{"rendered":"https:\/\/portaltela.pt\/noticias\/2026\/03\/27\/ipo-porto-alerta-sobre-queda-de-dadores-e-convoca-a-doacao-de-sangue\/"},"modified":"2026-03-27T05:44:11","modified_gmt":"2026-03-27T08:44:11","slug":"ipo-porto-alerta-sobre-queda-de-dadores-e-convoca-a-doacao-de-sangue","status":"publish","type":"post","link":"https:\/\/portaltela.pt\/saude\/2026\/03\/27\/ipo-porto-alerta-sobre-queda-de-dadores-e-convoca-a-doacao-de-sangue\/","title":{"rendered":"IPO Porto alerta sobre queda de dadores e convoca a doa\u00e7\u00e3o de sangue"},"content":{"rendered":"<p>O IPO do Porto alerta para uma diminui\u00e7\u00e3o anual de dadores de sangue, com quedas que podem chegar aos 5% ao ano. A respons\u00e1vel pelo servi\u00e7o de Imuno-hemoterapia explicou que esta tend\u00eancia persiste desde a pandemia, afectando sobretudo as reservas de plaquetas.<\/p>\n<p>Em 2025, foram transfundidos 2.427 doentes no IPO do Porto, com 7.294 transfus\u00f5es de eritr\u00f3citos e 4.834 de plaquetas. O hospital registou um total de 8.603 d\u00e1divas de sangue no ano, incluindo 1.385 novos dadores, 690 dos quais deram a primeira vez.<\/p>\n<p>No que toca ao perfil dos dadores, 949 pertenciam \u00e0 faixa et\u00e1ria entre os 18 e os 24 anos. O IPO do Porto considera este grupo uma prioridade estrat\u00e9gica pela sua localiza\u00e7\u00e3o universit\u00e1ria e pela import\u00e2ncia de iniciar a d\u00e1diva cedo e fidelizar jovens dadores.<\/p>\n<h3>Campanha com UTAD<\/h3>\n<p>A diretora do servi\u00e7o de Imuno-hemoterapia anunciou o lan\u00e7amento, nesta sexta-feira, de uma campanha em parceria com a UTAD, destinada a aumentar e fidelizar dadores entre os 18 e os 40 anos. O objetivo \u00e9 promover dadores saud\u00e1veis jovens.<\/p>\n<p>A campanha tem o mote Tu \u00e9s o tipo de algu\u00e9m e refor\u00e7a a liga\u00e7\u00e3o entre a d\u00e1diva de sangue e o altru\u00edsmo, tentando desmistificar perce\u00e7\u00f5es sobre o processo. Est\u00e3o previstas atividades e conte\u00fados explicativos ao longo de um ano.<\/p>\n<p>A UTAD tamb\u00e9m enfatiza a relev\u00e2ncia de di\u00e1logo entre a universidade e institui\u00e7\u00f5es externas para fortalecer a comunica\u00e7\u00e3o sobre a d\u00e1diva de sangue. O projeto incluir\u00e1 um jogo educativo e materiais informativos validados.<\/p>\n<p>Entre as preocupa\u00e7\u00f5es identificadas est\u00e1 o receio de agulhas entre os jovens. Para mitigar isso, a campanha prev\u00ea orienta\u00e7\u00f5es sobre a prepara\u00e7\u00e3o para a colheita, incluindo hidrata\u00e7\u00e3o e uma playlist de cerca de 10 minutos para relaxar durante o procedimento.<\/p>\n","protected":false},"excerpt":{"rendered":"<ul>\n<li>O IPO do Porto transfundiu 2.427 doentes em 2025, com 7.294 transfus\u00f5es de eritr\u00f3citos e 4.834 de plaquetas.<\/li>\n<li>A institui\u00e7\u00e3o regista uma tend\u00eancia de diminui\u00e7\u00e3o anual de dadores, com quedas que podem chegar a 5% ao ano (especialmente para plaquetas).<\/li>\n<li>No ano passado foram registadas 8.603 d\u00e1divas de sangue, com 1.385 novos dadores, sendo 690 a primeira d\u00e1diva.<\/li>\n<li>949 dadores tinham entre 18 e 24 anos; o IPO quer apostar neste grupo e lan\u00e7a campanha com a UTAD para fidelizar dadores at\u00e9 aos 40 anos.<\/li>\n<li>A campanha, que come\u00e7a hoje e vai decorrer durante um ano, inclui conte\u00fados explicativos, o jogo educativo e medidas para facilitar a doa\u00e7\u00e3o, como hor\u00e1rios de colheita mais relaxantes e uma playlist para acompanhar o processo.<\/li>\n<\/ul>\n","protected":false},"author":2,"featured_media":423319,"comment_status":"closed","ping_status":"closed","sticky":false,"template":"","format":"standard","meta":{"footnotes":""},"categories":[7371,6745],"tags":[620,3123,40,1014,172,58],"class_list":["post-423318","post","type-post","status-publish","format-standard","has-post-thumbnail","hentry","category-medicina","category-saude","tag-doacao","tag-doacoes","tag-pessoas","tag-portugal","tag-saude","tag-universidades"],"yoast_head":"<!-- This site is optimized with the Yoast SEO plugin v27.2 - https:\/\/yoast.com\/product\/yoast-seo-wordpress\/ -->\n<title>IPO Porto alerta sobre queda de dadores e convoca a doa\u00e7\u00e3o de sangue - Portal Tela Portugal<\/title>\n<meta name=\"robots\" content=\"index, follow, max-snippet:-1, max-image-preview:large, max-video-preview:-1\" \/>\n<meta property=\"og:locale\" content=\"pt_PT\" \/>\n<meta property=\"og:type\" content=\"article\" \/>\n<meta property=\"og:title\" content=\"IPO Porto alerta sobre queda de dadores e convoca a doa\u00e7\u00e3o de sangue - Portal Tela Portugal\" \/>\n<meta property=\"og:description\" content=\"O IPO do Porto transfundiu 2.427 doentes em 2025, com 7.294 transfus\u00f5es de eritr\u00f3citos e 4.834 de plaquetas. A institui\u00e7\u00e3o regista uma tend\u00eancia de diminui\u00e7\u00e3o anual de dadores, com quedas que podem chegar a 5% ao ano (especialmente para plaquetas). No ano passado foram registadas 8.603 d\u00e1divas de sangue, com 1.385 novos dadores, sendo 690 a primeira d\u00e1diva. 949 dadores tinham entre 18 e 24 anos; o IPO quer apostar neste grupo e lan\u00e7a campanha com a UTAD para fidelizar dadores at\u00e9 aos 40 anos. A campanha, que come\u00e7a hoje e vai decorrer durante um ano, inclui conte\u00fados explicativos, o jogo educativo e medidas para facilitar a doa\u00e7\u00e3o, como hor\u00e1rios de colheita mais relaxantes e uma playlist para acompanhar o processo.\" \/>\n<meta property=\"og:url\" content=\"https:\/\/portaltela.pt\/noticias\/2026\/03\/27\/ipo-porto-alerta-sobre-queda-de-dadores-e-convoca-a-doacao-de-sangue\/\" \/>\n<meta property=\"og:site_name\" content=\"Portal Tela Portugal\" \/>\n<meta property=\"article:published_time\" content=\"2026-03-27T08:44:11+00:00\" \/>\n<meta name=\"author\" content=\"Telinha\" \/>\n<meta name=\"twitter:card\" content=\"summary_large_image\" \/>\n<meta name=\"twitter:label1\" content=\"Escrito por\" \/>\n\t<meta name=\"twitter:data1\" content=\"Telinha\" \/>\n\t<meta name=\"twitter:label2\" content=\"Tempo estimado de leitura\" \/>\n\t<meta name=\"twitter:data2\" content=\"2 minutos\" \/>\n<script type=\"application\/ld+json\" class=\"yoast-schema-graph\">{\"@context\":\"https:\/\/schema.org\",\"@graph\":[{\"@type\":\"Article\",\"@id\":\"https:\/\/portaltela.pt\/noticias\/2026\/03\/27\/ipo-porto-alerta-sobre-queda-de-dadores-e-convoca-a-doacao-de-sangue\/#article\",\"isPartOf\":{\"@id\":\"https:\/\/portaltela.pt\/noticias\/2026\/03\/27\/ipo-porto-alerta-sobre-queda-de-dadores-e-convoca-a-doacao-de-sangue\/\"},\"author\":{\"name\":\"Telinha\",\"@id\":\"https:\/\/portaltela.pt\/#\/schema\/person\/c4278d4a6028830caff9ee44b42d32ed\"},\"headline\":\"IPO Porto alerta sobre queda de dadores e convoca a doa\u00e7\u00e3o de sangue\",\"datePublished\":\"2026-03-27T08:44:11+00:00\",\"mainEntityOfPage\":{\"@id\":\"https:\/\/portaltela.pt\/noticias\/2026\/03\/27\/ipo-porto-alerta-sobre-queda-de-dadores-e-convoca-a-doacao-de-sangue\/\"},\"wordCount\":316,\"image\":{\"@id\":\"https:\/\/portaltela.pt\/noticias\/2026\/03\/27\/ipo-porto-alerta-sobre-queda-de-dadores-e-convoca-a-doacao-de-sangue\/#primaryimage\"},\"thumbnailUrl\":\"https:\/\/portaltela.pt\/s.01k8rhncp4jt1\/2026\/03\/img_1500x1000uu2024-10-28-20-32-19-2173971.jpg\",\"keywords\":[\"doa\u00e7\u00e3o\",\"doa\u00e7\u00f5es\",\"pessoas\",\"Portugal\",\"sa\u00fade\",\"universidades\"],\"articleSection\":[\"Medicina\",\"Sa\u00fade\"],\"inLanguage\":\"pt-PT\"},{\"@type\":\"WebPage\",\"@id\":\"https:\/\/portaltela.pt\/noticias\/2026\/03\/27\/ipo-porto-alerta-sobre-queda-de-dadores-e-convoca-a-doacao-de-sangue\/\",\"url\":\"https:\/\/portaltela.pt\/noticias\/2026\/03\/27\/ipo-porto-alerta-sobre-queda-de-dadores-e-convoca-a-doacao-de-sangue\/\",\"name\":\"IPO Porto alerta sobre queda de dadores e convoca a doa\u00e7\u00e3o de sangue - Portal Tela Portugal\",\"isPartOf\":{\"@id\":\"https:\/\/portaltela.pt\/#website\"},\"primaryImageOfPage\":{\"@id\":\"https:\/\/portaltela.pt\/noticias\/2026\/03\/27\/ipo-porto-alerta-sobre-queda-de-dadores-e-convoca-a-doacao-de-sangue\/#primaryimage\"},\"image\":{\"@id\":\"https:\/\/portaltela.pt\/noticias\/2026\/03\/27\/ipo-porto-alerta-sobre-queda-de-dadores-e-convoca-a-doacao-de-sangue\/#primaryimage\"},\"thumbnailUrl\":\"https:\/\/portaltela.pt\/s.01k8rhncp4jt1\/2026\/03\/img_1500x1000uu2024-10-28-20-32-19-2173971.jpg\",\"datePublished\":\"2026-03-27T08:44:11+00:00\",\"author\":{\"@id\":\"https:\/\/portaltela.pt\/#\/schema\/person\/c4278d4a6028830caff9ee44b42d32ed\"},\"breadcrumb\":{\"@id\":\"https:\/\/portaltela.pt\/noticias\/2026\/03\/27\/ipo-porto-alerta-sobre-queda-de-dadores-e-convoca-a-doacao-de-sangue\/#breadcrumb\"},\"inLanguage\":\"pt-PT\",\"potentialAction\":[{\"@type\":\"ReadAction\",\"target\":[\"https:\/\/portaltela.pt\/noticias\/2026\/03\/27\/ipo-porto-alerta-sobre-queda-de-dadores-e-convoca-a-doacao-de-sangue\/\"]}]},{\"@type\":\"ImageObject\",\"inLanguage\":\"pt-PT\",\"@id\":\"https:\/\/portaltela.pt\/noticias\/2026\/03\/27\/ipo-porto-alerta-sobre-queda-de-dadores-e-convoca-a-doacao-de-sangue\/#primaryimage\",\"url\":\"https:\/\/portaltela.pt\/s.01k8rhncp4jt1\/2026\/03\/img_1500x1000uu2024-10-28-20-32-19-2173971.jpg\",\"contentUrl\":\"https:\/\/portaltela.pt\/s.01k8rhncp4jt1\/2026\/03\/img_1500x1000uu2024-10-28-20-32-19-2173971.jpg\",\"width\":796,\"height\":448,\"caption\":\"Doa\u00e7\u00e3o de sangue\"},{\"@type\":\"BreadcrumbList\",\"@id\":\"https:\/\/portaltela.pt\/noticias\/2026\/03\/27\/ipo-porto-alerta-sobre-queda-de-dadores-e-convoca-a-doacao-de-sangue\/#breadcrumb\",\"itemListElement\":[{\"@type\":\"ListItem\",\"position\":1,\"name\":\"In\u00edcio\",\"item\":\"https:\/\/portaltela.pt\/\"},{\"@type\":\"ListItem\",\"position\":2,\"name\":\"IPO Porto alerta sobre queda de dadores e convoca a doa\u00e7\u00e3o de sangue\"}]},{\"@type\":\"WebSite\",\"@id\":\"https:\/\/portaltela.pt\/#website\",\"url\":\"https:\/\/portaltela.pt\/\",\"name\":\"Portal Tela Portugal\",\"description\":\"\",\"potentialAction\":[{\"@type\":\"SearchAction\",\"target\":{\"@type\":\"EntryPoint\",\"urlTemplate\":\"https:\/\/portaltela.pt\/?s={search_term_string}\"},\"query-input\":{\"@type\":\"PropertyValueSpecification\",\"valueRequired\":true,\"valueName\":\"search_term_string\"}}],\"inLanguage\":\"pt-PT\"},{\"@type\":\"Person\",\"@id\":\"https:\/\/portaltela.pt\/#\/schema\/person\/c4278d4a6028830caff9ee44b42d32ed\",\"name\":\"Telinha\",\"image\":{\"@type\":\"ImageObject\",\"inLanguage\":\"pt-PT\",\"@id\":\"https:\/\/portaltela.pt\/s.01k8rhncp4jt1\/2025\/11\/talking-bot-125x125.png\",\"url\":\"https:\/\/portaltela.pt\/s.01k8rhncp4jt1\/2025\/11\/talking-bot-125x125.png\",\"contentUrl\":\"https:\/\/portaltela.pt\/s.01k8rhncp4jt1\/2025\/11\/talking-bot-125x125.png\",\"caption\":\"Telinha\"},\"sameAs\":[\"https:\/\/portaltela.pt\/\"],\"url\":\"https:\/\/portaltela.pt\/por\/367410592786\/\"}]}<\/script>\n<!-- \/ Yoast SEO plugin. -->","yoast_head_json":{"title":"IPO Porto alerta sobre queda de dadores e convoca a doa\u00e7\u00e3o de sangue - Portal Tela Portugal","robots":{"index":"index","follow":"follow","max-snippet":"max-snippet:-1","max-image-preview":"max-image-preview:large","max-video-preview":"max-video-preview:-1"},"og_locale":"pt_PT","og_type":"article","og_title":"IPO Porto alerta sobre queda de dadores e convoca a doa\u00e7\u00e3o de sangue - Portal Tela Portugal","og_description":"O IPO do Porto transfundiu 2.427 doentes em 2025, com 7.294 transfus\u00f5es de eritr\u00f3citos e 4.834 de plaquetas. A institui\u00e7\u00e3o regista uma tend\u00eancia de diminui\u00e7\u00e3o anual de dadores, com quedas que podem chegar a 5% ao ano (especialmente para plaquetas). No ano passado foram registadas 8.603 d\u00e1divas de sangue, com 1.385 novos dadores, sendo 690 a primeira d\u00e1diva. 949 dadores tinham entre 18 e 24 anos; o IPO quer apostar neste grupo e lan\u00e7a campanha com a UTAD para fidelizar dadores at\u00e9 aos 40 anos. A campanha, que come\u00e7a hoje e vai decorrer durante um ano, inclui conte\u00fados explicativos, o jogo educativo e medidas para facilitar a doa\u00e7\u00e3o, como hor\u00e1rios de colheita mais relaxantes e uma playlist para acompanhar o processo.","og_url":"https:\/\/portaltela.pt\/noticias\/2026\/03\/27\/ipo-porto-alerta-sobre-queda-de-dadores-e-convoca-a-doacao-de-sangue\/","og_site_name":"Portal Tela Portugal","article_published_time":"2026-03-27T08:44:11+00:00","author":"Telinha","twitter_card":"summary_large_image","twitter_misc":{"Escrito por":"Telinha","Tempo estimado de leitura":"2 minutos"},"schema":{"@context":"https:\/\/schema.org","@graph":[{"@type":"Article","@id":"https:\/\/portaltela.pt\/noticias\/2026\/03\/27\/ipo-porto-alerta-sobre-queda-de-dadores-e-convoca-a-doacao-de-sangue\/#article","isPartOf":{"@id":"https:\/\/portaltela.pt\/noticias\/2026\/03\/27\/ipo-porto-alerta-sobre-queda-de-dadores-e-convoca-a-doacao-de-sangue\/"},"author":{"name":"Telinha","@id":"https:\/\/portaltela.pt\/#\/schema\/person\/c4278d4a6028830caff9ee44b42d32ed"},"headline":"IPO Porto alerta sobre queda de dadores e convoca a doa\u00e7\u00e3o de sangue","datePublished":"2026-03-27T08:44:11+00:00","mainEntityOfPage":{"@id":"https:\/\/portaltela.pt\/noticias\/2026\/03\/27\/ipo-porto-alerta-sobre-queda-de-dadores-e-convoca-a-doacao-de-sangue\/"},"wordCount":316,"image":{"@id":"https:\/\/portaltela.pt\/noticias\/2026\/03\/27\/ipo-porto-alerta-sobre-queda-de-dadores-e-convoca-a-doacao-de-sangue\/#primaryimage"},"thumbnailUrl":"https:\/\/portaltela.pt\/s.01k8rhncp4jt1\/2026\/03\/img_1500x1000uu2024-10-28-20-32-19-2173971.jpg","keywords":["doa\u00e7\u00e3o","doa\u00e7\u00f5es","pessoas","Portugal","sa\u00fade","universidades"],"articleSection":["Medicina","Sa\u00fade"],"inLanguage":"pt-PT"},{"@type":"WebPage","@id":"https:\/\/portaltela.pt\/noticias\/2026\/03\/27\/ipo-porto-alerta-sobre-queda-de-dadores-e-convoca-a-doacao-de-sangue\/","url":"https:\/\/portaltela.pt\/noticias\/2026\/03\/27\/ipo-porto-alerta-sobre-queda-de-dadores-e-convoca-a-doacao-de-sangue\/","name":"IPO Porto alerta sobre queda de dadores e convoca a doa\u00e7\u00e3o de sangue - Portal Tela Portugal","isPartOf":{"@id":"https:\/\/portaltela.pt\/#website"},"primaryImageOfPage":{"@id":"https:\/\/portaltela.pt\/noticias\/2026\/03\/27\/ipo-porto-alerta-sobre-queda-de-dadores-e-convoca-a-doacao-de-sangue\/#primaryimage"},"image":{"@id":"https:\/\/portaltela.pt\/noticias\/2026\/03\/27\/ipo-porto-alerta-sobre-queda-de-dadores-e-convoca-a-doacao-de-sangue\/#primaryimage"},"thumbnailUrl":"https:\/\/portaltela.pt\/s.01k8rhncp4jt1\/2026\/03\/img_1500x1000uu2024-10-28-20-32-19-2173971.jpg","datePublished":"2026-03-27T08:44:11+00:00","author":{"@id":"https:\/\/portaltela.pt\/#\/schema\/person\/c4278d4a6028830caff9ee44b42d32ed"},"breadcrumb":{"@id":"https:\/\/portaltela.pt\/noticias\/2026\/03\/27\/ipo-porto-alerta-sobre-queda-de-dadores-e-convoca-a-doacao-de-sangue\/#breadcrumb"},"inLanguage":"pt-PT","potentialAction":[{"@type":"ReadAction","target":["https:\/\/portaltela.pt\/noticias\/2026\/03\/27\/ipo-porto-alerta-sobre-queda-de-dadores-e-convoca-a-doacao-de-sangue\/"]}]},{"@type":"ImageObject","inLanguage":"pt-PT","@id":"https:\/\/portaltela.pt\/noticias\/2026\/03\/27\/ipo-porto-alerta-sobre-queda-de-dadores-e-convoca-a-doacao-de-sangue\/#primaryimage","url":"https:\/\/portaltela.pt\/s.01k8rhncp4jt1\/2026\/03\/img_1500x1000uu2024-10-28-20-32-19-2173971.jpg","contentUrl":"https:\/\/portaltela.pt\/s.01k8rhncp4jt1\/2026\/03\/img_1500x1000uu2024-10-28-20-32-19-2173971.jpg","width":796,"height":448,"caption":"Doa\u00e7\u00e3o de sangue"},{"@type":"BreadcrumbList","@id":"https:\/\/portaltela.pt\/noticias\/2026\/03\/27\/ipo-porto-alerta-sobre-queda-de-dadores-e-convoca-a-doacao-de-sangue\/#breadcrumb","itemListElement":[{"@type":"ListItem","position":1,"name":"In\u00edcio","item":"https:\/\/portaltela.pt\/"},{"@type":"ListItem","position":2,"name":"IPO Porto alerta sobre queda de dadores e convoca a doa\u00e7\u00e3o de sangue"}]},{"@type":"WebSite","@id":"https:\/\/portaltela.pt\/#website","url":"https:\/\/portaltela.pt\/","name":"Portal Tela Portugal","description":"","potentialAction":[{"@type":"SearchAction","target":{"@type":"EntryPoint","urlTemplate":"https:\/\/portaltela.pt\/?s={search_term_string}"},"query-input":{"@type":"PropertyValueSpecification","valueRequired":true,"valueName":"search_term_string"}}],"inLanguage":"pt-PT"},{"@type":"Person","@id":"https:\/\/portaltela.pt\/#\/schema\/person\/c4278d4a6028830caff9ee44b42d32ed","name":"Telinha","image":{"@type":"ImageObject","inLanguage":"pt-PT","@id":"https:\/\/portaltela.pt\/s.01k8rhncp4jt1\/2025\/11\/talking-bot-125x125.png","url":"https:\/\/portaltela.pt\/s.01k8rhncp4jt1\/2025\/11\/talking-bot-125x125.png","contentUrl":"https:\/\/portaltela.pt\/s.01k8rhncp4jt1\/2025\/11\/talking-bot-125x125.png","caption":"Telinha"},"sameAs":["https:\/\/portaltela.pt\/"],"url":"https:\/\/portaltela.pt\/por\/367410592786\/"}]}},"_links":{"self":[{"href":"https:\/\/portaltela.pt\/api\/wp\/v2\/posts\/423318","targetHints":{"allow":["GET"]}}],"collection":[{"href":"https:\/\/portaltela.pt\/api\/wp\/v2\/posts"}],"about":[{"href":"https:\/\/portaltela.pt\/api\/wp\/v2\/types\/post"}],"author":[{"embeddable":true,"href":"https:\/\/portaltela.pt\/api\/wp\/v2\/users\/2"}],"replies":[{"embeddable":true,"href":"https:\/\/portaltela.pt\/api\/wp\/v2\/comments?post=423318"}],"version-history":[{"count":0,"href":"https:\/\/portaltela.pt\/api\/wp\/v2\/posts\/423318\/revisions"}],"wp:featuredmedia":[{"embeddable":true,"href":"https:\/\/portaltela.pt\/api\/wp\/v2\/media\/423319"}],"wp:attachment":[{"href":"https:\/\/portaltela.pt\/api\/wp\/v2\/media?parent=423318"}],"wp:term":[{"taxonomy":"category","embeddable":true,"href":"https:\/\/portaltela.pt\/api\/wp\/v2\/categories?post=423318"},{"taxonomy":"post_tag","embeddable":true,"href":"https:\/\/portaltela.pt\/api\/wp\/v2\/tags?post=423318"}],"curies":[{"name":"wp","href":"https:\/\/api.w.org\/{rel}","templated":true}]}}