{"id":423314,"date":"2026-03-27T05:44:29","date_gmt":"2026-03-27T08:44:29","guid":{"rendered":"https:\/\/portaltela.pt\/noticias\/2026\/03\/27\/mecanico-morre-em-colisao-entre-mota-e-camiao-na-ponte-25-de-abril\/"},"modified":"2026-03-27T05:44:29","modified_gmt":"2026-03-27T08:44:29","slug":"mecanico-morre-em-colisao-entre-mota-e-camiao-na-ponte-25-de-abril","status":"publish","type":"post","link":"https:\/\/portaltela.pt\/acidentes\/2026\/03\/27\/mecanico-morre-em-colisao-entre-mota-e-camiao-na-ponte-25-de-abril\/","title":{"rendered":"Mec\u00e2nico morre em colis\u00e3o entre mota e cami\u00e3o na Ponte 25 de Abril"},"content":{"rendered":"<p>Eduardo Costa, 23 anos, mec\u00e2nico de motos, morreu \u00e0s 07h40 desta quinta-feira na Ponte 25 de Abril, no sentido Sul-Norte, depois que a mota que conduzia colidiu com um cami\u00e3o de mercadorias.<\/p>\n<p>A v\u00edtima, residente na zona de Almada, perdeu o controlo da moto e caiu por baixo do pesado.<\/p>\n<p>O tr\u00e1fego nesse trajeto esteve cortado, com o fluxo a s\u00f3 registar normalidade ao in\u00edcio da tarde.<\/p>\n<p>As autoridades ainda n\u00e3o divulgaram pormenores sobre as causas do acidente.<\/p>\n","protected":false},"excerpt":{"rendered":"<ul>\n<li>O mec\u00e2nico de motos Eduardo Costa, 23 anos, morreu \u00e0s 07h40 desta quinta-feira ap\u00f3s colis\u00e3o entre a mota que conduzia e um cami\u00e3o na Ponte 25 de Abril, no sentido Sul-Norte.<\/li>\n<li>A v\u00edtima, da zona de Almada, perdeu o controlo da mota e caiu por baixo do pesado.<\/li>\n<li>O acidente ocorreu na Ponte 25 de Abril, no sentido Sul-Norte.<\/li>\n<li>O tr\u00e2nsito esteve cortado nesse sentido e as filas s\u00f3 seregularizaram no in\u00edcio da tarde.<\/li>\n<\/ul>\n","protected":false},"author":2,"featured_media":423317,"comment_status":"closed","ping_status":"closed","sticky":false,"template":"","format":"standard","meta":{"footnotes":""},"categories":[6849],"tags":[5999,5487,4169,1373,3326,7554],"class_list":["post-423314","post","type-post","status-publish","format-standard","has-post-thumbnail","hentry","category-acidentes","tag-25-de-abril","tag-acidente","tag-acidente-rodoviario","tag-almada","tag-camioes","tag-mota"],"yoast_head":"<!-- This site is optimized with the Yoast SEO plugin v27.2 - https:\/\/yoast.com\/product\/yoast-seo-wordpress\/ -->\n<title>Mec\u00e2nico morre em colis\u00e3o entre mota e cami\u00e3o na Ponte 25 de Abril - Portal Tela Portugal<\/title>\n<meta name=\"robots\" content=\"index, follow, max-snippet:-1, max-image-preview:large, max-video-preview:-1\" \/>\n<meta property=\"og:locale\" content=\"pt_PT\" \/>\n<meta property=\"og:type\" content=\"article\" \/>\n<meta property=\"og:title\" content=\"Mec\u00e2nico morre em colis\u00e3o entre mota e cami\u00e3o na Ponte 25 de Abril - Portal Tela Portugal\" \/>\n<meta property=\"og:description\" content=\"O mec\u00e2nico de motos Eduardo Costa, 23 anos, morreu \u00e0s 07h40 desta quinta-feira ap\u00f3s colis\u00e3o entre a mota que conduzia e um cami\u00e3o na Ponte 25 de Abril, no sentido Sul-Norte. A v\u00edtima, da zona de Almada, perdeu o controlo da mota e caiu por baixo do pesado. O acidente ocorreu na Ponte 25 de Abril, no sentido Sul-Norte. O tr\u00e2nsito esteve cortado nesse sentido e as filas s\u00f3 seregularizaram no in\u00edcio da tarde.\" \/>\n<meta property=\"og:url\" content=\"https:\/\/portaltela.pt\/noticias\/2026\/03\/27\/mecanico-morre-em-colisao-entre-mota-e-camiao-na-ponte-25-de-abril\/\" \/>\n<meta property=\"og:site_name\" content=\"Portal Tela Portugal\" \/>\n<meta property=\"article:published_time\" content=\"2026-03-27T08:44:29+00:00\" \/>\n<meta name=\"author\" content=\"Telinha\" \/>\n<meta name=\"twitter:card\" content=\"summary_large_image\" \/>\n<meta name=\"twitter:label1\" content=\"Escrito por\" \/>\n\t<meta name=\"twitter:data1\" content=\"Telinha\" \/>\n<script type=\"application\/ld+json\" class=\"yoast-schema-graph\">{\"@context\":\"https:\/\/schema.org\",\"@graph\":[{\"@type\":\"Article\",\"@id\":\"https:\/\/portaltela.pt\/noticias\/2026\/03\/27\/mecanico-morre-em-colisao-entre-mota-e-camiao-na-ponte-25-de-abril\/#article\",\"isPartOf\":{\"@id\":\"https:\/\/portaltela.pt\/noticias\/2026\/03\/27\/mecanico-morre-em-colisao-entre-mota-e-camiao-na-ponte-25-de-abril\/\"},\"author\":{\"name\":\"Telinha\",\"@id\":\"https:\/\/portaltela.pt\/#\/schema\/person\/c4278d4a6028830caff9ee44b42d32ed\"},\"headline\":\"Mec\u00e2nico morre em colis\u00e3o entre mota e cami\u00e3o na Ponte 25 de Abril\",\"datePublished\":\"2026-03-27T08:44:29+00:00\",\"mainEntityOfPage\":{\"@id\":\"https:\/\/portaltela.pt\/noticias\/2026\/03\/27\/mecanico-morre-em-colisao-entre-mota-e-camiao-na-ponte-25-de-abril\/\"},\"wordCount\":97,\"image\":{\"@id\":\"https:\/\/portaltela.pt\/noticias\/2026\/03\/27\/mecanico-morre-em-colisao-entre-mota-e-camiao-na-ponte-25-de-abril\/#primaryimage\"},\"thumbnailUrl\":\"https:\/\/portaltela.pt\/s.01k8rhncp4jt1\/2026\/03\/img_1500x1000uu2026-03-26-20-36-04-2274994-im-639101541756285681.jpg\",\"keywords\":[\"25 de Abril\",\"acidente\",\"acidente rodovi\u00e1rio\",\"Almada\",\"cami\u00f5es\",\"mota\"],\"articleSection\":[\"Acidentes\"],\"inLanguage\":\"pt-PT\"},{\"@type\":\"WebPage\",\"@id\":\"https:\/\/portaltela.pt\/noticias\/2026\/03\/27\/mecanico-morre-em-colisao-entre-mota-e-camiao-na-ponte-25-de-abril\/\",\"url\":\"https:\/\/portaltela.pt\/noticias\/2026\/03\/27\/mecanico-morre-em-colisao-entre-mota-e-camiao-na-ponte-25-de-abril\/\",\"name\":\"Mec\u00e2nico morre em colis\u00e3o entre mota e cami\u00e3o na Ponte 25 de Abril - Portal Tela Portugal\",\"isPartOf\":{\"@id\":\"https:\/\/portaltela.pt\/#website\"},\"primaryImageOfPage\":{\"@id\":\"https:\/\/portaltela.pt\/noticias\/2026\/03\/27\/mecanico-morre-em-colisao-entre-mota-e-camiao-na-ponte-25-de-abril\/#primaryimage\"},\"image\":{\"@id\":\"https:\/\/portaltela.pt\/noticias\/2026\/03\/27\/mecanico-morre-em-colisao-entre-mota-e-camiao-na-ponte-25-de-abril\/#primaryimage\"},\"thumbnailUrl\":\"https:\/\/portaltela.pt\/s.01k8rhncp4jt1\/2026\/03\/img_1500x1000uu2026-03-26-20-36-04-2274994-im-639101541756285681.jpg\",\"datePublished\":\"2026-03-27T08:44:29+00:00\",\"author\":{\"@id\":\"https:\/\/portaltela.pt\/#\/schema\/person\/c4278d4a6028830caff9ee44b42d32ed\"},\"breadcrumb\":{\"@id\":\"https:\/\/portaltela.pt\/noticias\/2026\/03\/27\/mecanico-morre-em-colisao-entre-mota-e-camiao-na-ponte-25-de-abril\/#breadcrumb\"},\"inLanguage\":\"pt-PT\",\"potentialAction\":[{\"@type\":\"ReadAction\",\"target\":[\"https:\/\/portaltela.pt\/noticias\/2026\/03\/27\/mecanico-morre-em-colisao-entre-mota-e-camiao-na-ponte-25-de-abril\/\"]}]},{\"@type\":\"ImageObject\",\"inLanguage\":\"pt-PT\",\"@id\":\"https:\/\/portaltela.pt\/noticias\/2026\/03\/27\/mecanico-morre-em-colisao-entre-mota-e-camiao-na-ponte-25-de-abril\/#primaryimage\",\"url\":\"https:\/\/portaltela.pt\/s.01k8rhncp4jt1\/2026\/03\/img_1500x1000uu2026-03-26-20-36-04-2274994-im-639101541756285681.jpg\",\"contentUrl\":\"https:\/\/portaltela.pt\/s.01k8rhncp4jt1\/2026\/03\/img_1500x1000uu2026-03-26-20-36-04-2274994-im-639101541756285681.jpg\",\"width\":796,\"height\":448,\"caption\":\"Eduardo Costa, tinha 23 anos\"},{\"@type\":\"BreadcrumbList\",\"@id\":\"https:\/\/portaltela.pt\/noticias\/2026\/03\/27\/mecanico-morre-em-colisao-entre-mota-e-camiao-na-ponte-25-de-abril\/#breadcrumb\",\"itemListElement\":[{\"@type\":\"ListItem\",\"position\":1,\"name\":\"In\u00edcio\",\"item\":\"https:\/\/portaltela.pt\/\"},{\"@type\":\"ListItem\",\"position\":2,\"name\":\"Mec\u00e2nico morre em colis\u00e3o entre mota e cami\u00e3o na Ponte 25 de Abril\"}]},{\"@type\":\"WebSite\",\"@id\":\"https:\/\/portaltela.pt\/#website\",\"url\":\"https:\/\/portaltela.pt\/\",\"name\":\"Portal Tela Portugal\",\"description\":\"\",\"potentialAction\":[{\"@type\":\"SearchAction\",\"target\":{\"@type\":\"EntryPoint\",\"urlTemplate\":\"https:\/\/portaltela.pt\/?s={search_term_string}\"},\"query-input\":{\"@type\":\"PropertyValueSpecification\",\"valueRequired\":true,\"valueName\":\"search_term_string\"}}],\"inLanguage\":\"pt-PT\"},{\"@type\":\"Person\",\"@id\":\"https:\/\/portaltela.pt\/#\/schema\/person\/c4278d4a6028830caff9ee44b42d32ed\",\"name\":\"Telinha\",\"image\":{\"@type\":\"ImageObject\",\"inLanguage\":\"pt-PT\",\"@id\":\"https:\/\/portaltela.pt\/s.01k8rhncp4jt1\/2025\/11\/talking-bot-125x125.png\",\"url\":\"https:\/\/portaltela.pt\/s.01k8rhncp4jt1\/2025\/11\/talking-bot-125x125.png\",\"contentUrl\":\"https:\/\/portaltela.pt\/s.01k8rhncp4jt1\/2025\/11\/talking-bot-125x125.png\",\"caption\":\"Telinha\"},\"sameAs\":[\"https:\/\/portaltela.pt\/\"],\"url\":\"https:\/\/portaltela.pt\/por\/367410592786\/\"}]}<\/script>\n<!-- \/ Yoast SEO plugin. -->","yoast_head_json":{"title":"Mec\u00e2nico morre em colis\u00e3o entre mota e cami\u00e3o na Ponte 25 de Abril - Portal Tela Portugal","robots":{"index":"index","follow":"follow","max-snippet":"max-snippet:-1","max-image-preview":"max-image-preview:large","max-video-preview":"max-video-preview:-1"},"og_locale":"pt_PT","og_type":"article","og_title":"Mec\u00e2nico morre em colis\u00e3o entre mota e cami\u00e3o na Ponte 25 de Abril - Portal Tela Portugal","og_description":"O mec\u00e2nico de motos Eduardo Costa, 23 anos, morreu \u00e0s 07h40 desta quinta-feira ap\u00f3s colis\u00e3o entre a mota que conduzia e um cami\u00e3o na Ponte 25 de Abril, no sentido Sul-Norte. A v\u00edtima, da zona de Almada, perdeu o controlo da mota e caiu por baixo do pesado. O acidente ocorreu na Ponte 25 de Abril, no sentido Sul-Norte. O tr\u00e2nsito esteve cortado nesse sentido e as filas s\u00f3 seregularizaram no in\u00edcio da tarde.","og_url":"https:\/\/portaltela.pt\/noticias\/2026\/03\/27\/mecanico-morre-em-colisao-entre-mota-e-camiao-na-ponte-25-de-abril\/","og_site_name":"Portal Tela Portugal","article_published_time":"2026-03-27T08:44:29+00:00","author":"Telinha","twitter_card":"summary_large_image","twitter_misc":{"Escrito por":"Telinha"},"schema":{"@context":"https:\/\/schema.org","@graph":[{"@type":"Article","@id":"https:\/\/portaltela.pt\/noticias\/2026\/03\/27\/mecanico-morre-em-colisao-entre-mota-e-camiao-na-ponte-25-de-abril\/#article","isPartOf":{"@id":"https:\/\/portaltela.pt\/noticias\/2026\/03\/27\/mecanico-morre-em-colisao-entre-mota-e-camiao-na-ponte-25-de-abril\/"},"author":{"name":"Telinha","@id":"https:\/\/portaltela.pt\/#\/schema\/person\/c4278d4a6028830caff9ee44b42d32ed"},"headline":"Mec\u00e2nico morre em colis\u00e3o entre mota e cami\u00e3o na Ponte 25 de Abril","datePublished":"2026-03-27T08:44:29+00:00","mainEntityOfPage":{"@id":"https:\/\/portaltela.pt\/noticias\/2026\/03\/27\/mecanico-morre-em-colisao-entre-mota-e-camiao-na-ponte-25-de-abril\/"},"wordCount":97,"image":{"@id":"https:\/\/portaltela.pt\/noticias\/2026\/03\/27\/mecanico-morre-em-colisao-entre-mota-e-camiao-na-ponte-25-de-abril\/#primaryimage"},"thumbnailUrl":"https:\/\/portaltela.pt\/s.01k8rhncp4jt1\/2026\/03\/img_1500x1000uu2026-03-26-20-36-04-2274994-im-639101541756285681.jpg","keywords":["25 de Abril","acidente","acidente rodovi\u00e1rio","Almada","cami\u00f5es","mota"],"articleSection":["Acidentes"],"inLanguage":"pt-PT"},{"@type":"WebPage","@id":"https:\/\/portaltela.pt\/noticias\/2026\/03\/27\/mecanico-morre-em-colisao-entre-mota-e-camiao-na-ponte-25-de-abril\/","url":"https:\/\/portaltela.pt\/noticias\/2026\/03\/27\/mecanico-morre-em-colisao-entre-mota-e-camiao-na-ponte-25-de-abril\/","name":"Mec\u00e2nico morre em colis\u00e3o entre mota e cami\u00e3o na Ponte 25 de Abril - Portal Tela Portugal","isPartOf":{"@id":"https:\/\/portaltela.pt\/#website"},"primaryImageOfPage":{"@id":"https:\/\/portaltela.pt\/noticias\/2026\/03\/27\/mecanico-morre-em-colisao-entre-mota-e-camiao-na-ponte-25-de-abril\/#primaryimage"},"image":{"@id":"https:\/\/portaltela.pt\/noticias\/2026\/03\/27\/mecanico-morre-em-colisao-entre-mota-e-camiao-na-ponte-25-de-abril\/#primaryimage"},"thumbnailUrl":"https:\/\/portaltela.pt\/s.01k8rhncp4jt1\/2026\/03\/img_1500x1000uu2026-03-26-20-36-04-2274994-im-639101541756285681.jpg","datePublished":"2026-03-27T08:44:29+00:00","author":{"@id":"https:\/\/portaltela.pt\/#\/schema\/person\/c4278d4a6028830caff9ee44b42d32ed"},"breadcrumb":{"@id":"https:\/\/portaltela.pt\/noticias\/2026\/03\/27\/mecanico-morre-em-colisao-entre-mota-e-camiao-na-ponte-25-de-abril\/#breadcrumb"},"inLanguage":"pt-PT","potentialAction":[{"@type":"ReadAction","target":["https:\/\/portaltela.pt\/noticias\/2026\/03\/27\/mecanico-morre-em-colisao-entre-mota-e-camiao-na-ponte-25-de-abril\/"]}]},{"@type":"ImageObject","inLanguage":"pt-PT","@id":"https:\/\/portaltela.pt\/noticias\/2026\/03\/27\/mecanico-morre-em-colisao-entre-mota-e-camiao-na-ponte-25-de-abril\/#primaryimage","url":"https:\/\/portaltela.pt\/s.01k8rhncp4jt1\/2026\/03\/img_1500x1000uu2026-03-26-20-36-04-2274994-im-639101541756285681.jpg","contentUrl":"https:\/\/portaltela.pt\/s.01k8rhncp4jt1\/2026\/03\/img_1500x1000uu2026-03-26-20-36-04-2274994-im-639101541756285681.jpg","width":796,"height":448,"caption":"Eduardo Costa, tinha 23 anos"},{"@type":"BreadcrumbList","@id":"https:\/\/portaltela.pt\/noticias\/2026\/03\/27\/mecanico-morre-em-colisao-entre-mota-e-camiao-na-ponte-25-de-abril\/#breadcrumb","itemListElement":[{"@type":"ListItem","position":1,"name":"In\u00edcio","item":"https:\/\/portaltela.pt\/"},{"@type":"ListItem","position":2,"name":"Mec\u00e2nico morre em colis\u00e3o entre mota e cami\u00e3o na Ponte 25 de Abril"}]},{"@type":"WebSite","@id":"https:\/\/portaltela.pt\/#website","url":"https:\/\/portaltela.pt\/","name":"Portal Tela Portugal","description":"","potentialAction":[{"@type":"SearchAction","target":{"@type":"EntryPoint","urlTemplate":"https:\/\/portaltela.pt\/?s={search_term_string}"},"query-input":{"@type":"PropertyValueSpecification","valueRequired":true,"valueName":"search_term_string"}}],"inLanguage":"pt-PT"},{"@type":"Person","@id":"https:\/\/portaltela.pt\/#\/schema\/person\/c4278d4a6028830caff9ee44b42d32ed","name":"Telinha","image":{"@type":"ImageObject","inLanguage":"pt-PT","@id":"https:\/\/portaltela.pt\/s.01k8rhncp4jt1\/2025\/11\/talking-bot-125x125.png","url":"https:\/\/portaltela.pt\/s.01k8rhncp4jt1\/2025\/11\/talking-bot-125x125.png","contentUrl":"https:\/\/portaltela.pt\/s.01k8rhncp4jt1\/2025\/11\/talking-bot-125x125.png","caption":"Telinha"},"sameAs":["https:\/\/portaltela.pt\/"],"url":"https:\/\/portaltela.pt\/por\/367410592786\/"}]}},"_links":{"self":[{"href":"https:\/\/portaltela.pt\/api\/wp\/v2\/posts\/423314","targetHints":{"allow":["GET"]}}],"collection":[{"href":"https:\/\/portaltela.pt\/api\/wp\/v2\/posts"}],"about":[{"href":"https:\/\/portaltela.pt\/api\/wp\/v2\/types\/post"}],"author":[{"embeddable":true,"href":"https:\/\/portaltela.pt\/api\/wp\/v2\/users\/2"}],"replies":[{"embeddable":true,"href":"https:\/\/portaltela.pt\/api\/wp\/v2\/comments?post=423314"}],"version-history":[{"count":0,"href":"https:\/\/portaltela.pt\/api\/wp\/v2\/posts\/423314\/revisions"}],"wp:featuredmedia":[{"embeddable":true,"href":"https:\/\/portaltela.pt\/api\/wp\/v2\/media\/423317"}],"wp:attachment":[{"href":"https:\/\/portaltela.pt\/api\/wp\/v2\/media?parent=423314"}],"wp:term":[{"taxonomy":"category","embeddable":true,"href":"https:\/\/portaltela.pt\/api\/wp\/v2\/categories?post=423314"},{"taxonomy":"post_tag","embeddable":true,"href":"https:\/\/portaltela.pt\/api\/wp\/v2\/tags?post=423314"}],"curies":[{"name":"wp","href":"https:\/\/api.w.org\/{rel}","templated":true}]}}