{"id":423297,"date":"2026-03-27T05:14:00","date_gmt":"2026-03-27T08:14:00","guid":{"rendered":"https:\/\/portaltela.pt\/noticias\/2026\/03\/27\/um-mes-apos-conflito-no-irao-imprevisibilidade-aumenta-risco-global\/"},"modified":"2026-03-27T05:14:00","modified_gmt":"2026-03-27T08:14:00","slug":"um-mes-apos-conflito-no-irao-imprevisibilidade-aumenta-risco-global","status":"publish","type":"post","link":"https:\/\/portaltela.pt\/noticias\/2026\/03\/27\/um-mes-apos-conflito-no-irao-imprevisibilidade-aumenta-risco-global\/","title":{"rendered":"Um m\u00eas ap\u00f3s conflito no Ir\u00e3o, imprevisibilidade aumenta risco global"},"content":{"rendered":"<p>Um m\u00eas ap\u00f3s o in\u00edcio do conflito no Golfo, a guerra entre EUA, Israel e Ir\u00e3o mant\u00e9m-se imprevis\u00edvel e com potencial de impacto global. Analistas destacam superioridade operacional dos EUA, mas tamb\u00e9m surpresa com a resili\u00eancia iraniana, especialmente no uso de m\u00edsseis bal\u00edsticos e redes regionais.<\/p>\n<p>Logo nas primeiras horas da opera\u00e7\u00e3o F\u00faria \u00c9pica, em 28 de fevereiro, foram realizados cerca de 900 ataques a\u00e9reos em 12 horas, atingindo defesas, bases de m\u00edsseis e centros de comando no Ir\u00e3o. Bombardeiros estrat\u00e9gicos e 200 ca\u00e7as israelitas participaram, numa ofensiva de grande escala.<\/p>\n<p>Entre os alvos esteve a lideran\u00e7a iraniana, com Washington e Telavive a confirmar a morte do l\u00edder supremo Ali Khamenei num ataque de decapita\u00e7\u00e3o, que marcou o ponto de viragem inicial do conflito. Teer\u00e3o anunciou uma resposta com for\u00e7a demolidora.<\/p>\n<p>A retalia\u00e7\u00e3o iraniana n\u00e3o tardou: perto de 170 m\u00edsseis bal\u00edsticos foram lan\u00e7ados contra Israel e bases norte-americanas na regi\u00e3o, atingindo infraestruturas no Bahrein e cidades como Haifa e Telavive. A ofensiva tamb\u00e9m incluiu armas drones.<\/p>\n<h3>Escalada do conflito<\/h3>\n<p>Nos dias seguintes, Teer\u00e3o combinou m\u00edsseis e drones para desgastar alvos militares e interromper cadeias log\u00edsticas e energ\u00e9ticas da regi\u00e3o, elevando o risco de amplia\u00e7\u00e3o do teatro de opera\u00e7\u00f5es.<\/p>\n<p>Ataques pontuais a alvos ligados aos EUA ocorreram no Qatar, Ar\u00e1bia Saudita e Emirados \u00c1rabes Unidos, mas estes pa\u00edses mantiveram conten\u00e7\u00e3o para evitar uma escalada regional de maiores dimens\u00f5es.<\/p>\n<p>A segunda semana revelou expans\u00e3o para o L\u00edbano, com o Hezbollah a lan\u00e7ar foguetes e drones contra o norte de Israel. A resposta israelita incluiu bombardeamentos intensos e opera\u00e7\u00f5es terrestres no sul liban\u00eas.<\/p>\n<p>Trump criticou aliados da NATO por n\u00e3o contribu\u00edrem mais para a seguran\u00e7a da navega\u00e7\u00e3o no estreito de Ormuz, alegando que a Europa precisa mais daquela passagem estrat\u00e9gica. A tens\u00e3o aumentou no meio diplom\u00e1tico.<\/p>\n<p>O bloqueio de Ormuz perturbou mercados energ\u00e9ticos globais, elevando os pre\u00e7os do petr\u00f3leo e do g\u00e1s, e alimentando receios de uma crise energ\u00e9tica com impacto \u00e0 economia mundial.<\/p>\n<p>No plano diplom\u00e1tico, a ONU pediu cessar-fogo imediato, enquanto l\u00edderes europeus e a NATO defendem negocia\u00e7\u00e3o para evitar escalada irrevers\u00edvel.<\/p>\n<h3>Balan\u00e7o e cen\u00e1rios<\/h3>\n<p>As estimativas de mortalidade variam conforme a fonte, com v\u00e1rias milhares de mortos na regi\u00e3o ap\u00f3s um m\u00eas de combates. No L\u00edbano, o Minist\u00e9rio da Sa\u00fade aponta mais de 1.094 mortos, milhares de feridos e um milh\u00e3o de deslocados.<\/p>\n<p>Nos EUA, fontes militares indicam pelo menos 13 militares mortos e cerca de 150 feridos; em Israel, h\u00e1 v\u00edtimas entre militares e civis. No Ir\u00e3o, as baixas militares superam mil na primeira semana, com civis tamb\u00e9m afetados por ataques a infraestruturas urbanas.<\/p>\n<p>Nos \u00faltimos dias, Washington afirmou manter contactos diplom\u00e1ticos com Teer\u00e3o, mas as autoridades iranianas negaram planos de paz proposto pelos EUA. Um mediador paquistan\u00eas surgiu como possibilidade de via de negocia\u00e7\u00e3o.<\/p>\n<p>Teer\u00e3o comunicou trocas indiretas de mensagens, rejeitando um plano de paz de 15 pontos dos EUA, mantendo o impasse e o risco de novas escaladas entre as partes envolvidas.<\/p>\n","protected":false},"excerpt":{"rendered":"<ul>\n<li>Um m\u00eas ap\u00f3s o in\u00edcio do conflito no Golfo, a guerra entre EUA\/Israel e Ir\u00e3o mant\u00e9m-se sem desfecho r\u00e1pido e amea\u00e7a a estabilidade regional e a economia global.<\/li>\n<li>For\u00e7as dos EUA e de Israel realizaram cerca de 900 ataques em doze horas, atingindo d\u00e9fesas, bases de m\u00edsseis e centros de comando; foi anunciada a morte do l\u00edder supremo Ali Khamenei por parte de Washington, Telavive e Teer\u00e3o.<\/li>\n<li>O Ir\u00e3o retaliou com cerca de 170 m\u00edsseis contra Israel e bases no Golfo, seguido de uso ampliado de m\u00edsseis e drones para desgastar alvos militares e infraestruturas regionais.<\/li>\n<li>O conflito ganhou express\u00e3o em pa\u00edses vizinhos, com o Hezbollah no L\u00edbano a lan\u00e7ar foguetes e drones contra o norte de Israel; o risco de alargamento do teatro de guerra persiste, afetando mercados energ\u00e9ticos globais.<\/li>\n<li>O balan\u00e7o humano varia conforme as fontes, com milhares de mortes; a diplomacia envolve a ONU e pa\u00edses europeus a defender cessar-fogo, enquanto surgem apontamentos de negocia\u00e7\u00f5es a curto prazo e tens\u00f5es sobre planos de paz.<\/li>\n<\/ul>\n","protected":false},"author":2,"featured_media":423301,"comment_status":"closed","ping_status":"closed","sticky":false,"template":"","format":"standard","meta":{"footnotes":""},"categories":[6814,1],"tags":[2198,7400,1600,3153,3708,5919],"class_list":["post-423297","post","type-post","status-publish","format-standard","has-post-thumbnail","hentry","category-geopolitica","category-noticias","tag-conflitos-internacionais","tag-drones","tag-estados-unidos","tag-ira","tag-israel","tag-misseis-balisticos"],"yoast_head":"<!-- This site is optimized with the Yoast SEO plugin v27.2 - https:\/\/yoast.com\/product\/yoast-seo-wordpress\/ -->\n<title>Um m\u00eas ap\u00f3s conflito no Ir\u00e3o, imprevisibilidade aumenta risco global - Portal Tela Portugal<\/title>\n<meta name=\"robots\" content=\"index, follow, max-snippet:-1, max-image-preview:large, max-video-preview:-1\" \/>\n<meta property=\"og:locale\" content=\"pt_PT\" \/>\n<meta property=\"og:type\" content=\"article\" \/>\n<meta property=\"og:title\" content=\"Um m\u00eas ap\u00f3s conflito no Ir\u00e3o, imprevisibilidade aumenta risco global - Portal Tela Portugal\" \/>\n<meta property=\"og:description\" content=\"Um m\u00eas ap\u00f3s o in\u00edcio do conflito no Golfo, a guerra entre EUA\/Israel e Ir\u00e3o mant\u00e9m-se sem desfecho r\u00e1pido e amea\u00e7a a estabilidade regional e a economia global. For\u00e7as dos EUA e de Israel realizaram cerca de 900 ataques em doze horas, atingindo d\u00e9fesas, bases de m\u00edsseis e centros de comando; foi anunciada a morte do l\u00edder supremo Ali Khamenei por parte de Washington, Telavive e Teer\u00e3o. O Ir\u00e3o retaliou com cerca de 170 m\u00edsseis contra Israel e bases no Golfo, seguido de uso ampliado de m\u00edsseis e drones para desgastar alvos militares e infraestruturas regionais. O conflito ganhou express\u00e3o em pa\u00edses vizinhos, com o Hezbollah no L\u00edbano a lan\u00e7ar foguetes e drones contra o norte de Israel; o risco de alargamento do teatro de guerra persiste, afetando mercados energ\u00e9ticos globais. O balan\u00e7o humano varia conforme as fontes, com milhares de mortes; a diplomacia envolve a ONU e pa\u00edses europeus a defender cessar-fogo, enquanto surgem apontamentos de negocia\u00e7\u00f5es a curto prazo e tens\u00f5es sobre planos de paz.\" \/>\n<meta property=\"og:url\" content=\"https:\/\/portaltela.pt\/noticias\/2026\/03\/27\/um-mes-apos-conflito-no-irao-imprevisibilidade-aumenta-risco-global\/\" \/>\n<meta property=\"og:site_name\" content=\"Portal Tela Portugal\" \/>\n<meta property=\"article:published_time\" content=\"2026-03-27T08:14:00+00:00\" \/>\n<meta name=\"author\" content=\"Telinha\" \/>\n<meta name=\"twitter:card\" content=\"summary_large_image\" \/>\n<meta name=\"twitter:label1\" content=\"Escrito por\" \/>\n\t<meta name=\"twitter:data1\" content=\"Telinha\" \/>\n\t<meta name=\"twitter:label2\" content=\"Tempo estimado de leitura\" \/>\n\t<meta name=\"twitter:data2\" content=\"3 minutos\" \/>\n<script type=\"application\/ld+json\" class=\"yoast-schema-graph\">{\"@context\":\"https:\/\/schema.org\",\"@graph\":[{\"@type\":\"Article\",\"@id\":\"https:\/\/portaltela.pt\/noticias\/2026\/03\/27\/um-mes-apos-conflito-no-irao-imprevisibilidade-aumenta-risco-global\/#article\",\"isPartOf\":{\"@id\":\"https:\/\/portaltela.pt\/noticias\/2026\/03\/27\/um-mes-apos-conflito-no-irao-imprevisibilidade-aumenta-risco-global\/\"},\"author\":{\"name\":\"Telinha\",\"@id\":\"https:\/\/portaltela.pt\/#\/schema\/person\/c4278d4a6028830caff9ee44b42d32ed\"},\"headline\":\"Um m\u00eas ap\u00f3s conflito no Ir\u00e3o, imprevisibilidade aumenta risco global\",\"datePublished\":\"2026-03-27T08:14:00+00:00\",\"mainEntityOfPage\":{\"@id\":\"https:\/\/portaltela.pt\/noticias\/2026\/03\/27\/um-mes-apos-conflito-no-irao-imprevisibilidade-aumenta-risco-global\/\"},\"wordCount\":567,\"image\":{\"@id\":\"https:\/\/portaltela.pt\/noticias\/2026\/03\/27\/um-mes-apos-conflito-no-irao-imprevisibilidade-aumenta-risco-global\/#primaryimage\"},\"thumbnailUrl\":\"https:\/\/portaltela.pt\/s.01k8rhncp4jt1\/2026\/03\/image-1582.jpg\",\"keywords\":[\"conflitos internacionais\",\"drones\",\"Estados Unidos\",\"Ir\u00e3\",\"Israel\",\"m\u00edsseis bal\u00edsticos\"],\"articleSection\":[\"Geopol\u00edtica\",\"Not\u00edcias\"],\"inLanguage\":\"pt-PT\"},{\"@type\":\"WebPage\",\"@id\":\"https:\/\/portaltela.pt\/noticias\/2026\/03\/27\/um-mes-apos-conflito-no-irao-imprevisibilidade-aumenta-risco-global\/\",\"url\":\"https:\/\/portaltela.pt\/noticias\/2026\/03\/27\/um-mes-apos-conflito-no-irao-imprevisibilidade-aumenta-risco-global\/\",\"name\":\"Um m\u00eas ap\u00f3s conflito no Ir\u00e3o, imprevisibilidade aumenta risco global - Portal Tela Portugal\",\"isPartOf\":{\"@id\":\"https:\/\/portaltela.pt\/#website\"},\"primaryImageOfPage\":{\"@id\":\"https:\/\/portaltela.pt\/noticias\/2026\/03\/27\/um-mes-apos-conflito-no-irao-imprevisibilidade-aumenta-risco-global\/#primaryimage\"},\"image\":{\"@id\":\"https:\/\/portaltela.pt\/noticias\/2026\/03\/27\/um-mes-apos-conflito-no-irao-imprevisibilidade-aumenta-risco-global\/#primaryimage\"},\"thumbnailUrl\":\"https:\/\/portaltela.pt\/s.01k8rhncp4jt1\/2026\/03\/image-1582.jpg\",\"datePublished\":\"2026-03-27T08:14:00+00:00\",\"author\":{\"@id\":\"https:\/\/portaltela.pt\/#\/schema\/person\/c4278d4a6028830caff9ee44b42d32ed\"},\"breadcrumb\":{\"@id\":\"https:\/\/portaltela.pt\/noticias\/2026\/03\/27\/um-mes-apos-conflito-no-irao-imprevisibilidade-aumenta-risco-global\/#breadcrumb\"},\"inLanguage\":\"pt-PT\",\"potentialAction\":[{\"@type\":\"ReadAction\",\"target\":[\"https:\/\/portaltela.pt\/noticias\/2026\/03\/27\/um-mes-apos-conflito-no-irao-imprevisibilidade-aumenta-risco-global\/\"]}]},{\"@type\":\"ImageObject\",\"inLanguage\":\"pt-PT\",\"@id\":\"https:\/\/portaltela.pt\/noticias\/2026\/03\/27\/um-mes-apos-conflito-no-irao-imprevisibilidade-aumenta-risco-global\/#primaryimage\",\"url\":\"https:\/\/portaltela.pt\/s.01k8rhncp4jt1\/2026\/03\/image-1582.jpg\",\"contentUrl\":\"https:\/\/portaltela.pt\/s.01k8rhncp4jt1\/2026\/03\/image-1582.jpg\",\"width\":796,\"height\":448,\"caption\":\"EUA e Israel mataram o l\u00edder supremo iraniano Ali Khamenei\"},{\"@type\":\"BreadcrumbList\",\"@id\":\"https:\/\/portaltela.pt\/noticias\/2026\/03\/27\/um-mes-apos-conflito-no-irao-imprevisibilidade-aumenta-risco-global\/#breadcrumb\",\"itemListElement\":[{\"@type\":\"ListItem\",\"position\":1,\"name\":\"In\u00edcio\",\"item\":\"https:\/\/portaltela.pt\/\"},{\"@type\":\"ListItem\",\"position\":2,\"name\":\"Um m\u00eas ap\u00f3s conflito no Ir\u00e3o, imprevisibilidade aumenta risco global\"}]},{\"@type\":\"WebSite\",\"@id\":\"https:\/\/portaltela.pt\/#website\",\"url\":\"https:\/\/portaltela.pt\/\",\"name\":\"Portal Tela Portugal\",\"description\":\"\",\"potentialAction\":[{\"@type\":\"SearchAction\",\"target\":{\"@type\":\"EntryPoint\",\"urlTemplate\":\"https:\/\/portaltela.pt\/?s={search_term_string}\"},\"query-input\":{\"@type\":\"PropertyValueSpecification\",\"valueRequired\":true,\"valueName\":\"search_term_string\"}}],\"inLanguage\":\"pt-PT\"},{\"@type\":\"Person\",\"@id\":\"https:\/\/portaltela.pt\/#\/schema\/person\/c4278d4a6028830caff9ee44b42d32ed\",\"name\":\"Telinha\",\"image\":{\"@type\":\"ImageObject\",\"inLanguage\":\"pt-PT\",\"@id\":\"https:\/\/portaltela.pt\/s.01k8rhncp4jt1\/2025\/11\/talking-bot-125x125.png\",\"url\":\"https:\/\/portaltela.pt\/s.01k8rhncp4jt1\/2025\/11\/talking-bot-125x125.png\",\"contentUrl\":\"https:\/\/portaltela.pt\/s.01k8rhncp4jt1\/2025\/11\/talking-bot-125x125.png\",\"caption\":\"Telinha\"},\"sameAs\":[\"https:\/\/portaltela.pt\/\"],\"url\":\"https:\/\/portaltela.pt\/por\/367410592786\/\"}]}<\/script>\n<!-- \/ Yoast SEO plugin. -->","yoast_head_json":{"title":"Um m\u00eas ap\u00f3s conflito no Ir\u00e3o, imprevisibilidade aumenta risco global - Portal Tela Portugal","robots":{"index":"index","follow":"follow","max-snippet":"max-snippet:-1","max-image-preview":"max-image-preview:large","max-video-preview":"max-video-preview:-1"},"og_locale":"pt_PT","og_type":"article","og_title":"Um m\u00eas ap\u00f3s conflito no Ir\u00e3o, imprevisibilidade aumenta risco global - Portal Tela Portugal","og_description":"Um m\u00eas ap\u00f3s o in\u00edcio do conflito no Golfo, a guerra entre EUA\/Israel e Ir\u00e3o mant\u00e9m-se sem desfecho r\u00e1pido e amea\u00e7a a estabilidade regional e a economia global. For\u00e7as dos EUA e de Israel realizaram cerca de 900 ataques em doze horas, atingindo d\u00e9fesas, bases de m\u00edsseis e centros de comando; foi anunciada a morte do l\u00edder supremo Ali Khamenei por parte de Washington, Telavive e Teer\u00e3o. O Ir\u00e3o retaliou com cerca de 170 m\u00edsseis contra Israel e bases no Golfo, seguido de uso ampliado de m\u00edsseis e drones para desgastar alvos militares e infraestruturas regionais. O conflito ganhou express\u00e3o em pa\u00edses vizinhos, com o Hezbollah no L\u00edbano a lan\u00e7ar foguetes e drones contra o norte de Israel; o risco de alargamento do teatro de guerra persiste, afetando mercados energ\u00e9ticos globais. O balan\u00e7o humano varia conforme as fontes, com milhares de mortes; a diplomacia envolve a ONU e pa\u00edses europeus a defender cessar-fogo, enquanto surgem apontamentos de negocia\u00e7\u00f5es a curto prazo e tens\u00f5es sobre planos de paz.","og_url":"https:\/\/portaltela.pt\/noticias\/2026\/03\/27\/um-mes-apos-conflito-no-irao-imprevisibilidade-aumenta-risco-global\/","og_site_name":"Portal Tela Portugal","article_published_time":"2026-03-27T08:14:00+00:00","author":"Telinha","twitter_card":"summary_large_image","twitter_misc":{"Escrito por":"Telinha","Tempo estimado de leitura":"3 minutos"},"schema":{"@context":"https:\/\/schema.org","@graph":[{"@type":"Article","@id":"https:\/\/portaltela.pt\/noticias\/2026\/03\/27\/um-mes-apos-conflito-no-irao-imprevisibilidade-aumenta-risco-global\/#article","isPartOf":{"@id":"https:\/\/portaltela.pt\/noticias\/2026\/03\/27\/um-mes-apos-conflito-no-irao-imprevisibilidade-aumenta-risco-global\/"},"author":{"name":"Telinha","@id":"https:\/\/portaltela.pt\/#\/schema\/person\/c4278d4a6028830caff9ee44b42d32ed"},"headline":"Um m\u00eas ap\u00f3s conflito no Ir\u00e3o, imprevisibilidade aumenta risco global","datePublished":"2026-03-27T08:14:00+00:00","mainEntityOfPage":{"@id":"https:\/\/portaltela.pt\/noticias\/2026\/03\/27\/um-mes-apos-conflito-no-irao-imprevisibilidade-aumenta-risco-global\/"},"wordCount":567,"image":{"@id":"https:\/\/portaltela.pt\/noticias\/2026\/03\/27\/um-mes-apos-conflito-no-irao-imprevisibilidade-aumenta-risco-global\/#primaryimage"},"thumbnailUrl":"https:\/\/portaltela.pt\/s.01k8rhncp4jt1\/2026\/03\/image-1582.jpg","keywords":["conflitos internacionais","drones","Estados Unidos","Ir\u00e3","Israel","m\u00edsseis bal\u00edsticos"],"articleSection":["Geopol\u00edtica","Not\u00edcias"],"inLanguage":"pt-PT"},{"@type":"WebPage","@id":"https:\/\/portaltela.pt\/noticias\/2026\/03\/27\/um-mes-apos-conflito-no-irao-imprevisibilidade-aumenta-risco-global\/","url":"https:\/\/portaltela.pt\/noticias\/2026\/03\/27\/um-mes-apos-conflito-no-irao-imprevisibilidade-aumenta-risco-global\/","name":"Um m\u00eas ap\u00f3s conflito no Ir\u00e3o, imprevisibilidade aumenta risco global - Portal Tela Portugal","isPartOf":{"@id":"https:\/\/portaltela.pt\/#website"},"primaryImageOfPage":{"@id":"https:\/\/portaltela.pt\/noticias\/2026\/03\/27\/um-mes-apos-conflito-no-irao-imprevisibilidade-aumenta-risco-global\/#primaryimage"},"image":{"@id":"https:\/\/portaltela.pt\/noticias\/2026\/03\/27\/um-mes-apos-conflito-no-irao-imprevisibilidade-aumenta-risco-global\/#primaryimage"},"thumbnailUrl":"https:\/\/portaltela.pt\/s.01k8rhncp4jt1\/2026\/03\/image-1582.jpg","datePublished":"2026-03-27T08:14:00+00:00","author":{"@id":"https:\/\/portaltela.pt\/#\/schema\/person\/c4278d4a6028830caff9ee44b42d32ed"},"breadcrumb":{"@id":"https:\/\/portaltela.pt\/noticias\/2026\/03\/27\/um-mes-apos-conflito-no-irao-imprevisibilidade-aumenta-risco-global\/#breadcrumb"},"inLanguage":"pt-PT","potentialAction":[{"@type":"ReadAction","target":["https:\/\/portaltela.pt\/noticias\/2026\/03\/27\/um-mes-apos-conflito-no-irao-imprevisibilidade-aumenta-risco-global\/"]}]},{"@type":"ImageObject","inLanguage":"pt-PT","@id":"https:\/\/portaltela.pt\/noticias\/2026\/03\/27\/um-mes-apos-conflito-no-irao-imprevisibilidade-aumenta-risco-global\/#primaryimage","url":"https:\/\/portaltela.pt\/s.01k8rhncp4jt1\/2026\/03\/image-1582.jpg","contentUrl":"https:\/\/portaltela.pt\/s.01k8rhncp4jt1\/2026\/03\/image-1582.jpg","width":796,"height":448,"caption":"EUA e Israel mataram o l\u00edder supremo iraniano Ali Khamenei"},{"@type":"BreadcrumbList","@id":"https:\/\/portaltela.pt\/noticias\/2026\/03\/27\/um-mes-apos-conflito-no-irao-imprevisibilidade-aumenta-risco-global\/#breadcrumb","itemListElement":[{"@type":"ListItem","position":1,"name":"In\u00edcio","item":"https:\/\/portaltela.pt\/"},{"@type":"ListItem","position":2,"name":"Um m\u00eas ap\u00f3s conflito no Ir\u00e3o, imprevisibilidade aumenta risco global"}]},{"@type":"WebSite","@id":"https:\/\/portaltela.pt\/#website","url":"https:\/\/portaltela.pt\/","name":"Portal Tela Portugal","description":"","potentialAction":[{"@type":"SearchAction","target":{"@type":"EntryPoint","urlTemplate":"https:\/\/portaltela.pt\/?s={search_term_string}"},"query-input":{"@type":"PropertyValueSpecification","valueRequired":true,"valueName":"search_term_string"}}],"inLanguage":"pt-PT"},{"@type":"Person","@id":"https:\/\/portaltela.pt\/#\/schema\/person\/c4278d4a6028830caff9ee44b42d32ed","name":"Telinha","image":{"@type":"ImageObject","inLanguage":"pt-PT","@id":"https:\/\/portaltela.pt\/s.01k8rhncp4jt1\/2025\/11\/talking-bot-125x125.png","url":"https:\/\/portaltela.pt\/s.01k8rhncp4jt1\/2025\/11\/talking-bot-125x125.png","contentUrl":"https:\/\/portaltela.pt\/s.01k8rhncp4jt1\/2025\/11\/talking-bot-125x125.png","caption":"Telinha"},"sameAs":["https:\/\/portaltela.pt\/"],"url":"https:\/\/portaltela.pt\/por\/367410592786\/"}]}},"_links":{"self":[{"href":"https:\/\/portaltela.pt\/api\/wp\/v2\/posts\/423297","targetHints":{"allow":["GET"]}}],"collection":[{"href":"https:\/\/portaltela.pt\/api\/wp\/v2\/posts"}],"about":[{"href":"https:\/\/portaltela.pt\/api\/wp\/v2\/types\/post"}],"author":[{"embeddable":true,"href":"https:\/\/portaltela.pt\/api\/wp\/v2\/users\/2"}],"replies":[{"embeddable":true,"href":"https:\/\/portaltela.pt\/api\/wp\/v2\/comments?post=423297"}],"version-history":[{"count":0,"href":"https:\/\/portaltela.pt\/api\/wp\/v2\/posts\/423297\/revisions"}],"wp:featuredmedia":[{"embeddable":true,"href":"https:\/\/portaltela.pt\/api\/wp\/v2\/media\/423301"}],"wp:attachment":[{"href":"https:\/\/portaltela.pt\/api\/wp\/v2\/media?parent=423297"}],"wp:term":[{"taxonomy":"category","embeddable":true,"href":"https:\/\/portaltela.pt\/api\/wp\/v2\/categories?post=423297"},{"taxonomy":"post_tag","embeddable":true,"href":"https:\/\/portaltela.pt\/api\/wp\/v2\/tags?post=423297"}],"curies":[{"name":"wp","href":"https:\/\/api.w.org\/{rel}","templated":true}]}}