{"id":423296,"date":"2026-03-27T05:22:00","date_gmt":"2026-03-27T08:22:00","guid":{"rendered":"https:\/\/portaltela.pt\/noticias\/2026\/03\/27\/dor-e-movimento-o-que-doi-pode-ser-tambem-o-que-faz-dancar\/"},"modified":"2026-03-27T05:22:00","modified_gmt":"2026-03-27T08:22:00","slug":"dor-e-movimento-o-que-doi-pode-ser-tambem-o-que-faz-dancar","status":"publish","type":"post","link":"https:\/\/portaltela.pt\/musica\/2026\/03\/27\/dor-e-movimento-o-que-doi-pode-ser-tambem-o-que-faz-dancar\/","title":{"rendered":"Dor e movimento: o que d\u00f3i pode ser tamb\u00e9m o que faz dan\u00e7ar"},"content":{"rendered":"<p>Rodrigo Vaiapraia conquistou o p\u00f3dio do best of do Tremor A\u00e7ores 2026, realizado em Portas do Mar, Ponta Delgada. O artista portugu\u00eas \u00e9 apresentado como uma figura central do punk contempor\u00e2neo, combinando vis\u00e3o queer, intensidade emocional e performance confessional.<\/p>\n<p>A atua\u00e7\u00e3o ocorreu com um trio de apoio, num concerto que privilegiou uma est\u00e9tica de autonomia criativa. O som mistura guitarras diretas, bateria contida e vocais que oscilam entre o sussurro e o grito, numa entrega marcada pela crueza e pela presen\u00e7a de palco.<\/p>\n<p>O Tremor A\u00e7ores 2026, realizado num espa\u00e7o de bet\u00e3o brutalista junto ao cais, contou com a participa\u00e7\u00e3o do artista em v\u00e1rias etapas, incluindo entrevistas e momentos de intera\u00e7\u00e3o com o p\u00fablico. A demonstra\u00e7\u00e3o de autenticidade levou o p\u00fablico a participar de forma exigente e envolvente.<\/p>\n<h3>Reconhecimento e trajet\u00f3ria<\/h3>\n<p>Vaiapraia apresenta uma trajet\u00f3ria que se estende desde 2013, com fases a solo, a colabora\u00e7\u00e3o com as Vaiapraia e as Rainhas do Baile (2016-2019) e o retorno ao projeto a partir de 2020. O som evolui para uma eletr\u00f3nica de spleen punk pop, mantendo o foco na express\u00e3o da identidade queer.<\/p>\n<p>As letras destacam temas de intimidade, vulnerabilidade e resist\u00eancia social, com uma abordagem documental da experi\u00eancia pessoal. A linguagem utilizada refor\u00e7a a avalia\u00e7\u00e3o de que o punk, para o artista, funciona como ferramenta de sobreviv\u00eancia.<\/p>\n<p>O p\u00fablico acompanhou a apresenta\u00e7\u00e3o com participa\u00e7\u00e3o activa, especialmente na parte final, quando o artista abordou quest\u00f5es de afecto, peso e identidade. A performance encerrou com uma nota de vulnerabilidade e claridade emocional, sem rodeios.<\/p>\n","protected":false},"excerpt":{"rendered":"<ul>\n<li>Rodrigo Vaiapraia ficou em destaque no Tremor A\u00e7ores 2026, sendo apresentado como o novo punk portugu\u00eas com identidade queer.<\/li>\n<li>No espet\u00e1culo de Tremor 2026, em Portas do Mar, atuou com trio num palco de frente para o p\u00fablico, com guitarras agressivas, bateria contida e can\u00e7\u00f5es curtas, com a voz a oscilar entre o sussurro e o grito.<\/li>\n<li>A performance \u00e9 descrita como uma aproxima\u00e7\u00e3o confessional, \u00e9tica e sem recursos t\u00e9cnicos, centrada na proximidade com o p\u00fablico e na exposi\u00e7\u00e3o emocional.<\/li>\n<li>A trajet\u00f3ria art\u00edstica inclui tr\u00eas fases: carreira a solo inicial (2013), Vaiapraia e as Rainhas do Baile (2016\u201319) e regresso ao solo com evolu\u00e7\u00e3o para eletr\u00f3nica de sofistica\u00e7\u00e3o e a obra Alegria terminal (2025), consolidando a pol\u00edtica queer.<\/li>\n<li>As letras focam a micropol\u00edtica do afeto e a honestidade bruta, com refer\u00eancias a temas de identidade, vulnerabilidade e sobreviv\u00eancia; o artista afirma que ser punk \u00e9 n\u00e3o mentir, mantendo o cora\u00e7\u00e3o nas m\u00e3os, com men\u00e7\u00e3o a Ozempic em interl\u00fadios para falar de sinceridade.<\/li>\n<\/ul>\n","protected":false},"author":2,"featured_media":423300,"comment_status":"closed","ping_status":"closed","sticky":false,"template":"","format":"standard","meta":{"footnotes":""},"categories":[6676],"tags":[822,762,145,122,4341],"class_list":["post-423296","post","type-post","status-publish","format-standard","has-post-thumbnail","hentry","category-musica","tag-acores","tag-artistas","tag-cultura","tag-musica","tag-portas"],"yoast_head":"<!-- This site is optimized with the Yoast SEO plugin v27.2 - https:\/\/yoast.com\/product\/yoast-seo-wordpress\/ -->\n<title>Dor e movimento: o que d\u00f3i pode ser tamb\u00e9m o que faz dan\u00e7ar - Portal Tela Portugal<\/title>\n<meta name=\"robots\" content=\"index, follow, max-snippet:-1, max-image-preview:large, max-video-preview:-1\" \/>\n<meta property=\"og:locale\" content=\"pt_PT\" \/>\n<meta property=\"og:type\" content=\"article\" \/>\n<meta property=\"og:title\" content=\"Dor e movimento: o que d\u00f3i pode ser tamb\u00e9m o que faz dan\u00e7ar - Portal Tela Portugal\" \/>\n<meta property=\"og:description\" content=\"Rodrigo Vaiapraia ficou em destaque no Tremor A\u00e7ores 2026, sendo apresentado como o novo punk portugu\u00eas com identidade queer. No espet\u00e1culo de Tremor 2026, em Portas do Mar, atuou com trio num palco de frente para o p\u00fablico, com guitarras agressivas, bateria contida e can\u00e7\u00f5es curtas, com a voz a oscilar entre o sussurro e o grito. A performance \u00e9 descrita como uma aproxima\u00e7\u00e3o confessional, \u00e9tica e sem recursos t\u00e9cnicos, centrada na proximidade com o p\u00fablico e na exposi\u00e7\u00e3o emocional. A trajet\u00f3ria art\u00edstica inclui tr\u00eas fases: carreira a solo inicial (2013), Vaiapraia e as Rainhas do Baile (2016\u201319) e regresso ao solo com evolu\u00e7\u00e3o para eletr\u00f3nica de sofistica\u00e7\u00e3o e a obra Alegria terminal (2025), consolidando a pol\u00edtica queer. As letras focam a micropol\u00edtica do afeto e a honestidade bruta, com refer\u00eancias a temas de identidade, vulnerabilidade e sobreviv\u00eancia; o artista afirma que ser punk \u00e9 n\u00e3o mentir, mantendo o cora\u00e7\u00e3o nas m\u00e3os, com men\u00e7\u00e3o a Ozempic em interl\u00fadios para falar de sinceridade.\" \/>\n<meta property=\"og:url\" content=\"https:\/\/portaltela.pt\/noticias\/2026\/03\/27\/dor-e-movimento-o-que-doi-pode-ser-tambem-o-que-faz-dancar\/\" \/>\n<meta property=\"og:site_name\" content=\"Portal Tela Portugal\" \/>\n<meta property=\"article:published_time\" content=\"2026-03-27T08:22:00+00:00\" \/>\n<meta name=\"author\" content=\"Telinha\" \/>\n<meta name=\"twitter:card\" content=\"summary_large_image\" \/>\n<meta name=\"twitter:label1\" content=\"Escrito por\" \/>\n\t<meta name=\"twitter:data1\" content=\"Telinha\" \/>\n\t<meta name=\"twitter:label2\" content=\"Tempo estimado de leitura\" \/>\n\t<meta name=\"twitter:data2\" content=\"1 minuto\" \/>\n<script type=\"application\/ld+json\" class=\"yoast-schema-graph\">{\"@context\":\"https:\/\/schema.org\",\"@graph\":[{\"@type\":\"Article\",\"@id\":\"https:\/\/portaltela.pt\/noticias\/2026\/03\/27\/dor-e-movimento-o-que-doi-pode-ser-tambem-o-que-faz-dancar\/#article\",\"isPartOf\":{\"@id\":\"https:\/\/portaltela.pt\/noticias\/2026\/03\/27\/dor-e-movimento-o-que-doi-pode-ser-tambem-o-que-faz-dancar\/\"},\"author\":{\"name\":\"Telinha\",\"@id\":\"https:\/\/portaltela.pt\/#\/schema\/person\/c4278d4a6028830caff9ee44b42d32ed\"},\"headline\":\"Dor e movimento: o que d\u00f3i pode ser tamb\u00e9m o que faz dan\u00e7ar\",\"datePublished\":\"2026-03-27T08:22:00+00:00\",\"mainEntityOfPage\":{\"@id\":\"https:\/\/portaltela.pt\/noticias\/2026\/03\/27\/dor-e-movimento-o-que-doi-pode-ser-tambem-o-que-faz-dancar\/\"},\"wordCount\":294,\"image\":{\"@id\":\"https:\/\/portaltela.pt\/noticias\/2026\/03\/27\/dor-e-movimento-o-que-doi-pode-ser-tambem-o-que-faz-dancar\/#primaryimage\"},\"thumbnailUrl\":\"https:\/\/portaltela.pt\/s.01k8rhncp4jt1\/2026\/03\/image-1582.jpg\",\"keywords\":[\"A\u00e7ores\",\"artistas\",\"cultura\",\"m\u00fasica\",\"Portas\"],\"articleSection\":[\"M\u00fasica\"],\"inLanguage\":\"pt-PT\"},{\"@type\":\"WebPage\",\"@id\":\"https:\/\/portaltela.pt\/noticias\/2026\/03\/27\/dor-e-movimento-o-que-doi-pode-ser-tambem-o-que-faz-dancar\/\",\"url\":\"https:\/\/portaltela.pt\/noticias\/2026\/03\/27\/dor-e-movimento-o-que-doi-pode-ser-tambem-o-que-faz-dancar\/\",\"name\":\"Dor e movimento: o que d\u00f3i pode ser tamb\u00e9m o que faz dan\u00e7ar - Portal Tela Portugal\",\"isPartOf\":{\"@id\":\"https:\/\/portaltela.pt\/#website\"},\"primaryImageOfPage\":{\"@id\":\"https:\/\/portaltela.pt\/noticias\/2026\/03\/27\/dor-e-movimento-o-que-doi-pode-ser-tambem-o-que-faz-dancar\/#primaryimage\"},\"image\":{\"@id\":\"https:\/\/portaltela.pt\/noticias\/2026\/03\/27\/dor-e-movimento-o-que-doi-pode-ser-tambem-o-que-faz-dancar\/#primaryimage\"},\"thumbnailUrl\":\"https:\/\/portaltela.pt\/s.01k8rhncp4jt1\/2026\/03\/image-1582.jpg\",\"datePublished\":\"2026-03-27T08:22:00+00:00\",\"author\":{\"@id\":\"https:\/\/portaltela.pt\/#\/schema\/person\/c4278d4a6028830caff9ee44b42d32ed\"},\"breadcrumb\":{\"@id\":\"https:\/\/portaltela.pt\/noticias\/2026\/03\/27\/dor-e-movimento-o-que-doi-pode-ser-tambem-o-que-faz-dancar\/#breadcrumb\"},\"inLanguage\":\"pt-PT\",\"potentialAction\":[{\"@type\":\"ReadAction\",\"target\":[\"https:\/\/portaltela.pt\/noticias\/2026\/03\/27\/dor-e-movimento-o-que-doi-pode-ser-tambem-o-que-faz-dancar\/\"]}]},{\"@type\":\"ImageObject\",\"inLanguage\":\"pt-PT\",\"@id\":\"https:\/\/portaltela.pt\/noticias\/2026\/03\/27\/dor-e-movimento-o-que-doi-pode-ser-tambem-o-que-faz-dancar\/#primaryimage\",\"url\":\"https:\/\/portaltela.pt\/s.01k8rhncp4jt1\/2026\/03\/image-1582.jpg\",\"contentUrl\":\"https:\/\/portaltela.pt\/s.01k8rhncp4jt1\/2026\/03\/image-1582.jpg\",\"width\":796,\"height\":448,\"caption\":\"Rodrigo Vaiapraia\"},{\"@type\":\"BreadcrumbList\",\"@id\":\"https:\/\/portaltela.pt\/noticias\/2026\/03\/27\/dor-e-movimento-o-que-doi-pode-ser-tambem-o-que-faz-dancar\/#breadcrumb\",\"itemListElement\":[{\"@type\":\"ListItem\",\"position\":1,\"name\":\"In\u00edcio\",\"item\":\"https:\/\/portaltela.pt\/\"},{\"@type\":\"ListItem\",\"position\":2,\"name\":\"Dor e movimento: o que d\u00f3i pode ser tamb\u00e9m o que faz dan\u00e7ar\"}]},{\"@type\":\"WebSite\",\"@id\":\"https:\/\/portaltela.pt\/#website\",\"url\":\"https:\/\/portaltela.pt\/\",\"name\":\"Portal Tela Portugal\",\"description\":\"\",\"potentialAction\":[{\"@type\":\"SearchAction\",\"target\":{\"@type\":\"EntryPoint\",\"urlTemplate\":\"https:\/\/portaltela.pt\/?s={search_term_string}\"},\"query-input\":{\"@type\":\"PropertyValueSpecification\",\"valueRequired\":true,\"valueName\":\"search_term_string\"}}],\"inLanguage\":\"pt-PT\"},{\"@type\":\"Person\",\"@id\":\"https:\/\/portaltela.pt\/#\/schema\/person\/c4278d4a6028830caff9ee44b42d32ed\",\"name\":\"Telinha\",\"image\":{\"@type\":\"ImageObject\",\"inLanguage\":\"pt-PT\",\"@id\":\"https:\/\/portaltela.pt\/s.01k8rhncp4jt1\/2025\/11\/talking-bot-125x125.png\",\"url\":\"https:\/\/portaltela.pt\/s.01k8rhncp4jt1\/2025\/11\/talking-bot-125x125.png\",\"contentUrl\":\"https:\/\/portaltela.pt\/s.01k8rhncp4jt1\/2025\/11\/talking-bot-125x125.png\",\"caption\":\"Telinha\"},\"sameAs\":[\"https:\/\/portaltela.pt\/\"],\"url\":\"https:\/\/portaltela.pt\/por\/367410592786\/\"}]}<\/script>\n<!-- \/ Yoast SEO plugin. -->","yoast_head_json":{"title":"Dor e movimento: o que d\u00f3i pode ser tamb\u00e9m o que faz dan\u00e7ar - Portal Tela Portugal","robots":{"index":"index","follow":"follow","max-snippet":"max-snippet:-1","max-image-preview":"max-image-preview:large","max-video-preview":"max-video-preview:-1"},"og_locale":"pt_PT","og_type":"article","og_title":"Dor e movimento: o que d\u00f3i pode ser tamb\u00e9m o que faz dan\u00e7ar - Portal Tela Portugal","og_description":"Rodrigo Vaiapraia ficou em destaque no Tremor A\u00e7ores 2026, sendo apresentado como o novo punk portugu\u00eas com identidade queer. No espet\u00e1culo de Tremor 2026, em Portas do Mar, atuou com trio num palco de frente para o p\u00fablico, com guitarras agressivas, bateria contida e can\u00e7\u00f5es curtas, com a voz a oscilar entre o sussurro e o grito. A performance \u00e9 descrita como uma aproxima\u00e7\u00e3o confessional, \u00e9tica e sem recursos t\u00e9cnicos, centrada na proximidade com o p\u00fablico e na exposi\u00e7\u00e3o emocional. A trajet\u00f3ria art\u00edstica inclui tr\u00eas fases: carreira a solo inicial (2013), Vaiapraia e as Rainhas do Baile (2016\u201319) e regresso ao solo com evolu\u00e7\u00e3o para eletr\u00f3nica de sofistica\u00e7\u00e3o e a obra Alegria terminal (2025), consolidando a pol\u00edtica queer. As letras focam a micropol\u00edtica do afeto e a honestidade bruta, com refer\u00eancias a temas de identidade, vulnerabilidade e sobreviv\u00eancia; o artista afirma que ser punk \u00e9 n\u00e3o mentir, mantendo o cora\u00e7\u00e3o nas m\u00e3os, com men\u00e7\u00e3o a Ozempic em interl\u00fadios para falar de sinceridade.","og_url":"https:\/\/portaltela.pt\/noticias\/2026\/03\/27\/dor-e-movimento-o-que-doi-pode-ser-tambem-o-que-faz-dancar\/","og_site_name":"Portal Tela Portugal","article_published_time":"2026-03-27T08:22:00+00:00","author":"Telinha","twitter_card":"summary_large_image","twitter_misc":{"Escrito por":"Telinha","Tempo estimado de leitura":"1 minuto"},"schema":{"@context":"https:\/\/schema.org","@graph":[{"@type":"Article","@id":"https:\/\/portaltela.pt\/noticias\/2026\/03\/27\/dor-e-movimento-o-que-doi-pode-ser-tambem-o-que-faz-dancar\/#article","isPartOf":{"@id":"https:\/\/portaltela.pt\/noticias\/2026\/03\/27\/dor-e-movimento-o-que-doi-pode-ser-tambem-o-que-faz-dancar\/"},"author":{"name":"Telinha","@id":"https:\/\/portaltela.pt\/#\/schema\/person\/c4278d4a6028830caff9ee44b42d32ed"},"headline":"Dor e movimento: o que d\u00f3i pode ser tamb\u00e9m o que faz dan\u00e7ar","datePublished":"2026-03-27T08:22:00+00:00","mainEntityOfPage":{"@id":"https:\/\/portaltela.pt\/noticias\/2026\/03\/27\/dor-e-movimento-o-que-doi-pode-ser-tambem-o-que-faz-dancar\/"},"wordCount":294,"image":{"@id":"https:\/\/portaltela.pt\/noticias\/2026\/03\/27\/dor-e-movimento-o-que-doi-pode-ser-tambem-o-que-faz-dancar\/#primaryimage"},"thumbnailUrl":"https:\/\/portaltela.pt\/s.01k8rhncp4jt1\/2026\/03\/image-1582.jpg","keywords":["A\u00e7ores","artistas","cultura","m\u00fasica","Portas"],"articleSection":["M\u00fasica"],"inLanguage":"pt-PT"},{"@type":"WebPage","@id":"https:\/\/portaltela.pt\/noticias\/2026\/03\/27\/dor-e-movimento-o-que-doi-pode-ser-tambem-o-que-faz-dancar\/","url":"https:\/\/portaltela.pt\/noticias\/2026\/03\/27\/dor-e-movimento-o-que-doi-pode-ser-tambem-o-que-faz-dancar\/","name":"Dor e movimento: o que d\u00f3i pode ser tamb\u00e9m o que faz dan\u00e7ar - Portal Tela Portugal","isPartOf":{"@id":"https:\/\/portaltela.pt\/#website"},"primaryImageOfPage":{"@id":"https:\/\/portaltela.pt\/noticias\/2026\/03\/27\/dor-e-movimento-o-que-doi-pode-ser-tambem-o-que-faz-dancar\/#primaryimage"},"image":{"@id":"https:\/\/portaltela.pt\/noticias\/2026\/03\/27\/dor-e-movimento-o-que-doi-pode-ser-tambem-o-que-faz-dancar\/#primaryimage"},"thumbnailUrl":"https:\/\/portaltela.pt\/s.01k8rhncp4jt1\/2026\/03\/image-1582.jpg","datePublished":"2026-03-27T08:22:00+00:00","author":{"@id":"https:\/\/portaltela.pt\/#\/schema\/person\/c4278d4a6028830caff9ee44b42d32ed"},"breadcrumb":{"@id":"https:\/\/portaltela.pt\/noticias\/2026\/03\/27\/dor-e-movimento-o-que-doi-pode-ser-tambem-o-que-faz-dancar\/#breadcrumb"},"inLanguage":"pt-PT","potentialAction":[{"@type":"ReadAction","target":["https:\/\/portaltela.pt\/noticias\/2026\/03\/27\/dor-e-movimento-o-que-doi-pode-ser-tambem-o-que-faz-dancar\/"]}]},{"@type":"ImageObject","inLanguage":"pt-PT","@id":"https:\/\/portaltela.pt\/noticias\/2026\/03\/27\/dor-e-movimento-o-que-doi-pode-ser-tambem-o-que-faz-dancar\/#primaryimage","url":"https:\/\/portaltela.pt\/s.01k8rhncp4jt1\/2026\/03\/image-1582.jpg","contentUrl":"https:\/\/portaltela.pt\/s.01k8rhncp4jt1\/2026\/03\/image-1582.jpg","width":796,"height":448,"caption":"Rodrigo Vaiapraia"},{"@type":"BreadcrumbList","@id":"https:\/\/portaltela.pt\/noticias\/2026\/03\/27\/dor-e-movimento-o-que-doi-pode-ser-tambem-o-que-faz-dancar\/#breadcrumb","itemListElement":[{"@type":"ListItem","position":1,"name":"In\u00edcio","item":"https:\/\/portaltela.pt\/"},{"@type":"ListItem","position":2,"name":"Dor e movimento: o que d\u00f3i pode ser tamb\u00e9m o que faz dan\u00e7ar"}]},{"@type":"WebSite","@id":"https:\/\/portaltela.pt\/#website","url":"https:\/\/portaltela.pt\/","name":"Portal Tela Portugal","description":"","potentialAction":[{"@type":"SearchAction","target":{"@type":"EntryPoint","urlTemplate":"https:\/\/portaltela.pt\/?s={search_term_string}"},"query-input":{"@type":"PropertyValueSpecification","valueRequired":true,"valueName":"search_term_string"}}],"inLanguage":"pt-PT"},{"@type":"Person","@id":"https:\/\/portaltela.pt\/#\/schema\/person\/c4278d4a6028830caff9ee44b42d32ed","name":"Telinha","image":{"@type":"ImageObject","inLanguage":"pt-PT","@id":"https:\/\/portaltela.pt\/s.01k8rhncp4jt1\/2025\/11\/talking-bot-125x125.png","url":"https:\/\/portaltela.pt\/s.01k8rhncp4jt1\/2025\/11\/talking-bot-125x125.png","contentUrl":"https:\/\/portaltela.pt\/s.01k8rhncp4jt1\/2025\/11\/talking-bot-125x125.png","caption":"Telinha"},"sameAs":["https:\/\/portaltela.pt\/"],"url":"https:\/\/portaltela.pt\/por\/367410592786\/"}]}},"_links":{"self":[{"href":"https:\/\/portaltela.pt\/api\/wp\/v2\/posts\/423296","targetHints":{"allow":["GET"]}}],"collection":[{"href":"https:\/\/portaltela.pt\/api\/wp\/v2\/posts"}],"about":[{"href":"https:\/\/portaltela.pt\/api\/wp\/v2\/types\/post"}],"author":[{"embeddable":true,"href":"https:\/\/portaltela.pt\/api\/wp\/v2\/users\/2"}],"replies":[{"embeddable":true,"href":"https:\/\/portaltela.pt\/api\/wp\/v2\/comments?post=423296"}],"version-history":[{"count":0,"href":"https:\/\/portaltela.pt\/api\/wp\/v2\/posts\/423296\/revisions"}],"wp:featuredmedia":[{"embeddable":true,"href":"https:\/\/portaltela.pt\/api\/wp\/v2\/media\/423300"}],"wp:attachment":[{"href":"https:\/\/portaltela.pt\/api\/wp\/v2\/media?parent=423296"}],"wp:term":[{"taxonomy":"category","embeddable":true,"href":"https:\/\/portaltela.pt\/api\/wp\/v2\/categories?post=423296"},{"taxonomy":"post_tag","embeddable":true,"href":"https:\/\/portaltela.pt\/api\/wp\/v2\/tags?post=423296"}],"curies":[{"name":"wp","href":"https:\/\/api.w.org\/{rel}","templated":true}]}}