{"id":423281,"date":"2026-03-27T05:13:28","date_gmt":"2026-03-27T08:13:28","guid":{"rendered":"https:\/\/portaltela.pt\/noticias\/2026\/03\/27\/em-leiria-antenas-regressam-enquanto-se-espera-a-fibra\/"},"modified":"2026-03-27T05:13:28","modified_gmt":"2026-03-27T08:13:28","slug":"em-leiria-antenas-regressam-enquanto-se-espera-a-fibra","status":"publish","type":"post","link":"https:\/\/portaltela.pt\/tecnologia\/2026\/03\/27\/em-leiria-antenas-regressam-enquanto-se-espera-a-fibra\/","title":{"rendered":"Em Leiria, antenas regressam enquanto se espera a fibra"},"content":{"rendered":"<p>V\u00e1rias aldeias do distrito de Leiria continuam sem acesso a comunica\u00e7\u00f5es ap\u00f3s a passagem da depress\u00e3o Kristin. Dois meses depois, a fibra ainda n\u00e3o chegou, levando muitos a reinstalar velhas antenas para ver sete canais na televis\u00e3o.<\/p>\n<p>Na Derreada Cimeira, Pedr\u00f3g\u00e3o Grande, V\u00edtor Henriques aproveita o bom tempo para reparar um barrac\u00e3o danificado pela tempestade, junto \u00e0 casa sem telecomunica\u00e7\u00f5es h\u00e1 duas meses. O idoso de 63 anos recusa deitar fora a antiga antena.<\/p>\n<p>Apesar de ter sete canais na TDT, V\u00edtor lamenta a perda da diversidade da fibra, que permitia ver futebol ou filmes com a mulher. Aos olhos do casal, o tempo de deitar cedo acabou por substitui\u00e7\u00e3o de h\u00e1bitos.<\/p>\n<p>Maria Tom\u00e1s, esposa de V\u00edtor, explica que o casal tem de deslocar-se a Pedr\u00f3g\u00e3o Grande para tratar de assuntos com internet ou candidaturas de apoio aos estragos. A falta de internet complica contactos e servi\u00e7os.<\/p>\n<p>Na localidade de Carregal, Alvai\u00e1zere, B\u00e1rbara Rosa Silveira, de 79 anos, recorre \u00e0 antena recuperada pelo sobrinho, mas sente a dist\u00e2ncia da filha e netos no Canad\u00e1. A mulher est\u00e1 em tratamento e a internet faria diferen\u00e7a no dia a dia.<\/p>\n<p>Ana Marques, propriet\u00e1ria do caf\u00e9 em Carregal, conta que envia cerca de duas mil faturas por correio electr\u00f3nico. Sem internet, os documentos v\u00e3o por uma mem\u00f3ria USB ao contabilista.<\/p>\n<p>O marido de B\u00e1rbara, Fernando Marques, acrescenta que muitas antenas se perderam devido ao vento, agravando a situa\u00e7\u00e3o de comunica\u00e7\u00e3o. Em toda a regi\u00e3o, o recurso \u00e0 antena antiga \u00e9 comum.<\/p>\n<p>Ainda no Carregal, Auzinda Lopes, de 53 anos, n\u00e3o tem antena nem fibra e afirma estar sem resposta. A aldeia permanece desprovida de solu\u00e7\u00f5es r\u00e1pidas para o acesso digital.<\/p>\n<p>Manuela Fernandes, de 46 anos, na Derreada Cimeira, revela que os dois meses sem televis\u00e3o tornaram o dia a dia mais dif\u00edcil, com a fam\u00edlia a ouvir r\u00e1dio \u00e0 noite. A situa\u00e7\u00e3o provoca momentos de incerteza.<\/p>\n<p>Na Tojeira, Maria Am\u00e9lia critica o servi\u00e7o quando o tempo est\u00e1 mau, com falhas da televis\u00e3o. O vizinho usa a antena do cunhado, mas continua a sentir saudades de ver jogos de futebol.<\/p>\n<p>V\u00edtor Henriques explica que a r\u00e1dio tem sido a op\u00e7\u00e3o mais est\u00e1vel, apesar de toda a inconst\u00e2ncia. A falta de fibra e de internet mant\u00e9m as fam\u00edlias dependentes de solu\u00e7\u00f5es antigas. A situa\u00e7\u00e3o persiste no distrito.<\/p>\n<h3>Contexto e perspetivas<\/h3>\n<p>O coordenador da Estrutura de Miss\u00e3o para a Reconstru\u00e7\u00e3o reconheceu recentemente os atrasos na reposi\u00e7\u00e3o das telecomunica\u00e7\u00f5es. O acompanhamento de perto das aldeias continua, em paralelo com a recupera\u00e7\u00e3o estrutural. Os t\u00e9cnicos tentam equilibrar custos, prazos e necessidades locais, enquanto a fibra n\u00e3o chega.<\/p>\n","protected":false},"excerpt":{"rendered":"<ul>\n<li>No distrito de Leiria, v\u00e1rias aldeias continuam sem comunica\u00e7\u00f5es dois meses ap\u00f3s a passagem da depress\u00e3o Kristin, enquanto a fibra n\u00e3o chega.<\/li>\n<li>Em v\u00e1rias localidades, as pessoas recorrem a antenas antigas para conseguir sete canais de televis\u00e3o atrav\u00e9s da televis\u00e3o digital terrestre (TDT).<\/li>\n<li>Em Derreada Cimeira, Pedr\u00f3g\u00e3o Grande, V\u00edtor Henriques repara um barrac\u00e3o afetado pela tempestade e voltou a ligar a antena para ter televis\u00e3o, apesar de a fibra ainda n\u00e3o estar dispon\u00edvel.<\/li>\n<li>Em Carregal (Alvai\u00e1zere), B\u00e1rbara Rosa Silveira e outros residentes dependem da antena antiga e enviam informa\u00e7\u00f5es por meio de familiares, devido \u00e0 falta de internet.<\/li>\n<li>O coordenador da Estrutura de Miss\u00e3o para a Reconstru\u00e7\u00e3o afirmou que a reposi\u00e7\u00e3o das telecomunica\u00e7\u00f5es continua atrasada, deixando v\u00e1rias aldeias sem internet est\u00e1vel e acess\u00edvel.<\/li>\n<\/ul>\n","protected":false},"author":2,"featured_media":423287,"comment_status":"closed","ping_status":"closed","sticky":false,"template":"","format":"standard","meta":{"footnotes":""},"categories":[6871,6716],"tags":[5640,1615,39,1385,4650,2171],"class_list":["post-423281","post","type-post","status-publish","format-standard","has-post-thumbnail","hentry","category-sociedade","category-tecnologia","tag-aldeias","tag-infraestrutura","tag-internet","tag-leiria","tag-regiao-centro","tag-telecomunicacoes"],"yoast_head":"<!-- This site is optimized with the Yoast SEO plugin v27.2 - https:\/\/yoast.com\/product\/yoast-seo-wordpress\/ -->\n<title>Em Leiria, antenas regressam enquanto se espera a fibra - Portal Tela Portugal<\/title>\n<meta name=\"robots\" content=\"index, follow, max-snippet:-1, max-image-preview:large, max-video-preview:-1\" \/>\n<meta property=\"og:locale\" content=\"pt_PT\" \/>\n<meta property=\"og:type\" content=\"article\" \/>\n<meta property=\"og:title\" content=\"Em Leiria, antenas regressam enquanto se espera a fibra - Portal Tela Portugal\" \/>\n<meta property=\"og:description\" content=\"No distrito de Leiria, v\u00e1rias aldeias continuam sem comunica\u00e7\u00f5es dois meses ap\u00f3s a passagem da depress\u00e3o Kristin, enquanto a fibra n\u00e3o chega. Em v\u00e1rias localidades, as pessoas recorrem a antenas antigas para conseguir sete canais de televis\u00e3o atrav\u00e9s da televis\u00e3o digital terrestre (TDT). Em Derreada Cimeira, Pedr\u00f3g\u00e3o Grande, V\u00edtor Henriques repara um barrac\u00e3o afetado pela tempestade e voltou a ligar a antena para ter televis\u00e3o, apesar de a fibra ainda n\u00e3o estar dispon\u00edvel. Em Carregal (Alvai\u00e1zere), B\u00e1rbara Rosa Silveira e outros residentes dependem da antena antiga e enviam informa\u00e7\u00f5es por meio de familiares, devido \u00e0 falta de internet. O coordenador da Estrutura de Miss\u00e3o para a Reconstru\u00e7\u00e3o afirmou que a reposi\u00e7\u00e3o das telecomunica\u00e7\u00f5es continua atrasada, deixando v\u00e1rias aldeias sem internet est\u00e1vel e acess\u00edvel.\" \/>\n<meta property=\"og:url\" content=\"https:\/\/portaltela.pt\/noticias\/2026\/03\/27\/em-leiria-antenas-regressam-enquanto-se-espera-a-fibra\/\" \/>\n<meta property=\"og:site_name\" content=\"Portal Tela Portugal\" \/>\n<meta property=\"article:published_time\" content=\"2026-03-27T08:13:28+00:00\" \/>\n<meta name=\"author\" content=\"Telinha\" \/>\n<meta name=\"twitter:card\" content=\"summary_large_image\" \/>\n<meta name=\"twitter:label1\" content=\"Escrito por\" \/>\n\t<meta name=\"twitter:data1\" content=\"Telinha\" \/>\n\t<meta name=\"twitter:label2\" content=\"Tempo estimado de leitura\" \/>\n\t<meta name=\"twitter:data2\" content=\"2 minutos\" \/>\n<script type=\"application\/ld+json\" class=\"yoast-schema-graph\">{\"@context\":\"https:\/\/schema.org\",\"@graph\":[{\"@type\":\"Article\",\"@id\":\"https:\/\/portaltela.pt\/noticias\/2026\/03\/27\/em-leiria-antenas-regressam-enquanto-se-espera-a-fibra\/#article\",\"isPartOf\":{\"@id\":\"https:\/\/portaltela.pt\/noticias\/2026\/03\/27\/em-leiria-antenas-regressam-enquanto-se-espera-a-fibra\/\"},\"author\":{\"name\":\"Telinha\",\"@id\":\"https:\/\/portaltela.pt\/#\/schema\/person\/c4278d4a6028830caff9ee44b42d32ed\"},\"headline\":\"Em Leiria, antenas regressam enquanto se espera a fibra\",\"datePublished\":\"2026-03-27T08:13:28+00:00\",\"mainEntityOfPage\":{\"@id\":\"https:\/\/portaltela.pt\/noticias\/2026\/03\/27\/em-leiria-antenas-regressam-enquanto-se-espera-a-fibra\/\"},\"wordCount\":487,\"image\":{\"@id\":\"https:\/\/portaltela.pt\/noticias\/2026\/03\/27\/em-leiria-antenas-regressam-enquanto-se-espera-a-fibra\/#primaryimage\"},\"thumbnailUrl\":\"https:\/\/portaltela.pt\/s.01k8rhncp4jt1\/2026\/03\/img_1500x1000uu2026-02-26-13-29-48-2269132.jpg\",\"keywords\":[\"aldeias\",\"infraestrutura\",\"internet\",\"Leiria\",\"Regi\u00e3o Centro\",\"telecomunica\u00e7\u00f5es\"],\"articleSection\":[\"Sociedade\",\"Tecnologia\"],\"inLanguage\":\"pt-PT\"},{\"@type\":\"WebPage\",\"@id\":\"https:\/\/portaltela.pt\/noticias\/2026\/03\/27\/em-leiria-antenas-regressam-enquanto-se-espera-a-fibra\/\",\"url\":\"https:\/\/portaltela.pt\/noticias\/2026\/03\/27\/em-leiria-antenas-regressam-enquanto-se-espera-a-fibra\/\",\"name\":\"Em Leiria, antenas regressam enquanto se espera a fibra - Portal Tela Portugal\",\"isPartOf\":{\"@id\":\"https:\/\/portaltela.pt\/#website\"},\"primaryImageOfPage\":{\"@id\":\"https:\/\/portaltela.pt\/noticias\/2026\/03\/27\/em-leiria-antenas-regressam-enquanto-se-espera-a-fibra\/#primaryimage\"},\"image\":{\"@id\":\"https:\/\/portaltela.pt\/noticias\/2026\/03\/27\/em-leiria-antenas-regressam-enquanto-se-espera-a-fibra\/#primaryimage\"},\"thumbnailUrl\":\"https:\/\/portaltela.pt\/s.01k8rhncp4jt1\/2026\/03\/img_1500x1000uu2026-02-26-13-29-48-2269132.jpg\",\"datePublished\":\"2026-03-27T08:13:28+00:00\",\"author\":{\"@id\":\"https:\/\/portaltela.pt\/#\/schema\/person\/c4278d4a6028830caff9ee44b42d32ed\"},\"breadcrumb\":{\"@id\":\"https:\/\/portaltela.pt\/noticias\/2026\/03\/27\/em-leiria-antenas-regressam-enquanto-se-espera-a-fibra\/#breadcrumb\"},\"inLanguage\":\"pt-PT\",\"potentialAction\":[{\"@type\":\"ReadAction\",\"target\":[\"https:\/\/portaltela.pt\/noticias\/2026\/03\/27\/em-leiria-antenas-regressam-enquanto-se-espera-a-fibra\/\"]}]},{\"@type\":\"ImageObject\",\"inLanguage\":\"pt-PT\",\"@id\":\"https:\/\/portaltela.pt\/noticias\/2026\/03\/27\/em-leiria-antenas-regressam-enquanto-se-espera-a-fibra\/#primaryimage\",\"url\":\"https:\/\/portaltela.pt\/s.01k8rhncp4jt1\/2026\/03\/img_1500x1000uu2026-02-26-13-29-48-2269132.jpg\",\"contentUrl\":\"https:\/\/portaltela.pt\/s.01k8rhncp4jt1\/2026\/03\/img_1500x1000uu2026-02-26-13-29-48-2269132.jpg\",\"width\":796,\"height\":448,\"caption\":\"Moradores de Leiria enfrentam apag\u00f5es, com mais de 200 clientes sem eletricidade\"},{\"@type\":\"BreadcrumbList\",\"@id\":\"https:\/\/portaltela.pt\/noticias\/2026\/03\/27\/em-leiria-antenas-regressam-enquanto-se-espera-a-fibra\/#breadcrumb\",\"itemListElement\":[{\"@type\":\"ListItem\",\"position\":1,\"name\":\"In\u00edcio\",\"item\":\"https:\/\/portaltela.pt\/\"},{\"@type\":\"ListItem\",\"position\":2,\"name\":\"Em Leiria, antenas regressam enquanto se espera a fibra\"}]},{\"@type\":\"WebSite\",\"@id\":\"https:\/\/portaltela.pt\/#website\",\"url\":\"https:\/\/portaltela.pt\/\",\"name\":\"Portal Tela Portugal\",\"description\":\"\",\"potentialAction\":[{\"@type\":\"SearchAction\",\"target\":{\"@type\":\"EntryPoint\",\"urlTemplate\":\"https:\/\/portaltela.pt\/?s={search_term_string}\"},\"query-input\":{\"@type\":\"PropertyValueSpecification\",\"valueRequired\":true,\"valueName\":\"search_term_string\"}}],\"inLanguage\":\"pt-PT\"},{\"@type\":\"Person\",\"@id\":\"https:\/\/portaltela.pt\/#\/schema\/person\/c4278d4a6028830caff9ee44b42d32ed\",\"name\":\"Telinha\",\"image\":{\"@type\":\"ImageObject\",\"inLanguage\":\"pt-PT\",\"@id\":\"https:\/\/portaltela.pt\/s.01k8rhncp4jt1\/2025\/11\/talking-bot-125x125.png\",\"url\":\"https:\/\/portaltela.pt\/s.01k8rhncp4jt1\/2025\/11\/talking-bot-125x125.png\",\"contentUrl\":\"https:\/\/portaltela.pt\/s.01k8rhncp4jt1\/2025\/11\/talking-bot-125x125.png\",\"caption\":\"Telinha\"},\"sameAs\":[\"https:\/\/portaltela.pt\/\"],\"url\":\"https:\/\/portaltela.pt\/por\/367410592786\/\"}]}<\/script>\n<!-- \/ Yoast SEO plugin. -->","yoast_head_json":{"title":"Em Leiria, antenas regressam enquanto se espera a fibra - Portal Tela Portugal","robots":{"index":"index","follow":"follow","max-snippet":"max-snippet:-1","max-image-preview":"max-image-preview:large","max-video-preview":"max-video-preview:-1"},"og_locale":"pt_PT","og_type":"article","og_title":"Em Leiria, antenas regressam enquanto se espera a fibra - Portal Tela Portugal","og_description":"No distrito de Leiria, v\u00e1rias aldeias continuam sem comunica\u00e7\u00f5es dois meses ap\u00f3s a passagem da depress\u00e3o Kristin, enquanto a fibra n\u00e3o chega. Em v\u00e1rias localidades, as pessoas recorrem a antenas antigas para conseguir sete canais de televis\u00e3o atrav\u00e9s da televis\u00e3o digital terrestre (TDT). Em Derreada Cimeira, Pedr\u00f3g\u00e3o Grande, V\u00edtor Henriques repara um barrac\u00e3o afetado pela tempestade e voltou a ligar a antena para ter televis\u00e3o, apesar de a fibra ainda n\u00e3o estar dispon\u00edvel. Em Carregal (Alvai\u00e1zere), B\u00e1rbara Rosa Silveira e outros residentes dependem da antena antiga e enviam informa\u00e7\u00f5es por meio de familiares, devido \u00e0 falta de internet. O coordenador da Estrutura de Miss\u00e3o para a Reconstru\u00e7\u00e3o afirmou que a reposi\u00e7\u00e3o das telecomunica\u00e7\u00f5es continua atrasada, deixando v\u00e1rias aldeias sem internet est\u00e1vel e acess\u00edvel.","og_url":"https:\/\/portaltela.pt\/noticias\/2026\/03\/27\/em-leiria-antenas-regressam-enquanto-se-espera-a-fibra\/","og_site_name":"Portal Tela Portugal","article_published_time":"2026-03-27T08:13:28+00:00","author":"Telinha","twitter_card":"summary_large_image","twitter_misc":{"Escrito por":"Telinha","Tempo estimado de leitura":"2 minutos"},"schema":{"@context":"https:\/\/schema.org","@graph":[{"@type":"Article","@id":"https:\/\/portaltela.pt\/noticias\/2026\/03\/27\/em-leiria-antenas-regressam-enquanto-se-espera-a-fibra\/#article","isPartOf":{"@id":"https:\/\/portaltela.pt\/noticias\/2026\/03\/27\/em-leiria-antenas-regressam-enquanto-se-espera-a-fibra\/"},"author":{"name":"Telinha","@id":"https:\/\/portaltela.pt\/#\/schema\/person\/c4278d4a6028830caff9ee44b42d32ed"},"headline":"Em Leiria, antenas regressam enquanto se espera a fibra","datePublished":"2026-03-27T08:13:28+00:00","mainEntityOfPage":{"@id":"https:\/\/portaltela.pt\/noticias\/2026\/03\/27\/em-leiria-antenas-regressam-enquanto-se-espera-a-fibra\/"},"wordCount":487,"image":{"@id":"https:\/\/portaltela.pt\/noticias\/2026\/03\/27\/em-leiria-antenas-regressam-enquanto-se-espera-a-fibra\/#primaryimage"},"thumbnailUrl":"https:\/\/portaltela.pt\/s.01k8rhncp4jt1\/2026\/03\/img_1500x1000uu2026-02-26-13-29-48-2269132.jpg","keywords":["aldeias","infraestrutura","internet","Leiria","Regi\u00e3o Centro","telecomunica\u00e7\u00f5es"],"articleSection":["Sociedade","Tecnologia"],"inLanguage":"pt-PT"},{"@type":"WebPage","@id":"https:\/\/portaltela.pt\/noticias\/2026\/03\/27\/em-leiria-antenas-regressam-enquanto-se-espera-a-fibra\/","url":"https:\/\/portaltela.pt\/noticias\/2026\/03\/27\/em-leiria-antenas-regressam-enquanto-se-espera-a-fibra\/","name":"Em Leiria, antenas regressam enquanto se espera a fibra - Portal Tela Portugal","isPartOf":{"@id":"https:\/\/portaltela.pt\/#website"},"primaryImageOfPage":{"@id":"https:\/\/portaltela.pt\/noticias\/2026\/03\/27\/em-leiria-antenas-regressam-enquanto-se-espera-a-fibra\/#primaryimage"},"image":{"@id":"https:\/\/portaltela.pt\/noticias\/2026\/03\/27\/em-leiria-antenas-regressam-enquanto-se-espera-a-fibra\/#primaryimage"},"thumbnailUrl":"https:\/\/portaltela.pt\/s.01k8rhncp4jt1\/2026\/03\/img_1500x1000uu2026-02-26-13-29-48-2269132.jpg","datePublished":"2026-03-27T08:13:28+00:00","author":{"@id":"https:\/\/portaltela.pt\/#\/schema\/person\/c4278d4a6028830caff9ee44b42d32ed"},"breadcrumb":{"@id":"https:\/\/portaltela.pt\/noticias\/2026\/03\/27\/em-leiria-antenas-regressam-enquanto-se-espera-a-fibra\/#breadcrumb"},"inLanguage":"pt-PT","potentialAction":[{"@type":"ReadAction","target":["https:\/\/portaltela.pt\/noticias\/2026\/03\/27\/em-leiria-antenas-regressam-enquanto-se-espera-a-fibra\/"]}]},{"@type":"ImageObject","inLanguage":"pt-PT","@id":"https:\/\/portaltela.pt\/noticias\/2026\/03\/27\/em-leiria-antenas-regressam-enquanto-se-espera-a-fibra\/#primaryimage","url":"https:\/\/portaltela.pt\/s.01k8rhncp4jt1\/2026\/03\/img_1500x1000uu2026-02-26-13-29-48-2269132.jpg","contentUrl":"https:\/\/portaltela.pt\/s.01k8rhncp4jt1\/2026\/03\/img_1500x1000uu2026-02-26-13-29-48-2269132.jpg","width":796,"height":448,"caption":"Moradores de Leiria enfrentam apag\u00f5es, com mais de 200 clientes sem eletricidade"},{"@type":"BreadcrumbList","@id":"https:\/\/portaltela.pt\/noticias\/2026\/03\/27\/em-leiria-antenas-regressam-enquanto-se-espera-a-fibra\/#breadcrumb","itemListElement":[{"@type":"ListItem","position":1,"name":"In\u00edcio","item":"https:\/\/portaltela.pt\/"},{"@type":"ListItem","position":2,"name":"Em Leiria, antenas regressam enquanto se espera a fibra"}]},{"@type":"WebSite","@id":"https:\/\/portaltela.pt\/#website","url":"https:\/\/portaltela.pt\/","name":"Portal Tela Portugal","description":"","potentialAction":[{"@type":"SearchAction","target":{"@type":"EntryPoint","urlTemplate":"https:\/\/portaltela.pt\/?s={search_term_string}"},"query-input":{"@type":"PropertyValueSpecification","valueRequired":true,"valueName":"search_term_string"}}],"inLanguage":"pt-PT"},{"@type":"Person","@id":"https:\/\/portaltela.pt\/#\/schema\/person\/c4278d4a6028830caff9ee44b42d32ed","name":"Telinha","image":{"@type":"ImageObject","inLanguage":"pt-PT","@id":"https:\/\/portaltela.pt\/s.01k8rhncp4jt1\/2025\/11\/talking-bot-125x125.png","url":"https:\/\/portaltela.pt\/s.01k8rhncp4jt1\/2025\/11\/talking-bot-125x125.png","contentUrl":"https:\/\/portaltela.pt\/s.01k8rhncp4jt1\/2025\/11\/talking-bot-125x125.png","caption":"Telinha"},"sameAs":["https:\/\/portaltela.pt\/"],"url":"https:\/\/portaltela.pt\/por\/367410592786\/"}]}},"_links":{"self":[{"href":"https:\/\/portaltela.pt\/api\/wp\/v2\/posts\/423281","targetHints":{"allow":["GET"]}}],"collection":[{"href":"https:\/\/portaltela.pt\/api\/wp\/v2\/posts"}],"about":[{"href":"https:\/\/portaltela.pt\/api\/wp\/v2\/types\/post"}],"author":[{"embeddable":true,"href":"https:\/\/portaltela.pt\/api\/wp\/v2\/users\/2"}],"replies":[{"embeddable":true,"href":"https:\/\/portaltela.pt\/api\/wp\/v2\/comments?post=423281"}],"version-history":[{"count":0,"href":"https:\/\/portaltela.pt\/api\/wp\/v2\/posts\/423281\/revisions"}],"wp:featuredmedia":[{"embeddable":true,"href":"https:\/\/portaltela.pt\/api\/wp\/v2\/media\/423287"}],"wp:attachment":[{"href":"https:\/\/portaltela.pt\/api\/wp\/v2\/media?parent=423281"}],"wp:term":[{"taxonomy":"category","embeddable":true,"href":"https:\/\/portaltela.pt\/api\/wp\/v2\/categories?post=423281"},{"taxonomy":"post_tag","embeddable":true,"href":"https:\/\/portaltela.pt\/api\/wp\/v2\/tags?post=423281"}],"curies":[{"name":"wp","href":"https:\/\/api.w.org\/{rel}","templated":true}]}}