{"id":423270,"date":"2026-03-23T15:41:05","date_gmt":"2026-03-23T18:41:05","guid":{"rendered":"https:\/\/portaltela.pt\/noticias\/2026\/03\/23\/francisco-trincao-chega-com-destaque-a-concentracao-da-selecao\/"},"modified":"2026-03-23T15:41:05","modified_gmt":"2026-03-23T18:41:05","slug":"francisco-trincao-chega-com-destaque-a-concentracao-da-selecao","status":"publish","type":"post","link":"https:\/\/portaltela.pt\/desporto\/futebol\/2026\/03\/23\/francisco-trincao-chega-com-destaque-a-concentracao-da-selecao\/","title":{"rendered":"Francisco Trinc\u00e3o chega com destaque \u00e0 concentra\u00e7\u00e3o da Sele\u00e7\u00e3o"},"content":{"rendered":"<p>A Sele\u00e7\u00e3o Nacional concentrou-se esta segunda-feira na Cidade do Futebol, iniciando a prepara\u00e7\u00e3o para os particulares diante de M\u00e9xico e Estados Unidos, marcados para as madrugadas de dia 29 e 1 de abril, respetivamente. A Federa\u00e7\u00e3o Portuguesa de Futebol partilhou as imagens nas redes sociais.<\/p>\n<p>Entre os registos divulgados, destacou-se a chegada de Francisco Trinc\u00e3o, que gerou particular aten\u00e7\u00e3o no grupo de jogadores que se apresentou no recinto.<\/p>\n<p>O avan\u00e7ado do Sporting surgiu com \u00f3culos de sol, cal\u00e7as bege e camisola azul, complementadas por um casaco branco com cinto incorporado.<\/p>\n<p>A comitiva segue a preparar-se para enfrentar os advers\u00e1rios em hor\u00e1rios adaptados ao fuso hor\u00e1rio, no \u00e2mbito de uma janela de jogos de treino a seguir \u00e0 divulga\u00e7\u00e3o oficial.<\/p>\n","protected":false},"excerpt":{"rendered":"<ul>\n<li>A Sele\u00e7\u00e3o Nacional concentrou-se na Cidade do Futebol para iniciar a prepara\u00e7\u00e3o para os particulares frente a M\u00e9xico e Estados Unidos.<\/li>\n<li>Os encontros est\u00e3o agendados para as madrugadas de dia 29 e 1 de abril, respetivamente.<\/li>\n<li>A Federa\u00e7\u00e3o Portuguesa de Futebol publicou imagens da chegada dos jogadores \u00e0 concentra\u00e7\u00e3o.<\/li>\n<li>Francisco Trinc\u00e3o destacouse na partilha, chegando com \u00f3culos de sol e um visual composto por cal\u00e7as bege, camisola azul e casaco branco com cinto incorporado.<\/li>\n<\/ul>\n","protected":false},"author":2,"featured_media":423276,"comment_status":"closed","ping_status":"closed","sticky":false,"template":"","format":"standard","meta":{"footnotes":""},"categories":[21,24],"tags":[5838,1600,32,6380,2057,3374],"class_list":["post-423270","post","type-post","status-publish","format-standard","has-post-thumbnail","hentry","category-desporto","category-futebol","tag-cidade-do-futebol","tag-estados-unidos","tag-futebol","tag-mexico","tag-selecao-nacional","tag-trincao"],"yoast_head":"<!-- This site is optimized with the Yoast SEO plugin v27.2 - https:\/\/yoast.com\/product\/yoast-seo-wordpress\/ -->\n<title>Francisco Trinc\u00e3o chega com destaque \u00e0 concentra\u00e7\u00e3o da Sele\u00e7\u00e3o - Portal Tela Portugal<\/title>\n<meta name=\"robots\" content=\"index, follow, max-snippet:-1, max-image-preview:large, max-video-preview:-1\" \/>\n<meta property=\"og:locale\" content=\"pt_PT\" \/>\n<meta property=\"og:type\" content=\"article\" \/>\n<meta property=\"og:title\" content=\"Francisco Trinc\u00e3o chega com destaque \u00e0 concentra\u00e7\u00e3o da Sele\u00e7\u00e3o - Portal Tela Portugal\" \/>\n<meta property=\"og:description\" content=\"A Sele\u00e7\u00e3o Nacional concentrou-se na Cidade do Futebol para iniciar a prepara\u00e7\u00e3o para os particulares frente a M\u00e9xico e Estados Unidos. Os encontros est\u00e3o agendados para as madrugadas de dia 29 e 1 de abril, respetivamente. A Federa\u00e7\u00e3o Portuguesa de Futebol publicou imagens da chegada dos jogadores \u00e0 concentra\u00e7\u00e3o. Francisco Trinc\u00e3o destacouse na partilha, chegando com \u00f3culos de sol e um visual composto por cal\u00e7as bege, camisola azul e casaco branco com cinto incorporado.\" \/>\n<meta property=\"og:url\" content=\"https:\/\/portaltela.pt\/noticias\/2026\/03\/23\/francisco-trincao-chega-com-destaque-a-concentracao-da-selecao\/\" \/>\n<meta property=\"og:site_name\" content=\"Portal Tela Portugal\" \/>\n<meta property=\"article:published_time\" content=\"2026-03-23T18:41:05+00:00\" \/>\n<meta name=\"author\" content=\"Telinha\" \/>\n<meta name=\"twitter:card\" content=\"summary_large_image\" \/>\n<meta name=\"twitter:label1\" content=\"Escrito por\" \/>\n\t<meta name=\"twitter:data1\" content=\"Telinha\" \/>\n\t<meta name=\"twitter:label2\" content=\"Tempo estimado de leitura\" \/>\n\t<meta name=\"twitter:data2\" content=\"1 minuto\" \/>\n<script type=\"application\/ld+json\" class=\"yoast-schema-graph\">{\"@context\":\"https:\/\/schema.org\",\"@graph\":[{\"@type\":\"Article\",\"@id\":\"https:\/\/portaltela.pt\/noticias\/2026\/03\/23\/francisco-trincao-chega-com-destaque-a-concentracao-da-selecao\/#article\",\"isPartOf\":{\"@id\":\"https:\/\/portaltela.pt\/noticias\/2026\/03\/23\/francisco-trincao-chega-com-destaque-a-concentracao-da-selecao\/\"},\"author\":{\"name\":\"Telinha\",\"@id\":\"https:\/\/portaltela.pt\/#\/schema\/person\/c4278d4a6028830caff9ee44b42d32ed\"},\"headline\":\"Francisco Trinc\u00e3o chega com destaque \u00e0 concentra\u00e7\u00e3o da Sele\u00e7\u00e3o\",\"datePublished\":\"2026-03-23T18:41:05+00:00\",\"mainEntityOfPage\":{\"@id\":\"https:\/\/portaltela.pt\/noticias\/2026\/03\/23\/francisco-trincao-chega-com-destaque-a-concentracao-da-selecao\/\"},\"wordCount\":139,\"image\":{\"@id\":\"https:\/\/portaltela.pt\/noticias\/2026\/03\/23\/francisco-trincao-chega-com-destaque-a-concentracao-da-selecao\/#primaryimage\"},\"thumbnailUrl\":\"https:\/\/portaltela.pt\/s.01k8rhncp4jt1\/2026\/03\/img_1200x721uu2026-03-23-17-44-32-2428932.jpg\",\"keywords\":[\"Cidade do Futebol\",\"Estados Unidos\",\"futebol\",\"M\u00e9xico\",\"Sele\u00e7\u00e3o Nacional\",\"Trinc\u00e3o\"],\"articleSection\":[\"Desporto\",\"Futebol\"],\"inLanguage\":\"pt-PT\"},{\"@type\":\"WebPage\",\"@id\":\"https:\/\/portaltela.pt\/noticias\/2026\/03\/23\/francisco-trincao-chega-com-destaque-a-concentracao-da-selecao\/\",\"url\":\"https:\/\/portaltela.pt\/noticias\/2026\/03\/23\/francisco-trincao-chega-com-destaque-a-concentracao-da-selecao\/\",\"name\":\"Francisco Trinc\u00e3o chega com destaque \u00e0 concentra\u00e7\u00e3o da Sele\u00e7\u00e3o - Portal Tela Portugal\",\"isPartOf\":{\"@id\":\"https:\/\/portaltela.pt\/#website\"},\"primaryImageOfPage\":{\"@id\":\"https:\/\/portaltela.pt\/noticias\/2026\/03\/23\/francisco-trincao-chega-com-destaque-a-concentracao-da-selecao\/#primaryimage\"},\"image\":{\"@id\":\"https:\/\/portaltela.pt\/noticias\/2026\/03\/23\/francisco-trincao-chega-com-destaque-a-concentracao-da-selecao\/#primaryimage\"},\"thumbnailUrl\":\"https:\/\/portaltela.pt\/s.01k8rhncp4jt1\/2026\/03\/img_1200x721uu2026-03-23-17-44-32-2428932.jpg\",\"datePublished\":\"2026-03-23T18:41:05+00:00\",\"author\":{\"@id\":\"https:\/\/portaltela.pt\/#\/schema\/person\/c4278d4a6028830caff9ee44b42d32ed\"},\"breadcrumb\":{\"@id\":\"https:\/\/portaltela.pt\/noticias\/2026\/03\/23\/francisco-trincao-chega-com-destaque-a-concentracao-da-selecao\/#breadcrumb\"},\"inLanguage\":\"pt-PT\",\"potentialAction\":[{\"@type\":\"ReadAction\",\"target\":[\"https:\/\/portaltela.pt\/noticias\/2026\/03\/23\/francisco-trincao-chega-com-destaque-a-concentracao-da-selecao\/\"]}]},{\"@type\":\"ImageObject\",\"inLanguage\":\"pt-PT\",\"@id\":\"https:\/\/portaltela.pt\/noticias\/2026\/03\/23\/francisco-trincao-chega-com-destaque-a-concentracao-da-selecao\/#primaryimage\",\"url\":\"https:\/\/portaltela.pt\/s.01k8rhncp4jt1\/2026\/03\/img_1200x721uu2026-03-23-17-44-32-2428932.jpg\",\"contentUrl\":\"https:\/\/portaltela.pt\/s.01k8rhncp4jt1\/2026\/03\/img_1200x721uu2026-03-23-17-44-32-2428932.jpg\",\"width\":796,\"height\":448,\"caption\":\"A Sele\u00e7\u00e3o Nacional concentrou-se esta segunda-feira na Cidade do Futebol, dando in\u00edcio \u00e0 prepara\u00e7\u00e3o para os particulares frente a M\u00e9xico e Estados Unidos, marcados para as madrugadas de dia 29 e 1 de abril, respetivamente. A chegada dos internacionais portugueses foi partilhada nas redes sociais pela Federa\u00e7\u00e3o Portuguesa de Futebol. Entre os v\u00e1rios registos divulgados, destacou-se a chegada de Francisco Trinc\u00e3o, que n\u00e3o passou despercebida. O avan\u00e7ado do Sporting surgiu de \u00f3culos de sol e com um visual composto por cal\u00e7as bege, camisola azul e, a pe\u00e7a-chave do 'outfit', um casaco branco com cinto incorporado.\"},{\"@type\":\"BreadcrumbList\",\"@id\":\"https:\/\/portaltela.pt\/noticias\/2026\/03\/23\/francisco-trincao-chega-com-destaque-a-concentracao-da-selecao\/#breadcrumb\",\"itemListElement\":[{\"@type\":\"ListItem\",\"position\":1,\"name\":\"In\u00edcio\",\"item\":\"https:\/\/portaltela.pt\/\"},{\"@type\":\"ListItem\",\"position\":2,\"name\":\"Francisco Trinc\u00e3o chega com destaque \u00e0 concentra\u00e7\u00e3o da Sele\u00e7\u00e3o\"}]},{\"@type\":\"WebSite\",\"@id\":\"https:\/\/portaltela.pt\/#website\",\"url\":\"https:\/\/portaltela.pt\/\",\"name\":\"Portal Tela Portugal\",\"description\":\"\",\"potentialAction\":[{\"@type\":\"SearchAction\",\"target\":{\"@type\":\"EntryPoint\",\"urlTemplate\":\"https:\/\/portaltela.pt\/?s={search_term_string}\"},\"query-input\":{\"@type\":\"PropertyValueSpecification\",\"valueRequired\":true,\"valueName\":\"search_term_string\"}}],\"inLanguage\":\"pt-PT\"},{\"@type\":\"Person\",\"@id\":\"https:\/\/portaltela.pt\/#\/schema\/person\/c4278d4a6028830caff9ee44b42d32ed\",\"name\":\"Telinha\",\"image\":{\"@type\":\"ImageObject\",\"inLanguage\":\"pt-PT\",\"@id\":\"https:\/\/portaltela.pt\/s.01k8rhncp4jt1\/2025\/11\/talking-bot-125x125.png\",\"url\":\"https:\/\/portaltela.pt\/s.01k8rhncp4jt1\/2025\/11\/talking-bot-125x125.png\",\"contentUrl\":\"https:\/\/portaltela.pt\/s.01k8rhncp4jt1\/2025\/11\/talking-bot-125x125.png\",\"caption\":\"Telinha\"},\"sameAs\":[\"https:\/\/portaltela.pt\/\"],\"url\":\"https:\/\/portaltela.pt\/por\/367410592786\/\"}]}<\/script>\n<!-- \/ Yoast SEO plugin. -->","yoast_head_json":{"title":"Francisco Trinc\u00e3o chega com destaque \u00e0 concentra\u00e7\u00e3o da Sele\u00e7\u00e3o - Portal Tela Portugal","robots":{"index":"index","follow":"follow","max-snippet":"max-snippet:-1","max-image-preview":"max-image-preview:large","max-video-preview":"max-video-preview:-1"},"og_locale":"pt_PT","og_type":"article","og_title":"Francisco Trinc\u00e3o chega com destaque \u00e0 concentra\u00e7\u00e3o da Sele\u00e7\u00e3o - Portal Tela Portugal","og_description":"A Sele\u00e7\u00e3o Nacional concentrou-se na Cidade do Futebol para iniciar a prepara\u00e7\u00e3o para os particulares frente a M\u00e9xico e Estados Unidos. Os encontros est\u00e3o agendados para as madrugadas de dia 29 e 1 de abril, respetivamente. A Federa\u00e7\u00e3o Portuguesa de Futebol publicou imagens da chegada dos jogadores \u00e0 concentra\u00e7\u00e3o. Francisco Trinc\u00e3o destacouse na partilha, chegando com \u00f3culos de sol e um visual composto por cal\u00e7as bege, camisola azul e casaco branco com cinto incorporado.","og_url":"https:\/\/portaltela.pt\/noticias\/2026\/03\/23\/francisco-trincao-chega-com-destaque-a-concentracao-da-selecao\/","og_site_name":"Portal Tela Portugal","article_published_time":"2026-03-23T18:41:05+00:00","author":"Telinha","twitter_card":"summary_large_image","twitter_misc":{"Escrito por":"Telinha","Tempo estimado de leitura":"1 minuto"},"schema":{"@context":"https:\/\/schema.org","@graph":[{"@type":"Article","@id":"https:\/\/portaltela.pt\/noticias\/2026\/03\/23\/francisco-trincao-chega-com-destaque-a-concentracao-da-selecao\/#article","isPartOf":{"@id":"https:\/\/portaltela.pt\/noticias\/2026\/03\/23\/francisco-trincao-chega-com-destaque-a-concentracao-da-selecao\/"},"author":{"name":"Telinha","@id":"https:\/\/portaltela.pt\/#\/schema\/person\/c4278d4a6028830caff9ee44b42d32ed"},"headline":"Francisco Trinc\u00e3o chega com destaque \u00e0 concentra\u00e7\u00e3o da Sele\u00e7\u00e3o","datePublished":"2026-03-23T18:41:05+00:00","mainEntityOfPage":{"@id":"https:\/\/portaltela.pt\/noticias\/2026\/03\/23\/francisco-trincao-chega-com-destaque-a-concentracao-da-selecao\/"},"wordCount":139,"image":{"@id":"https:\/\/portaltela.pt\/noticias\/2026\/03\/23\/francisco-trincao-chega-com-destaque-a-concentracao-da-selecao\/#primaryimage"},"thumbnailUrl":"https:\/\/portaltela.pt\/s.01k8rhncp4jt1\/2026\/03\/img_1200x721uu2026-03-23-17-44-32-2428932.jpg","keywords":["Cidade do Futebol","Estados Unidos","futebol","M\u00e9xico","Sele\u00e7\u00e3o Nacional","Trinc\u00e3o"],"articleSection":["Desporto","Futebol"],"inLanguage":"pt-PT"},{"@type":"WebPage","@id":"https:\/\/portaltela.pt\/noticias\/2026\/03\/23\/francisco-trincao-chega-com-destaque-a-concentracao-da-selecao\/","url":"https:\/\/portaltela.pt\/noticias\/2026\/03\/23\/francisco-trincao-chega-com-destaque-a-concentracao-da-selecao\/","name":"Francisco Trinc\u00e3o chega com destaque \u00e0 concentra\u00e7\u00e3o da Sele\u00e7\u00e3o - Portal Tela Portugal","isPartOf":{"@id":"https:\/\/portaltela.pt\/#website"},"primaryImageOfPage":{"@id":"https:\/\/portaltela.pt\/noticias\/2026\/03\/23\/francisco-trincao-chega-com-destaque-a-concentracao-da-selecao\/#primaryimage"},"image":{"@id":"https:\/\/portaltela.pt\/noticias\/2026\/03\/23\/francisco-trincao-chega-com-destaque-a-concentracao-da-selecao\/#primaryimage"},"thumbnailUrl":"https:\/\/portaltela.pt\/s.01k8rhncp4jt1\/2026\/03\/img_1200x721uu2026-03-23-17-44-32-2428932.jpg","datePublished":"2026-03-23T18:41:05+00:00","author":{"@id":"https:\/\/portaltela.pt\/#\/schema\/person\/c4278d4a6028830caff9ee44b42d32ed"},"breadcrumb":{"@id":"https:\/\/portaltela.pt\/noticias\/2026\/03\/23\/francisco-trincao-chega-com-destaque-a-concentracao-da-selecao\/#breadcrumb"},"inLanguage":"pt-PT","potentialAction":[{"@type":"ReadAction","target":["https:\/\/portaltela.pt\/noticias\/2026\/03\/23\/francisco-trincao-chega-com-destaque-a-concentracao-da-selecao\/"]}]},{"@type":"ImageObject","inLanguage":"pt-PT","@id":"https:\/\/portaltela.pt\/noticias\/2026\/03\/23\/francisco-trincao-chega-com-destaque-a-concentracao-da-selecao\/#primaryimage","url":"https:\/\/portaltela.pt\/s.01k8rhncp4jt1\/2026\/03\/img_1200x721uu2026-03-23-17-44-32-2428932.jpg","contentUrl":"https:\/\/portaltela.pt\/s.01k8rhncp4jt1\/2026\/03\/img_1200x721uu2026-03-23-17-44-32-2428932.jpg","width":796,"height":448,"caption":"A Sele\u00e7\u00e3o Nacional concentrou-se esta segunda-feira na Cidade do Futebol, dando in\u00edcio \u00e0 prepara\u00e7\u00e3o para os particulares frente a M\u00e9xico e Estados Unidos, marcados para as madrugadas de dia 29 e 1 de abril, respetivamente. A chegada dos internacionais portugueses foi partilhada nas redes sociais pela Federa\u00e7\u00e3o Portuguesa de Futebol. Entre os v\u00e1rios registos divulgados, destacou-se a chegada de Francisco Trinc\u00e3o, que n\u00e3o passou despercebida. O avan\u00e7ado do Sporting surgiu de \u00f3culos de sol e com um visual composto por cal\u00e7as bege, camisola azul e, a pe\u00e7a-chave do 'outfit', um casaco branco com cinto incorporado."},{"@type":"BreadcrumbList","@id":"https:\/\/portaltela.pt\/noticias\/2026\/03\/23\/francisco-trincao-chega-com-destaque-a-concentracao-da-selecao\/#breadcrumb","itemListElement":[{"@type":"ListItem","position":1,"name":"In\u00edcio","item":"https:\/\/portaltela.pt\/"},{"@type":"ListItem","position":2,"name":"Francisco Trinc\u00e3o chega com destaque \u00e0 concentra\u00e7\u00e3o da Sele\u00e7\u00e3o"}]},{"@type":"WebSite","@id":"https:\/\/portaltela.pt\/#website","url":"https:\/\/portaltela.pt\/","name":"Portal Tela Portugal","description":"","potentialAction":[{"@type":"SearchAction","target":{"@type":"EntryPoint","urlTemplate":"https:\/\/portaltela.pt\/?s={search_term_string}"},"query-input":{"@type":"PropertyValueSpecification","valueRequired":true,"valueName":"search_term_string"}}],"inLanguage":"pt-PT"},{"@type":"Person","@id":"https:\/\/portaltela.pt\/#\/schema\/person\/c4278d4a6028830caff9ee44b42d32ed","name":"Telinha","image":{"@type":"ImageObject","inLanguage":"pt-PT","@id":"https:\/\/portaltela.pt\/s.01k8rhncp4jt1\/2025\/11\/talking-bot-125x125.png","url":"https:\/\/portaltela.pt\/s.01k8rhncp4jt1\/2025\/11\/talking-bot-125x125.png","contentUrl":"https:\/\/portaltela.pt\/s.01k8rhncp4jt1\/2025\/11\/talking-bot-125x125.png","caption":"Telinha"},"sameAs":["https:\/\/portaltela.pt\/"],"url":"https:\/\/portaltela.pt\/por\/367410592786\/"}]}},"_links":{"self":[{"href":"https:\/\/portaltela.pt\/api\/wp\/v2\/posts\/423270","targetHints":{"allow":["GET"]}}],"collection":[{"href":"https:\/\/portaltela.pt\/api\/wp\/v2\/posts"}],"about":[{"href":"https:\/\/portaltela.pt\/api\/wp\/v2\/types\/post"}],"author":[{"embeddable":true,"href":"https:\/\/portaltela.pt\/api\/wp\/v2\/users\/2"}],"replies":[{"embeddable":true,"href":"https:\/\/portaltela.pt\/api\/wp\/v2\/comments?post=423270"}],"version-history":[{"count":0,"href":"https:\/\/portaltela.pt\/api\/wp\/v2\/posts\/423270\/revisions"}],"wp:featuredmedia":[{"embeddable":true,"href":"https:\/\/portaltela.pt\/api\/wp\/v2\/media\/423276"}],"wp:attachment":[{"href":"https:\/\/portaltela.pt\/api\/wp\/v2\/media?parent=423270"}],"wp:term":[{"taxonomy":"category","embeddable":true,"href":"https:\/\/portaltela.pt\/api\/wp\/v2\/categories?post=423270"},{"taxonomy":"post_tag","embeddable":true,"href":"https:\/\/portaltela.pt\/api\/wp\/v2\/tags?post=423270"}],"curies":[{"name":"wp","href":"https:\/\/api.w.org\/{rel}","templated":true}]}}