{"id":423254,"date":"2026-03-27T04:38:00","date_gmt":"2026-03-27T07:38:00","guid":{"rendered":"https:\/\/portaltela.pt\/noticias\/2026\/03\/27\/psp-alerta-para-degradacao-de-instalacoes-de-esquadra-no-porto\/"},"modified":"2026-03-27T04:38:00","modified_gmt":"2026-03-27T07:38:00","slug":"psp-alerta-para-degradacao-de-instalacoes-de-esquadra-no-porto","status":"publish","type":"post","link":"https:\/\/portaltela.pt\/seguranca\/2026\/03\/27\/psp-alerta-para-degradacao-de-instalacoes-de-esquadra-no-porto\/","title":{"rendered":"PSP alerta para degrada\u00e7\u00e3o de instala\u00e7\u00f5es de esquadra no Porto"},"content":{"rendered":"<p>A Associa\u00e7\u00e3o Sindical dos Profissionais da Pol\u00edcia (ASPP\/PSP) alertou para a degrada\u00e7\u00e3o das instala\u00e7\u00f5es da 2.\u00aa Esquadra de Investiga\u00e7\u00e3o Criminal do Porto, destacando graves condi\u00e7\u00f5es de seguran\u00e7a, sa\u00fade e dignidade no Edif\u00edcio Rainha Santa Isabel, na freguesia do Bonfim. A den\u00fancia foi feita esta sexta-feira pela APSP\/PSP.<\/p>\n<p>Em comunicado, a associa\u00e7\u00e3o afirmou ter enviado na quinta-feira uma exposi\u00e7\u00e3o formal ao Comandante Metropolitano da PSP do Porto, expressando preocupa\u00e7\u00e3o com as condi\u00e7\u00f5es de trabalho verificadas no edif\u00edcio. A ASPP\/PSP sustenta que o espa\u00e7o j\u00e1 n\u00e3o cumpre as exig\u00eancias m\u00ednimas de seguran\u00e7a, sa\u00fade e dignidade para o desempenho das fun\u00e7\u00f5es policiais.<\/p>\n<p>A ASPP\/PSP recorda que a anterior sede da 1.\u00aa Divis\u00e3o saiu do local precisamente por motivos id\u00eanticos, o que, na perspetiva da associa\u00e7\u00e3o, torna incompreens\u00edvel a perman\u00eancia da 2.\u00aa Esquadra de Investiga\u00e7\u00e3o Criminal naquele edif\u00edcio. Questiona ainda a avalia\u00e7\u00e3o do Comando Metropolitano sobre a manuten\u00e7\u00e3o do espa\u00e7o e solicita explica\u00e7\u00f5es sobre os fundamentos de tratamento diferenciado entre pol\u00edcias e as medidas previstas para resolver a situa\u00e7\u00e3o com urg\u00eancia.<\/p>\n<p>A comunica\u00e7\u00e3o da associa\u00e7\u00e3o tamb\u00e9m indaga quais s\u00e3o os prazos para a implementa\u00e7\u00e3o de melhorias, bem como as a\u00e7\u00f5es concretas que ser\u00e3o tomadas para repor condi\u00e7\u00f5es adequadas de trabalho. A ASPP\/PSP afirma que n\u00e3o \u00e9 aceit\u00e1vel que profissionais continuem a exercer fun\u00e7\u00f5es em instala\u00e7\u00f5es reconhecidas como impr\u00f3prias pela pr\u00f3pria hierarquia.<\/p>\n","protected":false},"excerpt":{"rendered":"<ul>\n<li>A Associa\u00e7\u00e3o Sindical dos Profissionais da Pol\u00edcia (ASPP\/PSP) alertou para a degradu\u00e7\u00e3o das instala\u00e7\u00f5es da 2.\u00aa Esquadra de Investiga\u00e7\u00e3o Criminal do Porto, destacando graves condi\u00e7\u00f5es de seguran\u00e7a, sa\u00fade e dignidade.<\/li>\n<li>A ASPP\/PSP enviou uma exposi\u00e7\u00e3o formal ao Comandante Metropolitano da PSP do Porto, na sequ\u00eancia do estado verificado no Edif\u00edcio Rainha Santa Isabel, no Bonfim.<\/li>\n<li>A associa\u00e7\u00e3o afirma que o edif\u00edcio j\u00e1 n\u00e3o re\u00fane condi\u00e7\u00f5es m\u00ednimas para o exerc\u00edcio da fun\u00e7\u00e3o policial e lembra que, anteriormente, a sede da 1.\u00aa Divis\u00e3o abandonou o local pelos mesmos motivos.<\/li>\n<li>Questiona a manuten\u00e7\u00e3o da 2.\u00aa Esquadra em instala\u00e7\u00f5es consideradas inadequadas, enfrentando uma alegada dualidade de crit\u00e9rios dentro da PSP.<\/li>\n<li>A ASPP\/PSP exige esclarecimentos sobre os fundamentos da diferen\u00e7a de tratamento entre pol\u00edcias e sobre medidas, prazos e urg\u00eancia para resolver a situa\u00e7\u00e3o.<\/li>\n<\/ul>\n","protected":false},"author":2,"featured_media":423256,"comment_status":"closed","ping_status":"closed","sticky":false,"template":"","format":"standard","meta":{"footnotes":""},"categories":[6781,6779],"tags":[5228,6331,6726,3418,982],"class_list":["post-423254","post","type-post","status-publish","format-standard","has-post-thumbnail","hentry","category-policia","category-seguranca","tag-area-metropolitana-de-porto","tag-condicoes-de-trabalho","tag-divisao-de-investigacao-criminal","tag-policia-de-seguranca-publica","tag-porto"],"yoast_head":"<!-- This site is optimized with the Yoast SEO plugin v27.2 - https:\/\/yoast.com\/product\/yoast-seo-wordpress\/ -->\n<title>PSP alerta para degrada\u00e7\u00e3o de instala\u00e7\u00f5es de esquadra no Porto - Portal Tela Portugal<\/title>\n<meta name=\"robots\" content=\"index, follow, max-snippet:-1, max-image-preview:large, max-video-preview:-1\" \/>\n<meta property=\"og:locale\" content=\"pt_PT\" \/>\n<meta property=\"og:type\" content=\"article\" \/>\n<meta property=\"og:title\" content=\"PSP alerta para degrada\u00e7\u00e3o de instala\u00e7\u00f5es de esquadra no Porto - Portal Tela Portugal\" \/>\n<meta property=\"og:description\" content=\"A Associa\u00e7\u00e3o Sindical dos Profissionais da Pol\u00edcia (ASPP\/PSP) alertou para a degradu\u00e7\u00e3o das instala\u00e7\u00f5es da 2.\u00aa Esquadra de Investiga\u00e7\u00e3o Criminal do Porto, destacando graves condi\u00e7\u00f5es de seguran\u00e7a, sa\u00fade e dignidade. A ASPP\/PSP enviou uma exposi\u00e7\u00e3o formal ao Comandante Metropolitano da PSP do Porto, na sequ\u00eancia do estado verificado no Edif\u00edcio Rainha Santa Isabel, no Bonfim. A associa\u00e7\u00e3o afirma que o edif\u00edcio j\u00e1 n\u00e3o re\u00fane condi\u00e7\u00f5es m\u00ednimas para o exerc\u00edcio da fun\u00e7\u00e3o policial e lembra que, anteriormente, a sede da 1.\u00aa Divis\u00e3o abandonou o local pelos mesmos motivos. Questiona a manuten\u00e7\u00e3o da 2.\u00aa Esquadra em instala\u00e7\u00f5es consideradas inadequadas, enfrentando uma alegada dualidade de crit\u00e9rios dentro da PSP. A ASPP\/PSP exige esclarecimentos sobre os fundamentos da diferen\u00e7a de tratamento entre pol\u00edcias e sobre medidas, prazos e urg\u00eancia para resolver a situa\u00e7\u00e3o.\" \/>\n<meta property=\"og:url\" content=\"https:\/\/portaltela.pt\/noticias\/2026\/03\/27\/psp-alerta-para-degradacao-de-instalacoes-de-esquadra-no-porto\/\" \/>\n<meta property=\"og:site_name\" content=\"Portal Tela Portugal\" \/>\n<meta property=\"article:published_time\" content=\"2026-03-27T07:38:00+00:00\" \/>\n<meta name=\"author\" content=\"Telinha\" \/>\n<meta name=\"twitter:card\" content=\"summary_large_image\" \/>\n<meta name=\"twitter:label1\" content=\"Escrito por\" \/>\n\t<meta name=\"twitter:data1\" content=\"Telinha\" \/>\n\t<meta name=\"twitter:label2\" content=\"Tempo estimado de leitura\" \/>\n\t<meta name=\"twitter:data2\" content=\"1 minuto\" \/>\n<script type=\"application\/ld+json\" class=\"yoast-schema-graph\">{\"@context\":\"https:\/\/schema.org\",\"@graph\":[{\"@type\":\"Article\",\"@id\":\"https:\/\/portaltela.pt\/noticias\/2026\/03\/27\/psp-alerta-para-degradacao-de-instalacoes-de-esquadra-no-porto\/#article\",\"isPartOf\":{\"@id\":\"https:\/\/portaltela.pt\/noticias\/2026\/03\/27\/psp-alerta-para-degradacao-de-instalacoes-de-esquadra-no-porto\/\"},\"author\":{\"name\":\"Telinha\",\"@id\":\"https:\/\/portaltela.pt\/#\/schema\/person\/c4278d4a6028830caff9ee44b42d32ed\"},\"headline\":\"PSP alerta para degrada\u00e7\u00e3o de instala\u00e7\u00f5es de esquadra no Porto\",\"datePublished\":\"2026-03-27T07:38:00+00:00\",\"mainEntityOfPage\":{\"@id\":\"https:\/\/portaltela.pt\/noticias\/2026\/03\/27\/psp-alerta-para-degradacao-de-instalacoes-de-esquadra-no-porto\/\"},\"wordCount\":280,\"image\":{\"@id\":\"https:\/\/portaltela.pt\/noticias\/2026\/03\/27\/psp-alerta-para-degradacao-de-instalacoes-de-esquadra-no-porto\/#primaryimage\"},\"thumbnailUrl\":\"https:\/\/portaltela.pt\/s.01k8rhncp4jt1\/2026\/03\/2077272.jpg\",\"keywords\":[\"\u00c1rea Metropolitana de Porto\",\"condi\u00e7\u00f5es de trabalho\",\"Divis\u00e3o de Investiga\u00e7\u00e3o Criminal\",\"Pol\u00edcia de Seguran\u00e7a P\u00fablica\",\"Porto\"],\"articleSection\":[\"Pol\u00edcia\",\"Seguran\u00e7a\"],\"inLanguage\":\"pt-PT\"},{\"@type\":\"WebPage\",\"@id\":\"https:\/\/portaltela.pt\/noticias\/2026\/03\/27\/psp-alerta-para-degradacao-de-instalacoes-de-esquadra-no-porto\/\",\"url\":\"https:\/\/portaltela.pt\/noticias\/2026\/03\/27\/psp-alerta-para-degradacao-de-instalacoes-de-esquadra-no-porto\/\",\"name\":\"PSP alerta para degrada\u00e7\u00e3o de instala\u00e7\u00f5es de esquadra no Porto - Portal Tela Portugal\",\"isPartOf\":{\"@id\":\"https:\/\/portaltela.pt\/#website\"},\"primaryImageOfPage\":{\"@id\":\"https:\/\/portaltela.pt\/noticias\/2026\/03\/27\/psp-alerta-para-degradacao-de-instalacoes-de-esquadra-no-porto\/#primaryimage\"},\"image\":{\"@id\":\"https:\/\/portaltela.pt\/noticias\/2026\/03\/27\/psp-alerta-para-degradacao-de-instalacoes-de-esquadra-no-porto\/#primaryimage\"},\"thumbnailUrl\":\"https:\/\/portaltela.pt\/s.01k8rhncp4jt1\/2026\/03\/2077272.jpg\",\"datePublished\":\"2026-03-27T07:38:00+00:00\",\"author\":{\"@id\":\"https:\/\/portaltela.pt\/#\/schema\/person\/c4278d4a6028830caff9ee44b42d32ed\"},\"breadcrumb\":{\"@id\":\"https:\/\/portaltela.pt\/noticias\/2026\/03\/27\/psp-alerta-para-degradacao-de-instalacoes-de-esquadra-no-porto\/#breadcrumb\"},\"inLanguage\":\"pt-PT\",\"potentialAction\":[{\"@type\":\"ReadAction\",\"target\":[\"https:\/\/portaltela.pt\/noticias\/2026\/03\/27\/psp-alerta-para-degradacao-de-instalacoes-de-esquadra-no-porto\/\"]}]},{\"@type\":\"ImageObject\",\"inLanguage\":\"pt-PT\",\"@id\":\"https:\/\/portaltela.pt\/noticias\/2026\/03\/27\/psp-alerta-para-degradacao-de-instalacoes-de-esquadra-no-porto\/#primaryimage\",\"url\":\"https:\/\/portaltela.pt\/s.01k8rhncp4jt1\/2026\/03\/2077272.jpg\",\"contentUrl\":\"https:\/\/portaltela.pt\/s.01k8rhncp4jt1\/2026\/03\/2077272.jpg\",\"width\":796,\"height\":448,\"caption\":\"Associa\u00e7\u00e3o fez exposi\u00e7\u00e3o ao comandante da PSP\"},{\"@type\":\"BreadcrumbList\",\"@id\":\"https:\/\/portaltela.pt\/noticias\/2026\/03\/27\/psp-alerta-para-degradacao-de-instalacoes-de-esquadra-no-porto\/#breadcrumb\",\"itemListElement\":[{\"@type\":\"ListItem\",\"position\":1,\"name\":\"In\u00edcio\",\"item\":\"https:\/\/portaltela.pt\/\"},{\"@type\":\"ListItem\",\"position\":2,\"name\":\"PSP alerta para degrada\u00e7\u00e3o de instala\u00e7\u00f5es de esquadra no Porto\"}]},{\"@type\":\"WebSite\",\"@id\":\"https:\/\/portaltela.pt\/#website\",\"url\":\"https:\/\/portaltela.pt\/\",\"name\":\"Portal Tela Portugal\",\"description\":\"\",\"potentialAction\":[{\"@type\":\"SearchAction\",\"target\":{\"@type\":\"EntryPoint\",\"urlTemplate\":\"https:\/\/portaltela.pt\/?s={search_term_string}\"},\"query-input\":{\"@type\":\"PropertyValueSpecification\",\"valueRequired\":true,\"valueName\":\"search_term_string\"}}],\"inLanguage\":\"pt-PT\"},{\"@type\":\"Person\",\"@id\":\"https:\/\/portaltela.pt\/#\/schema\/person\/c4278d4a6028830caff9ee44b42d32ed\",\"name\":\"Telinha\",\"image\":{\"@type\":\"ImageObject\",\"inLanguage\":\"pt-PT\",\"@id\":\"https:\/\/portaltela.pt\/s.01k8rhncp4jt1\/2025\/11\/talking-bot-125x125.png\",\"url\":\"https:\/\/portaltela.pt\/s.01k8rhncp4jt1\/2025\/11\/talking-bot-125x125.png\",\"contentUrl\":\"https:\/\/portaltela.pt\/s.01k8rhncp4jt1\/2025\/11\/talking-bot-125x125.png\",\"caption\":\"Telinha\"},\"sameAs\":[\"https:\/\/portaltela.pt\/\"],\"url\":\"https:\/\/portaltela.pt\/por\/367410592786\/\"}]}<\/script>\n<!-- \/ Yoast SEO plugin. -->","yoast_head_json":{"title":"PSP alerta para degrada\u00e7\u00e3o de instala\u00e7\u00f5es de esquadra no Porto - Portal Tela Portugal","robots":{"index":"index","follow":"follow","max-snippet":"max-snippet:-1","max-image-preview":"max-image-preview:large","max-video-preview":"max-video-preview:-1"},"og_locale":"pt_PT","og_type":"article","og_title":"PSP alerta para degrada\u00e7\u00e3o de instala\u00e7\u00f5es de esquadra no Porto - Portal Tela Portugal","og_description":"A Associa\u00e7\u00e3o Sindical dos Profissionais da Pol\u00edcia (ASPP\/PSP) alertou para a degradu\u00e7\u00e3o das instala\u00e7\u00f5es da 2.\u00aa Esquadra de Investiga\u00e7\u00e3o Criminal do Porto, destacando graves condi\u00e7\u00f5es de seguran\u00e7a, sa\u00fade e dignidade. A ASPP\/PSP enviou uma exposi\u00e7\u00e3o formal ao Comandante Metropolitano da PSP do Porto, na sequ\u00eancia do estado verificado no Edif\u00edcio Rainha Santa Isabel, no Bonfim. A associa\u00e7\u00e3o afirma que o edif\u00edcio j\u00e1 n\u00e3o re\u00fane condi\u00e7\u00f5es m\u00ednimas para o exerc\u00edcio da fun\u00e7\u00e3o policial e lembra que, anteriormente, a sede da 1.\u00aa Divis\u00e3o abandonou o local pelos mesmos motivos. Questiona a manuten\u00e7\u00e3o da 2.\u00aa Esquadra em instala\u00e7\u00f5es consideradas inadequadas, enfrentando uma alegada dualidade de crit\u00e9rios dentro da PSP. A ASPP\/PSP exige esclarecimentos sobre os fundamentos da diferen\u00e7a de tratamento entre pol\u00edcias e sobre medidas, prazos e urg\u00eancia para resolver a situa\u00e7\u00e3o.","og_url":"https:\/\/portaltela.pt\/noticias\/2026\/03\/27\/psp-alerta-para-degradacao-de-instalacoes-de-esquadra-no-porto\/","og_site_name":"Portal Tela Portugal","article_published_time":"2026-03-27T07:38:00+00:00","author":"Telinha","twitter_card":"summary_large_image","twitter_misc":{"Escrito por":"Telinha","Tempo estimado de leitura":"1 minuto"},"schema":{"@context":"https:\/\/schema.org","@graph":[{"@type":"Article","@id":"https:\/\/portaltela.pt\/noticias\/2026\/03\/27\/psp-alerta-para-degradacao-de-instalacoes-de-esquadra-no-porto\/#article","isPartOf":{"@id":"https:\/\/portaltela.pt\/noticias\/2026\/03\/27\/psp-alerta-para-degradacao-de-instalacoes-de-esquadra-no-porto\/"},"author":{"name":"Telinha","@id":"https:\/\/portaltela.pt\/#\/schema\/person\/c4278d4a6028830caff9ee44b42d32ed"},"headline":"PSP alerta para degrada\u00e7\u00e3o de instala\u00e7\u00f5es de esquadra no Porto","datePublished":"2026-03-27T07:38:00+00:00","mainEntityOfPage":{"@id":"https:\/\/portaltela.pt\/noticias\/2026\/03\/27\/psp-alerta-para-degradacao-de-instalacoes-de-esquadra-no-porto\/"},"wordCount":280,"image":{"@id":"https:\/\/portaltela.pt\/noticias\/2026\/03\/27\/psp-alerta-para-degradacao-de-instalacoes-de-esquadra-no-porto\/#primaryimage"},"thumbnailUrl":"https:\/\/portaltela.pt\/s.01k8rhncp4jt1\/2026\/03\/2077272.jpg","keywords":["\u00c1rea Metropolitana de Porto","condi\u00e7\u00f5es de trabalho","Divis\u00e3o de Investiga\u00e7\u00e3o Criminal","Pol\u00edcia de Seguran\u00e7a P\u00fablica","Porto"],"articleSection":["Pol\u00edcia","Seguran\u00e7a"],"inLanguage":"pt-PT"},{"@type":"WebPage","@id":"https:\/\/portaltela.pt\/noticias\/2026\/03\/27\/psp-alerta-para-degradacao-de-instalacoes-de-esquadra-no-porto\/","url":"https:\/\/portaltela.pt\/noticias\/2026\/03\/27\/psp-alerta-para-degradacao-de-instalacoes-de-esquadra-no-porto\/","name":"PSP alerta para degrada\u00e7\u00e3o de instala\u00e7\u00f5es de esquadra no Porto - Portal Tela Portugal","isPartOf":{"@id":"https:\/\/portaltela.pt\/#website"},"primaryImageOfPage":{"@id":"https:\/\/portaltela.pt\/noticias\/2026\/03\/27\/psp-alerta-para-degradacao-de-instalacoes-de-esquadra-no-porto\/#primaryimage"},"image":{"@id":"https:\/\/portaltela.pt\/noticias\/2026\/03\/27\/psp-alerta-para-degradacao-de-instalacoes-de-esquadra-no-porto\/#primaryimage"},"thumbnailUrl":"https:\/\/portaltela.pt\/s.01k8rhncp4jt1\/2026\/03\/2077272.jpg","datePublished":"2026-03-27T07:38:00+00:00","author":{"@id":"https:\/\/portaltela.pt\/#\/schema\/person\/c4278d4a6028830caff9ee44b42d32ed"},"breadcrumb":{"@id":"https:\/\/portaltela.pt\/noticias\/2026\/03\/27\/psp-alerta-para-degradacao-de-instalacoes-de-esquadra-no-porto\/#breadcrumb"},"inLanguage":"pt-PT","potentialAction":[{"@type":"ReadAction","target":["https:\/\/portaltela.pt\/noticias\/2026\/03\/27\/psp-alerta-para-degradacao-de-instalacoes-de-esquadra-no-porto\/"]}]},{"@type":"ImageObject","inLanguage":"pt-PT","@id":"https:\/\/portaltela.pt\/noticias\/2026\/03\/27\/psp-alerta-para-degradacao-de-instalacoes-de-esquadra-no-porto\/#primaryimage","url":"https:\/\/portaltela.pt\/s.01k8rhncp4jt1\/2026\/03\/2077272.jpg","contentUrl":"https:\/\/portaltela.pt\/s.01k8rhncp4jt1\/2026\/03\/2077272.jpg","width":796,"height":448,"caption":"Associa\u00e7\u00e3o fez exposi\u00e7\u00e3o ao comandante da PSP"},{"@type":"BreadcrumbList","@id":"https:\/\/portaltela.pt\/noticias\/2026\/03\/27\/psp-alerta-para-degradacao-de-instalacoes-de-esquadra-no-porto\/#breadcrumb","itemListElement":[{"@type":"ListItem","position":1,"name":"In\u00edcio","item":"https:\/\/portaltela.pt\/"},{"@type":"ListItem","position":2,"name":"PSP alerta para degrada\u00e7\u00e3o de instala\u00e7\u00f5es de esquadra no Porto"}]},{"@type":"WebSite","@id":"https:\/\/portaltela.pt\/#website","url":"https:\/\/portaltela.pt\/","name":"Portal Tela Portugal","description":"","potentialAction":[{"@type":"SearchAction","target":{"@type":"EntryPoint","urlTemplate":"https:\/\/portaltela.pt\/?s={search_term_string}"},"query-input":{"@type":"PropertyValueSpecification","valueRequired":true,"valueName":"search_term_string"}}],"inLanguage":"pt-PT"},{"@type":"Person","@id":"https:\/\/portaltela.pt\/#\/schema\/person\/c4278d4a6028830caff9ee44b42d32ed","name":"Telinha","image":{"@type":"ImageObject","inLanguage":"pt-PT","@id":"https:\/\/portaltela.pt\/s.01k8rhncp4jt1\/2025\/11\/talking-bot-125x125.png","url":"https:\/\/portaltela.pt\/s.01k8rhncp4jt1\/2025\/11\/talking-bot-125x125.png","contentUrl":"https:\/\/portaltela.pt\/s.01k8rhncp4jt1\/2025\/11\/talking-bot-125x125.png","caption":"Telinha"},"sameAs":["https:\/\/portaltela.pt\/"],"url":"https:\/\/portaltela.pt\/por\/367410592786\/"}]}},"_links":{"self":[{"href":"https:\/\/portaltela.pt\/api\/wp\/v2\/posts\/423254","targetHints":{"allow":["GET"]}}],"collection":[{"href":"https:\/\/portaltela.pt\/api\/wp\/v2\/posts"}],"about":[{"href":"https:\/\/portaltela.pt\/api\/wp\/v2\/types\/post"}],"author":[{"embeddable":true,"href":"https:\/\/portaltela.pt\/api\/wp\/v2\/users\/2"}],"replies":[{"embeddable":true,"href":"https:\/\/portaltela.pt\/api\/wp\/v2\/comments?post=423254"}],"version-history":[{"count":0,"href":"https:\/\/portaltela.pt\/api\/wp\/v2\/posts\/423254\/revisions"}],"wp:featuredmedia":[{"embeddable":true,"href":"https:\/\/portaltela.pt\/api\/wp\/v2\/media\/423256"}],"wp:attachment":[{"href":"https:\/\/portaltela.pt\/api\/wp\/v2\/media?parent=423254"}],"wp:term":[{"taxonomy":"category","embeddable":true,"href":"https:\/\/portaltela.pt\/api\/wp\/v2\/categories?post=423254"},{"taxonomy":"post_tag","embeddable":true,"href":"https:\/\/portaltela.pt\/api\/wp\/v2\/tags?post=423254"}],"curies":[{"name":"wp","href":"https:\/\/api.w.org\/{rel}","templated":true}]}}