{"id":423243,"date":"2026-03-27T04:47:05","date_gmt":"2026-03-27T07:47:05","guid":{"rendered":"https:\/\/portaltela.pt\/noticias\/2026\/03\/27\/japao-inicia-epoca-das-sakura-em-toquio-com-piqueniques-no-parque-ueno\/"},"modified":"2026-03-27T04:47:05","modified_gmt":"2026-03-27T07:47:05","slug":"japao-inicia-epoca-das-sakura-em-toquio-com-piqueniques-no-parque-ueno","status":"publish","type":"post","link":"https:\/\/portaltela.pt\/tempo\/2026\/03\/27\/japao-inicia-epoca-das-sakura-em-toquio-com-piqueniques-no-parque-ueno\/","title":{"rendered":"Jap\u00e3o inicia \u00e9poca das sakura em T\u00f3quio com piqueniques no Parque Ueno"},"content":{"rendered":"<p>A \u00e9poca das sakura chegou oficialmente a T\u00f3quio na quinta-feira, ap\u00f3s a Ag\u00eancia Meteorol\u00f3gica do Jap\u00e3o confirmar a primeira flora\u00e7\u00e3o das Somei Yoshino no santu\u00e1rio de Yasukuni. O in\u00edcio da flora\u00e7\u00e3o marca o arranque oficial do hanami na capital.<\/p>\n<p>Na sexta-feira, visitantes estenderam mantas sob copas em tons de rosa-claro no Parque Ueno, um dos pontos mais conhecidos para contemplar as flores. O an\u00fancio tem impacto cultural em T\u00f3quio, onde o per\u00edodo \u00e9 marcado por conv\u00edvios de primavera e aumento do turismo. A flora\u00e7\u00e3o chegou cinco dias antes da m\u00e9dia sazonal.<\/p>\n<p>Em T\u00f3quio, a flora\u00e7\u00e3o \u00e9 declarada quando h\u00e1 pelo menos cinco flores na amostra oficial; este ano houve registo de 61 flores, antes de ser tornada oficial. Temperaturas acima do habitual desde meados de fevereiro aceleraram o processo, segundo a meteorologia japonesa.<\/p>\n<h3>Avan\u00e7o da flora\u00e7\u00e3o<\/h3>\n<p>Em parques como o Ueno, onde se esperam milhares de pessoas, o ambiente era festivo, com parte dos visitantes a optar por momentos de recolhimento. A frui\u00e7\u00e3o das sakura oferece uma pausa de tranquilidade numa altura de instabilidade internacional.<\/p>\n","protected":false},"excerpt":{"rendered":"<ul>\n<li>Jap\u00e3o entrou oficialmente na \u00e9poca das sakura em T\u00f3quio, com a primeira flora\u00e7\u00e3o Somei Yoshino no santu\u00e1rio de Yasukuni anunciada pela Ag\u00eancia Meteorol\u00f3gica do Jap\u00e3o.<\/li>\n<li>No Parque de Ueno, visitantes estenderam mantas para piquenique sob flores de tom rosa-claro, numa das zonas mais conhecidas de hanami.<\/li>\n<li>A flora\u00e7\u00e3o chegou cinco dias antes da m\u00e9dia sazonal, segundo as autoridades, impulsionada por temperaturas acima do habitual desde meados de fevereiro.<\/li>\n<li>Em T\u00f3quio, o marco oficial requer cinco flores abertas na \u00e1rvore de amostragem; este ano contaram sessenta e uma flores antes da confirma\u00e7\u00e3o.<\/li>\n<li>O fen\u00f3meno ocorre numa altura de grandes afluxos tur\u00edsticos, com o ambiente em parques como Ueno a combinar celebra\u00e7\u00e3o com momentos de recolhimento para muitos visitantes.<\/li>\n<\/ul>\n","protected":false},"author":2,"featured_media":423246,"comment_status":"closed","ping_status":"closed","sticky":false,"template":"","format":"standard","meta":{"footnotes":""},"categories":[7380,7365],"tags":[5342,145,3731,2043,45,169],"class_list":["post-423243","post","type-post","status-publish","format-standard","has-post-thumbnail","hentry","category-clima","category-tempo","tag-asia","tag-cultura","tag-eventos","tag-flores","tag-meio-ambiente","tag-turismo"],"yoast_head":"<!-- This site is optimized with the Yoast SEO plugin v27.2 - https:\/\/yoast.com\/product\/yoast-seo-wordpress\/ -->\n<title>Jap\u00e3o inicia \u00e9poca das sakura em T\u00f3quio com piqueniques no Parque Ueno - Portal Tela Portugal<\/title>\n<meta name=\"robots\" content=\"index, follow, max-snippet:-1, max-image-preview:large, max-video-preview:-1\" \/>\n<meta property=\"og:locale\" content=\"pt_PT\" \/>\n<meta property=\"og:type\" content=\"article\" \/>\n<meta property=\"og:title\" content=\"Jap\u00e3o inicia \u00e9poca das sakura em T\u00f3quio com piqueniques no Parque Ueno - Portal Tela Portugal\" \/>\n<meta property=\"og:description\" content=\"Jap\u00e3o entrou oficialmente na \u00e9poca das sakura em T\u00f3quio, com a primeira flora\u00e7\u00e3o Somei Yoshino no santu\u00e1rio de Yasukuni anunciada pela Ag\u00eancia Meteorol\u00f3gica do Jap\u00e3o. No Parque de Ueno, visitantes estenderam mantas para piquenique sob flores de tom rosa-claro, numa das zonas mais conhecidas de hanami. A flora\u00e7\u00e3o chegou cinco dias antes da m\u00e9dia sazonal, segundo as autoridades, impulsionada por temperaturas acima do habitual desde meados de fevereiro. Em T\u00f3quio, o marco oficial requer cinco flores abertas na \u00e1rvore de amostragem; este ano contaram sessenta e uma flores antes da confirma\u00e7\u00e3o. O fen\u00f3meno ocorre numa altura de grandes afluxos tur\u00edsticos, com o ambiente em parques como Ueno a combinar celebra\u00e7\u00e3o com momentos de recolhimento para muitos visitantes.\" \/>\n<meta property=\"og:url\" content=\"https:\/\/portaltela.pt\/noticias\/2026\/03\/27\/japao-inicia-epoca-das-sakura-em-toquio-com-piqueniques-no-parque-ueno\/\" \/>\n<meta property=\"og:site_name\" content=\"Portal Tela Portugal\" \/>\n<meta property=\"article:published_time\" content=\"2026-03-27T07:47:05+00:00\" \/>\n<meta name=\"author\" content=\"Telinha\" \/>\n<meta name=\"twitter:card\" content=\"summary_large_image\" \/>\n<meta name=\"twitter:label1\" content=\"Escrito por\" \/>\n\t<meta name=\"twitter:data1\" content=\"Telinha\" \/>\n\t<meta name=\"twitter:label2\" content=\"Tempo estimado de leitura\" \/>\n\t<meta name=\"twitter:data2\" content=\"1 minuto\" \/>\n<script type=\"application\/ld+json\" class=\"yoast-schema-graph\">{\"@context\":\"https:\/\/schema.org\",\"@graph\":[{\"@type\":\"Article\",\"@id\":\"https:\/\/portaltela.pt\/noticias\/2026\/03\/27\/japao-inicia-epoca-das-sakura-em-toquio-com-piqueniques-no-parque-ueno\/#article\",\"isPartOf\":{\"@id\":\"https:\/\/portaltela.pt\/noticias\/2026\/03\/27\/japao-inicia-epoca-das-sakura-em-toquio-com-piqueniques-no-parque-ueno\/\"},\"author\":{\"name\":\"Telinha\",\"@id\":\"https:\/\/portaltela.pt\/#\/schema\/person\/c4278d4a6028830caff9ee44b42d32ed\"},\"headline\":\"Jap\u00e3o inicia \u00e9poca das sakura em T\u00f3quio com piqueniques no Parque Ueno\",\"datePublished\":\"2026-03-27T07:47:05+00:00\",\"mainEntityOfPage\":{\"@id\":\"https:\/\/portaltela.pt\/noticias\/2026\/03\/27\/japao-inicia-epoca-das-sakura-em-toquio-com-piqueniques-no-parque-ueno\/\"},\"wordCount\":206,\"image\":{\"@id\":\"https:\/\/portaltela.pt\/noticias\/2026\/03\/27\/japao-inicia-epoca-das-sakura-em-toquio-com-piqueniques-no-parque-ueno\/#primaryimage\"},\"thumbnailUrl\":\"https:\/\/portaltela.pt\/s.01k8rhncp4jt1\/2026\/03\/1536x864_cmsv2_7442e267-c1d3-5a90-ace8-b3224a0fc3ae-9700487.jpg\",\"keywords\":[\"\u00c1sia\",\"cultura\",\"eventos\",\"Flores\",\"meio-ambiente\",\"turismo\"],\"articleSection\":[\"Clima\",\"Tempo\"],\"inLanguage\":\"pt-PT\"},{\"@type\":\"WebPage\",\"@id\":\"https:\/\/portaltela.pt\/noticias\/2026\/03\/27\/japao-inicia-epoca-das-sakura-em-toquio-com-piqueniques-no-parque-ueno\/\",\"url\":\"https:\/\/portaltela.pt\/noticias\/2026\/03\/27\/japao-inicia-epoca-das-sakura-em-toquio-com-piqueniques-no-parque-ueno\/\",\"name\":\"Jap\u00e3o inicia \u00e9poca das sakura em T\u00f3quio com piqueniques no Parque Ueno - Portal Tela Portugal\",\"isPartOf\":{\"@id\":\"https:\/\/portaltela.pt\/#website\"},\"primaryImageOfPage\":{\"@id\":\"https:\/\/portaltela.pt\/noticias\/2026\/03\/27\/japao-inicia-epoca-das-sakura-em-toquio-com-piqueniques-no-parque-ueno\/#primaryimage\"},\"image\":{\"@id\":\"https:\/\/portaltela.pt\/noticias\/2026\/03\/27\/japao-inicia-epoca-das-sakura-em-toquio-com-piqueniques-no-parque-ueno\/#primaryimage\"},\"thumbnailUrl\":\"https:\/\/portaltela.pt\/s.01k8rhncp4jt1\/2026\/03\/1536x864_cmsv2_7442e267-c1d3-5a90-ace8-b3224a0fc3ae-9700487.jpg\",\"datePublished\":\"2026-03-27T07:47:05+00:00\",\"author\":{\"@id\":\"https:\/\/portaltela.pt\/#\/schema\/person\/c4278d4a6028830caff9ee44b42d32ed\"},\"breadcrumb\":{\"@id\":\"https:\/\/portaltela.pt\/noticias\/2026\/03\/27\/japao-inicia-epoca-das-sakura-em-toquio-com-piqueniques-no-parque-ueno\/#breadcrumb\"},\"inLanguage\":\"pt-PT\",\"potentialAction\":[{\"@type\":\"ReadAction\",\"target\":[\"https:\/\/portaltela.pt\/noticias\/2026\/03\/27\/japao-inicia-epoca-das-sakura-em-toquio-com-piqueniques-no-parque-ueno\/\"]}]},{\"@type\":\"ImageObject\",\"inLanguage\":\"pt-PT\",\"@id\":\"https:\/\/portaltela.pt\/noticias\/2026\/03\/27\/japao-inicia-epoca-das-sakura-em-toquio-com-piqueniques-no-parque-ueno\/#primaryimage\",\"url\":\"https:\/\/portaltela.pt\/s.01k8rhncp4jt1\/2026\/03\/1536x864_cmsv2_7442e267-c1d3-5a90-ace8-b3224a0fc3ae-9700487.jpg\",\"contentUrl\":\"https:\/\/portaltela.pt\/s.01k8rhncp4jt1\/2026\/03\/1536x864_cmsv2_7442e267-c1d3-5a90-ace8-b3224a0fc3ae-9700487.jpg\",\"width\":796,\"height\":448,\"caption\":\"Mulheres fotografam as cerejeiras em flor junto ao fosso do Pal\u00e1cio Imperial de Chidorigafuchi, em T\u00f3quio\"},{\"@type\":\"BreadcrumbList\",\"@id\":\"https:\/\/portaltela.pt\/noticias\/2026\/03\/27\/japao-inicia-epoca-das-sakura-em-toquio-com-piqueniques-no-parque-ueno\/#breadcrumb\",\"itemListElement\":[{\"@type\":\"ListItem\",\"position\":1,\"name\":\"In\u00edcio\",\"item\":\"https:\/\/portaltela.pt\/\"},{\"@type\":\"ListItem\",\"position\":2,\"name\":\"Jap\u00e3o inicia \u00e9poca das sakura em T\u00f3quio com piqueniques no Parque Ueno\"}]},{\"@type\":\"WebSite\",\"@id\":\"https:\/\/portaltela.pt\/#website\",\"url\":\"https:\/\/portaltela.pt\/\",\"name\":\"Portal Tela Portugal\",\"description\":\"\",\"potentialAction\":[{\"@type\":\"SearchAction\",\"target\":{\"@type\":\"EntryPoint\",\"urlTemplate\":\"https:\/\/portaltela.pt\/?s={search_term_string}\"},\"query-input\":{\"@type\":\"PropertyValueSpecification\",\"valueRequired\":true,\"valueName\":\"search_term_string\"}}],\"inLanguage\":\"pt-PT\"},{\"@type\":\"Person\",\"@id\":\"https:\/\/portaltela.pt\/#\/schema\/person\/c4278d4a6028830caff9ee44b42d32ed\",\"name\":\"Telinha\",\"image\":{\"@type\":\"ImageObject\",\"inLanguage\":\"pt-PT\",\"@id\":\"https:\/\/portaltela.pt\/s.01k8rhncp4jt1\/2025\/11\/talking-bot-125x125.png\",\"url\":\"https:\/\/portaltela.pt\/s.01k8rhncp4jt1\/2025\/11\/talking-bot-125x125.png\",\"contentUrl\":\"https:\/\/portaltela.pt\/s.01k8rhncp4jt1\/2025\/11\/talking-bot-125x125.png\",\"caption\":\"Telinha\"},\"sameAs\":[\"https:\/\/portaltela.pt\/\"],\"url\":\"https:\/\/portaltela.pt\/por\/367410592786\/\"}]}<\/script>\n<!-- \/ Yoast SEO plugin. -->","yoast_head_json":{"title":"Jap\u00e3o inicia \u00e9poca das sakura em T\u00f3quio com piqueniques no Parque Ueno - Portal Tela Portugal","robots":{"index":"index","follow":"follow","max-snippet":"max-snippet:-1","max-image-preview":"max-image-preview:large","max-video-preview":"max-video-preview:-1"},"og_locale":"pt_PT","og_type":"article","og_title":"Jap\u00e3o inicia \u00e9poca das sakura em T\u00f3quio com piqueniques no Parque Ueno - Portal Tela Portugal","og_description":"Jap\u00e3o entrou oficialmente na \u00e9poca das sakura em T\u00f3quio, com a primeira flora\u00e7\u00e3o Somei Yoshino no santu\u00e1rio de Yasukuni anunciada pela Ag\u00eancia Meteorol\u00f3gica do Jap\u00e3o. No Parque de Ueno, visitantes estenderam mantas para piquenique sob flores de tom rosa-claro, numa das zonas mais conhecidas de hanami. A flora\u00e7\u00e3o chegou cinco dias antes da m\u00e9dia sazonal, segundo as autoridades, impulsionada por temperaturas acima do habitual desde meados de fevereiro. Em T\u00f3quio, o marco oficial requer cinco flores abertas na \u00e1rvore de amostragem; este ano contaram sessenta e uma flores antes da confirma\u00e7\u00e3o. O fen\u00f3meno ocorre numa altura de grandes afluxos tur\u00edsticos, com o ambiente em parques como Ueno a combinar celebra\u00e7\u00e3o com momentos de recolhimento para muitos visitantes.","og_url":"https:\/\/portaltela.pt\/noticias\/2026\/03\/27\/japao-inicia-epoca-das-sakura-em-toquio-com-piqueniques-no-parque-ueno\/","og_site_name":"Portal Tela Portugal","article_published_time":"2026-03-27T07:47:05+00:00","author":"Telinha","twitter_card":"summary_large_image","twitter_misc":{"Escrito por":"Telinha","Tempo estimado de leitura":"1 minuto"},"schema":{"@context":"https:\/\/schema.org","@graph":[{"@type":"Article","@id":"https:\/\/portaltela.pt\/noticias\/2026\/03\/27\/japao-inicia-epoca-das-sakura-em-toquio-com-piqueniques-no-parque-ueno\/#article","isPartOf":{"@id":"https:\/\/portaltela.pt\/noticias\/2026\/03\/27\/japao-inicia-epoca-das-sakura-em-toquio-com-piqueniques-no-parque-ueno\/"},"author":{"name":"Telinha","@id":"https:\/\/portaltela.pt\/#\/schema\/person\/c4278d4a6028830caff9ee44b42d32ed"},"headline":"Jap\u00e3o inicia \u00e9poca das sakura em T\u00f3quio com piqueniques no Parque Ueno","datePublished":"2026-03-27T07:47:05+00:00","mainEntityOfPage":{"@id":"https:\/\/portaltela.pt\/noticias\/2026\/03\/27\/japao-inicia-epoca-das-sakura-em-toquio-com-piqueniques-no-parque-ueno\/"},"wordCount":206,"image":{"@id":"https:\/\/portaltela.pt\/noticias\/2026\/03\/27\/japao-inicia-epoca-das-sakura-em-toquio-com-piqueniques-no-parque-ueno\/#primaryimage"},"thumbnailUrl":"https:\/\/portaltela.pt\/s.01k8rhncp4jt1\/2026\/03\/1536x864_cmsv2_7442e267-c1d3-5a90-ace8-b3224a0fc3ae-9700487.jpg","keywords":["\u00c1sia","cultura","eventos","Flores","meio-ambiente","turismo"],"articleSection":["Clima","Tempo"],"inLanguage":"pt-PT"},{"@type":"WebPage","@id":"https:\/\/portaltela.pt\/noticias\/2026\/03\/27\/japao-inicia-epoca-das-sakura-em-toquio-com-piqueniques-no-parque-ueno\/","url":"https:\/\/portaltela.pt\/noticias\/2026\/03\/27\/japao-inicia-epoca-das-sakura-em-toquio-com-piqueniques-no-parque-ueno\/","name":"Jap\u00e3o inicia \u00e9poca das sakura em T\u00f3quio com piqueniques no Parque Ueno - Portal Tela Portugal","isPartOf":{"@id":"https:\/\/portaltela.pt\/#website"},"primaryImageOfPage":{"@id":"https:\/\/portaltela.pt\/noticias\/2026\/03\/27\/japao-inicia-epoca-das-sakura-em-toquio-com-piqueniques-no-parque-ueno\/#primaryimage"},"image":{"@id":"https:\/\/portaltela.pt\/noticias\/2026\/03\/27\/japao-inicia-epoca-das-sakura-em-toquio-com-piqueniques-no-parque-ueno\/#primaryimage"},"thumbnailUrl":"https:\/\/portaltela.pt\/s.01k8rhncp4jt1\/2026\/03\/1536x864_cmsv2_7442e267-c1d3-5a90-ace8-b3224a0fc3ae-9700487.jpg","datePublished":"2026-03-27T07:47:05+00:00","author":{"@id":"https:\/\/portaltela.pt\/#\/schema\/person\/c4278d4a6028830caff9ee44b42d32ed"},"breadcrumb":{"@id":"https:\/\/portaltela.pt\/noticias\/2026\/03\/27\/japao-inicia-epoca-das-sakura-em-toquio-com-piqueniques-no-parque-ueno\/#breadcrumb"},"inLanguage":"pt-PT","potentialAction":[{"@type":"ReadAction","target":["https:\/\/portaltela.pt\/noticias\/2026\/03\/27\/japao-inicia-epoca-das-sakura-em-toquio-com-piqueniques-no-parque-ueno\/"]}]},{"@type":"ImageObject","inLanguage":"pt-PT","@id":"https:\/\/portaltela.pt\/noticias\/2026\/03\/27\/japao-inicia-epoca-das-sakura-em-toquio-com-piqueniques-no-parque-ueno\/#primaryimage","url":"https:\/\/portaltela.pt\/s.01k8rhncp4jt1\/2026\/03\/1536x864_cmsv2_7442e267-c1d3-5a90-ace8-b3224a0fc3ae-9700487.jpg","contentUrl":"https:\/\/portaltela.pt\/s.01k8rhncp4jt1\/2026\/03\/1536x864_cmsv2_7442e267-c1d3-5a90-ace8-b3224a0fc3ae-9700487.jpg","width":796,"height":448,"caption":"Mulheres fotografam as cerejeiras em flor junto ao fosso do Pal\u00e1cio Imperial de Chidorigafuchi, em T\u00f3quio"},{"@type":"BreadcrumbList","@id":"https:\/\/portaltela.pt\/noticias\/2026\/03\/27\/japao-inicia-epoca-das-sakura-em-toquio-com-piqueniques-no-parque-ueno\/#breadcrumb","itemListElement":[{"@type":"ListItem","position":1,"name":"In\u00edcio","item":"https:\/\/portaltela.pt\/"},{"@type":"ListItem","position":2,"name":"Jap\u00e3o inicia \u00e9poca das sakura em T\u00f3quio com piqueniques no Parque Ueno"}]},{"@type":"WebSite","@id":"https:\/\/portaltela.pt\/#website","url":"https:\/\/portaltela.pt\/","name":"Portal Tela Portugal","description":"","potentialAction":[{"@type":"SearchAction","target":{"@type":"EntryPoint","urlTemplate":"https:\/\/portaltela.pt\/?s={search_term_string}"},"query-input":{"@type":"PropertyValueSpecification","valueRequired":true,"valueName":"search_term_string"}}],"inLanguage":"pt-PT"},{"@type":"Person","@id":"https:\/\/portaltela.pt\/#\/schema\/person\/c4278d4a6028830caff9ee44b42d32ed","name":"Telinha","image":{"@type":"ImageObject","inLanguage":"pt-PT","@id":"https:\/\/portaltela.pt\/s.01k8rhncp4jt1\/2025\/11\/talking-bot-125x125.png","url":"https:\/\/portaltela.pt\/s.01k8rhncp4jt1\/2025\/11\/talking-bot-125x125.png","contentUrl":"https:\/\/portaltela.pt\/s.01k8rhncp4jt1\/2025\/11\/talking-bot-125x125.png","caption":"Telinha"},"sameAs":["https:\/\/portaltela.pt\/"],"url":"https:\/\/portaltela.pt\/por\/367410592786\/"}]}},"_links":{"self":[{"href":"https:\/\/portaltela.pt\/api\/wp\/v2\/posts\/423243","targetHints":{"allow":["GET"]}}],"collection":[{"href":"https:\/\/portaltela.pt\/api\/wp\/v2\/posts"}],"about":[{"href":"https:\/\/portaltela.pt\/api\/wp\/v2\/types\/post"}],"author":[{"embeddable":true,"href":"https:\/\/portaltela.pt\/api\/wp\/v2\/users\/2"}],"replies":[{"embeddable":true,"href":"https:\/\/portaltela.pt\/api\/wp\/v2\/comments?post=423243"}],"version-history":[{"count":0,"href":"https:\/\/portaltela.pt\/api\/wp\/v2\/posts\/423243\/revisions"}],"wp:featuredmedia":[{"embeddable":true,"href":"https:\/\/portaltela.pt\/api\/wp\/v2\/media\/423246"}],"wp:attachment":[{"href":"https:\/\/portaltela.pt\/api\/wp\/v2\/media?parent=423243"}],"wp:term":[{"taxonomy":"category","embeddable":true,"href":"https:\/\/portaltela.pt\/api\/wp\/v2\/categories?post=423243"},{"taxonomy":"post_tag","embeddable":true,"href":"https:\/\/portaltela.pt\/api\/wp\/v2\/tags?post=423243"}],"curies":[{"name":"wp","href":"https:\/\/api.w.org\/{rel}","templated":true}]}}