{"id":423233,"date":"2026-03-27T04:15:00","date_gmt":"2026-03-27T07:15:00","guid":{"rendered":"https:\/\/portaltela.pt\/noticias\/2026\/03\/27\/obras-da-via-nordeste-em-rio-tinto-paradas-por-sobreiros-sem-data-de-reinicio\/"},"modified":"2026-03-27T04:15:00","modified_gmt":"2026-03-27T07:15:00","slug":"obras-da-via-nordeste-em-rio-tinto-paradas-por-sobreiros-sem-data-de-reinicio","status":"publish","type":"post","link":"https:\/\/portaltela.pt\/noticias\/2026\/03\/27\/obras-da-via-nordeste-em-rio-tinto-paradas-por-sobreiros-sem-data-de-reinicio\/","title":{"rendered":"Obras da Via Nordeste em Rio Tinto paradas por sobreiros, sem data de rein\u00edcio"},"content":{"rendered":"<p>O projeto Via Nordeste, em Rio Tinto, Gondomar, continua inacabado ap\u00f3s ter sido interrompido em 2022. A pausa deve-se a quest\u00f5es ambientais ligadas a sobreiros, cuja abate depende de autoriza\u00e7\u00e3o do Instituto da Conserva\u00e7\u00e3o da Natureza e das Florestas (ICNF). Hoje n\u00e3o existe data conhecida para o rein\u00edcio das obras.<\/p>\n<p>Na rede vi\u00e1ria prevista, o estado atual \u00e9 de alcatr\u00e3o com cascalho e res\u00edduos, sinalizando interrup\u00e7\u00e3o prolongada. A popula\u00e7\u00e3o observa a situa\u00e7\u00e3o com preocupa\u00e7\u00e3o, questionando o impacto econ\u00f3mico da paralisa\u00e7\u00e3o. O montante total estimado ronda os oito milh\u00f5es de euros, inclu\u00edda a Via Estruturante Norte-Sul.<\/p>\n<p>A C\u00e2mara de Gondomar tem afirmado que apenas aguarda decis\u00f5es oficiais para avan\u00e7ar com a retoma da empreitada. O munic\u00edpio sublinha que a via \u00e9 considerada fundamental para melhorar acessos e mobilidade na regi\u00e3o.<\/p>\n<h3>Estado atual e pr\u00f3ximos passos<\/h3>\n<p>A autarquia mant\u00e9m contacto com as entidades competentes, nomeadamente a Ag\u00eancia Portuguesa do Ambiente (APA) e o ICNF, para entender prazos e condi\u00e7\u00f5es para a continuidade do projeto.<\/p>\n<p>A posi\u00e7\u00e3o oficial \u00e9 de que a reabertura depende de conformidades ambientais e de autoriza\u00e7\u00f5es espec\u00edficas, sem informa\u00e7\u00e3o sobre novas datas ou cronogramas. A prioridade municipal permanece a clarifica\u00e7\u00e3o dos pr\u00f3ximos passos.<\/p>\n","protected":false},"excerpt":{"rendered":"<ul>\n<li>A obra da Via Nordeste, em Rio Tinto, Gondomar, encontra-se inacabada.<\/li>\n<li>Os trabalhos foram interrompidos em 2022 devido a sobreiros, cujo abate depende da autoriza\u00e7\u00e3o do Instituto da Conserva\u00e7\u00e3o da Natureza e das Florestas (ICNF).<\/li>\n<li>Volvidos quatro anos, n\u00e3o h\u00e1 data definida para o rein\u00edcio da obra.<\/li>\n<li>Os mun\u00edcipes criticam o gasto de oito milh\u00f5es de euros e dizem que existem outras prioridades.<\/li>\n<li>A C\u00e2mara de Gondomar afirma que aguarda decis\u00f5es da Ag\u00eancia Portuguesa do Ambiente (APA) e do ICNF para a retoma da empreitada, considerada importante para acessos e mobilidade.<\/li>\n<\/ul>\n","protected":false},"author":2,"featured_media":423235,"comment_status":"closed","ping_status":"closed","sticky":false,"template":"","format":"standard","meta":{"footnotes":""},"categories":[7372,1],"tags":[4085,1243,3142,45,2110,192],"class_list":["post-423233","post","type-post","status-publish","format-standard","has-post-thumbnail","hentry","category-comunidade","category-noticias","tag-apa","tag-gondomar","tag-icnf","tag-meio-ambiente","tag-mobilidade","tag-transporte"],"yoast_head":"<!-- This site is optimized with the Yoast SEO plugin v27.2 - https:\/\/yoast.com\/product\/yoast-seo-wordpress\/ -->\n<title>Obras da Via Nordeste em Rio Tinto paradas por sobreiros, sem data de rein\u00edcio - Portal Tela Portugal<\/title>\n<meta name=\"robots\" content=\"index, follow, max-snippet:-1, max-image-preview:large, max-video-preview:-1\" \/>\n<meta property=\"og:locale\" content=\"pt_PT\" \/>\n<meta property=\"og:type\" content=\"article\" \/>\n<meta property=\"og:title\" content=\"Obras da Via Nordeste em Rio Tinto paradas por sobreiros, sem data de rein\u00edcio - Portal Tela Portugal\" \/>\n<meta property=\"og:description\" content=\"A obra da Via Nordeste, em Rio Tinto, Gondomar, encontra-se inacabada. Os trabalhos foram interrompidos em 2022 devido a sobreiros, cujo abate depende da autoriza\u00e7\u00e3o do Instituto da Conserva\u00e7\u00e3o da Natureza e das Florestas (ICNF). Volvidos quatro anos, n\u00e3o h\u00e1 data definida para o rein\u00edcio da obra. Os mun\u00edcipes criticam o gasto de oito milh\u00f5es de euros e dizem que existem outras prioridades. A C\u00e2mara de Gondomar afirma que aguarda decis\u00f5es da Ag\u00eancia Portuguesa do Ambiente (APA) e do ICNF para a retoma da empreitada, considerada importante para acessos e mobilidade.\" \/>\n<meta property=\"og:url\" content=\"https:\/\/portaltela.pt\/noticias\/2026\/03\/27\/obras-da-via-nordeste-em-rio-tinto-paradas-por-sobreiros-sem-data-de-reinicio\/\" \/>\n<meta property=\"og:site_name\" content=\"Portal Tela Portugal\" \/>\n<meta property=\"article:published_time\" content=\"2026-03-27T07:15:00+00:00\" \/>\n<meta name=\"author\" content=\"Telinha\" \/>\n<meta name=\"twitter:card\" content=\"summary_large_image\" \/>\n<meta name=\"twitter:label1\" content=\"Escrito por\" \/>\n\t<meta name=\"twitter:data1\" content=\"Telinha\" \/>\n\t<meta name=\"twitter:label2\" content=\"Tempo estimado de leitura\" \/>\n\t<meta name=\"twitter:data2\" content=\"1 minuto\" \/>\n<script type=\"application\/ld+json\" class=\"yoast-schema-graph\">{\"@context\":\"https:\/\/schema.org\",\"@graph\":[{\"@type\":\"Article\",\"@id\":\"https:\/\/portaltela.pt\/noticias\/2026\/03\/27\/obras-da-via-nordeste-em-rio-tinto-paradas-por-sobreiros-sem-data-de-reinicio\/#article\",\"isPartOf\":{\"@id\":\"https:\/\/portaltela.pt\/noticias\/2026\/03\/27\/obras-da-via-nordeste-em-rio-tinto-paradas-por-sobreiros-sem-data-de-reinicio\/\"},\"author\":{\"name\":\"Telinha\",\"@id\":\"https:\/\/portaltela.pt\/#\/schema\/person\/c4278d4a6028830caff9ee44b42d32ed\"},\"headline\":\"Obras da Via Nordeste em Rio Tinto paradas por sobreiros, sem data de rein\u00edcio\",\"datePublished\":\"2026-03-27T07:15:00+00:00\",\"mainEntityOfPage\":{\"@id\":\"https:\/\/portaltela.pt\/noticias\/2026\/03\/27\/obras-da-via-nordeste-em-rio-tinto-paradas-por-sobreiros-sem-data-de-reinicio\/\"},\"wordCount\":237,\"image\":{\"@id\":\"https:\/\/portaltela.pt\/noticias\/2026\/03\/27\/obras-da-via-nordeste-em-rio-tinto-paradas-por-sobreiros-sem-data-de-reinicio\/#primaryimage\"},\"thumbnailUrl\":\"https:\/\/portaltela.pt\/s.01k8rhncp4jt1\/2026\/03\/b7c7d3d6-3102-432e-91bb-5cfef9986b50_1200x675.jpg\",\"keywords\":[\"APA\",\"Gondomar\",\"ICNF\",\"meio-ambiente\",\"mobilidade\",\"transporte\"],\"articleSection\":[\"Comunidade\",\"Not\u00edcias\"],\"inLanguage\":\"pt-PT\"},{\"@type\":\"WebPage\",\"@id\":\"https:\/\/portaltela.pt\/noticias\/2026\/03\/27\/obras-da-via-nordeste-em-rio-tinto-paradas-por-sobreiros-sem-data-de-reinicio\/\",\"url\":\"https:\/\/portaltela.pt\/noticias\/2026\/03\/27\/obras-da-via-nordeste-em-rio-tinto-paradas-por-sobreiros-sem-data-de-reinicio\/\",\"name\":\"Obras da Via Nordeste em Rio Tinto paradas por sobreiros, sem data de rein\u00edcio - Portal Tela Portugal\",\"isPartOf\":{\"@id\":\"https:\/\/portaltela.pt\/#website\"},\"primaryImageOfPage\":{\"@id\":\"https:\/\/portaltela.pt\/noticias\/2026\/03\/27\/obras-da-via-nordeste-em-rio-tinto-paradas-por-sobreiros-sem-data-de-reinicio\/#primaryimage\"},\"image\":{\"@id\":\"https:\/\/portaltela.pt\/noticias\/2026\/03\/27\/obras-da-via-nordeste-em-rio-tinto-paradas-por-sobreiros-sem-data-de-reinicio\/#primaryimage\"},\"thumbnailUrl\":\"https:\/\/portaltela.pt\/s.01k8rhncp4jt1\/2026\/03\/b7c7d3d6-3102-432e-91bb-5cfef9986b50_1200x675.jpg\",\"datePublished\":\"2026-03-27T07:15:00+00:00\",\"author\":{\"@id\":\"https:\/\/portaltela.pt\/#\/schema\/person\/c4278d4a6028830caff9ee44b42d32ed\"},\"breadcrumb\":{\"@id\":\"https:\/\/portaltela.pt\/noticias\/2026\/03\/27\/obras-da-via-nordeste-em-rio-tinto-paradas-por-sobreiros-sem-data-de-reinicio\/#breadcrumb\"},\"inLanguage\":\"pt-PT\",\"potentialAction\":[{\"@type\":\"ReadAction\",\"target\":[\"https:\/\/portaltela.pt\/noticias\/2026\/03\/27\/obras-da-via-nordeste-em-rio-tinto-paradas-por-sobreiros-sem-data-de-reinicio\/\"]}]},{\"@type\":\"ImageObject\",\"inLanguage\":\"pt-PT\",\"@id\":\"https:\/\/portaltela.pt\/noticias\/2026\/03\/27\/obras-da-via-nordeste-em-rio-tinto-paradas-por-sobreiros-sem-data-de-reinicio\/#primaryimage\",\"url\":\"https:\/\/portaltela.pt\/s.01k8rhncp4jt1\/2026\/03\/b7c7d3d6-3102-432e-91bb-5cfef9986b50_1200x675.jpg\",\"contentUrl\":\"https:\/\/portaltela.pt\/s.01k8rhncp4jt1\/2026\/03\/b7c7d3d6-3102-432e-91bb-5cfef9986b50_1200x675.jpg\",\"width\":796,\"height\":448,\"caption\":\"Sem tr\u00e2nsito, estrada inacabada acumulou lixo e cascalho\"},{\"@type\":\"BreadcrumbList\",\"@id\":\"https:\/\/portaltela.pt\/noticias\/2026\/03\/27\/obras-da-via-nordeste-em-rio-tinto-paradas-por-sobreiros-sem-data-de-reinicio\/#breadcrumb\",\"itemListElement\":[{\"@type\":\"ListItem\",\"position\":1,\"name\":\"In\u00edcio\",\"item\":\"https:\/\/portaltela.pt\/\"},{\"@type\":\"ListItem\",\"position\":2,\"name\":\"Obras da Via Nordeste em Rio Tinto paradas por sobreiros, sem data de rein\u00edcio\"}]},{\"@type\":\"WebSite\",\"@id\":\"https:\/\/portaltela.pt\/#website\",\"url\":\"https:\/\/portaltela.pt\/\",\"name\":\"Portal Tela Portugal\",\"description\":\"\",\"potentialAction\":[{\"@type\":\"SearchAction\",\"target\":{\"@type\":\"EntryPoint\",\"urlTemplate\":\"https:\/\/portaltela.pt\/?s={search_term_string}\"},\"query-input\":{\"@type\":\"PropertyValueSpecification\",\"valueRequired\":true,\"valueName\":\"search_term_string\"}}],\"inLanguage\":\"pt-PT\"},{\"@type\":\"Person\",\"@id\":\"https:\/\/portaltela.pt\/#\/schema\/person\/c4278d4a6028830caff9ee44b42d32ed\",\"name\":\"Telinha\",\"image\":{\"@type\":\"ImageObject\",\"inLanguage\":\"pt-PT\",\"@id\":\"https:\/\/portaltela.pt\/s.01k8rhncp4jt1\/2025\/11\/talking-bot-125x125.png\",\"url\":\"https:\/\/portaltela.pt\/s.01k8rhncp4jt1\/2025\/11\/talking-bot-125x125.png\",\"contentUrl\":\"https:\/\/portaltela.pt\/s.01k8rhncp4jt1\/2025\/11\/talking-bot-125x125.png\",\"caption\":\"Telinha\"},\"sameAs\":[\"https:\/\/portaltela.pt\/\"],\"url\":\"https:\/\/portaltela.pt\/por\/367410592786\/\"}]}<\/script>\n<!-- \/ Yoast SEO plugin. -->","yoast_head_json":{"title":"Obras da Via Nordeste em Rio Tinto paradas por sobreiros, sem data de rein\u00edcio - Portal Tela Portugal","robots":{"index":"index","follow":"follow","max-snippet":"max-snippet:-1","max-image-preview":"max-image-preview:large","max-video-preview":"max-video-preview:-1"},"og_locale":"pt_PT","og_type":"article","og_title":"Obras da Via Nordeste em Rio Tinto paradas por sobreiros, sem data de rein\u00edcio - Portal Tela Portugal","og_description":"A obra da Via Nordeste, em Rio Tinto, Gondomar, encontra-se inacabada. Os trabalhos foram interrompidos em 2022 devido a sobreiros, cujo abate depende da autoriza\u00e7\u00e3o do Instituto da Conserva\u00e7\u00e3o da Natureza e das Florestas (ICNF). Volvidos quatro anos, n\u00e3o h\u00e1 data definida para o rein\u00edcio da obra. Os mun\u00edcipes criticam o gasto de oito milh\u00f5es de euros e dizem que existem outras prioridades. A C\u00e2mara de Gondomar afirma que aguarda decis\u00f5es da Ag\u00eancia Portuguesa do Ambiente (APA) e do ICNF para a retoma da empreitada, considerada importante para acessos e mobilidade.","og_url":"https:\/\/portaltela.pt\/noticias\/2026\/03\/27\/obras-da-via-nordeste-em-rio-tinto-paradas-por-sobreiros-sem-data-de-reinicio\/","og_site_name":"Portal Tela Portugal","article_published_time":"2026-03-27T07:15:00+00:00","author":"Telinha","twitter_card":"summary_large_image","twitter_misc":{"Escrito por":"Telinha","Tempo estimado de leitura":"1 minuto"},"schema":{"@context":"https:\/\/schema.org","@graph":[{"@type":"Article","@id":"https:\/\/portaltela.pt\/noticias\/2026\/03\/27\/obras-da-via-nordeste-em-rio-tinto-paradas-por-sobreiros-sem-data-de-reinicio\/#article","isPartOf":{"@id":"https:\/\/portaltela.pt\/noticias\/2026\/03\/27\/obras-da-via-nordeste-em-rio-tinto-paradas-por-sobreiros-sem-data-de-reinicio\/"},"author":{"name":"Telinha","@id":"https:\/\/portaltela.pt\/#\/schema\/person\/c4278d4a6028830caff9ee44b42d32ed"},"headline":"Obras da Via Nordeste em Rio Tinto paradas por sobreiros, sem data de rein\u00edcio","datePublished":"2026-03-27T07:15:00+00:00","mainEntityOfPage":{"@id":"https:\/\/portaltela.pt\/noticias\/2026\/03\/27\/obras-da-via-nordeste-em-rio-tinto-paradas-por-sobreiros-sem-data-de-reinicio\/"},"wordCount":237,"image":{"@id":"https:\/\/portaltela.pt\/noticias\/2026\/03\/27\/obras-da-via-nordeste-em-rio-tinto-paradas-por-sobreiros-sem-data-de-reinicio\/#primaryimage"},"thumbnailUrl":"https:\/\/portaltela.pt\/s.01k8rhncp4jt1\/2026\/03\/b7c7d3d6-3102-432e-91bb-5cfef9986b50_1200x675.jpg","keywords":["APA","Gondomar","ICNF","meio-ambiente","mobilidade","transporte"],"articleSection":["Comunidade","Not\u00edcias"],"inLanguage":"pt-PT"},{"@type":"WebPage","@id":"https:\/\/portaltela.pt\/noticias\/2026\/03\/27\/obras-da-via-nordeste-em-rio-tinto-paradas-por-sobreiros-sem-data-de-reinicio\/","url":"https:\/\/portaltela.pt\/noticias\/2026\/03\/27\/obras-da-via-nordeste-em-rio-tinto-paradas-por-sobreiros-sem-data-de-reinicio\/","name":"Obras da Via Nordeste em Rio Tinto paradas por sobreiros, sem data de rein\u00edcio - Portal Tela Portugal","isPartOf":{"@id":"https:\/\/portaltela.pt\/#website"},"primaryImageOfPage":{"@id":"https:\/\/portaltela.pt\/noticias\/2026\/03\/27\/obras-da-via-nordeste-em-rio-tinto-paradas-por-sobreiros-sem-data-de-reinicio\/#primaryimage"},"image":{"@id":"https:\/\/portaltela.pt\/noticias\/2026\/03\/27\/obras-da-via-nordeste-em-rio-tinto-paradas-por-sobreiros-sem-data-de-reinicio\/#primaryimage"},"thumbnailUrl":"https:\/\/portaltela.pt\/s.01k8rhncp4jt1\/2026\/03\/b7c7d3d6-3102-432e-91bb-5cfef9986b50_1200x675.jpg","datePublished":"2026-03-27T07:15:00+00:00","author":{"@id":"https:\/\/portaltela.pt\/#\/schema\/person\/c4278d4a6028830caff9ee44b42d32ed"},"breadcrumb":{"@id":"https:\/\/portaltela.pt\/noticias\/2026\/03\/27\/obras-da-via-nordeste-em-rio-tinto-paradas-por-sobreiros-sem-data-de-reinicio\/#breadcrumb"},"inLanguage":"pt-PT","potentialAction":[{"@type":"ReadAction","target":["https:\/\/portaltela.pt\/noticias\/2026\/03\/27\/obras-da-via-nordeste-em-rio-tinto-paradas-por-sobreiros-sem-data-de-reinicio\/"]}]},{"@type":"ImageObject","inLanguage":"pt-PT","@id":"https:\/\/portaltela.pt\/noticias\/2026\/03\/27\/obras-da-via-nordeste-em-rio-tinto-paradas-por-sobreiros-sem-data-de-reinicio\/#primaryimage","url":"https:\/\/portaltela.pt\/s.01k8rhncp4jt1\/2026\/03\/b7c7d3d6-3102-432e-91bb-5cfef9986b50_1200x675.jpg","contentUrl":"https:\/\/portaltela.pt\/s.01k8rhncp4jt1\/2026\/03\/b7c7d3d6-3102-432e-91bb-5cfef9986b50_1200x675.jpg","width":796,"height":448,"caption":"Sem tr\u00e2nsito, estrada inacabada acumulou lixo e cascalho"},{"@type":"BreadcrumbList","@id":"https:\/\/portaltela.pt\/noticias\/2026\/03\/27\/obras-da-via-nordeste-em-rio-tinto-paradas-por-sobreiros-sem-data-de-reinicio\/#breadcrumb","itemListElement":[{"@type":"ListItem","position":1,"name":"In\u00edcio","item":"https:\/\/portaltela.pt\/"},{"@type":"ListItem","position":2,"name":"Obras da Via Nordeste em Rio Tinto paradas por sobreiros, sem data de rein\u00edcio"}]},{"@type":"WebSite","@id":"https:\/\/portaltela.pt\/#website","url":"https:\/\/portaltela.pt\/","name":"Portal Tela Portugal","description":"","potentialAction":[{"@type":"SearchAction","target":{"@type":"EntryPoint","urlTemplate":"https:\/\/portaltela.pt\/?s={search_term_string}"},"query-input":{"@type":"PropertyValueSpecification","valueRequired":true,"valueName":"search_term_string"}}],"inLanguage":"pt-PT"},{"@type":"Person","@id":"https:\/\/portaltela.pt\/#\/schema\/person\/c4278d4a6028830caff9ee44b42d32ed","name":"Telinha","image":{"@type":"ImageObject","inLanguage":"pt-PT","@id":"https:\/\/portaltela.pt\/s.01k8rhncp4jt1\/2025\/11\/talking-bot-125x125.png","url":"https:\/\/portaltela.pt\/s.01k8rhncp4jt1\/2025\/11\/talking-bot-125x125.png","contentUrl":"https:\/\/portaltela.pt\/s.01k8rhncp4jt1\/2025\/11\/talking-bot-125x125.png","caption":"Telinha"},"sameAs":["https:\/\/portaltela.pt\/"],"url":"https:\/\/portaltela.pt\/por\/367410592786\/"}]}},"_links":{"self":[{"href":"https:\/\/portaltela.pt\/api\/wp\/v2\/posts\/423233","targetHints":{"allow":["GET"]}}],"collection":[{"href":"https:\/\/portaltela.pt\/api\/wp\/v2\/posts"}],"about":[{"href":"https:\/\/portaltela.pt\/api\/wp\/v2\/types\/post"}],"author":[{"embeddable":true,"href":"https:\/\/portaltela.pt\/api\/wp\/v2\/users\/2"}],"replies":[{"embeddable":true,"href":"https:\/\/portaltela.pt\/api\/wp\/v2\/comments?post=423233"}],"version-history":[{"count":0,"href":"https:\/\/portaltela.pt\/api\/wp\/v2\/posts\/423233\/revisions"}],"wp:featuredmedia":[{"embeddable":true,"href":"https:\/\/portaltela.pt\/api\/wp\/v2\/media\/423235"}],"wp:attachment":[{"href":"https:\/\/portaltela.pt\/api\/wp\/v2\/media?parent=423233"}],"wp:term":[{"taxonomy":"category","embeddable":true,"href":"https:\/\/portaltela.pt\/api\/wp\/v2\/categories?post=423233"},{"taxonomy":"post_tag","embeddable":true,"href":"https:\/\/portaltela.pt\/api\/wp\/v2\/tags?post=423233"}],"curies":[{"name":"wp","href":"https:\/\/api.w.org\/{rel}","templated":true}]}}