{"id":423230,"date":"2026-03-27T04:16:00","date_gmt":"2026-03-27T07:16:00","guid":{"rendered":"https:\/\/portaltela.pt\/noticias\/2026\/03\/27\/seguranca-social-absolvida-de-falsear-relatorio-que-privou-mae-de-duas-filhas\/"},"modified":"2026-03-27T04:16:00","modified_gmt":"2026-03-27T07:16:00","slug":"seguranca-social-absolvida-de-falsear-relatorio-que-privou-mae-de-duas-filhas","status":"publish","type":"post","link":"https:\/\/portaltela.pt\/noticias\/2026\/03\/27\/seguranca-social-absolvida-de-falsear-relatorio-que-privou-mae-de-duas-filhas\/","title":{"rendered":"Seguran\u00e7a Social absolvida de falsear relat\u00f3rio que privou m\u00e3e de duas filhas"},"content":{"rendered":"<p>As t\u00e9cnicas da Seguran\u00e7a Social foram definitivamente absolvidas de terem elaborado um parecer com informa\u00e7\u00f5es falsas que resultou na retirada de duas filhas \u00e0 m\u00e3e, Ana Maximiano, entre 2015 e 2021. A decis\u00e3o foi proferida pelo Tribunal da Rela\u00e7\u00e3o de Lisboa, na ter\u00e7a-feira.<\/p>\n<p>O ac\u00f3rd\u00e3o rejeitou o recurso de Maximiano contra a senten\u00e7a de primeira inst\u00e2ncia, que j\u00e1 tinha ilibado as duas t\u00e9cnicas de falsidade de testemunho, denega\u00e7\u00e3o de justi\u00e7a e prevarica\u00e7\u00e3o. O tribunal manteve a absolvi\u00e7\u00e3o.<\/p>\n<p>A Rela\u00e7\u00e3o de Lisboa ordenou ainda a repeti\u00e7\u00e3o do julgamento, ap\u00f3s recurso interposto pelo Minist\u00e9rio P\u00fablico. Nauticamente, o Tribunal de Cascais havia condenado as t\u00e9cnicas, mas o recurso levou \u00e0 nova sess\u00e3o.<\/p>\n<p>Na repeti\u00e7\u00e3o, o Tribunal de Cascais absolveu as t\u00e9cnicas, e agora a decis\u00e3o foi confirmada pela Rela\u00e7\u00e3o de Lisboa, que n\u00e3o encontrou evid\u00eancias de que as profissionais tivessem atuado para prejudicar a m\u00e3e.<\/p>\n<p>O processo envolve a an\u00e1lise de alegadas informa\u00e7\u00f5es falsas num parecer utilizado no acompanhamento das crian\u00e7as. O per\u00edodo relacionado vai de 2015 a 2021, abrangendo etapas cr\u00edticas da interven\u00e7\u00e3o social.<\/p>\n<p>A decis\u00e3o final, confirmando a absolvi\u00e7\u00e3o, encerra o ciclo processual naquele \u00e2mbito espec\u00edfico, sem identifica\u00e7\u00e3o de responsabilidade criminal para as arguidas. O tribunal manteve o veredito de absolvi\u00e7\u00e3o.<\/p>\n<h3>Desfecho do recurso<\/h3>\n<p>A decis\u00e3o da Rela\u00e7\u00e3o de Lisboa sustenta a inexist\u00eancia de dolo ou inten\u00e7\u00e3o de prejudicar Ana Maximiano. O ac\u00f3rd\u00e3o ressalta que as provas n\u00e3o demonstraram liga\u00e7\u00e3o direta entre as t\u00e9cnicas e a retirada das filhas.<\/p>\n<p>O Minist\u00e9rio P\u00fablico pode ainda avaliar eventuais vias recursivas, mas a confirma\u00e7\u00e3o da absolvi\u00e7\u00e3o fechou a tramita\u00e7\u00e3o do caso em termos penais. O processo, contudo, permanece sujeito a eventuais desdobramentos administrativos.<\/p>\n","protected":false},"excerpt":{"rendered":"<ul>\n<li>O Tribunal da Rela\u00e7\u00e3o de Lisboa absolveu as duas t\u00e9cnicas da Seguran\u00e7a Social de falsidade de testemunho, denega\u00e7\u00e3o de justi\u00e7a e prevarica\u00e7\u00e3o, mantendo que n\u00e3o atuaram para prejudicar a m\u00e3e Ana Maximiano.<\/li>\n<li>O ac\u00f3rd\u00e3o confirmou a decis\u00e3o de primeira inst\u00e2ncia que j\u00e1 as ilibava.<\/li>\n<li>As t\u00e9cnicas tinham sido condenadas pelo Tribunal de Cascais, mas o recurso levou a uma reapreens\u00e3o do caso.<\/li>\n<li>Na pr\u00e1tica, o parecer tido como falso n\u00e3o resultou em preju\u00edzo para a m\u00e3e, segundo a Rela\u00e7\u00e3o de Lisboa.<\/li>\n<li>O processo envolve a retirada de duas crian\u00e7as \u00e0 m\u00e3e entre 2015 e 2021 com base nesse parecer.<\/li>\n<\/ul>\n","protected":false},"author":2,"featured_media":423237,"comment_status":"closed","ping_status":"closed","sticky":false,"template":"","format":"standard","meta":{"footnotes":""},"categories":[6815,1],"tags":[3754,168,6718,981,243,6208],"class_list":["post-423230","post","type-post","status-publish","format-standard","has-post-thumbnail","hentry","category-justica","category-noticias","tag-absolvicao","tag-administracao-publica","tag-falsidade-documental","tag-lisboa","tag-seguranca-social","tag-tribunais"],"yoast_head":"<!-- This site is optimized with the Yoast SEO plugin v27.2 - https:\/\/yoast.com\/product\/yoast-seo-wordpress\/ -->\n<title>Seguran\u00e7a Social absolvida de falsear relat\u00f3rio que privou m\u00e3e de duas filhas - Portal Tela Portugal<\/title>\n<meta name=\"robots\" content=\"index, follow, max-snippet:-1, max-image-preview:large, max-video-preview:-1\" \/>\n<meta property=\"og:locale\" content=\"pt_PT\" \/>\n<meta property=\"og:type\" content=\"article\" \/>\n<meta property=\"og:title\" content=\"Seguran\u00e7a Social absolvida de falsear relat\u00f3rio que privou m\u00e3e de duas filhas - Portal Tela Portugal\" \/>\n<meta property=\"og:description\" content=\"O Tribunal da Rela\u00e7\u00e3o de Lisboa absolveu as duas t\u00e9cnicas da Seguran\u00e7a Social de falsidade de testemunho, denega\u00e7\u00e3o de justi\u00e7a e prevarica\u00e7\u00e3o, mantendo que n\u00e3o atuaram para prejudicar a m\u00e3e Ana Maximiano. O ac\u00f3rd\u00e3o confirmou a decis\u00e3o de primeira inst\u00e2ncia que j\u00e1 as ilibava. As t\u00e9cnicas tinham sido condenadas pelo Tribunal de Cascais, mas o recurso levou a uma reapreens\u00e3o do caso. Na pr\u00e1tica, o parecer tido como falso n\u00e3o resultou em preju\u00edzo para a m\u00e3e, segundo a Rela\u00e7\u00e3o de Lisboa. O processo envolve a retirada de duas crian\u00e7as \u00e0 m\u00e3e entre 2015 e 2021 com base nesse parecer.\" \/>\n<meta property=\"og:url\" content=\"https:\/\/portaltela.pt\/noticias\/2026\/03\/27\/seguranca-social-absolvida-de-falsear-relatorio-que-privou-mae-de-duas-filhas\/\" \/>\n<meta property=\"og:site_name\" content=\"Portal Tela Portugal\" \/>\n<meta property=\"article:published_time\" content=\"2026-03-27T07:16:00+00:00\" \/>\n<meta name=\"author\" content=\"Telinha\" \/>\n<meta name=\"twitter:card\" content=\"summary_large_image\" \/>\n<meta name=\"twitter:label1\" content=\"Escrito por\" \/>\n\t<meta name=\"twitter:data1\" content=\"Telinha\" \/>\n\t<meta name=\"twitter:label2\" content=\"Tempo estimado de leitura\" \/>\n\t<meta name=\"twitter:data2\" content=\"2 minutos\" \/>\n<script type=\"application\/ld+json\" class=\"yoast-schema-graph\">{\"@context\":\"https:\/\/schema.org\",\"@graph\":[{\"@type\":\"Article\",\"@id\":\"https:\/\/portaltela.pt\/noticias\/2026\/03\/27\/seguranca-social-absolvida-de-falsear-relatorio-que-privou-mae-de-duas-filhas\/#article\",\"isPartOf\":{\"@id\":\"https:\/\/portaltela.pt\/noticias\/2026\/03\/27\/seguranca-social-absolvida-de-falsear-relatorio-que-privou-mae-de-duas-filhas\/\"},\"author\":{\"name\":\"Telinha\",\"@id\":\"https:\/\/portaltela.pt\/#\/schema\/person\/c4278d4a6028830caff9ee44b42d32ed\"},\"headline\":\"Seguran\u00e7a Social absolvida de falsear relat\u00f3rio que privou m\u00e3e de duas filhas\",\"datePublished\":\"2026-03-27T07:16:00+00:00\",\"mainEntityOfPage\":{\"@id\":\"https:\/\/portaltela.pt\/noticias\/2026\/03\/27\/seguranca-social-absolvida-de-falsear-relatorio-que-privou-mae-de-duas-filhas\/\"},\"wordCount\":333,\"image\":{\"@id\":\"https:\/\/portaltela.pt\/noticias\/2026\/03\/27\/seguranca-social-absolvida-de-falsear-relatorio-que-privou-mae-de-duas-filhas\/#primaryimage\"},\"thumbnailUrl\":\"https:\/\/portaltela.pt\/s.01k8rhncp4jt1\/2026\/03\/image-1575.jpg\",\"keywords\":[\"absolvi\u00e7\u00e3o\",\"administra\u00e7\u00e3o p\u00fablica\",\"falsidade documental\",\"Lisboa\",\"seguran\u00e7a social\",\"Tribunais\"],\"articleSection\":[\"Justi\u00e7a\",\"Not\u00edcias\"],\"inLanguage\":\"pt-PT\"},{\"@type\":\"WebPage\",\"@id\":\"https:\/\/portaltela.pt\/noticias\/2026\/03\/27\/seguranca-social-absolvida-de-falsear-relatorio-que-privou-mae-de-duas-filhas\/\",\"url\":\"https:\/\/portaltela.pt\/noticias\/2026\/03\/27\/seguranca-social-absolvida-de-falsear-relatorio-que-privou-mae-de-duas-filhas\/\",\"name\":\"Seguran\u00e7a Social absolvida de falsear relat\u00f3rio que privou m\u00e3e de duas filhas - Portal Tela Portugal\",\"isPartOf\":{\"@id\":\"https:\/\/portaltela.pt\/#website\"},\"primaryImageOfPage\":{\"@id\":\"https:\/\/portaltela.pt\/noticias\/2026\/03\/27\/seguranca-social-absolvida-de-falsear-relatorio-que-privou-mae-de-duas-filhas\/#primaryimage\"},\"image\":{\"@id\":\"https:\/\/portaltela.pt\/noticias\/2026\/03\/27\/seguranca-social-absolvida-de-falsear-relatorio-que-privou-mae-de-duas-filhas\/#primaryimage\"},\"thumbnailUrl\":\"https:\/\/portaltela.pt\/s.01k8rhncp4jt1\/2026\/03\/image-1575.jpg\",\"datePublished\":\"2026-03-27T07:16:00+00:00\",\"author\":{\"@id\":\"https:\/\/portaltela.pt\/#\/schema\/person\/c4278d4a6028830caff9ee44b42d32ed\"},\"breadcrumb\":{\"@id\":\"https:\/\/portaltela.pt\/noticias\/2026\/03\/27\/seguranca-social-absolvida-de-falsear-relatorio-que-privou-mae-de-duas-filhas\/#breadcrumb\"},\"inLanguage\":\"pt-PT\",\"potentialAction\":[{\"@type\":\"ReadAction\",\"target\":[\"https:\/\/portaltela.pt\/noticias\/2026\/03\/27\/seguranca-social-absolvida-de-falsear-relatorio-que-privou-mae-de-duas-filhas\/\"]}]},{\"@type\":\"ImageObject\",\"inLanguage\":\"pt-PT\",\"@id\":\"https:\/\/portaltela.pt\/noticias\/2026\/03\/27\/seguranca-social-absolvida-de-falsear-relatorio-que-privou-mae-de-duas-filhas\/#primaryimage\",\"url\":\"https:\/\/portaltela.pt\/s.01k8rhncp4jt1\/2026\/03\/image-1575.jpg\",\"contentUrl\":\"https:\/\/portaltela.pt\/s.01k8rhncp4jt1\/2026\/03\/image-1575.jpg\",\"width\":796,\"height\":448,\"caption\":\"A m\u00e3e das crian\u00e7as, assistente e demandante do processo, Ana Maximiano\"},{\"@type\":\"BreadcrumbList\",\"@id\":\"https:\/\/portaltela.pt\/noticias\/2026\/03\/27\/seguranca-social-absolvida-de-falsear-relatorio-que-privou-mae-de-duas-filhas\/#breadcrumb\",\"itemListElement\":[{\"@type\":\"ListItem\",\"position\":1,\"name\":\"In\u00edcio\",\"item\":\"https:\/\/portaltela.pt\/\"},{\"@type\":\"ListItem\",\"position\":2,\"name\":\"Seguran\u00e7a Social absolvida de falsear relat\u00f3rio que privou m\u00e3e de duas filhas\"}]},{\"@type\":\"WebSite\",\"@id\":\"https:\/\/portaltela.pt\/#website\",\"url\":\"https:\/\/portaltela.pt\/\",\"name\":\"Portal Tela Portugal\",\"description\":\"\",\"potentialAction\":[{\"@type\":\"SearchAction\",\"target\":{\"@type\":\"EntryPoint\",\"urlTemplate\":\"https:\/\/portaltela.pt\/?s={search_term_string}\"},\"query-input\":{\"@type\":\"PropertyValueSpecification\",\"valueRequired\":true,\"valueName\":\"search_term_string\"}}],\"inLanguage\":\"pt-PT\"},{\"@type\":\"Person\",\"@id\":\"https:\/\/portaltela.pt\/#\/schema\/person\/c4278d4a6028830caff9ee44b42d32ed\",\"name\":\"Telinha\",\"image\":{\"@type\":\"ImageObject\",\"inLanguage\":\"pt-PT\",\"@id\":\"https:\/\/portaltela.pt\/s.01k8rhncp4jt1\/2025\/11\/talking-bot-125x125.png\",\"url\":\"https:\/\/portaltela.pt\/s.01k8rhncp4jt1\/2025\/11\/talking-bot-125x125.png\",\"contentUrl\":\"https:\/\/portaltela.pt\/s.01k8rhncp4jt1\/2025\/11\/talking-bot-125x125.png\",\"caption\":\"Telinha\"},\"sameAs\":[\"https:\/\/portaltela.pt\/\"],\"url\":\"https:\/\/portaltela.pt\/por\/367410592786\/\"}]}<\/script>\n<!-- \/ Yoast SEO plugin. -->","yoast_head_json":{"title":"Seguran\u00e7a Social absolvida de falsear relat\u00f3rio que privou m\u00e3e de duas filhas - Portal Tela Portugal","robots":{"index":"index","follow":"follow","max-snippet":"max-snippet:-1","max-image-preview":"max-image-preview:large","max-video-preview":"max-video-preview:-1"},"og_locale":"pt_PT","og_type":"article","og_title":"Seguran\u00e7a Social absolvida de falsear relat\u00f3rio que privou m\u00e3e de duas filhas - Portal Tela Portugal","og_description":"O Tribunal da Rela\u00e7\u00e3o de Lisboa absolveu as duas t\u00e9cnicas da Seguran\u00e7a Social de falsidade de testemunho, denega\u00e7\u00e3o de justi\u00e7a e prevarica\u00e7\u00e3o, mantendo que n\u00e3o atuaram para prejudicar a m\u00e3e Ana Maximiano. O ac\u00f3rd\u00e3o confirmou a decis\u00e3o de primeira inst\u00e2ncia que j\u00e1 as ilibava. As t\u00e9cnicas tinham sido condenadas pelo Tribunal de Cascais, mas o recurso levou a uma reapreens\u00e3o do caso. Na pr\u00e1tica, o parecer tido como falso n\u00e3o resultou em preju\u00edzo para a m\u00e3e, segundo a Rela\u00e7\u00e3o de Lisboa. O processo envolve a retirada de duas crian\u00e7as \u00e0 m\u00e3e entre 2015 e 2021 com base nesse parecer.","og_url":"https:\/\/portaltela.pt\/noticias\/2026\/03\/27\/seguranca-social-absolvida-de-falsear-relatorio-que-privou-mae-de-duas-filhas\/","og_site_name":"Portal Tela Portugal","article_published_time":"2026-03-27T07:16:00+00:00","author":"Telinha","twitter_card":"summary_large_image","twitter_misc":{"Escrito por":"Telinha","Tempo estimado de leitura":"2 minutos"},"schema":{"@context":"https:\/\/schema.org","@graph":[{"@type":"Article","@id":"https:\/\/portaltela.pt\/noticias\/2026\/03\/27\/seguranca-social-absolvida-de-falsear-relatorio-que-privou-mae-de-duas-filhas\/#article","isPartOf":{"@id":"https:\/\/portaltela.pt\/noticias\/2026\/03\/27\/seguranca-social-absolvida-de-falsear-relatorio-que-privou-mae-de-duas-filhas\/"},"author":{"name":"Telinha","@id":"https:\/\/portaltela.pt\/#\/schema\/person\/c4278d4a6028830caff9ee44b42d32ed"},"headline":"Seguran\u00e7a Social absolvida de falsear relat\u00f3rio que privou m\u00e3e de duas filhas","datePublished":"2026-03-27T07:16:00+00:00","mainEntityOfPage":{"@id":"https:\/\/portaltela.pt\/noticias\/2026\/03\/27\/seguranca-social-absolvida-de-falsear-relatorio-que-privou-mae-de-duas-filhas\/"},"wordCount":333,"image":{"@id":"https:\/\/portaltela.pt\/noticias\/2026\/03\/27\/seguranca-social-absolvida-de-falsear-relatorio-que-privou-mae-de-duas-filhas\/#primaryimage"},"thumbnailUrl":"https:\/\/portaltela.pt\/s.01k8rhncp4jt1\/2026\/03\/image-1575.jpg","keywords":["absolvi\u00e7\u00e3o","administra\u00e7\u00e3o p\u00fablica","falsidade documental","Lisboa","seguran\u00e7a social","Tribunais"],"articleSection":["Justi\u00e7a","Not\u00edcias"],"inLanguage":"pt-PT"},{"@type":"WebPage","@id":"https:\/\/portaltela.pt\/noticias\/2026\/03\/27\/seguranca-social-absolvida-de-falsear-relatorio-que-privou-mae-de-duas-filhas\/","url":"https:\/\/portaltela.pt\/noticias\/2026\/03\/27\/seguranca-social-absolvida-de-falsear-relatorio-que-privou-mae-de-duas-filhas\/","name":"Seguran\u00e7a Social absolvida de falsear relat\u00f3rio que privou m\u00e3e de duas filhas - Portal Tela Portugal","isPartOf":{"@id":"https:\/\/portaltela.pt\/#website"},"primaryImageOfPage":{"@id":"https:\/\/portaltela.pt\/noticias\/2026\/03\/27\/seguranca-social-absolvida-de-falsear-relatorio-que-privou-mae-de-duas-filhas\/#primaryimage"},"image":{"@id":"https:\/\/portaltela.pt\/noticias\/2026\/03\/27\/seguranca-social-absolvida-de-falsear-relatorio-que-privou-mae-de-duas-filhas\/#primaryimage"},"thumbnailUrl":"https:\/\/portaltela.pt\/s.01k8rhncp4jt1\/2026\/03\/image-1575.jpg","datePublished":"2026-03-27T07:16:00+00:00","author":{"@id":"https:\/\/portaltela.pt\/#\/schema\/person\/c4278d4a6028830caff9ee44b42d32ed"},"breadcrumb":{"@id":"https:\/\/portaltela.pt\/noticias\/2026\/03\/27\/seguranca-social-absolvida-de-falsear-relatorio-que-privou-mae-de-duas-filhas\/#breadcrumb"},"inLanguage":"pt-PT","potentialAction":[{"@type":"ReadAction","target":["https:\/\/portaltela.pt\/noticias\/2026\/03\/27\/seguranca-social-absolvida-de-falsear-relatorio-que-privou-mae-de-duas-filhas\/"]}]},{"@type":"ImageObject","inLanguage":"pt-PT","@id":"https:\/\/portaltela.pt\/noticias\/2026\/03\/27\/seguranca-social-absolvida-de-falsear-relatorio-que-privou-mae-de-duas-filhas\/#primaryimage","url":"https:\/\/portaltela.pt\/s.01k8rhncp4jt1\/2026\/03\/image-1575.jpg","contentUrl":"https:\/\/portaltela.pt\/s.01k8rhncp4jt1\/2026\/03\/image-1575.jpg","width":796,"height":448,"caption":"A m\u00e3e das crian\u00e7as, assistente e demandante do processo, Ana Maximiano"},{"@type":"BreadcrumbList","@id":"https:\/\/portaltela.pt\/noticias\/2026\/03\/27\/seguranca-social-absolvida-de-falsear-relatorio-que-privou-mae-de-duas-filhas\/#breadcrumb","itemListElement":[{"@type":"ListItem","position":1,"name":"In\u00edcio","item":"https:\/\/portaltela.pt\/"},{"@type":"ListItem","position":2,"name":"Seguran\u00e7a Social absolvida de falsear relat\u00f3rio que privou m\u00e3e de duas filhas"}]},{"@type":"WebSite","@id":"https:\/\/portaltela.pt\/#website","url":"https:\/\/portaltela.pt\/","name":"Portal Tela Portugal","description":"","potentialAction":[{"@type":"SearchAction","target":{"@type":"EntryPoint","urlTemplate":"https:\/\/portaltela.pt\/?s={search_term_string}"},"query-input":{"@type":"PropertyValueSpecification","valueRequired":true,"valueName":"search_term_string"}}],"inLanguage":"pt-PT"},{"@type":"Person","@id":"https:\/\/portaltela.pt\/#\/schema\/person\/c4278d4a6028830caff9ee44b42d32ed","name":"Telinha","image":{"@type":"ImageObject","inLanguage":"pt-PT","@id":"https:\/\/portaltela.pt\/s.01k8rhncp4jt1\/2025\/11\/talking-bot-125x125.png","url":"https:\/\/portaltela.pt\/s.01k8rhncp4jt1\/2025\/11\/talking-bot-125x125.png","contentUrl":"https:\/\/portaltela.pt\/s.01k8rhncp4jt1\/2025\/11\/talking-bot-125x125.png","caption":"Telinha"},"sameAs":["https:\/\/portaltela.pt\/"],"url":"https:\/\/portaltela.pt\/por\/367410592786\/"}]}},"_links":{"self":[{"href":"https:\/\/portaltela.pt\/api\/wp\/v2\/posts\/423230","targetHints":{"allow":["GET"]}}],"collection":[{"href":"https:\/\/portaltela.pt\/api\/wp\/v2\/posts"}],"about":[{"href":"https:\/\/portaltela.pt\/api\/wp\/v2\/types\/post"}],"author":[{"embeddable":true,"href":"https:\/\/portaltela.pt\/api\/wp\/v2\/users\/2"}],"replies":[{"embeddable":true,"href":"https:\/\/portaltela.pt\/api\/wp\/v2\/comments?post=423230"}],"version-history":[{"count":0,"href":"https:\/\/portaltela.pt\/api\/wp\/v2\/posts\/423230\/revisions"}],"wp:featuredmedia":[{"embeddable":true,"href":"https:\/\/portaltela.pt\/api\/wp\/v2\/media\/423237"}],"wp:attachment":[{"href":"https:\/\/portaltela.pt\/api\/wp\/v2\/media?parent=423230"}],"wp:term":[{"taxonomy":"category","embeddable":true,"href":"https:\/\/portaltela.pt\/api\/wp\/v2\/categories?post=423230"},{"taxonomy":"post_tag","embeddable":true,"href":"https:\/\/portaltela.pt\/api\/wp\/v2\/tags?post=423230"}],"curies":[{"name":"wp","href":"https:\/\/api.w.org\/{rel}","templated":true}]}}