{"id":423228,"date":"2026-03-27T04:00:00","date_gmt":"2026-03-27T07:00:00","guid":{"rendered":"https:\/\/portaltela.pt\/noticias\/2026\/03\/27\/pedro-cabeleira-no-entroncamento-aborda-quem-ficou-para-tras\/"},"modified":"2026-03-27T04:00:00","modified_gmt":"2026-03-27T07:00:00","slug":"pedro-cabeleira-no-entroncamento-aborda-quem-ficou-para-tras","status":"publish","type":"post","link":"https:\/\/portaltela.pt\/series-e-filmes\/2026\/03\/27\/pedro-cabeleira-no-entroncamento-aborda-quem-ficou-para-tras\/","title":{"rendered":"Pedro Cabeleira no Entroncamento aborda quem ficou para tr\u00e1s"},"content":{"rendered":"<p>O realizador Pedro Cabeleira voltou ao Entroncamento, cidade onde cresceu, acompanhado pela atriz Ana Vila\u00e7a. Juntos, o projeto visa sabotar a misoginia e questionar o racismo.<\/p>\n<p>O trabalho \u00e9 descrito como um dos statements pol\u00edticos mais vibrantes da cinematografia portuguesa.<\/p>\n<p>Na ponte do Mijo, no Entroncamento, a dupla foi fotografada durante as filmagens, mantendo o foco em temas sociais relevantes.<\/p>\n","protected":false},"excerpt":{"rendered":"<ul>\n<li>O realizador Pedro Cabeleira voltou \u00e0 cidade onde cresceu, Entroncamento.<\/li>\n<li>O filme intitulado &#8220;quem ficou para tr\u00e1s, sem sa\u00edda&#8221; tem Ana Vila\u00e7a no papel de atriz.<\/li>\n<li>A narrativa aborda a misoginia e questiona o racismo, atrav\u00e9s do duo criativo.<\/li>\n<li>A a\u00e7\u00e3o decorre na ponte do Mijo, no Entroncamento, cen\u00e1rio central da obra.<\/li>\n<li>A produ\u00e7\u00e3o \u00e9 descrita como uma das declara\u00e7\u00f5es pol\u00edticas mais vibrantes da cinematografia portuguesa.<\/li>\n<\/ul>\n","protected":false},"author":2,"featured_media":423229,"comment_status":"closed","ping_status":"closed","sticky":false,"template":"","format":"standard","meta":{"footnotes":""},"categories":[7375,7368],"tags":[112,1430,5242,2832,6032,2318],"class_list":["post-423228","post","type-post","status-publish","format-standard","has-post-thumbnail","hentry","category-cultura","category-series-e-filmes","tag-cinema","tag-entroncamento","tag-filmes","tag-politica","tag-racismo","tag-sociedade"],"yoast_head":"<!-- This site is optimized with the Yoast SEO plugin v27.2 - https:\/\/yoast.com\/product\/yoast-seo-wordpress\/ -->\n<title>Pedro Cabeleira no Entroncamento aborda quem ficou para tr\u00e1s - Portal Tela Portugal<\/title>\n<meta name=\"robots\" content=\"index, follow, max-snippet:-1, max-image-preview:large, max-video-preview:-1\" \/>\n<meta property=\"og:locale\" content=\"pt_PT\" \/>\n<meta property=\"og:type\" content=\"article\" \/>\n<meta property=\"og:title\" content=\"Pedro Cabeleira no Entroncamento aborda quem ficou para tr\u00e1s - Portal Tela Portugal\" \/>\n<meta property=\"og:description\" content=\"O realizador Pedro Cabeleira voltou \u00e0 cidade onde cresceu, Entroncamento. O filme intitulado &quot;quem ficou para tr\u00e1s, sem sa\u00edda&quot; tem Ana Vila\u00e7a no papel de atriz. A narrativa aborda a misoginia e questiona o racismo, atrav\u00e9s do duo criativo. A a\u00e7\u00e3o decorre na ponte do Mijo, no Entroncamento, cen\u00e1rio central da obra. A produ\u00e7\u00e3o \u00e9 descrita como uma das declara\u00e7\u00f5es pol\u00edticas mais vibrantes da cinematografia portuguesa.\" \/>\n<meta property=\"og:url\" content=\"https:\/\/portaltela.pt\/noticias\/2026\/03\/27\/pedro-cabeleira-no-entroncamento-aborda-quem-ficou-para-tras\/\" \/>\n<meta property=\"og:site_name\" content=\"Portal Tela Portugal\" \/>\n<meta property=\"article:published_time\" content=\"2026-03-27T07:00:00+00:00\" \/>\n<meta name=\"author\" content=\"Telinha\" \/>\n<meta name=\"twitter:card\" content=\"summary_large_image\" \/>\n<meta name=\"twitter:label1\" content=\"Escrito por\" \/>\n\t<meta name=\"twitter:data1\" content=\"Telinha\" \/>\n<script type=\"application\/ld+json\" class=\"yoast-schema-graph\">{\"@context\":\"https:\/\/schema.org\",\"@graph\":[{\"@type\":\"Article\",\"@id\":\"https:\/\/portaltela.pt\/noticias\/2026\/03\/27\/pedro-cabeleira-no-entroncamento-aborda-quem-ficou-para-tras\/#article\",\"isPartOf\":{\"@id\":\"https:\/\/portaltela.pt\/noticias\/2026\/03\/27\/pedro-cabeleira-no-entroncamento-aborda-quem-ficou-para-tras\/\"},\"author\":{\"name\":\"Telinha\",\"@id\":\"https:\/\/portaltela.pt\/#\/schema\/person\/c4278d4a6028830caff9ee44b42d32ed\"},\"headline\":\"Pedro Cabeleira no Entroncamento aborda quem ficou para tr\u00e1s\",\"datePublished\":\"2026-03-27T07:00:00+00:00\",\"mainEntityOfPage\":{\"@id\":\"https:\/\/portaltela.pt\/noticias\/2026\/03\/27\/pedro-cabeleira-no-entroncamento-aborda-quem-ficou-para-tras\/\"},\"wordCount\":71,\"image\":{\"@id\":\"https:\/\/portaltela.pt\/noticias\/2026\/03\/27\/pedro-cabeleira-no-entroncamento-aborda-quem-ficou-para-tras\/#primaryimage\"},\"thumbnailUrl\":\"https:\/\/portaltela.pt\/s.01k8rhncp4jt1\/2026\/03\/2076705.jpg\",\"keywords\":[\"cinema\",\"Entroncamento\",\"filmes\",\"pol\u00edtica\",\"racismo\",\"sociedade\"],\"articleSection\":[\"Cultura\",\"S\u00e9ries e filmes\"],\"inLanguage\":\"pt-PT\"},{\"@type\":\"WebPage\",\"@id\":\"https:\/\/portaltela.pt\/noticias\/2026\/03\/27\/pedro-cabeleira-no-entroncamento-aborda-quem-ficou-para-tras\/\",\"url\":\"https:\/\/portaltela.pt\/noticias\/2026\/03\/27\/pedro-cabeleira-no-entroncamento-aborda-quem-ficou-para-tras\/\",\"name\":\"Pedro Cabeleira no Entroncamento aborda quem ficou para tr\u00e1s - Portal Tela Portugal\",\"isPartOf\":{\"@id\":\"https:\/\/portaltela.pt\/#website\"},\"primaryImageOfPage\":{\"@id\":\"https:\/\/portaltela.pt\/noticias\/2026\/03\/27\/pedro-cabeleira-no-entroncamento-aborda-quem-ficou-para-tras\/#primaryimage\"},\"image\":{\"@id\":\"https:\/\/portaltela.pt\/noticias\/2026\/03\/27\/pedro-cabeleira-no-entroncamento-aborda-quem-ficou-para-tras\/#primaryimage\"},\"thumbnailUrl\":\"https:\/\/portaltela.pt\/s.01k8rhncp4jt1\/2026\/03\/2076705.jpg\",\"datePublished\":\"2026-03-27T07:00:00+00:00\",\"author\":{\"@id\":\"https:\/\/portaltela.pt\/#\/schema\/person\/c4278d4a6028830caff9ee44b42d32ed\"},\"breadcrumb\":{\"@id\":\"https:\/\/portaltela.pt\/noticias\/2026\/03\/27\/pedro-cabeleira-no-entroncamento-aborda-quem-ficou-para-tras\/#breadcrumb\"},\"inLanguage\":\"pt-PT\",\"potentialAction\":[{\"@type\":\"ReadAction\",\"target\":[\"https:\/\/portaltela.pt\/noticias\/2026\/03\/27\/pedro-cabeleira-no-entroncamento-aborda-quem-ficou-para-tras\/\"]}]},{\"@type\":\"ImageObject\",\"inLanguage\":\"pt-PT\",\"@id\":\"https:\/\/portaltela.pt\/noticias\/2026\/03\/27\/pedro-cabeleira-no-entroncamento-aborda-quem-ficou-para-tras\/#primaryimage\",\"url\":\"https:\/\/portaltela.pt\/s.01k8rhncp4jt1\/2026\/03\/2076705.jpg\",\"contentUrl\":\"https:\/\/portaltela.pt\/s.01k8rhncp4jt1\/2026\/03\/2076705.jpg\",\"width\":796,\"height\":448,\"caption\":\"Na ponte do Mijo, do Entroncamento, Pedro Cabeleira e Ana Vila\u00e7a \u2014 realizador e actriz, companheiros\"},{\"@type\":\"BreadcrumbList\",\"@id\":\"https:\/\/portaltela.pt\/noticias\/2026\/03\/27\/pedro-cabeleira-no-entroncamento-aborda-quem-ficou-para-tras\/#breadcrumb\",\"itemListElement\":[{\"@type\":\"ListItem\",\"position\":1,\"name\":\"In\u00edcio\",\"item\":\"https:\/\/portaltela.pt\/\"},{\"@type\":\"ListItem\",\"position\":2,\"name\":\"Pedro Cabeleira no Entroncamento aborda quem ficou para tr\u00e1s\"}]},{\"@type\":\"WebSite\",\"@id\":\"https:\/\/portaltela.pt\/#website\",\"url\":\"https:\/\/portaltela.pt\/\",\"name\":\"Portal Tela Portugal\",\"description\":\"\",\"potentialAction\":[{\"@type\":\"SearchAction\",\"target\":{\"@type\":\"EntryPoint\",\"urlTemplate\":\"https:\/\/portaltela.pt\/?s={search_term_string}\"},\"query-input\":{\"@type\":\"PropertyValueSpecification\",\"valueRequired\":true,\"valueName\":\"search_term_string\"}}],\"inLanguage\":\"pt-PT\"},{\"@type\":\"Person\",\"@id\":\"https:\/\/portaltela.pt\/#\/schema\/person\/c4278d4a6028830caff9ee44b42d32ed\",\"name\":\"Telinha\",\"image\":{\"@type\":\"ImageObject\",\"inLanguage\":\"pt-PT\",\"@id\":\"https:\/\/portaltela.pt\/s.01k8rhncp4jt1\/2025\/11\/talking-bot-125x125.png\",\"url\":\"https:\/\/portaltela.pt\/s.01k8rhncp4jt1\/2025\/11\/talking-bot-125x125.png\",\"contentUrl\":\"https:\/\/portaltela.pt\/s.01k8rhncp4jt1\/2025\/11\/talking-bot-125x125.png\",\"caption\":\"Telinha\"},\"sameAs\":[\"https:\/\/portaltela.pt\/\"],\"url\":\"https:\/\/portaltela.pt\/por\/367410592786\/\"}]}<\/script>\n<!-- \/ Yoast SEO plugin. -->","yoast_head_json":{"title":"Pedro Cabeleira no Entroncamento aborda quem ficou para tr\u00e1s - Portal Tela Portugal","robots":{"index":"index","follow":"follow","max-snippet":"max-snippet:-1","max-image-preview":"max-image-preview:large","max-video-preview":"max-video-preview:-1"},"og_locale":"pt_PT","og_type":"article","og_title":"Pedro Cabeleira no Entroncamento aborda quem ficou para tr\u00e1s - Portal Tela Portugal","og_description":"O realizador Pedro Cabeleira voltou \u00e0 cidade onde cresceu, Entroncamento. O filme intitulado \"quem ficou para tr\u00e1s, sem sa\u00edda\" tem Ana Vila\u00e7a no papel de atriz. A narrativa aborda a misoginia e questiona o racismo, atrav\u00e9s do duo criativo. A a\u00e7\u00e3o decorre na ponte do Mijo, no Entroncamento, cen\u00e1rio central da obra. A produ\u00e7\u00e3o \u00e9 descrita como uma das declara\u00e7\u00f5es pol\u00edticas mais vibrantes da cinematografia portuguesa.","og_url":"https:\/\/portaltela.pt\/noticias\/2026\/03\/27\/pedro-cabeleira-no-entroncamento-aborda-quem-ficou-para-tras\/","og_site_name":"Portal Tela Portugal","article_published_time":"2026-03-27T07:00:00+00:00","author":"Telinha","twitter_card":"summary_large_image","twitter_misc":{"Escrito por":"Telinha"},"schema":{"@context":"https:\/\/schema.org","@graph":[{"@type":"Article","@id":"https:\/\/portaltela.pt\/noticias\/2026\/03\/27\/pedro-cabeleira-no-entroncamento-aborda-quem-ficou-para-tras\/#article","isPartOf":{"@id":"https:\/\/portaltela.pt\/noticias\/2026\/03\/27\/pedro-cabeleira-no-entroncamento-aborda-quem-ficou-para-tras\/"},"author":{"name":"Telinha","@id":"https:\/\/portaltela.pt\/#\/schema\/person\/c4278d4a6028830caff9ee44b42d32ed"},"headline":"Pedro Cabeleira no Entroncamento aborda quem ficou para tr\u00e1s","datePublished":"2026-03-27T07:00:00+00:00","mainEntityOfPage":{"@id":"https:\/\/portaltela.pt\/noticias\/2026\/03\/27\/pedro-cabeleira-no-entroncamento-aborda-quem-ficou-para-tras\/"},"wordCount":71,"image":{"@id":"https:\/\/portaltela.pt\/noticias\/2026\/03\/27\/pedro-cabeleira-no-entroncamento-aborda-quem-ficou-para-tras\/#primaryimage"},"thumbnailUrl":"https:\/\/portaltela.pt\/s.01k8rhncp4jt1\/2026\/03\/2076705.jpg","keywords":["cinema","Entroncamento","filmes","pol\u00edtica","racismo","sociedade"],"articleSection":["Cultura","S\u00e9ries e filmes"],"inLanguage":"pt-PT"},{"@type":"WebPage","@id":"https:\/\/portaltela.pt\/noticias\/2026\/03\/27\/pedro-cabeleira-no-entroncamento-aborda-quem-ficou-para-tras\/","url":"https:\/\/portaltela.pt\/noticias\/2026\/03\/27\/pedro-cabeleira-no-entroncamento-aborda-quem-ficou-para-tras\/","name":"Pedro Cabeleira no Entroncamento aborda quem ficou para tr\u00e1s - Portal Tela Portugal","isPartOf":{"@id":"https:\/\/portaltela.pt\/#website"},"primaryImageOfPage":{"@id":"https:\/\/portaltela.pt\/noticias\/2026\/03\/27\/pedro-cabeleira-no-entroncamento-aborda-quem-ficou-para-tras\/#primaryimage"},"image":{"@id":"https:\/\/portaltela.pt\/noticias\/2026\/03\/27\/pedro-cabeleira-no-entroncamento-aborda-quem-ficou-para-tras\/#primaryimage"},"thumbnailUrl":"https:\/\/portaltela.pt\/s.01k8rhncp4jt1\/2026\/03\/2076705.jpg","datePublished":"2026-03-27T07:00:00+00:00","author":{"@id":"https:\/\/portaltela.pt\/#\/schema\/person\/c4278d4a6028830caff9ee44b42d32ed"},"breadcrumb":{"@id":"https:\/\/portaltela.pt\/noticias\/2026\/03\/27\/pedro-cabeleira-no-entroncamento-aborda-quem-ficou-para-tras\/#breadcrumb"},"inLanguage":"pt-PT","potentialAction":[{"@type":"ReadAction","target":["https:\/\/portaltela.pt\/noticias\/2026\/03\/27\/pedro-cabeleira-no-entroncamento-aborda-quem-ficou-para-tras\/"]}]},{"@type":"ImageObject","inLanguage":"pt-PT","@id":"https:\/\/portaltela.pt\/noticias\/2026\/03\/27\/pedro-cabeleira-no-entroncamento-aborda-quem-ficou-para-tras\/#primaryimage","url":"https:\/\/portaltela.pt\/s.01k8rhncp4jt1\/2026\/03\/2076705.jpg","contentUrl":"https:\/\/portaltela.pt\/s.01k8rhncp4jt1\/2026\/03\/2076705.jpg","width":796,"height":448,"caption":"Na ponte do Mijo, do Entroncamento, Pedro Cabeleira e Ana Vila\u00e7a \u2014 realizador e actriz, companheiros"},{"@type":"BreadcrumbList","@id":"https:\/\/portaltela.pt\/noticias\/2026\/03\/27\/pedro-cabeleira-no-entroncamento-aborda-quem-ficou-para-tras\/#breadcrumb","itemListElement":[{"@type":"ListItem","position":1,"name":"In\u00edcio","item":"https:\/\/portaltela.pt\/"},{"@type":"ListItem","position":2,"name":"Pedro Cabeleira no Entroncamento aborda quem ficou para tr\u00e1s"}]},{"@type":"WebSite","@id":"https:\/\/portaltela.pt\/#website","url":"https:\/\/portaltela.pt\/","name":"Portal Tela Portugal","description":"","potentialAction":[{"@type":"SearchAction","target":{"@type":"EntryPoint","urlTemplate":"https:\/\/portaltela.pt\/?s={search_term_string}"},"query-input":{"@type":"PropertyValueSpecification","valueRequired":true,"valueName":"search_term_string"}}],"inLanguage":"pt-PT"},{"@type":"Person","@id":"https:\/\/portaltela.pt\/#\/schema\/person\/c4278d4a6028830caff9ee44b42d32ed","name":"Telinha","image":{"@type":"ImageObject","inLanguage":"pt-PT","@id":"https:\/\/portaltela.pt\/s.01k8rhncp4jt1\/2025\/11\/talking-bot-125x125.png","url":"https:\/\/portaltela.pt\/s.01k8rhncp4jt1\/2025\/11\/talking-bot-125x125.png","contentUrl":"https:\/\/portaltela.pt\/s.01k8rhncp4jt1\/2025\/11\/talking-bot-125x125.png","caption":"Telinha"},"sameAs":["https:\/\/portaltela.pt\/"],"url":"https:\/\/portaltela.pt\/por\/367410592786\/"}]}},"_links":{"self":[{"href":"https:\/\/portaltela.pt\/api\/wp\/v2\/posts\/423228","targetHints":{"allow":["GET"]}}],"collection":[{"href":"https:\/\/portaltela.pt\/api\/wp\/v2\/posts"}],"about":[{"href":"https:\/\/portaltela.pt\/api\/wp\/v2\/types\/post"}],"author":[{"embeddable":true,"href":"https:\/\/portaltela.pt\/api\/wp\/v2\/users\/2"}],"replies":[{"embeddable":true,"href":"https:\/\/portaltela.pt\/api\/wp\/v2\/comments?post=423228"}],"version-history":[{"count":0,"href":"https:\/\/portaltela.pt\/api\/wp\/v2\/posts\/423228\/revisions"}],"wp:featuredmedia":[{"embeddable":true,"href":"https:\/\/portaltela.pt\/api\/wp\/v2\/media\/423229"}],"wp:attachment":[{"href":"https:\/\/portaltela.pt\/api\/wp\/v2\/media?parent=423228"}],"wp:term":[{"taxonomy":"category","embeddable":true,"href":"https:\/\/portaltela.pt\/api\/wp\/v2\/categories?post=423228"},{"taxonomy":"post_tag","embeddable":true,"href":"https:\/\/portaltela.pt\/api\/wp\/v2\/tags?post=423228"}],"curies":[{"name":"wp","href":"https:\/\/api.w.org\/{rel}","templated":true}]}}